{"id":115645,"date":"2025-10-16T17:35:13","date_gmt":"2025-10-16T20:35:13","guid":{"rendered":"https:\/\/www.em.com.br\/emfoco\/?p=115645"},"modified":"2025-10-15T14:23:41","modified_gmt":"2025-10-15T17:23:41","slug":"arvores-que-oferecem-sombra-e-frutos-e-sao-seguras-para-plantar-na-calcada","status":"publish","type":"post","link":"https:\/\/www.em.com.br\/emfoco\/2025\/10\/16\/arvores-que-oferecem-sombra-e-frutos-e-sao-seguras-para-plantar-na-calcada\/","title":{"rendered":"\u00c1rvores que oferecem sombra e frutos e s\u00e3o seguras para plantar na cal\u00e7ada"},"content":{"rendered":"\n<p>Escolher <strong>\u00e1rvores frut\u00edferas<\/strong> para plantar na cal\u00e7ada \u00e9 uma excelente maneira de melhorar o <strong>ambiente urbano<\/strong>, proporcionar sombra e ainda garantir <strong>frutas frescas<\/strong> \u00e0 comunidade. Optar por <strong>\u00e1rvores de porte m\u00e9dio<\/strong> \u00e9 fundamental para evitar danos ao piso, redes de \u00e1gua e outras infraestruturas pr\u00f3ximas. Al\u00e9m disso, essas esp\u00e9cies s\u00e3o geralmente <strong>f\u00e1ceis de cultivar<\/strong>, necessitando de <strong>cuidados simples<\/strong> e sendo recomendadas por \u00f3rg\u00e3os ambientais, para arboriza\u00e7\u00e3o urbana.<\/p>\n\n\n\n<ul class=\"wp-block-list\">\n<li>Descubra <strong>\u00e1rvores que n\u00e3o danificam o piso<\/strong><\/li>\n\n\n\n<li>Aprenda a <strong>cultiv\u00e1-las corretamente<\/strong><\/li>\n\n\n\n<li><strong>Dicas pr\u00e1ticas<\/strong> de manuten\u00e7\u00e3o<\/li>\n<\/ul>\n\n\n\n<h2 class=\"wp-block-heading\">Quais s\u00e3o as melhores \u00e1rvores frut\u00edferas para cal\u00e7adas?<\/h2>\n\n\n\n<p>A escolha de <strong>\u00e1rvores adequadas<\/strong> para cal\u00e7adas deve considerar tanto o <strong>espa\u00e7o dispon\u00edvel<\/strong> quanto a <strong>resist\u00eancia<\/strong> da esp\u00e9cie \u00e0s condi\u00e7\u00f5es urbanas. Recomenda-se priorizar <strong>\u00e1rvores frut\u00edferas<\/strong> de <strong>porte moderado<\/strong> e com <strong>ra\u00edzes que n\u00e3o danificam estruturas<\/strong> ao redor. Entre as melhores op\u00e7\u00f5es est\u00e3o a <strong>jabuticabeira<\/strong>, <strong>pitangueira<\/strong> e <strong>amoreira<\/strong>, esp\u00e9cies frequentemente indicadas em cidades como <strong>Rio de Janeiro<\/strong>, <strong>Curitiba<\/strong> e tamb\u00e9m em projetos de <strong>arboriza\u00e7\u00e3o urbana sustent\u00e1vel<\/strong>. Outras op\u00e7\u00f5es interessantes s\u00e3o a <strong>aceroleira<\/strong> e o <strong>cambuizeiro<\/strong>, que tamb\u00e9m possuem ra\u00edzes menos agressivas e boa adapta\u00e7\u00e3o urbana.<\/p>\n\n\n\n<h2 class=\"wp-block-heading\">Como cultivar \u00e1rvores frut\u00edferas na cal\u00e7ada?<\/h2>\n\n\n\n<p>Para cultivar <strong>\u00e1rvores frut\u00edferas<\/strong> de maneira eficiente na cal\u00e7ada, siga algumas etapas essenciais que garantem o bom desenvolvimento das plantas e a sa\u00fade das ra\u00edzes.<\/p>\n\n\n\n<ol class=\"wp-block-list\">\n<li><strong>Escolha a variedade adequada<\/strong>, como a <strong>jabuticabeira<\/strong> ou <strong>pitangueira<\/strong>, de acordo com o clima e espa\u00e7o urbano dispon\u00edvel.<\/li>\n\n\n\n<li><strong>Prepare o solo<\/strong> corretamente, utilizando uma mistura rica em nutrientes e, se poss\u00edvel, adicione <a href=\"https:\/\/rehagro.com.br\/blog\/materia-organica-no-solo\/\" target=\"_blank\" rel=\"noreferrer noopener\">mat\u00e9ria org\u00e2nica<\/a> de qualidade.<\/li>\n\n\n\n<li>Mantenha a <strong>rega regular<\/strong>, especialmente nos primeiros anos, mas evite encharcar o solo para prevenir doen\u00e7as nas ra\u00edzes.<\/li>\n<\/ol>\n\n\n<div class=\"wp-block-image\">\n<figure class=\"aligncenter size-large\"><img loading=\"lazy\" decoding=\"async\" width=\"1024\" height=\"576\" src=\"https:\/\/www.em.com.br\/emfoco\/wp-content\/uploads\/2025\/03\/pitanga-_1743175072757-1024x576.jpg\" alt=\"Saiba como plantar pitanga e ter uma colheita deliciosa e cheia de vitaminas\" class=\"wp-image-33324\" srcset=\"https:\/\/www.em.com.br\/emfoco\/wp-content\/uploads\/2025\/03\/pitanga-_1743175072757-1024x576.jpg 1024w, https:\/\/www.em.com.br\/emfoco\/wp-content\/uploads\/2025\/03\/pitanga-_1743175072757-300x169.jpg 300w, https:\/\/www.em.com.br\/emfoco\/wp-content\/uploads\/2025\/03\/pitanga-_1743175072757-768x432.jpg 768w, https:\/\/www.em.com.br\/emfoco\/wp-content\/uploads\/2025\/03\/pitanga-_1743175072757-750x422.jpg 750w, https:\/\/www.em.com.br\/emfoco\/wp-content\/uploads\/2025\/03\/pitanga-_1743175072757-1140x641.jpg 1140w, https:\/\/www.em.com.br\/emfoco\/wp-content\/uploads\/2025\/03\/pitanga-_1743175072757.jpg 1280w\" sizes=\"auto, (max-width: 1024px) 100vw, 1024px\" \/><figcaption class=\"wp-element-caption\">Pitanga &#8211; Cr\u00e9ditos: depositphotos.com \/ gezafarkas<\/figcaption><\/figure><\/div>\n\n\n<h2 class=\"wp-block-heading\">Dicas para manter \u00e1rvores frut\u00edferas saud\u00e1veis<\/h2>\n\n\n\n<p>Manter as <strong>\u00e1rvores frut\u00edferas saud\u00e1veis<\/strong> \u00e9 f\u00e1cil com alguns cuidados b\u00e1sicos e observa\u00e7\u00e3o atenta ao crescimento. Veja algumas dicas indispens\u00e1veis para garantir longevidade e produtividade:<\/p>\n\n\n\n<ul class=\"wp-block-list\">\n<li>Realize a <strong>poda regular<\/strong> para remover galhos mortos, doentes ou prejudiciais ao tr\u00e2nsito de pedestres<\/li>\n\n\n\n<li>Aplique <strong>fertiliza\u00e7\u00e3o anual<\/strong> com composto org\u00e2nico ou adubos org\u00e2nicos certificados<\/li>\n\n\n\n<li>Fa\u00e7a o <strong>monitoramento de pragas e doen\u00e7as<\/strong>, optando sempre que poss\u00edvel pelo uso de defensivos naturais e manejo sustent\u00e1vel<\/li>\n<\/ul>\n\n\n\n<h2 class=\"wp-block-heading\">Benef\u00edcios de plantar \u00e1rvores na cal\u00e7ada<\/h2>\n\n\n\n<p>Al\u00e9m de <strong>embelezar<\/strong> e valorizar a \u00e1rea urbana, as <strong>\u00e1rvores frut\u00edferas<\/strong> oferecem ganhos que v\u00e3o muito al\u00e9m da est\u00e9tica para todos \u00e0 sua volta.<\/p>\n\n\n\n<p>A <strong>redu\u00e7\u00e3o do calor<\/strong> nas ruas, o aumento da <strong>umidade do ar<\/strong> e a produ\u00e7\u00e3o de <strong>frutos in natura<\/strong> ao alcance das pessoas s\u00e3o algumas das principais vantagens de incorporar \u00e1rvores nas \u00e1reas urbanizadas. Anualmente, \u00e9 poss\u00edvel desfrutar de frutos frescos e contribuir para a conserva\u00e7\u00e3o ambiental.&nbsp;<\/p>\n\n\n\n<p>Leia tamb\u00e9m: <a href=\"https:\/\/www.em.com.br\/emfoco\/2025\/10\/14\/as-ervas-mais-eficazes-para-manter-mosquitos-bem-longe-da-sua-casa\/\" target=\"_blank\" rel=\"noopener\">As ervas mais eficazes para manter mosquitos bem longe da sua casa<\/a><\/p>\n\n\n<div class=\"wp-block-image\">\n<figure class=\"aligncenter size-large\"><img loading=\"lazy\" decoding=\"async\" width=\"1024\" height=\"576\" src=\"https:\/\/www.em.com.br\/emfoco\/wp-content\/uploads\/2025\/04\/acerola_1746015769845-1024x576.jpg\" alt=\"Conhe\u00e7a as frutas com vitamina C que voc\u00ea pode cultivar em casa\" class=\"wp-image-42887\" srcset=\"https:\/\/www.em.com.br\/emfoco\/wp-content\/uploads\/2025\/04\/acerola_1746015769845-1024x576.jpg 1024w, https:\/\/www.em.com.br\/emfoco\/wp-content\/uploads\/2025\/04\/acerola_1746015769845-300x169.jpg 300w, https:\/\/www.em.com.br\/emfoco\/wp-content\/uploads\/2025\/04\/acerola_1746015769845-768x432.jpg 768w, https:\/\/www.em.com.br\/emfoco\/wp-content\/uploads\/2025\/04\/acerola_1746015769845-750x422.jpg 750w, https:\/\/www.em.com.br\/emfoco\/wp-content\/uploads\/2025\/04\/acerola_1746015769845-1140x641.jpg 1140w, https:\/\/www.em.com.br\/emfoco\/wp-content\/uploads\/2025\/04\/acerola_1746015769845.jpg 1280w\" sizes=\"auto, (max-width: 1024px) 100vw, 1024px\" \/><figcaption class=\"wp-element-caption\">Acerola &#8211; Cr\u00e9ditos: depositphotos.com \/ gukguithammasorn.gmail.com<\/figcaption><\/figure><\/div>\n\n\n<h2 class=\"wp-block-heading\">Impacto positivo no ambiente e na comunidade<\/h2>\n\n\n\n<p>Plantando <strong>\u00e1rvores frut\u00edferas em cal\u00e7adas<\/strong>, voc\u00ea promove benef\u00edcios ambientais, valoriza sua vizinhan\u00e7a e ainda estimula a <strong>intera\u00e7\u00e3o social<\/strong>. Ao incentivar este h\u00e1bito, torna-se poss\u00edvel criar comunidades mais <strong>unidas<\/strong> e conscientes. Em <strong>S\u00e3o Paulo<\/strong>, h\u00e1 exemplos de <strong>projetos comunit\u00e1rios<\/strong> de coleta compartilhada dos frutos, fortalecendo o la\u00e7o entre vizinhos e promovendo mais seguran\u00e7a e bem-estar nas ruas.<\/p>\n\n\n\n<h2 class=\"wp-block-heading\">Principais aprendizados<\/h2>\n\n\n\n<ul class=\"wp-block-list\">\n<li>As melhores <strong>\u00e1rvores frut\u00edferas para cal\u00e7adas<\/strong> s\u00e3o as de <strong>porte m\u00e9dio<\/strong> e ra\u00edzes que n\u00e3o prejudicam o piso.<\/li>\n\n\n\n<li><strong>Cultivar e manter<\/strong> essas \u00e1rvores envolve <strong>cuidados simples e acess\u00edveis<\/strong> para qualquer pessoa.<\/li>\n\n\n\n<li>Al\u00e9m dos <strong>frutos<\/strong>, as \u00e1rvores trazem <strong>benef\u00edcios clim\u00e1ticos, sociais e ambientais<\/strong> ineg\u00e1veis para a comunidade.<\/li>\n<\/ul>\n","protected":false},"excerpt":{"rendered":"<p>Escolher \u00e1rvores frut\u00edferas para plantar na cal\u00e7ada \u00e9 uma excelente maneira de melhorar o ambiente urbano, proporcionar sombra e ainda garantir frutas frescas \u00e0 comunidade. Optar por \u00e1rvores de porte m\u00e9dio \u00e9 fundamental para evitar danos ao piso, redes de \u00e1gua e outras infraestruturas pr\u00f3ximas. Al\u00e9m disso, essas esp\u00e9cies s\u00e3o geralmente f\u00e1ceis de cultivar, necessitando [&hellip;]<\/p>\n","protected":false},"author":9,"featured_media":31295,"comment_status":"open","ping_status":"open","sticky":false,"template":"","format":"standard","meta":{"jnews-multi-image_gallery":[],"jnews_single_post":{"format":"standard"},"jnews_primary_category":[],"jnews_social_meta":[],"jnews_override_counter":[],"footnotes":""},"categories":[8819,1],"tags":[7700,17456,3324],"class_list":["post-115645","post","type-post","status-publish","format-standard","has-post-thumbnail","hentry","category-curiosidades","category-noticias","tag-arvores-frutiferas","tag-calcada","tag-plantas"],"yoast_head":"<!-- This site is optimized with the Yoast SEO plugin v23.8 - https:\/\/yoast.com\/wordpress\/plugins\/seo\/ -->\n<title>\u00c1rvores que oferecem sombra e frutos e s\u00e3o seguras para plantar na cal\u00e7ada<\/title>\n<meta name=\"description\" content=\"\u00c1rvores frut\u00edferas que oferecem sombra e frutos frescos ideais para cal\u00e7adas sem danificar o piso e valorizar sua rua.\" \/>\n<meta name=\"robots\" content=\"index, follow, max-snippet:-1, max-image-preview:large, max-video-preview:-1\" \/>\n<link rel=\"canonical\" href=\"https:\/\/www.em.com.br\/emfoco\/2025\/10\/16\/arvores-que-oferecem-sombra-e-frutos-e-sao-seguras-para-plantar-na-calcada\/\" \/>\n<meta property=\"og:locale\" content=\"pt_BR\" \/>\n<meta property=\"og:type\" content=\"article\" \/>\n<meta property=\"og:title\" content=\"\u00c1rvores que oferecem sombra e frutos e s\u00e3o seguras para plantar na cal\u00e7ada\" \/>\n<meta property=\"og:description\" content=\"\u00c1rvores frut\u00edferas que oferecem sombra e frutos frescos ideais para cal\u00e7adas sem danificar o piso e valorizar sua rua.\" \/>\n<meta property=\"og:url\" content=\"https:\/\/www.em.com.br\/emfoco\/2025\/10\/16\/arvores-que-oferecem-sombra-e-frutos-e-sao-seguras-para-plantar-na-calcada\/\" \/>\n<meta property=\"og:site_name\" content=\"Estado de Minas - Em foco\" \/>\n<meta property=\"article:published_time\" content=\"2025-10-16T20:35:13+00:00\" \/>\n<meta property=\"article:modified_time\" content=\"2025-10-15T17:23:41+00:00\" \/>\n<meta property=\"og:image\" content=\"https:\/\/www.em.com.br\/emfoco\/wp-content\/uploads\/2025\/03\/jabuticaba_1742655435559.jpg\" \/>\n\t<meta property=\"og:image:width\" content=\"1280\" \/>\n\t<meta property=\"og:image:height\" content=\"720\" \/>\n\t<meta property=\"og:image:type\" content=\"image\/jpeg\" \/>\n<meta name=\"author\" content=\"Daniely Cardoso\" \/>\n<meta name=\"twitter:card\" content=\"summary_large_image\" \/>\n<meta name=\"twitter:label1\" content=\"Escrito por\" \/>\n\t<meta name=\"twitter:data1\" content=\"Daniely Cardoso\" \/>\n\t<meta name=\"twitter:label2\" content=\"Est. tempo de leitura\" \/>\n\t<meta name=\"twitter:data2\" content=\"4 minutos\" \/>\n<!-- \/ Yoast SEO plugin. -->","yoast_head_json":{"title":"\u00c1rvores que oferecem sombra e frutos e s\u00e3o seguras para plantar na cal\u00e7ada","description":"\u00c1rvores frut\u00edferas que oferecem sombra e frutos frescos ideais para cal\u00e7adas sem danificar o piso e valorizar sua rua.","robots":{"index":"index","follow":"follow","max-snippet":"max-snippet:-1","max-image-preview":"max-image-preview:large","max-video-preview":"max-video-preview:-1"},"canonical":"https:\/\/www.em.com.br\/emfoco\/2025\/10\/16\/arvores-que-oferecem-sombra-e-frutos-e-sao-seguras-para-plantar-na-calcada\/","og_locale":"pt_BR","og_type":"article","og_title":"\u00c1rvores que oferecem sombra e frutos e s\u00e3o seguras para plantar na cal\u00e7ada","og_description":"\u00c1rvores frut\u00edferas que oferecem sombra e frutos frescos ideais para cal\u00e7adas sem danificar o piso e valorizar sua rua.","og_url":"https:\/\/www.em.com.br\/emfoco\/2025\/10\/16\/arvores-que-oferecem-sombra-e-frutos-e-sao-seguras-para-plantar-na-calcada\/","og_site_name":"Estado de Minas - Em foco","article_published_time":"2025-10-16T20:35:13+00:00","article_modified_time":"2025-10-15T17:23:41+00:00","og_image":[{"width":1280,"height":720,"url":"https:\/\/www.em.com.br\/emfoco\/wp-content\/uploads\/2025\/03\/jabuticaba_1742655435559.jpg","type":"image\/jpeg"}],"author":"Daniely Cardoso","twitter_card":"summary_large_image","twitter_misc":{"Escrito por":"Daniely Cardoso","Est. tempo de leitura":"4 minutos"},"schema":{"@context":"https:\/\/schema.org","@graph":[{"@type":"WebPage","@id":"https:\/\/www.em.com.br\/emfoco\/2025\/10\/16\/arvores-que-oferecem-sombra-e-frutos-e-sao-seguras-para-plantar-na-calcada\/","url":"https:\/\/www.em.com.br\/emfoco\/2025\/10\/16\/arvores-que-oferecem-sombra-e-frutos-e-sao-seguras-para-plantar-na-calcada\/","name":"\u00c1rvores que oferecem sombra e frutos e s\u00e3o seguras para plantar na cal\u00e7ada","isPartOf":{"@id":"https:\/\/www.em.com.br\/emfoco\/#website"},"primaryImageOfPage":{"@id":"https:\/\/www.em.com.br\/emfoco\/2025\/10\/16\/arvores-que-oferecem-sombra-e-frutos-e-sao-seguras-para-plantar-na-calcada\/#primaryimage"},"image":{"@id":"https:\/\/www.em.com.br\/emfoco\/2025\/10\/16\/arvores-que-oferecem-sombra-e-frutos-e-sao-seguras-para-plantar-na-calcada\/#primaryimage"},"thumbnailUrl":"https:\/\/www.em.com.br\/emfoco\/wp-content\/uploads\/2025\/03\/jabuticaba_1742655435559.jpg","datePublished":"2025-10-16T20:35:13+00:00","dateModified":"2025-10-15T17:23:41+00:00","author":{"@id":"https:\/\/www.em.com.br\/emfoco\/#\/schema\/person\/0a8186d72f2c3a5c6276d90b41f271a0"},"description":"\u00c1rvores frut\u00edferas que oferecem sombra e frutos frescos ideais para cal\u00e7adas sem danificar o piso e valorizar sua rua.","breadcrumb":{"@id":"https:\/\/www.em.com.br\/emfoco\/2025\/10\/16\/arvores-que-oferecem-sombra-e-frutos-e-sao-seguras-para-plantar-na-calcada\/#breadcrumb"},"inLanguage":"pt-BR","potentialAction":[{"@type":"ReadAction","target":["https:\/\/www.em.com.br\/emfoco\/2025\/10\/16\/arvores-que-oferecem-sombra-e-frutos-e-sao-seguras-para-plantar-na-calcada\/"]}]},{"@type":"ImageObject","inLanguage":"pt-BR","@id":"https:\/\/www.em.com.br\/emfoco\/2025\/10\/16\/arvores-que-oferecem-sombra-e-frutos-e-sao-seguras-para-plantar-na-calcada\/#primaryimage","url":"https:\/\/www.em.com.br\/emfoco\/wp-content\/uploads\/2025\/03\/jabuticaba_1742655435559.jpg","contentUrl":"https:\/\/www.em.com.br\/emfoco\/wp-content\/uploads\/2025\/03\/jabuticaba_1742655435559.jpg","width":1280,"height":720,"caption":"Jabuticaba - Cr\u00e9ditos: depositphotos.com \/ PauloPJ"},{"@type":"BreadcrumbList","@id":"https:\/\/www.em.com.br\/emfoco\/2025\/10\/16\/arvores-que-oferecem-sombra-e-frutos-e-sao-seguras-para-plantar-na-calcada\/#breadcrumb","itemListElement":[{"@type":"ListItem","position":1,"name":"In\u00edcio","item":"https:\/\/www.em.com.br\/emfoco\/"},{"@type":"ListItem","position":2,"name":"\u00c1rvores que oferecem sombra e frutos e s\u00e3o seguras para plantar na cal\u00e7ada"}]},{"@type":"WebSite","@id":"https:\/\/www.em.com.br\/emfoco\/#website","url":"https:\/\/www.em.com.br\/emfoco\/","name":"Estado de Minas - Em foco","description":"Acompanhe as \u00faltimas not\u00edcias e fique bem informado sobre tudo o que acontece em Minas Gerais, Brasil e no mundo.","potentialAction":[{"@type":"SearchAction","target":{"@type":"EntryPoint","urlTemplate":"https:\/\/www.em.com.br\/emfoco\/?s={search_term_string}"},"query-input":{"@type":"PropertyValueSpecification","valueRequired":true,"valueName":"search_term_string"}}],"inLanguage":"pt-BR"},{"@type":"Person","@id":"https:\/\/www.em.com.br\/emfoco\/#\/schema\/person\/0a8186d72f2c3a5c6276d90b41f271a0","name":"Daniely Cardoso","image":{"@type":"ImageObject","inLanguage":"pt-BR","@id":"https:\/\/www.em.com.br\/emfoco\/#\/schema\/person\/image\/","url":"https:\/\/secure.gravatar.com\/avatar\/4b80ddbd124d1f071b626d52d62e5dff?s=96&d=mm&r=g","contentUrl":"https:\/\/secure.gravatar.com\/avatar\/4b80ddbd124d1f071b626d52d62e5dff?s=96&d=mm&r=g","caption":"Daniely Cardoso"},"url":"https:\/\/www.em.com.br\/emfoco\/author\/danielymyth\/"}]}},"_links":{"self":[{"href":"https:\/\/www.em.com.br\/emfoco\/wp-json\/wp\/v2\/posts\/115645","targetHints":{"allow":["GET"]}}],"collection":[{"href":"https:\/\/www.em.com.br\/emfoco\/wp-json\/wp\/v2\/posts"}],"about":[{"href":"https:\/\/www.em.com.br\/emfoco\/wp-json\/wp\/v2\/types\/post"}],"author":[{"embeddable":true,"href":"https:\/\/www.em.com.br\/emfoco\/wp-json\/wp\/v2\/users\/9"}],"replies":[{"embeddable":true,"href":"https:\/\/www.em.com.br\/emfoco\/wp-json\/wp\/v2\/comments?post=115645"}],"version-history":[{"count":3,"href":"https:\/\/www.em.com.br\/emfoco\/wp-json\/wp\/v2\/posts\/115645\/revisions"}],"predecessor-version":[{"id":115657,"href":"https:\/\/www.em.com.br\/emfoco\/wp-json\/wp\/v2\/posts\/115645\/revisions\/115657"}],"wp:featuredmedia":[{"embeddable":true,"href":"https:\/\/www.em.com.br\/emfoco\/wp-json\/wp\/v2\/media\/31295"}],"wp:attachment":[{"href":"https:\/\/www.em.com.br\/emfoco\/wp-json\/wp\/v2\/media?parent=115645"}],"wp:term":[{"taxonomy":"category","embeddable":true,"href":"https:\/\/www.em.com.br\/emfoco\/wp-json\/wp\/v2\/categories?post=115645"},{"taxonomy":"post_tag","embeddable":true,"href":"https:\/\/www.em.com.br\/emfoco\/wp-json\/wp\/v2\/tags?post=115645"}],"curies":[{"name":"wp","href":"https:\/\/api.w.org\/{rel}","templated":true}]}}