{"id":11564,"date":"2025-01-27T15:20:00","date_gmt":"2025-01-27T18:20:00","guid":{"rendered":"https:\/\/www.em.com.br\/emfoco\/?p=11564"},"modified":"2025-01-25T09:07:11","modified_gmt":"2025-01-25T12:07:11","slug":"saiba-onde-estao-os-novos-radares-e-tome-cuidado","status":"publish","type":"post","link":"https:\/\/www.em.com.br\/emfoco\/2025\/01\/27\/saiba-onde-estao-os-novos-radares-e-tome-cuidado\/","title":{"rendered":"Saiba onde est\u00e3o os novos radares e tome cuidado!"},"content":{"rendered":"\n<p>No ano de 2024, a Prefeitura de <strong><a href=\"https:\/\/www.em.com.br\/emfoco\/2024\/12\/10\/viva-a-magia-do-reveillon-em-belo-horizonte-e-comece-o-ano-com-o-pe-direito\/\" target=\"_blank\" rel=\"noreferrer noopener\">Belo Horizonte<\/a><\/strong> anunciou a implementa\u00e7\u00e3o de novos <strong><a href=\"https:\/\/www.cetsp.com.br\/consultas\/fiscalizacao-eletronica-do-transito.aspx\" target=\"_blank\" rel=\"noreferrer noopener\">radares<\/a><\/strong> de fiscaliza\u00e7\u00e3o eletr\u00f4nica, totalizando 16 dispositivos. A iniciativa, que visa melhorar a seguran\u00e7a no tr\u00e2nsito, inclui a coloca\u00e7\u00e3o de 11 aparelhos em novos trechos e a substitui\u00e7\u00e3o de cinco equipamentos j\u00e1 existentes.<\/p>\n\n\n\n<p>Os novos radares t\u00eam o objetivo de autuar infra\u00e7\u00f5es de tr\u00e2nsito espec\u00edficas, como avan\u00e7o de sinal vermelho, convers\u00e3o proibida e invas\u00e3o de faixa exclusiva para \u00f4nibus. Esta a\u00e7\u00e3o faz parte de um acordo estrat\u00e9gico com o Cons\u00f3rcio Seguro Tr\u00e2nsito, respons\u00e1vel pela administra\u00e7\u00e3o desses equipamentos, com vig\u00eancia de julho de 2024 at\u00e9 a metade de 2029.<\/p>\n\n\n\n<h2 class=\"wp-block-heading\">Quais s\u00e3o as Localiza\u00e7\u00f5es dos Novos Radares?<\/h2>\n\n\n\n<p>A instala\u00e7\u00e3o dos radares foi cuidadosamente planejada em locais estrat\u00e9gicos onde as infra\u00e7\u00f5es ocorrem com frequ\u00eancia, visando n\u00e3o apenas penalizar, mas principalmente prevenir imprud\u00eancias no tr\u00e2nsito. As localiza\u00e7\u00f5es s\u00e3o variadas, abrangendo importantes avenidas da cidade.<\/p>\n\n\n\n<ul class=\"wp-block-list\">\n<li>Av. Afonso Pena, esquina com Rua dos Timbiras &#8211; Sentido Centro\/Mangabeiras<\/li>\n\n\n\n<li>Av. Afonso Pena, esquina com Rua Pernambuco &#8211; Sentido Mangabeiras\/Centro<\/li>\n\n\n\n<li>Av. Amazonas, esquina com Rua Padre Belchior &#8211; Sentido Pra\u00e7a Raul Soares\/Pra\u00e7a Rui Barbosa<\/li>\n\n\n\n<li>Av. Jos\u00e9 C\u00e2ndido da Silveira, esquina com Rua Lauro Gomes Vidal &#8211; Sentido Cidade Nova\/Goi\u00e2nia<\/li>\n\n\n\n<li>Rua Lauro Gomes Vidal, esquina com Av. Jos\u00e9 C\u00e2ndido da Silveira &#8211; Sentido Santa In\u00eas\/Dom Joaquim<\/li>\n<\/ul>\n\n\n\n<p>Al\u00e9m destes, existem outros locais estrat\u00e9gicos em Belo Horizonte onde novos radares s\u00e3o planejados para operar.<\/p>\n\n\n\n<figure class=\"wp-block-image size-large\"><img loading=\"lazy\" decoding=\"async\" width=\"1024\" height=\"576\" src=\"https:\/\/www.em.com.br\/emfoco\/wp-content\/uploads\/2025\/01\/speed-camera_1737159472365-1024x576.jpg\" alt=\"Saiba onde est\u00e3o os novos radares e tome cuidado!\" class=\"wp-image-11569\" srcset=\"https:\/\/www.em.com.br\/emfoco\/wp-content\/uploads\/2025\/01\/speed-camera_1737159472365-1024x576.jpg 1024w, https:\/\/www.em.com.br\/emfoco\/wp-content\/uploads\/2025\/01\/speed-camera_1737159472365-300x169.jpg 300w, https:\/\/www.em.com.br\/emfoco\/wp-content\/uploads\/2025\/01\/speed-camera_1737159472365-768x432.jpg 768w, https:\/\/www.em.com.br\/emfoco\/wp-content\/uploads\/2025\/01\/speed-camera_1737159472365-750x422.jpg 750w, https:\/\/www.em.com.br\/emfoco\/wp-content\/uploads\/2025\/01\/speed-camera_1737159472365-1140x641.jpg 1140w, https:\/\/www.em.com.br\/emfoco\/wp-content\/uploads\/2025\/01\/speed-camera_1737159472365.jpg 1280w\" sizes=\"auto, (max-width: 1024px) 100vw, 1024px\" \/><figcaption class=\"wp-element-caption\">Imagem de Radar &#8211; Cr\u00e9ditos: depositphotos.com \/ kle1njke@gmail.com<\/figcaption><\/figure>\n\n\n\n<h2 class=\"wp-block-heading\">Quais Infra\u00e7\u00f5es Ser\u00e3o Monitoradas pelos Radares?<\/h2>\n\n\n\n<p>Os radares n\u00e3o apenas capturam o avan\u00e7o de sinal vermelho, mas tamb\u00e9m s\u00e3o projetados para identificar outras viola\u00e7\u00f5es de tr\u00e2nsito. Entre os principais focos de monitoramento est\u00e3o:<\/p>\n\n\n\n<ul class=\"wp-block-list\">\n<li><strong>Avan\u00e7o de sinal vermelho:<\/strong> Radares detectam ve\u00edculos que ultrapassam o sinal vermelho, contribuindo para a redu\u00e7\u00e3o de acidentes.<\/li>\n\n\n\n<li><strong>Convers\u00e3o proibida:<\/strong> Algumas interse\u00e7\u00f5es possuem restri\u00e7\u00f5es de convers\u00e3o, e o monitoramento eletr\u00f4nico ajuda a impor essas regras.<\/li>\n\n\n\n<li><strong>Invas\u00e3o de faixa exclusiva para \u00f4nibus:<\/strong> O uso indevido de faixas exclusivas para \u00f4nibus por ve\u00edculos comuns \u00e9 uma infra\u00e7\u00e3o monitorada.<\/li>\n<\/ul>\n\n\n\n<h2 class=\"wp-block-heading\">Como a Tecnologia Contribui para a Seguran\u00e7a no Tr\u00e2nsito?<\/h2>\n\n\n\n<p>A instala\u00e7\u00e3o desses dispositivos eletr\u00f4nicos \u00e9 uma parte essencial das estrat\u00e9gias modernas de seguran\u00e7a vi\u00e1ria. Al\u00e9m de coibir infra\u00e7\u00f5es, os radares coletam dados que podem ser utilizados para planejar melhorias no tr\u00e2nsito em longo prazo. A tecnologia permite uma fiscaliza\u00e7\u00e3o constante, que n\u00e3o seria vi\u00e1vel apenas com patrulhamento humano, e assegura que as regras de tr\u00e2nsito sejam rigorosamente cumpridas.<\/p>\n\n\n\n<p>Com esses avan\u00e7os, espera-se que a seguran\u00e7a nas vias de Belo Horizonte melhore significativamente, reduzindo riscos e incentivando pr\u00e1ticas de dire\u00e7\u00e3o mais seguras para todos os usu\u00e1rios das vias.<\/p>\n","protected":false},"excerpt":{"rendered":"<p>No ano de 2024, a Prefeitura de Belo Horizonte anunciou a implementa\u00e7\u00e3o de novos radares de fiscaliza\u00e7\u00e3o eletr\u00f4nica, totalizando 16 dispositivos. A iniciativa, que visa melhorar a seguran\u00e7a no tr\u00e2nsito, inclui a coloca\u00e7\u00e3o de 11 aparelhos em novos trechos e a substitui\u00e7\u00e3o de cinco equipamentos j\u00e1 existentes. Os novos radares t\u00eam o objetivo de autuar [&hellip;]<\/p>\n","protected":false},"author":5,"featured_media":11567,"comment_status":"closed","ping_status":"open","sticky":false,"template":"","format":"standard","meta":{"jnews-multi-image_gallery":[],"jnews_single_post":{"format":"standard"},"jnews_primary_category":[],"jnews_social_meta":[],"jnews_override_counter":[],"footnotes":""},"categories":[26,1],"tags":[154,1091,1958,3686],"class_list":["post-11564","post","type-post","status-publish","format-standard","has-post-thumbnail","hentry","category-cidades","category-noticias","tag-belo-horizonte","tag-informacoes","tag-minas-geras","tag-radar"],"yoast_head":"<!-- This site is optimized with the Yoast SEO plugin v23.8 - https:\/\/yoast.com\/wordpress\/plugins\/seo\/ -->\n<title>Saiba onde est\u00e3o os novos radares e tome cuidado! - Estado de Minas - Em foco<\/title>\n<meta name=\"description\" content=\"Novos radares em Belo Horizonte! Descubra onde eles foram instalados e quais infra\u00e7\u00f5es ser\u00e3o fiscalizadas. Dirija com aten\u00e7\u00e3o e evite multas.\" \/>\n<meta name=\"robots\" content=\"index, follow, max-snippet:-1, max-image-preview:large, max-video-preview:-1\" \/>\n<link rel=\"canonical\" href=\"https:\/\/www.em.com.br\/emfoco\/2025\/01\/27\/saiba-onde-estao-os-novos-radares-e-tome-cuidado\/\" \/>\n<meta property=\"og:locale\" content=\"pt_BR\" \/>\n<meta property=\"og:type\" content=\"article\" \/>\n<meta property=\"og:title\" content=\"Saiba onde est\u00e3o os novos radares e tome cuidado! - Estado de Minas - Em foco\" \/>\n<meta property=\"og:description\" content=\"Novos radares em Belo Horizonte! Descubra onde eles foram instalados e quais infra\u00e7\u00f5es ser\u00e3o fiscalizadas. Dirija com aten\u00e7\u00e3o e evite multas.\" \/>\n<meta property=\"og:url\" content=\"https:\/\/www.em.com.br\/emfoco\/2025\/01\/27\/saiba-onde-estao-os-novos-radares-e-tome-cuidado\/\" \/>\n<meta property=\"og:site_name\" content=\"Estado de Minas - Em foco\" \/>\n<meta property=\"article:published_time\" content=\"2025-01-27T18:20:00+00:00\" \/>\n<meta property=\"article:modified_time\" content=\"2025-01-25T12:07:11+00:00\" \/>\n<meta property=\"og:image\" content=\"https:\/\/www.em.com.br\/emfoco\/wp-content\/uploads\/2025\/01\/speed-camera_1737159245188.jpg\" \/>\n\t<meta property=\"og:image:width\" content=\"1280\" \/>\n\t<meta property=\"og:image:height\" content=\"720\" \/>\n\t<meta property=\"og:image:type\" content=\"image\/jpeg\" \/>\n<meta name=\"author\" content=\"N\u00fabia Rangel\" \/>\n<meta name=\"twitter:card\" content=\"summary_large_image\" \/>\n<meta name=\"twitter:label1\" content=\"Escrito por\" \/>\n\t<meta name=\"twitter:data1\" content=\"N\u00fabia Rangel\" \/>\n\t<meta name=\"twitter:label2\" content=\"Est. tempo de leitura\" \/>\n\t<meta name=\"twitter:data2\" content=\"3 minutos\" \/>\n<!-- \/ Yoast SEO plugin. -->","yoast_head_json":{"title":"Saiba onde est\u00e3o os novos radares e tome cuidado! - Estado de Minas - Em foco","description":"Novos radares em Belo Horizonte! Descubra onde eles foram instalados e quais infra\u00e7\u00f5es ser\u00e3o fiscalizadas. Dirija com aten\u00e7\u00e3o e evite multas.","robots":{"index":"index","follow":"follow","max-snippet":"max-snippet:-1","max-image-preview":"max-image-preview:large","max-video-preview":"max-video-preview:-1"},"canonical":"https:\/\/www.em.com.br\/emfoco\/2025\/01\/27\/saiba-onde-estao-os-novos-radares-e-tome-cuidado\/","og_locale":"pt_BR","og_type":"article","og_title":"Saiba onde est\u00e3o os novos radares e tome cuidado! - Estado de Minas - Em foco","og_description":"Novos radares em Belo Horizonte! Descubra onde eles foram instalados e quais infra\u00e7\u00f5es ser\u00e3o fiscalizadas. Dirija com aten\u00e7\u00e3o e evite multas.","og_url":"https:\/\/www.em.com.br\/emfoco\/2025\/01\/27\/saiba-onde-estao-os-novos-radares-e-tome-cuidado\/","og_site_name":"Estado de Minas - Em foco","article_published_time":"2025-01-27T18:20:00+00:00","article_modified_time":"2025-01-25T12:07:11+00:00","og_image":[{"width":1280,"height":720,"url":"https:\/\/www.em.com.br\/emfoco\/wp-content\/uploads\/2025\/01\/speed-camera_1737159245188.jpg","type":"image\/jpeg"}],"author":"N\u00fabia Rangel","twitter_card":"summary_large_image","twitter_misc":{"Escrito por":"N\u00fabia Rangel","Est. tempo de leitura":"3 minutos"},"schema":{"@context":"https:\/\/schema.org","@graph":[{"@type":"WebPage","@id":"https:\/\/www.em.com.br\/emfoco\/2025\/01\/27\/saiba-onde-estao-os-novos-radares-e-tome-cuidado\/","url":"https:\/\/www.em.com.br\/emfoco\/2025\/01\/27\/saiba-onde-estao-os-novos-radares-e-tome-cuidado\/","name":"Saiba onde est\u00e3o os novos radares e tome cuidado! - Estado de Minas - Em foco","isPartOf":{"@id":"https:\/\/www.em.com.br\/emfoco\/#website"},"primaryImageOfPage":{"@id":"https:\/\/www.em.com.br\/emfoco\/2025\/01\/27\/saiba-onde-estao-os-novos-radares-e-tome-cuidado\/#primaryimage"},"image":{"@id":"https:\/\/www.em.com.br\/emfoco\/2025\/01\/27\/saiba-onde-estao-os-novos-radares-e-tome-cuidado\/#primaryimage"},"thumbnailUrl":"https:\/\/www.em.com.br\/emfoco\/wp-content\/uploads\/2025\/01\/speed-camera_1737159245188.jpg","datePublished":"2025-01-27T18:20:00+00:00","dateModified":"2025-01-25T12:07:11+00:00","author":{"@id":"https:\/\/www.em.com.br\/emfoco\/#\/schema\/person\/524437ef54f8a5d32591b143307f2e20"},"description":"Novos radares em Belo Horizonte! Descubra onde eles foram instalados e quais infra\u00e7\u00f5es ser\u00e3o fiscalizadas. Dirija com aten\u00e7\u00e3o e evite multas.","breadcrumb":{"@id":"https:\/\/www.em.com.br\/emfoco\/2025\/01\/27\/saiba-onde-estao-os-novos-radares-e-tome-cuidado\/#breadcrumb"},"inLanguage":"pt-BR","potentialAction":[{"@type":"ReadAction","target":["https:\/\/www.em.com.br\/emfoco\/2025\/01\/27\/saiba-onde-estao-os-novos-radares-e-tome-cuidado\/"]}]},{"@type":"ImageObject","inLanguage":"pt-BR","@id":"https:\/\/www.em.com.br\/emfoco\/2025\/01\/27\/saiba-onde-estao-os-novos-radares-e-tome-cuidado\/#primaryimage","url":"https:\/\/www.em.com.br\/emfoco\/wp-content\/uploads\/2025\/01\/speed-camera_1737159245188.jpg","contentUrl":"https:\/\/www.em.com.br\/emfoco\/wp-content\/uploads\/2025\/01\/speed-camera_1737159245188.jpg","width":1280,"height":720,"caption":"Imagem de Radar - Cr\u00e9ditos: depositphotos.com \/ moisseyev"},{"@type":"BreadcrumbList","@id":"https:\/\/www.em.com.br\/emfoco\/2025\/01\/27\/saiba-onde-estao-os-novos-radares-e-tome-cuidado\/#breadcrumb","itemListElement":[{"@type":"ListItem","position":1,"name":"In\u00edcio","item":"https:\/\/www.em.com.br\/emfoco\/"},{"@type":"ListItem","position":2,"name":"Saiba onde est\u00e3o os novos radares e tome cuidado!"}]},{"@type":"WebSite","@id":"https:\/\/www.em.com.br\/emfoco\/#website","url":"https:\/\/www.em.com.br\/emfoco\/","name":"Estado de Minas - Em foco","description":"Acompanhe as \u00faltimas not\u00edcias e fique bem informado sobre tudo o que acontece em Minas Gerais, Brasil e no mundo.","potentialAction":[{"@type":"SearchAction","target":{"@type":"EntryPoint","urlTemplate":"https:\/\/www.em.com.br\/emfoco\/?s={search_term_string}"},"query-input":{"@type":"PropertyValueSpecification","valueRequired":true,"valueName":"search_term_string"}}],"inLanguage":"pt-BR"},{"@type":"Person","@id":"https:\/\/www.em.com.br\/emfoco\/#\/schema\/person\/524437ef54f8a5d32591b143307f2e20","name":"N\u00fabia Rangel","image":{"@type":"ImageObject","inLanguage":"pt-BR","@id":"https:\/\/www.em.com.br\/emfoco\/#\/schema\/person\/image\/","url":"https:\/\/secure.gravatar.com\/avatar\/47cff2827a5ba23c37e8068c86817ea4?s=96&d=mm&r=g","contentUrl":"https:\/\/secure.gravatar.com\/avatar\/47cff2827a5ba23c37e8068c86817ea4?s=96&d=mm&r=g","caption":"N\u00fabia Rangel"},"sameAs":["https:\/\/www.em.com.br\/emfoco\/"],"url":"https:\/\/www.em.com.br\/emfoco\/author\/nubiamyth\/"}]}},"_links":{"self":[{"href":"https:\/\/www.em.com.br\/emfoco\/wp-json\/wp\/v2\/posts\/11564","targetHints":{"allow":["GET"]}}],"collection":[{"href":"https:\/\/www.em.com.br\/emfoco\/wp-json\/wp\/v2\/posts"}],"about":[{"href":"https:\/\/www.em.com.br\/emfoco\/wp-json\/wp\/v2\/types\/post"}],"author":[{"embeddable":true,"href":"https:\/\/www.em.com.br\/emfoco\/wp-json\/wp\/v2\/users\/5"}],"replies":[{"embeddable":true,"href":"https:\/\/www.em.com.br\/emfoco\/wp-json\/wp\/v2\/comments?post=11564"}],"version-history":[{"count":3,"href":"https:\/\/www.em.com.br\/emfoco\/wp-json\/wp\/v2\/posts\/11564\/revisions"}],"predecessor-version":[{"id":11570,"href":"https:\/\/www.em.com.br\/emfoco\/wp-json\/wp\/v2\/posts\/11564\/revisions\/11570"}],"wp:featuredmedia":[{"embeddable":true,"href":"https:\/\/www.em.com.br\/emfoco\/wp-json\/wp\/v2\/media\/11567"}],"wp:attachment":[{"href":"https:\/\/www.em.com.br\/emfoco\/wp-json\/wp\/v2\/media?parent=11564"}],"wp:term":[{"taxonomy":"category","embeddable":true,"href":"https:\/\/www.em.com.br\/emfoco\/wp-json\/wp\/v2\/categories?post=11564"},{"taxonomy":"post_tag","embeddable":true,"href":"https:\/\/www.em.com.br\/emfoco\/wp-json\/wp\/v2\/tags?post=11564"}],"curies":[{"name":"wp","href":"https:\/\/api.w.org\/{rel}","templated":true}]}}