{"id":115625,"date":"2025-10-17T21:25:43","date_gmt":"2025-10-18T00:25:43","guid":{"rendered":"https:\/\/www.em.com.br\/emfoco\/?p=115625"},"modified":"2025-10-15T21:41:46","modified_gmt":"2025-10-16T00:41:46","slug":"essas-plantas-deixam-a-casa-perfumada-e-livre-de-mosquitos","status":"publish","type":"post","link":"https:\/\/www.em.com.br\/emfoco\/2025\/10\/17\/essas-plantas-deixam-a-casa-perfumada-e-livre-de-mosquitos\/","title":{"rendered":"Essas plantas deixam a casa perfumada e livre de mosquitos"},"content":{"rendered":"\n<p>As <strong>plantas arom\u00e1ticas<\/strong> n\u00e3o apenas embelezam os ambientes, mas tamb\u00e9m atuam como eficazes <strong>repelentes naturais<\/strong>. Aproveitando suas fragr\u00e2ncias, essas esp\u00e9cies mant\u00eam os mosquitos afastados. Especialistas recomendam coloc\u00e1-las pr\u00f3ximas a entradas de ar para garantir um ambiente fresco e protegido.<\/p>\n\n\n\n<ul class=\"wp-block-list\">\n<li><strong>Lavanda<\/strong>: Eficaz em ambientes internos e externos para afastar mosquitos.<\/li>\n\n\n\n<li><strong>Menta<\/strong>: Seu aroma fresco funciona como um escudo natural contra insetos.<\/li>\n\n\n\n<li><strong>Manjeric\u00e3o<\/strong>: Aroma c\u00edtrico que repele mosquitos e decora o lar.<\/li>\n<\/ul>\n\n\n\n<h2 class=\"wp-block-heading\">Quais s\u00e3o as melhores plantas repelentes?<\/h2>\n\n\n\n<p>Para quem busca alternativas <strong>ecol\u00f3gicas<\/strong>, as plantas que unem beleza e funcionalidade s\u00e3o ideais. Elas n\u00e3o apenas decoram os espa\u00e7os, mas tamb\u00e9m oferecem prote\u00e7\u00e3o cont\u00ednua contra <a href=\"https:\/\/www.tuasaude.com\/como-evitar-as-picadas-de-mosquito\/\" target=\"_blank\" rel=\"noreferrer noopener\">mosquitos <\/a>e outros insetos. \u00c9 interessante notar que cada regi\u00e3o pode ter variedades nativas que tamb\u00e9m s\u00e3o eficazes; por exemplo, o <strong>cravo-de-defunto<\/strong> (Tagetes) \u00e9 bastante recomendado em alguns locais.<\/p>\n\n\n\n<h2 class=\"wp-block-heading\">Por que usar lavanda para prote\u00e7\u00e3o e beleza?<\/h2>\n\n\n\n<p>Conhecida pela fragr\u00e2ncia marcante, a <strong>lavanda<\/strong> \u00e9 excelente para repelir mosquitos. Suas delicadas flores lilases s\u00e3o perfeitas tanto para ambientes internos quanto externos, e seus galhos secos podem ser utilizados para <strong>perfumar roupas em arm\u00e1rios e gavetas<\/strong>. No sul da <strong>Fran\u00e7a<\/strong>, a lavanda \u00e9 uma das plantas mais tradicionais em jardins devido ao seu poder arom\u00e1tico e decorativo. Cultivar a esp\u00e9cie tamb\u00e9m pode ajudar a tranquilizar o ambiente, pois estudos apontam seu efeito relaxante.<\/p>\n\n\n\n<h2 class=\"wp-block-heading\">Como a menta traz frescor e energia?<\/h2>\n\n\n\n<p>O <strong>aroma fresco<\/strong> da menta \u00e9 desagrad\u00e1vel para insetos voadores. Apropriada para pequenos vasos na cozinha ou na sala de estar, a <strong>menta<\/strong> tamb\u00e9m ajuda a <strong>manter o ambiente arejado<\/strong>. Recomenda-se pod\u00e1-la frequentemente para um crescimento saud\u00e1vel. Vale destacar que o ch\u00e1 de menta, bastante consumido em pa\u00edses como <strong>Egito<\/strong>, oferece benef\u00edcios extras \u00e0 sa\u00fade, inclusive ajudando na digest\u00e3o e no al\u00edvio de dores de cabe\u00e7a, segundo pesquisas recentes.<\/p>\n\n\n<div class=\"wp-block-image\">\n<figure class=\"aligncenter size-large\"><img loading=\"lazy\" decoding=\"async\" width=\"1024\" height=\"576\" src=\"https:\/\/www.em.com.br\/emfoco\/wp-content\/uploads\/2025\/03\/lavanda_1741963475926-1024x576.jpg\" alt=\"O truque para criar um jardim bonito sem gastar litros de \u00e1gua\" class=\"wp-image-28747\" srcset=\"https:\/\/www.em.com.br\/emfoco\/wp-content\/uploads\/2025\/03\/lavanda_1741963475926-1024x576.jpg 1024w, https:\/\/www.em.com.br\/emfoco\/wp-content\/uploads\/2025\/03\/lavanda_1741963475926-300x169.jpg 300w, https:\/\/www.em.com.br\/emfoco\/wp-content\/uploads\/2025\/03\/lavanda_1741963475926-768x432.jpg 768w, https:\/\/www.em.com.br\/emfoco\/wp-content\/uploads\/2025\/03\/lavanda_1741963475926-750x422.jpg 750w, https:\/\/www.em.com.br\/emfoco\/wp-content\/uploads\/2025\/03\/lavanda_1741963475926-1140x641.jpg 1140w, https:\/\/www.em.com.br\/emfoco\/wp-content\/uploads\/2025\/03\/lavanda_1741963475926.jpg 1280w\" sizes=\"auto, (max-width: 1024px) 100vw, 1024px\" \/><figcaption class=\"wp-element-caption\">Lavanda &#8211; Cr\u00e9ditos: depositphotos.com \/ AlexGukBO<\/figcaption><\/figure><\/div>\n\n\n<h2 class=\"wp-block-heading\">Para que serve o manjeric\u00e3o al\u00e9m da culin\u00e1ria?<\/h2>\n\n\n\n<p>Mais do que um tempero, o manjeric\u00e3o \u00e9 valorizado pelo aroma c\u00edtrico que afasta mosquitos. Posicione a planta em janelas ou varandas para adicionar cor e vitalidade enquanto mant\u00e9m os insetos longe. Em lugares como <strong>It\u00e1lia<\/strong>, o manjeric\u00e3o \u00e9 muito cultuado tanto na culin\u00e1ria quanto pelo valor ornamental. Al\u00e9m disso, a planta pode ser usada para preparar \u00f3leos essenciais com propriedades anti-inflamat\u00f3rias.<\/p>\n\n\n\n<h2 class=\"wp-block-heading\">Por que escolher citronela?<\/h2>\n\n\n\n<p>A <strong>citronela<\/strong> se destaca como um dos repelentes naturais mais eficazes. Seu aroma c\u00edtrico confunde os mosquitos, sendo ideal para cultivo em vasos grandes e para utilizar suas folhas em produtos caseiros anti-insetos. A citronela \u00e9 composta principalmente pelo \u00f3leo essencial de citronelal, muito utilizado tamb\u00e9m na ind\u00fastria de cosm\u00e9ticos em pa\u00edses como <strong>\u00cdndia<\/strong>. Em resid\u00eancias pr\u00f3ximas a \u00e1reas de vegeta\u00e7\u00e3o, a citronela pode ser plantada ao redor do jardim para potencializar a barreira contra insetos.<\/p>\n\n\n\n<p><strong>Efeito verde em casa:<\/strong> Essas plantas n\u00e3o apenas protegem, mas tamb\u00e9m embelezam e perfumam os ambientes. Com pouca manuten\u00e7\u00e3o, tornam-se aliadas perfeitas para um lar saud\u00e1vel e harmonioso.<\/p>\n\n\n\n<p>Leia tamb\u00e9m: <a href=\"https:\/\/www.em.com.br\/emfoco\/2025\/10\/14\/5-plantas-que-ajudam-a-manter-escorpioes-bem-longe-e-perfumam-sua-casa\/\" target=\"_blank\" rel=\"noopener\">5 plantas que ajudam a manter escorpi\u00f5es bem longe e perfumam sua casa<\/a><\/p>\n\n\n\n<h2 class=\"wp-block-heading\">Quais s\u00e3o os principais benef\u00edcios de ter plantas arom\u00e1ticas em casa?<\/h2>\n\n\n\n<ul class=\"wp-block-list\">\n<li>Aroma e est\u00e9tica: Melhoram o visual e o aroma dos ambientes da casa.<\/li>\n\n\n\n<li>Repel\u00eancia eficaz: Suas fragr\u00e2ncias naturais afastam insetos indesejados.<\/li>\n\n\n\n<li>Baixa manuten\u00e7\u00e3o: Requerem poucos cuidados, tornando-se uma op\u00e7\u00e3o acess\u00edvel.<\/li>\n\n\n\n<li>Bem-estar: Muitas dessas plantas promovem relaxamento e bem-estar, al\u00e9m de auxiliarem na qualidade do ar.<\/li>\n<\/ul>\n","protected":false},"excerpt":{"rendered":"<p>As plantas arom\u00e1ticas n\u00e3o apenas embelezam os ambientes, mas tamb\u00e9m atuam como eficazes repelentes naturais. Aproveitando suas fragr\u00e2ncias, essas esp\u00e9cies mant\u00eam os mosquitos afastados. Especialistas recomendam coloc\u00e1-las pr\u00f3ximas a entradas de ar para garantir um ambiente fresco e protegido. Quais s\u00e3o as melhores plantas repelentes? Para quem busca alternativas ecol\u00f3gicas, as plantas que unem beleza [&hellip;]<\/p>\n","protected":false},"author":9,"featured_media":39741,"comment_status":"open","ping_status":"open","sticky":false,"template":"","format":"standard","meta":{"jnews-multi-image_gallery":[],"jnews_single_post":{"format":"standard"},"jnews_primary_category":[],"jnews_social_meta":[],"jnews_override_counter":[],"footnotes":""},"categories":[8691,1],"tags":[7701,17455,3324],"class_list":["post-115625","post","type-post","status-publish","format-standard","has-post-thumbnail","hentry","category-bem-estar","category-noticias","tag-como-plantar","tag-cuidados-de-casa","tag-plantas"],"yoast_head":"<!-- This site is optimized with the Yoast SEO plugin v23.8 - https:\/\/yoast.com\/wordpress\/plugins\/seo\/ -->\n<title>Essas plantas deixam a casa perfumada e livre de mosquitos - Estado de Minas - Em foco<\/title>\n<meta name=\"description\" content=\"Essas plantas arom\u00e1ticas deixam sua casa perfumada e livre de mosquitos. Lavanda, menta e manjeric\u00e3o s\u00e3o as favoritas dos especialistas.\" \/>\n<meta name=\"robots\" content=\"index, follow, max-snippet:-1, max-image-preview:large, max-video-preview:-1\" \/>\n<link rel=\"canonical\" href=\"https:\/\/www.em.com.br\/emfoco\/2025\/10\/17\/essas-plantas-deixam-a-casa-perfumada-e-livre-de-mosquitos\/\" \/>\n<meta property=\"og:locale\" content=\"pt_BR\" \/>\n<meta property=\"og:type\" content=\"article\" \/>\n<meta property=\"og:title\" content=\"Essas plantas deixam a casa perfumada e livre de mosquitos - Estado de Minas - Em foco\" \/>\n<meta property=\"og:description\" content=\"Essas plantas arom\u00e1ticas deixam sua casa perfumada e livre de mosquitos. Lavanda, menta e manjeric\u00e3o s\u00e3o as favoritas dos especialistas.\" \/>\n<meta property=\"og:url\" content=\"https:\/\/www.em.com.br\/emfoco\/2025\/10\/17\/essas-plantas-deixam-a-casa-perfumada-e-livre-de-mosquitos\/\" \/>\n<meta property=\"og:site_name\" content=\"Estado de Minas - Em foco\" \/>\n<meta property=\"article:published_time\" content=\"2025-10-18T00:25:43+00:00\" \/>\n<meta property=\"article:modified_time\" content=\"2025-10-16T00:41:46+00:00\" \/>\n<meta property=\"og:image\" content=\"https:\/\/www.em.com.br\/emfoco\/wp-content\/uploads\/2025\/04\/Manjericao-_1745018681168.jpg\" \/>\n\t<meta property=\"og:image:width\" content=\"1280\" \/>\n\t<meta property=\"og:image:height\" content=\"720\" \/>\n\t<meta property=\"og:image:type\" content=\"image\/jpeg\" \/>\n<meta name=\"author\" content=\"Daniely Cardoso\" \/>\n<meta name=\"twitter:card\" content=\"summary_large_image\" \/>\n<meta name=\"twitter:label1\" content=\"Escrito por\" \/>\n\t<meta name=\"twitter:data1\" content=\"Daniely Cardoso\" \/>\n\t<meta name=\"twitter:label2\" content=\"Est. tempo de leitura\" \/>\n\t<meta name=\"twitter:data2\" content=\"4 minutos\" \/>\n<!-- \/ Yoast SEO plugin. -->","yoast_head_json":{"title":"Essas plantas deixam a casa perfumada e livre de mosquitos - Estado de Minas - Em foco","description":"Essas plantas arom\u00e1ticas deixam sua casa perfumada e livre de mosquitos. Lavanda, menta e manjeric\u00e3o s\u00e3o as favoritas dos especialistas.","robots":{"index":"index","follow":"follow","max-snippet":"max-snippet:-1","max-image-preview":"max-image-preview:large","max-video-preview":"max-video-preview:-1"},"canonical":"https:\/\/www.em.com.br\/emfoco\/2025\/10\/17\/essas-plantas-deixam-a-casa-perfumada-e-livre-de-mosquitos\/","og_locale":"pt_BR","og_type":"article","og_title":"Essas plantas deixam a casa perfumada e livre de mosquitos - Estado de Minas - Em foco","og_description":"Essas plantas arom\u00e1ticas deixam sua casa perfumada e livre de mosquitos. Lavanda, menta e manjeric\u00e3o s\u00e3o as favoritas dos especialistas.","og_url":"https:\/\/www.em.com.br\/emfoco\/2025\/10\/17\/essas-plantas-deixam-a-casa-perfumada-e-livre-de-mosquitos\/","og_site_name":"Estado de Minas - Em foco","article_published_time":"2025-10-18T00:25:43+00:00","article_modified_time":"2025-10-16T00:41:46+00:00","og_image":[{"width":1280,"height":720,"url":"https:\/\/www.em.com.br\/emfoco\/wp-content\/uploads\/2025\/04\/Manjericao-_1745018681168.jpg","type":"image\/jpeg"}],"author":"Daniely Cardoso","twitter_card":"summary_large_image","twitter_misc":{"Escrito por":"Daniely Cardoso","Est. tempo de leitura":"4 minutos"},"schema":{"@context":"https:\/\/schema.org","@graph":[{"@type":"WebPage","@id":"https:\/\/www.em.com.br\/emfoco\/2025\/10\/17\/essas-plantas-deixam-a-casa-perfumada-e-livre-de-mosquitos\/","url":"https:\/\/www.em.com.br\/emfoco\/2025\/10\/17\/essas-plantas-deixam-a-casa-perfumada-e-livre-de-mosquitos\/","name":"Essas plantas deixam a casa perfumada e livre de mosquitos - Estado de Minas - Em foco","isPartOf":{"@id":"https:\/\/www.em.com.br\/emfoco\/#website"},"primaryImageOfPage":{"@id":"https:\/\/www.em.com.br\/emfoco\/2025\/10\/17\/essas-plantas-deixam-a-casa-perfumada-e-livre-de-mosquitos\/#primaryimage"},"image":{"@id":"https:\/\/www.em.com.br\/emfoco\/2025\/10\/17\/essas-plantas-deixam-a-casa-perfumada-e-livre-de-mosquitos\/#primaryimage"},"thumbnailUrl":"https:\/\/www.em.com.br\/emfoco\/wp-content\/uploads\/2025\/04\/Manjericao-_1745018681168.jpg","datePublished":"2025-10-18T00:25:43+00:00","dateModified":"2025-10-16T00:41:46+00:00","author":{"@id":"https:\/\/www.em.com.br\/emfoco\/#\/schema\/person\/0a8186d72f2c3a5c6276d90b41f271a0"},"description":"Essas plantas arom\u00e1ticas deixam sua casa perfumada e livre de mosquitos. Lavanda, menta e manjeric\u00e3o s\u00e3o as favoritas dos especialistas.","breadcrumb":{"@id":"https:\/\/www.em.com.br\/emfoco\/2025\/10\/17\/essas-plantas-deixam-a-casa-perfumada-e-livre-de-mosquitos\/#breadcrumb"},"inLanguage":"pt-BR","potentialAction":[{"@type":"ReadAction","target":["https:\/\/www.em.com.br\/emfoco\/2025\/10\/17\/essas-plantas-deixam-a-casa-perfumada-e-livre-de-mosquitos\/"]}]},{"@type":"ImageObject","inLanguage":"pt-BR","@id":"https:\/\/www.em.com.br\/emfoco\/2025\/10\/17\/essas-plantas-deixam-a-casa-perfumada-e-livre-de-mosquitos\/#primaryimage","url":"https:\/\/www.em.com.br\/emfoco\/wp-content\/uploads\/2025\/04\/Manjericao-_1745018681168.jpg","contentUrl":"https:\/\/www.em.com.br\/emfoco\/wp-content\/uploads\/2025\/04\/Manjericao-_1745018681168.jpg","width":1280,"height":720,"caption":"Manjeric\u00e3o - Cr\u00e9ditos: depositphotos.com \/ serezniy"},{"@type":"BreadcrumbList","@id":"https:\/\/www.em.com.br\/emfoco\/2025\/10\/17\/essas-plantas-deixam-a-casa-perfumada-e-livre-de-mosquitos\/#breadcrumb","itemListElement":[{"@type":"ListItem","position":1,"name":"In\u00edcio","item":"https:\/\/www.em.com.br\/emfoco\/"},{"@type":"ListItem","position":2,"name":"Essas plantas deixam a casa perfumada e livre de mosquitos"}]},{"@type":"WebSite","@id":"https:\/\/www.em.com.br\/emfoco\/#website","url":"https:\/\/www.em.com.br\/emfoco\/","name":"Estado de Minas - Em foco","description":"Acompanhe as \u00faltimas not\u00edcias e fique bem informado sobre tudo o que acontece em Minas Gerais, Brasil e no mundo.","potentialAction":[{"@type":"SearchAction","target":{"@type":"EntryPoint","urlTemplate":"https:\/\/www.em.com.br\/emfoco\/?s={search_term_string}"},"query-input":{"@type":"PropertyValueSpecification","valueRequired":true,"valueName":"search_term_string"}}],"inLanguage":"pt-BR"},{"@type":"Person","@id":"https:\/\/www.em.com.br\/emfoco\/#\/schema\/person\/0a8186d72f2c3a5c6276d90b41f271a0","name":"Daniely Cardoso","image":{"@type":"ImageObject","inLanguage":"pt-BR","@id":"https:\/\/www.em.com.br\/emfoco\/#\/schema\/person\/image\/","url":"https:\/\/secure.gravatar.com\/avatar\/4b80ddbd124d1f071b626d52d62e5dff?s=96&d=mm&r=g","contentUrl":"https:\/\/secure.gravatar.com\/avatar\/4b80ddbd124d1f071b626d52d62e5dff?s=96&d=mm&r=g","caption":"Daniely Cardoso"},"url":"https:\/\/www.em.com.br\/emfoco\/author\/danielymyth\/"}]}},"_links":{"self":[{"href":"https:\/\/www.em.com.br\/emfoco\/wp-json\/wp\/v2\/posts\/115625","targetHints":{"allow":["GET"]}}],"collection":[{"href":"https:\/\/www.em.com.br\/emfoco\/wp-json\/wp\/v2\/posts"}],"about":[{"href":"https:\/\/www.em.com.br\/emfoco\/wp-json\/wp\/v2\/types\/post"}],"author":[{"embeddable":true,"href":"https:\/\/www.em.com.br\/emfoco\/wp-json\/wp\/v2\/users\/9"}],"replies":[{"embeddable":true,"href":"https:\/\/www.em.com.br\/emfoco\/wp-json\/wp\/v2\/comments?post=115625"}],"version-history":[{"count":3,"href":"https:\/\/www.em.com.br\/emfoco\/wp-json\/wp\/v2\/posts\/115625\/revisions"}],"predecessor-version":[{"id":115885,"href":"https:\/\/www.em.com.br\/emfoco\/wp-json\/wp\/v2\/posts\/115625\/revisions\/115885"}],"wp:featuredmedia":[{"embeddable":true,"href":"https:\/\/www.em.com.br\/emfoco\/wp-json\/wp\/v2\/media\/39741"}],"wp:attachment":[{"href":"https:\/\/www.em.com.br\/emfoco\/wp-json\/wp\/v2\/media?parent=115625"}],"wp:term":[{"taxonomy":"category","embeddable":true,"href":"https:\/\/www.em.com.br\/emfoco\/wp-json\/wp\/v2\/categories?post=115625"},{"taxonomy":"post_tag","embeddable":true,"href":"https:\/\/www.em.com.br\/emfoco\/wp-json\/wp\/v2\/tags?post=115625"}],"curies":[{"name":"wp","href":"https:\/\/api.w.org\/{rel}","templated":true}]}}