{"id":115539,"date":"2025-10-16T14:15:00","date_gmt":"2025-10-16T17:15:00","guid":{"rendered":"https:\/\/www.em.com.br\/emfoco\/?p=115539"},"modified":"2025-10-15T15:09:51","modified_gmt":"2025-10-15T18:09:51","slug":"a-nova-frente-fria-avanca-e-muda-o-tempo-em-todo-o-pais","status":"publish","type":"post","link":"https:\/\/www.em.com.br\/emfoco\/2025\/10\/16\/a-nova-frente-fria-avanca-e-muda-o-tempo-em-todo-o-pais\/","title":{"rendered":"A nova frente fria avan\u00e7a e muda o tempo em todo o pa\u00eds"},"content":{"rendered":"\n<p>O <strong>Brasil <\/strong>est\u00e1 vivenciando um per\u00edodo meteorol\u00f3gico intenso devido \u00e0 chegada de uma frente fria que vem causando impactos significativos no tempo nas regi\u00f5es <strong>Sudeste e Centro-Oeste<\/strong>. Este sistema frontal, identificado por sat\u00e9lites, est\u00e1 associado a fortes tempestades que atingiram as \u00e1reas de <strong>S\u00e3o Paulo e Mato Grosso do Sul<\/strong>, trazendo preocupa\u00e7\u00f5es quanto \u00e0 seguran\u00e7a e infraestrutura.<\/p>\n\n\n\n<p>As autoridades meteorol\u00f3gicas emitiram alertas para essas \u00e1reas, destacando a possibilidade de chuvas intensas que podem superar os 100 mm em um \u00fanico dia. Com essas chuvas, espera-se que ocorram ventos fortes, atingindo velocidades de at\u00e9 100 km\/h, bem como a queda de granizo. Estas condi\u00e7\u00f5es clim\u00e1ticas adversas podem resultar em cortes de energia e danos a constru\u00e7\u00f5es.<\/p>\n\n\n\n<h2 class=\"wp-block-heading\">Quais os impactos atuais no Sudeste e Centro-Oeste?<\/h2>\n\n\n<div class=\"wp-block-image\">\n<figure class=\"aligncenter size-large\"><img loading=\"lazy\" decoding=\"async\" width=\"1024\" height=\"576\" src=\"https:\/\/www.em.com.br\/emfoco\/wp-content\/uploads\/2025\/08\/transito_1754715404607-1024x576.jpg\" alt=\"CNH sem autoescola promete uma economia de at\u00e9 75%!\" class=\"wp-image-89047\" srcset=\"https:\/\/www.em.com.br\/emfoco\/wp-content\/uploads\/2025\/08\/transito_1754715404607-1024x576.jpg 1024w, https:\/\/www.em.com.br\/emfoco\/wp-content\/uploads\/2025\/08\/transito_1754715404607-300x169.jpg 300w, https:\/\/www.em.com.br\/emfoco\/wp-content\/uploads\/2025\/08\/transito_1754715404607-768x432.jpg 768w, https:\/\/www.em.com.br\/emfoco\/wp-content\/uploads\/2025\/08\/transito_1754715404607-750x422.jpg 750w, https:\/\/www.em.com.br\/emfoco\/wp-content\/uploads\/2025\/08\/transito_1754715404607-1140x641.jpg 1140w, https:\/\/www.em.com.br\/emfoco\/wp-content\/uploads\/2025\/08\/transito_1754715404607.jpg 1280w\" sizes=\"auto, (max-width: 1024px) 100vw, 1024px\" \/><figcaption class=\"wp-element-caption\">Tr\u00e2nsito &#8211; Cr\u00e9ditos: depositphotos.com \/ XXLPhoto<\/figcaption><\/figure><\/div>\n\n\n<p>A atua\u00e7\u00e3o da frente fria j\u00e1 trouxe preju\u00edzos em cidades do <strong>Sudeste e Centro-Oeste<\/strong>, com relatos de alagamentos e tr\u00e2nsito comprometido. Servi\u00e7os essenciais, como fornecimento de energia el\u00e9trica, tamb\u00e9m foram afetados em regi\u00f5es urbanas e rurais, ampliando a preocupa\u00e7\u00e3o das autoridades locais.<\/p>\n\n\n\n<p>Al\u00e9m dos danos materiais, escolas e reparti\u00e7\u00f5es p\u00fablicas chegaram a suspender atividades temporariamente para garantir a seguran\u00e7a dos cidad\u00e3os. As equipes de <strong>Defesa Civil<\/strong> se mant\u00eam em prontid\u00e3o para atendimento emergencial.<\/p>\n\n\n\n<h2 class=\"wp-block-heading\">Como a mudan\u00e7a clim\u00e1tica afeta o Sul do Brasil?<\/h2>\n\n\n\n<p>O <strong>Sul <\/strong>do pa\u00eds tamb\u00e9m est\u00e1 sob influ\u00eancia desta frente fria, com uma massa de ar polar provocando uma significativa queda das temperaturas. Cidades da regi\u00e3o, especialmente no <strong>Rio Grande do Sul<\/strong>, <strong>Santa Catarina e Paran\u00e1<\/strong>, t\u00eam registrado temperaturas mais baixas do que o habitual para esta \u00e9poca do ano. Esta varia\u00e7\u00e3o abrupta ressalta os efeitos da mudan\u00e7a clim\u00e1tica, que podem intensificar padr\u00f5es de clima extremo.<\/p>\n\n\n\n<p>Estudos recentes apontam que a frequ\u00eancia desses eventos extremos tem aumentado devido ao aquecimento global e altera\u00e7\u00f5es nos padr\u00f5es atmosf\u00e9ricos. Novos dados divulgados pelo <strong><a href=\"https:\/\/portal.inmet.gov.br\/\" target=\"_blank\" rel=\"noreferrer noopener\">Instituto Nacional de Meteorologia<\/a> <\/strong>em 2024 refor\u00e7am que os epis\u00f3dios de frio e calor intensos v\u00eam ocorrendo em intervalos menores, desafiando a capacidade de resposta das cidades afetadas. Essa tend\u00eancia preocupa especialistas, que defendem a necessidade de pol\u00edticas p\u00fablicas para adapta\u00e7\u00e3o clim\u00e1tica nas regi\u00f5es mais vulner\u00e1veis.<\/p>\n\n\n\n<h2 class=\"wp-block-heading\">O que esperar da previs\u00e3o para os pr\u00f3ximos dias?<\/h2>\n\n\n\n<p>A expectativa para o fim de semana \u00e9 de continuidade deste padr\u00e3o, com a forma\u00e7\u00e3o de uma nova frente fria que dever\u00e1 impactar novamente o <strong>Sul <\/strong>antes de se mover em dire\u00e7\u00e3o ao <strong>Centro-Oeste<\/strong>. As chuvas podem continuar a provocar alagamentos em \u00e1reas vulner\u00e1veis, al\u00e9m de manter baixo o n\u00edvel dos term\u00f4metros, especialmente durante a noite e ao amanhecer.<\/p>\n\n\n\n<p>De acordo com meteorologistas, o c\u00e9u permanecer\u00e1 nublado em grande parte das regi\u00f5es afetadas e h\u00e1 risco de tempestades localizadas. A popula\u00e7\u00e3o \u00e9 orientada a acompanhar as atualiza\u00e7\u00f5es dos alertas emitidos pelos \u00f3rg\u00e3os oficiais.<\/p>\n\n\n\n<h2 class=\"wp-block-heading\">Como a popula\u00e7\u00e3o pode se proteger dos impactos?<\/h2>\n\n\n\n<p>Comunidades localizadas em \u00e1reas de risco, como encostas e margens de rios, s\u00e3o as mais vulner\u00e1veis aos efeitos dessas condi\u00e7\u00f5es meteorol\u00f3gicas adversas. Cuidados redobrados s\u00e3o recomendados, incluindo a evacua\u00e7\u00e3o preventiva em casos cr\u00edticos e monitoramento dos n\u00edveis dos rios.<\/p>\n\n\n\n<p>As autoridades refor\u00e7am a necessidade de seguir orienta\u00e7\u00f5es de seguran\u00e7a, evitar deslocamentos desnecess\u00e1rios durante tempestades e manter contato com \u00f3rg\u00e3os de defesa civil. Manter kits de emerg\u00eancia e planos de evacua\u00e7\u00e3o pode ser fundamental em situa\u00e7\u00f5es extremas. Al\u00e9m disso, aplicativos de alerta em tempo real e grupos de comunica\u00e7\u00e3o comunit\u00e1ria v\u00eam sendo cada vez mais utilizados para transmiss\u00e3o de informa\u00e7\u00f5es r\u00e1pidas, melhorando a capacidade de resposta local.<\/p>\n\n\n\n<p>Leia mais: <a href=\"https:\/\/www.em.com.br\/emfoco\/2025\/10\/14\/mudanca-no-clima-minas-gerais-deve-voltar-a-ter-chuva-nos-proximos-dias\/\" target=\"_blank\" rel=\"noreferrer noopener\">Mudan\u00e7a no clima, Minas Gerais deve voltar a ter chuva nos pr\u00f3ximos dias<\/a><\/p>\n\n\n\n<h2 class=\"wp-block-heading\"> Que medidas ajudam a mitigar os danos do clima?<\/h2>\n\n\n\n<p>Autoridades locais est\u00e3o monitorando a situa\u00e7\u00e3o de perto, emitindo alertas e orienta\u00e7\u00f5es para a popula\u00e7\u00e3o sobre como se proteger em meio a estas condi\u00e7\u00f5es clim\u00e1ticas adversas. A dissemina\u00e7\u00e3o de informa\u00e7\u00f5es \u00e9 crucial para garantir a seguran\u00e7a e minimizar potenciais perigos associados ao clima severo.<\/p>\n\n\n\n<p>Esse cen\u00e1rio evidencia a import\u00e2ncia de uma resposta r\u00e1pida e eficaz por parte das autoridades para lidar com os desafios impostos pelas condi\u00e7\u00f5es clim\u00e1ticas extremas. Investimentos em infraestrutura resiliente, campanhas de conscientiza\u00e7\u00e3o e atualiza\u00e7\u00e3o dos sistemas de monitoramento s\u00e3o apontados como estrat\u00e9gias essenciais para proteger comunidades vulner\u00e1veis. Projetos de drenagem urbana, restaura\u00e7\u00e3o de \u00e1reas verdes e aprimoramento da previs\u00e3o meteorol\u00f3gica tamb\u00e9m t\u00eam sido debatidos como formas de reduzir preju\u00edzos em eventos futuros.<\/p>\n","protected":false},"excerpt":{"rendered":"<p>O Brasil est\u00e1 vivenciando um per\u00edodo meteorol\u00f3gico intenso devido \u00e0 chegada de uma frente fria que vem causando impactos significativos no tempo nas regi\u00f5es Sudeste e Centro-Oeste. Este sistema frontal, identificado por sat\u00e9lites, est\u00e1 associado a fortes tempestades que atingiram as \u00e1reas de S\u00e3o Paulo e Mato Grosso do Sul, trazendo preocupa\u00e7\u00f5es quanto \u00e0 seguran\u00e7a [&hellip;]<\/p>\n","protected":false},"author":20,"featured_media":113808,"comment_status":"open","ping_status":"open","sticky":false,"template":"","format":"standard","meta":{"jnews-multi-image_gallery":[],"jnews_single_post":{"format":"standard"},"jnews_primary_category":[],"jnews_social_meta":[],"jnews_override_counter":[],"footnotes":""},"categories":[28,1],"tags":[17267,152,9169,1192],"class_list":["post-115539","post","type-post","status-publish","format-standard","has-post-thumbnail","hentry","category-economia","category-noticias","tag-centro-oeste-2","tag-clima","tag-frente-fria","tag-sudeste"],"yoast_head":"<!-- This site is optimized with the Yoast SEO plugin v23.8 - https:\/\/yoast.com\/wordpress\/plugins\/seo\/ -->\n<title>A nova frente fria avan\u00e7a e muda o tempo em todo o pa\u00eds - Estado de Minas - Em foco<\/title>\n<meta name=\"description\" content=\"Tempestades e ventos fortes atingem Sudeste e Centro-Oeste com risco de granizo. Frente fria tamb\u00e9m derruba temperaturas no Sul do pa\u00eds.\" \/>\n<meta name=\"robots\" content=\"index, follow, max-snippet:-1, max-image-preview:large, max-video-preview:-1\" \/>\n<link rel=\"canonical\" href=\"https:\/\/www.em.com.br\/emfoco\/2025\/10\/16\/a-nova-frente-fria-avanca-e-muda-o-tempo-em-todo-o-pais\/\" \/>\n<meta property=\"og:locale\" content=\"pt_BR\" \/>\n<meta property=\"og:type\" content=\"article\" \/>\n<meta property=\"og:title\" content=\"A nova frente fria avan\u00e7a e muda o tempo em todo o pa\u00eds - Estado de Minas - Em foco\" \/>\n<meta property=\"og:description\" content=\"Tempestades e ventos fortes atingem Sudeste e Centro-Oeste com risco de granizo. Frente fria tamb\u00e9m derruba temperaturas no Sul do pa\u00eds.\" \/>\n<meta property=\"og:url\" content=\"https:\/\/www.em.com.br\/emfoco\/2025\/10\/16\/a-nova-frente-fria-avanca-e-muda-o-tempo-em-todo-o-pais\/\" \/>\n<meta property=\"og:site_name\" content=\"Estado de Minas - Em foco\" \/>\n<meta property=\"article:published_time\" content=\"2025-10-16T17:15:00+00:00\" \/>\n<meta property=\"article:modified_time\" content=\"2025-10-15T18:09:51+00:00\" \/>\n<meta property=\"og:image\" content=\"https:\/\/www.em.com.br\/emfoco\/wp-content\/uploads\/2025\/10\/clima-chuva_1757112362949.jpg\" \/>\n\t<meta property=\"og:image:width\" content=\"1280\" \/>\n\t<meta property=\"og:image:height\" content=\"720\" \/>\n\t<meta property=\"og:image:type\" content=\"image\/jpeg\" \/>\n<meta name=\"author\" content=\"Ingrid Diniz\" \/>\n<meta name=\"twitter:card\" content=\"summary_large_image\" \/>\n<meta name=\"twitter:label1\" content=\"Escrito por\" \/>\n\t<meta name=\"twitter:data1\" content=\"Ingrid Diniz\" \/>\n\t<meta name=\"twitter:label2\" content=\"Est. tempo de leitura\" \/>\n\t<meta name=\"twitter:data2\" content=\"5 minutos\" \/>\n<!-- \/ Yoast SEO plugin. -->","yoast_head_json":{"title":"A nova frente fria avan\u00e7a e muda o tempo em todo o pa\u00eds - Estado de Minas - Em foco","description":"Tempestades e ventos fortes atingem Sudeste e Centro-Oeste com risco de granizo. Frente fria tamb\u00e9m derruba temperaturas no Sul do pa\u00eds.","robots":{"index":"index","follow":"follow","max-snippet":"max-snippet:-1","max-image-preview":"max-image-preview:large","max-video-preview":"max-video-preview:-1"},"canonical":"https:\/\/www.em.com.br\/emfoco\/2025\/10\/16\/a-nova-frente-fria-avanca-e-muda-o-tempo-em-todo-o-pais\/","og_locale":"pt_BR","og_type":"article","og_title":"A nova frente fria avan\u00e7a e muda o tempo em todo o pa\u00eds - Estado de Minas - Em foco","og_description":"Tempestades e ventos fortes atingem Sudeste e Centro-Oeste com risco de granizo. Frente fria tamb\u00e9m derruba temperaturas no Sul do pa\u00eds.","og_url":"https:\/\/www.em.com.br\/emfoco\/2025\/10\/16\/a-nova-frente-fria-avanca-e-muda-o-tempo-em-todo-o-pais\/","og_site_name":"Estado de Minas - Em foco","article_published_time":"2025-10-16T17:15:00+00:00","article_modified_time":"2025-10-15T18:09:51+00:00","og_image":[{"width":1280,"height":720,"url":"https:\/\/www.em.com.br\/emfoco\/wp-content\/uploads\/2025\/10\/clima-chuva_1757112362949.jpg","type":"image\/jpeg"}],"author":"Ingrid Diniz","twitter_card":"summary_large_image","twitter_misc":{"Escrito por":"Ingrid Diniz","Est. tempo de leitura":"5 minutos"},"schema":{"@context":"https:\/\/schema.org","@graph":[{"@type":"WebPage","@id":"https:\/\/www.em.com.br\/emfoco\/2025\/10\/16\/a-nova-frente-fria-avanca-e-muda-o-tempo-em-todo-o-pais\/","url":"https:\/\/www.em.com.br\/emfoco\/2025\/10\/16\/a-nova-frente-fria-avanca-e-muda-o-tempo-em-todo-o-pais\/","name":"A nova frente fria avan\u00e7a e muda o tempo em todo o pa\u00eds - Estado de Minas - Em foco","isPartOf":{"@id":"https:\/\/www.em.com.br\/emfoco\/#website"},"primaryImageOfPage":{"@id":"https:\/\/www.em.com.br\/emfoco\/2025\/10\/16\/a-nova-frente-fria-avanca-e-muda-o-tempo-em-todo-o-pais\/#primaryimage"},"image":{"@id":"https:\/\/www.em.com.br\/emfoco\/2025\/10\/16\/a-nova-frente-fria-avanca-e-muda-o-tempo-em-todo-o-pais\/#primaryimage"},"thumbnailUrl":"https:\/\/www.em.com.br\/emfoco\/wp-content\/uploads\/2025\/10\/clima-chuva_1757112362949.jpg","datePublished":"2025-10-16T17:15:00+00:00","dateModified":"2025-10-15T18:09:51+00:00","author":{"@id":"https:\/\/www.em.com.br\/emfoco\/#\/schema\/person\/649e610b4eb8fff87ff394e54fe17b2b"},"description":"Tempestades e ventos fortes atingem Sudeste e Centro-Oeste com risco de granizo. Frente fria tamb\u00e9m derruba temperaturas no Sul do pa\u00eds.","breadcrumb":{"@id":"https:\/\/www.em.com.br\/emfoco\/2025\/10\/16\/a-nova-frente-fria-avanca-e-muda-o-tempo-em-todo-o-pais\/#breadcrumb"},"inLanguage":"pt-BR","potentialAction":[{"@type":"ReadAction","target":["https:\/\/www.em.com.br\/emfoco\/2025\/10\/16\/a-nova-frente-fria-avanca-e-muda-o-tempo-em-todo-o-pais\/"]}]},{"@type":"ImageObject","inLanguage":"pt-BR","@id":"https:\/\/www.em.com.br\/emfoco\/2025\/10\/16\/a-nova-frente-fria-avanca-e-muda-o-tempo-em-todo-o-pais\/#primaryimage","url":"https:\/\/www.em.com.br\/emfoco\/wp-content\/uploads\/2025\/10\/clima-chuva_1757112362949.jpg","contentUrl":"https:\/\/www.em.com.br\/emfoco\/wp-content\/uploads\/2025\/10\/clima-chuva_1757112362949.jpg","width":1280,"height":720,"caption":"Frente fria traz chuva e queda de temperatura em S\u00e3o Paulo - Cr\u00e9ditos: depositphotos.com \/ EdZbarzhyvetsky"},{"@type":"BreadcrumbList","@id":"https:\/\/www.em.com.br\/emfoco\/2025\/10\/16\/a-nova-frente-fria-avanca-e-muda-o-tempo-em-todo-o-pais\/#breadcrumb","itemListElement":[{"@type":"ListItem","position":1,"name":"In\u00edcio","item":"https:\/\/www.em.com.br\/emfoco\/"},{"@type":"ListItem","position":2,"name":"A nova frente fria avan\u00e7a e muda o tempo em todo o pa\u00eds"}]},{"@type":"WebSite","@id":"https:\/\/www.em.com.br\/emfoco\/#website","url":"https:\/\/www.em.com.br\/emfoco\/","name":"Estado de Minas - Em foco","description":"Acompanhe as \u00faltimas not\u00edcias e fique bem informado sobre tudo o que acontece em Minas Gerais, Brasil e no mundo.","potentialAction":[{"@type":"SearchAction","target":{"@type":"EntryPoint","urlTemplate":"https:\/\/www.em.com.br\/emfoco\/?s={search_term_string}"},"query-input":{"@type":"PropertyValueSpecification","valueRequired":true,"valueName":"search_term_string"}}],"inLanguage":"pt-BR"},{"@type":"Person","@id":"https:\/\/www.em.com.br\/emfoco\/#\/schema\/person\/649e610b4eb8fff87ff394e54fe17b2b","name":"Ingrid Diniz","image":{"@type":"ImageObject","inLanguage":"pt-BR","@id":"https:\/\/www.em.com.br\/emfoco\/#\/schema\/person\/image\/","url":"https:\/\/secure.gravatar.com\/avatar\/a3baa1449ec5c39b4c42babc9d4f3951?s=96&d=mm&r=g","contentUrl":"https:\/\/secure.gravatar.com\/avatar\/a3baa1449ec5c39b4c42babc9d4f3951?s=96&d=mm&r=g","caption":"Ingrid Diniz"},"sameAs":["https:\/\/www.em.com.br\/"],"url":"https:\/\/www.em.com.br\/emfoco\/author\/ingridmyth\/"}]}},"_links":{"self":[{"href":"https:\/\/www.em.com.br\/emfoco\/wp-json\/wp\/v2\/posts\/115539","targetHints":{"allow":["GET"]}}],"collection":[{"href":"https:\/\/www.em.com.br\/emfoco\/wp-json\/wp\/v2\/posts"}],"about":[{"href":"https:\/\/www.em.com.br\/emfoco\/wp-json\/wp\/v2\/types\/post"}],"author":[{"embeddable":true,"href":"https:\/\/www.em.com.br\/emfoco\/wp-json\/wp\/v2\/users\/20"}],"replies":[{"embeddable":true,"href":"https:\/\/www.em.com.br\/emfoco\/wp-json\/wp\/v2\/comments?post=115539"}],"version-history":[{"count":2,"href":"https:\/\/www.em.com.br\/emfoco\/wp-json\/wp\/v2\/posts\/115539\/revisions"}],"predecessor-version":[{"id":115683,"href":"https:\/\/www.em.com.br\/emfoco\/wp-json\/wp\/v2\/posts\/115539\/revisions\/115683"}],"wp:featuredmedia":[{"embeddable":true,"href":"https:\/\/www.em.com.br\/emfoco\/wp-json\/wp\/v2\/media\/113808"}],"wp:attachment":[{"href":"https:\/\/www.em.com.br\/emfoco\/wp-json\/wp\/v2\/media?parent=115539"}],"wp:term":[{"taxonomy":"category","embeddable":true,"href":"https:\/\/www.em.com.br\/emfoco\/wp-json\/wp\/v2\/categories?post=115539"},{"taxonomy":"post_tag","embeddable":true,"href":"https:\/\/www.em.com.br\/emfoco\/wp-json\/wp\/v2\/tags?post=115539"}],"curies":[{"name":"wp","href":"https:\/\/api.w.org\/{rel}","templated":true}]}}