{"id":11552,"date":"2025-01-27T17:40:00","date_gmt":"2025-01-27T20:40:00","guid":{"rendered":"https:\/\/www.em.com.br\/emfoco\/?p=11552"},"modified":"2025-01-25T09:07:13","modified_gmt":"2025-01-25T12:07:13","slug":"o-destino-que-mais-brilha-no-turismo-brasileiro","status":"publish","type":"post","link":"https:\/\/www.em.com.br\/emfoco\/2025\/01\/27\/o-destino-que-mais-brilha-no-turismo-brasileiro\/","title":{"rendered":"O Destino que Mais Brilha no Turismo Brasileiro"},"content":{"rendered":"\n<p><strong><a href=\"https:\/\/www.em.com.br\/emfoco\/2024\/12\/14\/um-paraiso-escondido-no-sul-de-minas-gerais\/\" target=\"_blank\" rel=\"noreferrer noopener\">Minas Gerais<\/a><\/strong> destacou-se como um dos principais destinos tur\u00edsticos do Brasil em 2024, atraindo mais de 32 milh\u00f5es de turistas, de acordo com o Observat\u00f3rio do Turismo de Minas Gerais. Dentre estes turistas, cerca de 42,6 mil foram estrangeiros, o que representa um aumento de 10,6% em compara\u00e7\u00e3o ao ano anterior. Esse crescimento tem sido significativamente superior \u00e0 m\u00e9dia nacional, consolidando Minas Gerais como l\u00edder no turismo no pa\u00eds.<\/p>\n\n\n\n<p>Os n\u00fameros refor\u00e7am o papel vital do turismo no desenvolvimento econ\u00f4mico do estado, contribuindo com quase 7% do Produto Interno Bruto (PIB) mineiro. Al\u00e9m disso, entre janeiro e outubro de 2024, aproximadamente 20 mil empregos foram gerados no setor. O sucesso do turismo em Minas Gerais tem sido atribu\u00eddo a diversas iniciativas estrat\u00e9gicas promovidas pelo governo estadual.<\/p>\n\n\n\n<h2 class=\"wp-block-heading\">Quais as Iniciativas que Sustentam o Turismo em Minas Gerais?<\/h2>\n\n\n\n<p>A Secretaria de Estado de Cultura e Turismo (Secult-MG) tem sido essencial no fortalecimento do turismo em Minas Gerais atrav\u00e9s de eventos e programas inovadores. Projetos como o Carnaval da Liberdade e o Natal da Mineiridade t\u00eam contribu\u00eddo para o aumento do fluxo tur\u00edstico. O Carnaval, por exemplo, movimentou quase R$ 5 bilh\u00f5es e gerou mais de 100 mil empregos tempor\u00e1rios em 2024.<\/p>\n\n\n\n<h2 class=\"wp-block-heading\">Desenvolvimento do Turismo Sustent\u00e1vel em Minas Gerais<\/h2>\n\n\n\n<p>O foco no turismo sustent\u00e1vel tamb\u00e9m tem sido prioridade, com diversas a\u00e7\u00f5es promovendo a integra\u00e7\u00e3o de natureza, aventura e experi\u00eancias gastron\u00f4micas. O Plano Diretor do Turismo Verde e o Selo Turismo Verde Minas, coordenado pela Companhia de Desenvolvimento de Minas Gerais (Codemge), s\u00e3o exemplos de iniciativas voltadas para o turismo sustent\u00e1vel em regi\u00f5es como a serra da Canastra e o Circuito das \u00c1guas.<\/p>\n\n\n\n<h2 class=\"wp-block-heading\">Quais Foram os Principais Destaques do Turismo em Minas em 2024?<\/h2>\n\n\n\n<ul class=\"wp-block-list\">\n<li>Reconhecimento do Queijo Minas Artesanal pela Unesco como Patrim\u00f4nio Cultural Imaterial da Humanidade.<\/li>\n\n\n\n<li>O Geoparque de Uberaba, conhecido como Terra dos Gigantes, foi reconhecido como geoparque mundial pela Unesco.<\/li>\n\n\n\n<li>Carnaval da Liberdade com impacto econ\u00f4mico de quase R$ 5 bilh\u00f5es.<\/li>\n\n\n\n<li>Expans\u00e3o de voos no Aeroporto Internacional de Belo Horizonte, aumentando a conectividade dos destinos tur\u00edsticos.<\/li>\n\n\n\n<li>Crescimento significativo do turismo verde na serra da Canastra, cordilheira do Espinha\u00e7o e Circuito das \u00c1guas.<\/li>\n\n\n\n<li>Aumento das visita\u00e7\u00f5es ao<strong><a href=\"https:\/\/www.inhotim.org.br\/\" target=\"_blank\" rel=\"noreferrer noopener\"> Instituto Inhotim<\/a><\/strong> e parques estaduais, refor\u00e7ando Minas Gerais como destino de turismo sustent\u00e1vel.<\/li>\n<\/ul>\n\n\n\n<figure class=\"wp-block-image size-full\"><img loading=\"lazy\" decoding=\"async\" width=\"1024\" height=\"577\" src=\"https:\/\/www.em.com.br\/emfoco\/wp-content\/uploads\/2024\/11\/image-24-e1732707885368.png\" alt=\"Descubra o Instituto Inhotim: Um Tesouro de Brumadinho em Minas Gerais!\" class=\"wp-image-1668\" srcset=\"https:\/\/www.em.com.br\/emfoco\/wp-content\/uploads\/2024\/11\/image-24-e1732707885368.png 1024w, https:\/\/www.em.com.br\/emfoco\/wp-content\/uploads\/2024\/11\/image-24-e1732707885368-300x169.png 300w, https:\/\/www.em.com.br\/emfoco\/wp-content\/uploads\/2024\/11\/image-24-e1732707885368-768x433.png 768w, https:\/\/www.em.com.br\/emfoco\/wp-content\/uploads\/2024\/11\/image-24-e1732707885368-750x423.png 750w\" sizes=\"auto, (max-width: 1024px) 100vw, 1024px\" \/><figcaption class=\"wp-element-caption\">Instituto Inhotim &#8211; Cr\u00e9ditos: Flickr<\/figcaption><\/figure>\n\n\n\n<h2 class=\"wp-block-heading\">Impacto no Setor A\u00e9reo e Hoteleiro<\/h2>\n\n\n\n<p>O setor a\u00e9reo de Minas Gerais experimentou uma expans\u00e3o consider\u00e1vel em 2024, com o Aeroporto Internacional de Belo Horizonte, localizado em Confins, registrando 11,3 milh\u00f5es de passageiros de janeiro a novembro, um aumento de 19% em rela\u00e7\u00e3o a 2023. A taxa de ocupa\u00e7\u00e3o hoteleira tamb\u00e9m apresentou crescimento, alcan\u00e7ando 62,83% na regi\u00e3o metropolitana de Belo Horizonte e 49,62% no interior do estado.<\/p>\n\n\n\n<p>Em resumo, o avan\u00e7o do turismo em Minas Gerais tem sido impulsionado por uma combina\u00e7\u00e3o de iniciativas governamentais estrat\u00e9gicas, valoriza\u00e7\u00e3o de patrim\u00f4nios culturais e reconhecimento internacional, al\u00e9m de eventos que promovem o desenvolvimento econ\u00f4mico e social do estado. Essa trajet\u00f3ria de sucesso reafirma a capacidade de Minas Gerais de se estabelecer como um destino atrativo para turistas nacionais e internacionais. Esses esfor\u00e7os s\u00e3o fundamentais para seguir promovendo crescimento sustent\u00e1vel e diversificado no turismo local.<\/p>\n","protected":false},"excerpt":{"rendered":"<p>Minas Gerais destacou-se como um dos principais destinos tur\u00edsticos do Brasil em 2024, atraindo mais de 32 milh\u00f5es de turistas, de acordo com o Observat\u00f3rio do Turismo de Minas Gerais. Dentre estes turistas, cerca de 42,6 mil foram estrangeiros, o que representa um aumento de 10,6% em compara\u00e7\u00e3o ao ano anterior. Esse crescimento tem sido [&hellip;]<\/p>\n","protected":false},"author":5,"featured_media":2629,"comment_status":"open","ping_status":"open","sticky":false,"template":"","format":"standard","meta":{"jnews-multi-image_gallery":[],"jnews_single_post":{"format":"standard"},"jnews_primary_category":[],"jnews_social_meta":[],"jnews_override_counter":[],"footnotes":""},"categories":[30,1],"tags":[158,207,1192,157],"class_list":["post-11552","post","type-post","status-publish","format-standard","has-post-thumbnail","hentry","category-clima","category-noticias","tag-brasil","tag-minas-gerais","tag-sudeste","tag-turismo"],"yoast_head":"<!-- This site is optimized with the Yoast SEO plugin v23.8 - https:\/\/yoast.com\/wordpress\/plugins\/seo\/ -->\n<title>O Destino que Mais Brilha no Turismo Brasileiro - Estado de Minas - Em foco<\/title>\n<meta name=\"description\" content=\"O turismo em Minas Gerais est\u00e1 em alta! Conhe\u00e7a as iniciativas que est\u00e3o transformando o estado em um dos destinos mais desejados do pa\u00eds.\" \/>\n<meta name=\"robots\" content=\"index, follow, max-snippet:-1, max-image-preview:large, max-video-preview:-1\" \/>\n<link rel=\"canonical\" href=\"https:\/\/www.em.com.br\/emfoco\/2025\/01\/27\/o-destino-que-mais-brilha-no-turismo-brasileiro\/\" \/>\n<meta property=\"og:locale\" content=\"pt_BR\" \/>\n<meta property=\"og:type\" content=\"article\" \/>\n<meta property=\"og:title\" content=\"O Destino que Mais Brilha no Turismo Brasileiro - Estado de Minas - Em foco\" \/>\n<meta property=\"og:description\" content=\"O turismo em Minas Gerais est\u00e1 em alta! Conhe\u00e7a as iniciativas que est\u00e3o transformando o estado em um dos destinos mais desejados do pa\u00eds.\" \/>\n<meta property=\"og:url\" content=\"https:\/\/www.em.com.br\/emfoco\/2025\/01\/27\/o-destino-que-mais-brilha-no-turismo-brasileiro\/\" \/>\n<meta property=\"og:site_name\" content=\"Estado de Minas - Em foco\" \/>\n<meta property=\"article:published_time\" content=\"2025-01-27T20:40:00+00:00\" \/>\n<meta property=\"article:modified_time\" content=\"2025-01-25T12:07:13+00:00\" \/>\n<meta property=\"og:image\" content=\"https:\/\/www.em.com.br\/emfoco\/wp-content\/uploads\/2024\/12\/cachoeiras-em-Minas-Gerais-Carrancas-Wikimedia-Commons-2-e1733073783429.jpg\" \/>\n\t<meta property=\"og:image:width\" content=\"1280\" \/>\n\t<meta property=\"og:image:height\" content=\"720\" \/>\n\t<meta property=\"og:image:type\" content=\"image\/jpeg\" \/>\n<meta name=\"author\" content=\"N\u00fabia Rangel\" \/>\n<meta name=\"twitter:card\" content=\"summary_large_image\" \/>\n<meta name=\"twitter:label1\" content=\"Escrito por\" \/>\n\t<meta name=\"twitter:data1\" content=\"N\u00fabia Rangel\" \/>\n\t<meta name=\"twitter:label2\" content=\"Est. tempo de leitura\" \/>\n\t<meta name=\"twitter:data2\" content=\"4 minutos\" \/>\n<!-- \/ Yoast SEO plugin. -->","yoast_head_json":{"title":"O Destino que Mais Brilha no Turismo Brasileiro - Estado de Minas - Em foco","description":"O turismo em Minas Gerais est\u00e1 em alta! Conhe\u00e7a as iniciativas que est\u00e3o transformando o estado em um dos destinos mais desejados do pa\u00eds.","robots":{"index":"index","follow":"follow","max-snippet":"max-snippet:-1","max-image-preview":"max-image-preview:large","max-video-preview":"max-video-preview:-1"},"canonical":"https:\/\/www.em.com.br\/emfoco\/2025\/01\/27\/o-destino-que-mais-brilha-no-turismo-brasileiro\/","og_locale":"pt_BR","og_type":"article","og_title":"O Destino que Mais Brilha no Turismo Brasileiro - Estado de Minas - Em foco","og_description":"O turismo em Minas Gerais est\u00e1 em alta! Conhe\u00e7a as iniciativas que est\u00e3o transformando o estado em um dos destinos mais desejados do pa\u00eds.","og_url":"https:\/\/www.em.com.br\/emfoco\/2025\/01\/27\/o-destino-que-mais-brilha-no-turismo-brasileiro\/","og_site_name":"Estado de Minas - Em foco","article_published_time":"2025-01-27T20:40:00+00:00","article_modified_time":"2025-01-25T12:07:13+00:00","og_image":[{"width":1280,"height":720,"url":"https:\/\/www.em.com.br\/emfoco\/wp-content\/uploads\/2024\/12\/cachoeiras-em-Minas-Gerais-Carrancas-Wikimedia-Commons-2-e1733073783429.jpg","type":"image\/jpeg"}],"author":"N\u00fabia Rangel","twitter_card":"summary_large_image","twitter_misc":{"Escrito por":"N\u00fabia Rangel","Est. tempo de leitura":"4 minutos"},"schema":{"@context":"https:\/\/schema.org","@graph":[{"@type":"WebPage","@id":"https:\/\/www.em.com.br\/emfoco\/2025\/01\/27\/o-destino-que-mais-brilha-no-turismo-brasileiro\/","url":"https:\/\/www.em.com.br\/emfoco\/2025\/01\/27\/o-destino-que-mais-brilha-no-turismo-brasileiro\/","name":"O Destino que Mais Brilha no Turismo Brasileiro - Estado de Minas - Em foco","isPartOf":{"@id":"https:\/\/www.em.com.br\/emfoco\/#website"},"primaryImageOfPage":{"@id":"https:\/\/www.em.com.br\/emfoco\/2025\/01\/27\/o-destino-que-mais-brilha-no-turismo-brasileiro\/#primaryimage"},"image":{"@id":"https:\/\/www.em.com.br\/emfoco\/2025\/01\/27\/o-destino-que-mais-brilha-no-turismo-brasileiro\/#primaryimage"},"thumbnailUrl":"https:\/\/www.em.com.br\/emfoco\/wp-content\/uploads\/2024\/12\/cachoeiras-em-Minas-Gerais-Carrancas-Wikimedia-Commons-2-e1733073783429.jpg","datePublished":"2025-01-27T20:40:00+00:00","dateModified":"2025-01-25T12:07:13+00:00","author":{"@id":"https:\/\/www.em.com.br\/emfoco\/#\/schema\/person\/524437ef54f8a5d32591b143307f2e20"},"description":"O turismo em Minas Gerais est\u00e1 em alta! Conhe\u00e7a as iniciativas que est\u00e3o transformando o estado em um dos destinos mais desejados do pa\u00eds.","breadcrumb":{"@id":"https:\/\/www.em.com.br\/emfoco\/2025\/01\/27\/o-destino-que-mais-brilha-no-turismo-brasileiro\/#breadcrumb"},"inLanguage":"pt-BR","potentialAction":[{"@type":"ReadAction","target":["https:\/\/www.em.com.br\/emfoco\/2025\/01\/27\/o-destino-que-mais-brilha-no-turismo-brasileiro\/"]}]},{"@type":"ImageObject","inLanguage":"pt-BR","@id":"https:\/\/www.em.com.br\/emfoco\/2025\/01\/27\/o-destino-que-mais-brilha-no-turismo-brasileiro\/#primaryimage","url":"https:\/\/www.em.com.br\/emfoco\/wp-content\/uploads\/2024\/12\/cachoeiras-em-Minas-Gerais-Carrancas-Wikimedia-Commons-2-e1733073783429.jpg","contentUrl":"https:\/\/www.em.com.br\/emfoco\/wp-content\/uploads\/2024\/12\/cachoeiras-em-Minas-Gerais-Carrancas-Wikimedia-Commons-2-e1733073783429.jpg","width":1280,"height":720,"caption":"Cachoeira em Carrancas MG - Cr\u00e9ditos: Wikimedia Commons"},{"@type":"BreadcrumbList","@id":"https:\/\/www.em.com.br\/emfoco\/2025\/01\/27\/o-destino-que-mais-brilha-no-turismo-brasileiro\/#breadcrumb","itemListElement":[{"@type":"ListItem","position":1,"name":"In\u00edcio","item":"https:\/\/www.em.com.br\/emfoco\/"},{"@type":"ListItem","position":2,"name":"O Destino que Mais Brilha no Turismo Brasileiro"}]},{"@type":"WebSite","@id":"https:\/\/www.em.com.br\/emfoco\/#website","url":"https:\/\/www.em.com.br\/emfoco\/","name":"Estado de Minas - Em foco","description":"Acompanhe as \u00faltimas not\u00edcias e fique bem informado sobre tudo o que acontece em Minas Gerais, Brasil e no mundo.","potentialAction":[{"@type":"SearchAction","target":{"@type":"EntryPoint","urlTemplate":"https:\/\/www.em.com.br\/emfoco\/?s={search_term_string}"},"query-input":{"@type":"PropertyValueSpecification","valueRequired":true,"valueName":"search_term_string"}}],"inLanguage":"pt-BR"},{"@type":"Person","@id":"https:\/\/www.em.com.br\/emfoco\/#\/schema\/person\/524437ef54f8a5d32591b143307f2e20","name":"N\u00fabia Rangel","image":{"@type":"ImageObject","inLanguage":"pt-BR","@id":"https:\/\/www.em.com.br\/emfoco\/#\/schema\/person\/image\/","url":"https:\/\/secure.gravatar.com\/avatar\/47cff2827a5ba23c37e8068c86817ea4?s=96&d=mm&r=g","contentUrl":"https:\/\/secure.gravatar.com\/avatar\/47cff2827a5ba23c37e8068c86817ea4?s=96&d=mm&r=g","caption":"N\u00fabia Rangel"},"sameAs":["https:\/\/www.em.com.br\/emfoco\/"],"url":"https:\/\/www.em.com.br\/emfoco\/author\/nubiamyth\/"}]}},"_links":{"self":[{"href":"https:\/\/www.em.com.br\/emfoco\/wp-json\/wp\/v2\/posts\/11552","targetHints":{"allow":["GET"]}}],"collection":[{"href":"https:\/\/www.em.com.br\/emfoco\/wp-json\/wp\/v2\/posts"}],"about":[{"href":"https:\/\/www.em.com.br\/emfoco\/wp-json\/wp\/v2\/types\/post"}],"author":[{"embeddable":true,"href":"https:\/\/www.em.com.br\/emfoco\/wp-json\/wp\/v2\/users\/5"}],"replies":[{"embeddable":true,"href":"https:\/\/www.em.com.br\/emfoco\/wp-json\/wp\/v2\/comments?post=11552"}],"version-history":[{"count":2,"href":"https:\/\/www.em.com.br\/emfoco\/wp-json\/wp\/v2\/posts\/11552\/revisions"}],"predecessor-version":[{"id":11558,"href":"https:\/\/www.em.com.br\/emfoco\/wp-json\/wp\/v2\/posts\/11552\/revisions\/11558"}],"wp:featuredmedia":[{"embeddable":true,"href":"https:\/\/www.em.com.br\/emfoco\/wp-json\/wp\/v2\/media\/2629"}],"wp:attachment":[{"href":"https:\/\/www.em.com.br\/emfoco\/wp-json\/wp\/v2\/media?parent=11552"}],"wp:term":[{"taxonomy":"category","embeddable":true,"href":"https:\/\/www.em.com.br\/emfoco\/wp-json\/wp\/v2\/categories?post=11552"},{"taxonomy":"post_tag","embeddable":true,"href":"https:\/\/www.em.com.br\/emfoco\/wp-json\/wp\/v2\/tags?post=11552"}],"curies":[{"name":"wp","href":"https:\/\/api.w.org\/{rel}","templated":true}]}}