{"id":11543,"date":"2025-01-27T21:20:00","date_gmt":"2025-01-28T00:20:00","guid":{"rendered":"https:\/\/www.em.com.br\/emfoco\/?p=11543"},"modified":"2025-01-25T09:07:19","modified_gmt":"2025-01-25T12:07:19","slug":"a-cidade-mineira-que-domina-o-mercado-internacional-de-cafe-e-o-turismo-decola","status":"publish","type":"post","link":"https:\/\/www.em.com.br\/emfoco\/2025\/01\/27\/a-cidade-mineira-que-domina-o-mercado-internacional-de-cafe-e-o-turismo-decola\/","title":{"rendered":"A Cidade Mineira que Domina o Mercado Internacional de Caf\u00e9 e o Turismo Decola!"},"content":{"rendered":"\n<p>Entre os munic\u00edpios de Minas Gerais, Varginha emerge como um dos principais contribuintes para as exporta\u00e7\u00f5es do estado. De acordo com dados da Funda\u00e7\u00e3o Jo\u00e3o Pinheiro para o ano de 2024, a cidade ocupa a quarta posi\u00e7\u00e3o no ranking estadual de exporta\u00e7\u00f5es, com um impressionante volume de neg\u00f3cios que atinge US$ 2 bilh\u00f5es. O setor que lidera essas exporta\u00e7\u00f5es \u00e9 o caf\u00e9, consolidando Varginha como uma pe\u00e7a fundamental na economia agr\u00edcola brasileira.<\/p>\n\n\n\n<p>Comparativamente, outros munic\u00edpios mineiros tamb\u00e9m se destacam em suas especialidades: Arax\u00e1 lidera a lista com a exporta\u00e7\u00e3o de produtos sider\u00fargicos, enquanto Concei\u00e7\u00e3o do Mato Dentro e Nova Lima ocupam a segunda e terceira posi\u00e7\u00f5es, respectivamente, destacando-se na exporta\u00e7\u00e3o de min\u00e9rio de ferro. Os esfor\u00e7os de Varginha, contudo, est\u00e3o concentrados na excel\u00eancia do caf\u00e9, um produto de destaque tanto nacional quanto internacionalmente.<\/p>\n\n\n\n<h2 class=\"wp-block-heading\">Quais s\u00e3o os destinos das exporta\u00e7\u00f5es de Varginha?<\/h2>\n\n\n\n<p>O caf\u00e9 exportado por <strong><a href=\"https:\/\/www.em.com.br\/emfoco\/2024\/12\/16\/oncas-pintadas-chegam-a-varginha-conheca-o-novo-atracao-do-parque\/\" target=\"_blank\" rel=\"noreferrer noopener\">Varginha<\/a><\/strong> tem como principais destinos pa\u00edses de economias desenvolvidas, que prezam por produtos de alta qualidade. A Alemanha, os Estados Unidos e a B\u00e9lgica est\u00e3o entre os maiores importadores do caf\u00e9 varginhense. Esses pa\u00edses s\u00e3o conhecidos por serem grandes apreciadores de caf\u00e9, o que demonstra a import\u00e2ncia e a aceita\u00e7\u00e3o dos gr\u00e3os produzidos na cidade de Varginha no mercado global.<\/p>\n\n\n\n<p>Este fluxo comercial \u00e9 um indicativo n\u00e3o apenas da qualidade dos produtos, mas tamb\u00e9m da efic\u00e1cia na log\u00edstica e na rede de distribui\u00e7\u00e3o de Varginha, elementos cruciais para manter a competitividade no cen\u00e1rio internacional. A cidade se destaca por conseguir alinhar produ\u00e7\u00e3o de excel\u00eancia com estrat\u00e9gias eficazes de exporta\u00e7\u00e3o.<\/p>\n\n\n\n<figure class=\"wp-block-image size-large\"><img loading=\"lazy\" decoding=\"async\" width=\"1024\" height=\"486\" src=\"https:\/\/www.em.com.br\/emfoco\/wp-content\/uploads\/2024\/11\/Disco_Voador_-_Varginha_-_MG_-_panoramio-e1732903381691-1024x486.jpg\" alt=\"Uma Cidade com Ra\u00edzes Profundas e Olhar para o Futuro!\" class=\"wp-image-2317\" srcset=\"https:\/\/www.em.com.br\/emfoco\/wp-content\/uploads\/2024\/11\/Disco_Voador_-_Varginha_-_MG_-_panoramio-e1732903381691-1024x486.jpg 1024w, https:\/\/www.em.com.br\/emfoco\/wp-content\/uploads\/2024\/11\/Disco_Voador_-_Varginha_-_MG_-_panoramio-e1732903381691-300x143.jpg 300w, https:\/\/www.em.com.br\/emfoco\/wp-content\/uploads\/2024\/11\/Disco_Voador_-_Varginha_-_MG_-_panoramio-e1732903381691-768x365.jpg 768w, https:\/\/www.em.com.br\/emfoco\/wp-content\/uploads\/2024\/11\/Disco_Voador_-_Varginha_-_MG_-_panoramio-e1732903381691-1536x730.jpg 1536w, https:\/\/www.em.com.br\/emfoco\/wp-content\/uploads\/2024\/11\/Disco_Voador_-_Varginha_-_MG_-_panoramio-e1732903381691-750x356.jpg 750w, https:\/\/www.em.com.br\/emfoco\/wp-content\/uploads\/2024\/11\/Disco_Voador_-_Varginha_-_MG_-_panoramio-e1732903381691-1140x542.jpg 1140w, https:\/\/www.em.com.br\/emfoco\/wp-content\/uploads\/2024\/11\/Disco_Voador_-_Varginha_-_MG_-_panoramio-e1732903381691.jpg 1600w\" sizes=\"auto, (max-width: 1024px) 100vw, 1024px\" \/><figcaption class=\"wp-element-caption\">Disco Voador em Varginha &#8211; Cr\u00e9ditos: Wikimedia Commons<\/figcaption><\/figure>\n\n\n\n<h2 class=\"wp-block-heading\">Qual \u00e9 a infraestrutura de caf\u00e9 dispon\u00edvel em Varginha?<\/h2>\n\n\n\n<p>Varginha possui uma infraestrutura robusta que d\u00e1 suporte \u00e0 sua proemin\u00eancia no setor cafeeiro. De acordo com o Prefeito Leonardo Ciacci, a cidade abriga uma das maiores cooperativas de caf\u00e9 do Brasil, aumentando consideravelmente a capacidade de produ\u00e7\u00e3o e exporta\u00e7\u00e3o. Al\u00e9m disso, a presen\u00e7a de institui\u00e7\u00f5es como o Centro de Excel\u00eancia em Cafeicultura (Senar), a Fazenda Experimental de Caf\u00e9 e a <strong><a href=\"https:\/\/www.fundacaoprocafe.com.br\/\" target=\"_blank\" rel=\"noreferrer noopener\">Funda\u00e7\u00e3o Procaf\u00e9<\/a><\/strong> s\u00e3o essenciais para a pesquisa e inova\u00e7\u00e3o no cultivo do caf\u00e9.<\/p>\n\n\n\n<p>Essas institui\u00e7\u00f5es promovem avan\u00e7os tecnol\u00f3gicos e melhores pr\u00e1ticas agr\u00edcolas, que resultam em produtos de alta qualidade e sustent\u00e1veis. O porto-seco tamb\u00e9m tem um papel vital no escoamento eficiente das mercadorias, garantindo que o fluxo de exporta\u00e7\u00e3o ocorra sem atrasos significativos e mantendo a competitividade do caf\u00e9 varginhense no mercado global.<\/p>\n\n\n\n<h2 class=\"wp-block-heading\">Quais s\u00e3o os benef\u00edcios das exporta\u00e7\u00f5es de caf\u00e9 para Varginha?<\/h2>\n\n\n\n<p>A exporta\u00e7\u00e3o de caf\u00e9 traz diversos benef\u00edcios econ\u00f4micos e sociais para Varginha. A gera\u00e7\u00e3o de empregos \u00e9 uma contribui\u00e7\u00e3o significativa, considerando que um grande n\u00famero de trabalhadores est\u00e1 envolvido em diferentes etapas da cadeia produtiva do caf\u00e9, desde o plantio at\u00e9 o transporte. As receitas originadas das exporta\u00e7\u00f5es tamb\u00e9m auxiliam no desenvolvimento econ\u00f4mico local, permitindo melhorias em infraestrutura e qualidade de vida da popula\u00e7\u00e3o.<\/p>\n\n\n\n<p>Al\u00e9m disso, a notoriedade adquirida por meio das exporta\u00e7\u00f5es solidifica a posi\u00e7\u00e3o de Varginha em mercados internacionais, permitindo novas oportunidades de parcerias comerciais e investimentos. O envolvimento em feiras internacionais e contatos diretos com compradores estrangeiros tamb\u00e9m fortalecem a rede de neg\u00f3cios e a expans\u00e3o das atividades comerciais e culturais da regi\u00e3o.<\/p>\n\n\n\n<h2 class=\"wp-block-heading\">Por que Varginha \u00e9 um exemplo de sucesso na exporta\u00e7\u00e3o de caf\u00e9?<\/h2>\n\n\n\n<p>Varginha se destaca como um exemplo de sucesso na exporta\u00e7\u00e3o de caf\u00e9 devido \u00e0 combina\u00e7\u00e3o de fatores estruturais, comerciais e pol\u00edticos. A posi\u00e7\u00e3o geogr\u00e1fica favor\u00e1vel, junto com a infraestrutura moderna e eficiente, permite que a cidade se destaque neste segmento. Os esfor\u00e7os das cooperativas locais, aliados ao suporte governamental e iniciativas privadas, criam um ecossistema favor\u00e1vel ao crescimento da produ\u00e7\u00e3o e exporta\u00e7\u00e3o.<\/p>\n\n\n\n<p>O futuro de Varginha como um dos principais centros exportadores de caf\u00e9 no Brasil \u00e9 promissor. Com investimentos constantes em pesquisa e inova\u00e7\u00e3o, a cidade continua a garantir que seus produtos mantenham a qualidade e a relev\u00e2ncia que exigem no mercado internacional. Este enfoque n\u00e3o apenas beneficia Varginha economicamente, mas tamb\u00e9m contribui para a melhoria da cafeicultura em todo o Brasil.<\/p>\n","protected":false},"excerpt":{"rendered":"<p>Entre os munic\u00edpios de Minas Gerais, Varginha emerge como um dos principais contribuintes para as exporta\u00e7\u00f5es do estado. De acordo com dados da Funda\u00e7\u00e3o Jo\u00e3o Pinheiro para o ano de 2024, a cidade ocupa a quarta posi\u00e7\u00e3o no ranking estadual de exporta\u00e7\u00f5es, com um impressionante volume de neg\u00f3cios que atinge US$ 2 bilh\u00f5es. O setor [&hellip;]<\/p>\n","protected":false},"author":5,"featured_media":11548,"comment_status":"open","ping_status":"open","sticky":false,"template":"","format":"standard","meta":{"jnews-multi-image_gallery":[],"jnews_single_post":{"format":"standard"},"jnews_primary_category":[],"jnews_social_meta":[],"jnews_override_counter":[],"footnotes":""},"categories":[26,1],"tags":[1579,160,207,989],"class_list":["post-11543","post","type-post","status-publish","format-standard","has-post-thumbnail","hentry","category-cidades","category-noticias","tag-cafe","tag-economia","tag-minas-gerais","tag-varginha"],"yoast_head":"<!-- This site is optimized with the Yoast SEO plugin v23.8 - https:\/\/yoast.com\/wordpress\/plugins\/seo\/ -->\n<title>A Cidade Mineira que Domina o Mercado Internacional de Caf\u00e9 e o Turismo Decola! - Estado de Minas - Em foco<\/title>\n<meta name=\"description\" content=\"Saiba como a cidade mineira conquistou o mercado internacional e se tornou um dos principais produtores de caf\u00e9 do Brasil.\" \/>\n<meta name=\"robots\" content=\"index, follow, max-snippet:-1, max-image-preview:large, max-video-preview:-1\" \/>\n<link rel=\"canonical\" href=\"https:\/\/www.em.com.br\/emfoco\/2025\/01\/27\/a-cidade-mineira-que-domina-o-mercado-internacional-de-cafe-e-o-turismo-decola\/\" \/>\n<meta property=\"og:locale\" content=\"pt_BR\" \/>\n<meta property=\"og:type\" content=\"article\" \/>\n<meta property=\"og:title\" content=\"A Cidade Mineira que Domina o Mercado Internacional de Caf\u00e9 e o Turismo Decola! - Estado de Minas - Em foco\" \/>\n<meta property=\"og:description\" content=\"Saiba como a cidade mineira conquistou o mercado internacional e se tornou um dos principais produtores de caf\u00e9 do Brasil.\" \/>\n<meta property=\"og:url\" content=\"https:\/\/www.em.com.br\/emfoco\/2025\/01\/27\/a-cidade-mineira-que-domina-o-mercado-internacional-de-cafe-e-o-turismo-decola\/\" \/>\n<meta property=\"og:site_name\" content=\"Estado de Minas - Em foco\" \/>\n<meta property=\"article:published_time\" content=\"2025-01-28T00:20:00+00:00\" \/>\n<meta property=\"article:modified_time\" content=\"2025-01-25T12:07:19+00:00\" \/>\n<meta property=\"og:image\" content=\"https:\/\/www.em.com.br\/emfoco\/wp-content\/uploads\/2025\/01\/cooffe_1737155975868.jpg\" \/>\n\t<meta property=\"og:image:width\" content=\"1280\" \/>\n\t<meta property=\"og:image:height\" content=\"720\" \/>\n\t<meta property=\"og:image:type\" content=\"image\/jpeg\" \/>\n<meta name=\"author\" content=\"N\u00fabia Rangel\" \/>\n<meta name=\"twitter:card\" content=\"summary_large_image\" \/>\n<meta name=\"twitter:label1\" content=\"Escrito por\" \/>\n\t<meta name=\"twitter:data1\" content=\"N\u00fabia Rangel\" \/>\n\t<meta name=\"twitter:label2\" content=\"Est. tempo de leitura\" \/>\n\t<meta name=\"twitter:data2\" content=\"5 minutos\" \/>\n<!-- \/ Yoast SEO plugin. -->","yoast_head_json":{"title":"A Cidade Mineira que Domina o Mercado Internacional de Caf\u00e9 e o Turismo Decola! - Estado de Minas - Em foco","description":"Saiba como a cidade mineira conquistou o mercado internacional e se tornou um dos principais produtores de caf\u00e9 do Brasil.","robots":{"index":"index","follow":"follow","max-snippet":"max-snippet:-1","max-image-preview":"max-image-preview:large","max-video-preview":"max-video-preview:-1"},"canonical":"https:\/\/www.em.com.br\/emfoco\/2025\/01\/27\/a-cidade-mineira-que-domina-o-mercado-internacional-de-cafe-e-o-turismo-decola\/","og_locale":"pt_BR","og_type":"article","og_title":"A Cidade Mineira que Domina o Mercado Internacional de Caf\u00e9 e o Turismo Decola! - Estado de Minas - Em foco","og_description":"Saiba como a cidade mineira conquistou o mercado internacional e se tornou um dos principais produtores de caf\u00e9 do Brasil.","og_url":"https:\/\/www.em.com.br\/emfoco\/2025\/01\/27\/a-cidade-mineira-que-domina-o-mercado-internacional-de-cafe-e-o-turismo-decola\/","og_site_name":"Estado de Minas - Em foco","article_published_time":"2025-01-28T00:20:00+00:00","article_modified_time":"2025-01-25T12:07:19+00:00","og_image":[{"width":1280,"height":720,"url":"https:\/\/www.em.com.br\/emfoco\/wp-content\/uploads\/2025\/01\/cooffe_1737155975868.jpg","type":"image\/jpeg"}],"author":"N\u00fabia Rangel","twitter_card":"summary_large_image","twitter_misc":{"Escrito por":"N\u00fabia Rangel","Est. tempo de leitura":"5 minutos"},"schema":{"@context":"https:\/\/schema.org","@graph":[{"@type":"WebPage","@id":"https:\/\/www.em.com.br\/emfoco\/2025\/01\/27\/a-cidade-mineira-que-domina-o-mercado-internacional-de-cafe-e-o-turismo-decola\/","url":"https:\/\/www.em.com.br\/emfoco\/2025\/01\/27\/a-cidade-mineira-que-domina-o-mercado-internacional-de-cafe-e-o-turismo-decola\/","name":"A Cidade Mineira que Domina o Mercado Internacional de Caf\u00e9 e o Turismo Decola! - Estado de Minas - Em foco","isPartOf":{"@id":"https:\/\/www.em.com.br\/emfoco\/#website"},"primaryImageOfPage":{"@id":"https:\/\/www.em.com.br\/emfoco\/2025\/01\/27\/a-cidade-mineira-que-domina-o-mercado-internacional-de-cafe-e-o-turismo-decola\/#primaryimage"},"image":{"@id":"https:\/\/www.em.com.br\/emfoco\/2025\/01\/27\/a-cidade-mineira-que-domina-o-mercado-internacional-de-cafe-e-o-turismo-decola\/#primaryimage"},"thumbnailUrl":"https:\/\/www.em.com.br\/emfoco\/wp-content\/uploads\/2025\/01\/cooffe_1737155975868.jpg","datePublished":"2025-01-28T00:20:00+00:00","dateModified":"2025-01-25T12:07:19+00:00","author":{"@id":"https:\/\/www.em.com.br\/emfoco\/#\/schema\/person\/524437ef54f8a5d32591b143307f2e20"},"description":"Saiba como a cidade mineira conquistou o mercado internacional e se tornou um dos principais produtores de caf\u00e9 do Brasil.","breadcrumb":{"@id":"https:\/\/www.em.com.br\/emfoco\/2025\/01\/27\/a-cidade-mineira-que-domina-o-mercado-internacional-de-cafe-e-o-turismo-decola\/#breadcrumb"},"inLanguage":"pt-BR","potentialAction":[{"@type":"ReadAction","target":["https:\/\/www.em.com.br\/emfoco\/2025\/01\/27\/a-cidade-mineira-que-domina-o-mercado-internacional-de-cafe-e-o-turismo-decola\/"]}]},{"@type":"ImageObject","inLanguage":"pt-BR","@id":"https:\/\/www.em.com.br\/emfoco\/2025\/01\/27\/a-cidade-mineira-que-domina-o-mercado-internacional-de-cafe-e-o-turismo-decola\/#primaryimage","url":"https:\/\/www.em.com.br\/emfoco\/wp-content\/uploads\/2025\/01\/cooffe_1737155975868.jpg","contentUrl":"https:\/\/www.em.com.br\/emfoco\/wp-content\/uploads\/2025\/01\/cooffe_1737155975868.jpg","width":1280,"height":720,"caption":"Imagem Ilustrativa de caf\u00e9 - Cr\u00e9ditos: depositphotos.com \/ SEABOY888"},{"@type":"BreadcrumbList","@id":"https:\/\/www.em.com.br\/emfoco\/2025\/01\/27\/a-cidade-mineira-que-domina-o-mercado-internacional-de-cafe-e-o-turismo-decola\/#breadcrumb","itemListElement":[{"@type":"ListItem","position":1,"name":"In\u00edcio","item":"https:\/\/www.em.com.br\/emfoco\/"},{"@type":"ListItem","position":2,"name":"A Cidade Mineira que Domina o Mercado Internacional de Caf\u00e9 e o Turismo Decola!"}]},{"@type":"WebSite","@id":"https:\/\/www.em.com.br\/emfoco\/#website","url":"https:\/\/www.em.com.br\/emfoco\/","name":"Estado de Minas - Em foco","description":"Acompanhe as \u00faltimas not\u00edcias e fique bem informado sobre tudo o que acontece em Minas Gerais, Brasil e no mundo.","potentialAction":[{"@type":"SearchAction","target":{"@type":"EntryPoint","urlTemplate":"https:\/\/www.em.com.br\/emfoco\/?s={search_term_string}"},"query-input":{"@type":"PropertyValueSpecification","valueRequired":true,"valueName":"search_term_string"}}],"inLanguage":"pt-BR"},{"@type":"Person","@id":"https:\/\/www.em.com.br\/emfoco\/#\/schema\/person\/524437ef54f8a5d32591b143307f2e20","name":"N\u00fabia Rangel","image":{"@type":"ImageObject","inLanguage":"pt-BR","@id":"https:\/\/www.em.com.br\/emfoco\/#\/schema\/person\/image\/","url":"https:\/\/secure.gravatar.com\/avatar\/47cff2827a5ba23c37e8068c86817ea4?s=96&d=mm&r=g","contentUrl":"https:\/\/secure.gravatar.com\/avatar\/47cff2827a5ba23c37e8068c86817ea4?s=96&d=mm&r=g","caption":"N\u00fabia Rangel"},"sameAs":["https:\/\/www.em.com.br\/emfoco\/"],"url":"https:\/\/www.em.com.br\/emfoco\/author\/nubiamyth\/"}]}},"_links":{"self":[{"href":"https:\/\/www.em.com.br\/emfoco\/wp-json\/wp\/v2\/posts\/11543","targetHints":{"allow":["GET"]}}],"collection":[{"href":"https:\/\/www.em.com.br\/emfoco\/wp-json\/wp\/v2\/posts"}],"about":[{"href":"https:\/\/www.em.com.br\/emfoco\/wp-json\/wp\/v2\/types\/post"}],"author":[{"embeddable":true,"href":"https:\/\/www.em.com.br\/emfoco\/wp-json\/wp\/v2\/users\/5"}],"replies":[{"embeddable":true,"href":"https:\/\/www.em.com.br\/emfoco\/wp-json\/wp\/v2\/comments?post=11543"}],"version-history":[{"count":2,"href":"https:\/\/www.em.com.br\/emfoco\/wp-json\/wp\/v2\/posts\/11543\/revisions"}],"predecessor-version":[{"id":11549,"href":"https:\/\/www.em.com.br\/emfoco\/wp-json\/wp\/v2\/posts\/11543\/revisions\/11549"}],"wp:featuredmedia":[{"embeddable":true,"href":"https:\/\/www.em.com.br\/emfoco\/wp-json\/wp\/v2\/media\/11548"}],"wp:attachment":[{"href":"https:\/\/www.em.com.br\/emfoco\/wp-json\/wp\/v2\/media?parent=11543"}],"wp:term":[{"taxonomy":"category","embeddable":true,"href":"https:\/\/www.em.com.br\/emfoco\/wp-json\/wp\/v2\/categories?post=11543"},{"taxonomy":"post_tag","embeddable":true,"href":"https:\/\/www.em.com.br\/emfoco\/wp-json\/wp\/v2\/tags?post=11543"}],"curies":[{"name":"wp","href":"https:\/\/api.w.org\/{rel}","templated":true}]}}