{"id":11537,"date":"2025-01-27T12:20:00","date_gmt":"2025-01-27T15:20:00","guid":{"rendered":"https:\/\/www.em.com.br\/emfoco\/?p=11537"},"modified":"2025-01-25T09:07:04","modified_gmt":"2025-01-25T12:07:04","slug":"mais-de-32-milhoes-de-visitantes-minas-gerais-lidera-o-turismo-no-brasil","status":"publish","type":"post","link":"https:\/\/www.em.com.br\/emfoco\/2025\/01\/27\/mais-de-32-milhoes-de-visitantes-minas-gerais-lidera-o-turismo-no-brasil\/","title":{"rendered":"Mais de 32 Milh\u00f5es de Visitantes! Minas Gerais Lidera o Turismo no Brasil"},"content":{"rendered":"\n<p>Em 2024, <strong><a href=\"https:\/\/www.em.com.br\/emfoco\/2024\/12\/24\/copasa-realiza-leilao-de-propriedades-em-minas-gerais\/\" target=\"_blank\" rel=\"noreferrer noopener\">Minas Gerais<\/a><\/strong> se consolida como um dos destinos mais procurados por turistas internacionais no Brasil, registrando um aumento significativo no n\u00famero de visitantes. Mais de 42,6 mil turistas estrangeiros desembarcaram no estado, um crescimento de 10,6% em compara\u00e7\u00e3o com o ano anterior. Essa tend\u00eancia reflete os esfor\u00e7os do Minist\u00e9rio do Turismo e da Embratur, que intensificaram a promo\u00e7\u00e3o de destinos brasileiros no exterior, destacando a diversidade cultural, a gastronomia aut\u00eantica e as impressionantes paisagens de Minas Gerais.<\/p>\n\n\n\n<p>As cidades hist\u00f3ricas, como Ouro Preto, Tiradentes e Diamantina, est\u00e3o entre os principais atrativos, oferecendo uma rica experi\u00eancia cultural com seus museus, ruas de pedra e arquitetura barroca. Belo Horizonte, a capital do estado, tamb\u00e9m encanta os visitantes com seu roteiro moderno e gastron\u00f4mico, destacando-se pelo Conjunto Arquitet\u00f4nico da Pampulha, projeto de Oscar Niemeyer, e pelo Mercado Central.<\/p>\n\n\n\n<h2 class=\"wp-block-heading\">Os Tesouros Naturais de Minas Gerais<\/h2>\n\n\n\n<p>Al\u00e9m do patrim\u00f4nio hist\u00f3rico, Minas Gerais \u00e9 agraciada com belezas naturais que atraem amantes do ecoturismo. O Parque Nacional da Serra do Cip\u00f3 e o Parque Nacional da Serra da Canastra s\u00e3o destinos populares para aqueles que buscam aventuras ao ar livre. Trilhar as paisagens exuberantes, descobrir cachoeiras ocultas e observar a biodiversidade \u00fanica s\u00e3o apenas algumas das experi\u00eancias que esses parques oferecem.<\/p>\n\n\n\n<p>O Queijo Minas Artesanal, reconhecido como Patrim\u00f4nio Cultural Imaterial da Humanidade pela Unesco, \u00e9 outro exemplo do que torna a regi\u00e3o t\u00e3o especial. Essa iguaria, produzida tradicionalmente na Serra da Canastra e em outras \u00e1reas, \u00e9 um atrativo gastron\u00f4mico que tem atra\u00eddo visitantes curiosos para experimentar seu aut\u00eantico sabor.<\/p>\n\n\n\n<figure class=\"wp-block-image size-large\"><img loading=\"lazy\" decoding=\"async\" width=\"1024\" height=\"576\" src=\"https:\/\/www.em.com.br\/emfoco\/wp-content\/uploads\/2024\/12\/pao-de-queijo_1733139133607-1024x576.jpg\" alt=\"Descubra A Culin\u00e1ria Mineira que Conquista Cora\u00e7\u00f5es!\" class=\"wp-image-2728\" srcset=\"https:\/\/www.em.com.br\/emfoco\/wp-content\/uploads\/2024\/12\/pao-de-queijo_1733139133607-1024x576.jpg 1024w, https:\/\/www.em.com.br\/emfoco\/wp-content\/uploads\/2024\/12\/pao-de-queijo_1733139133607-300x169.jpg 300w, https:\/\/www.em.com.br\/emfoco\/wp-content\/uploads\/2024\/12\/pao-de-queijo_1733139133607-768x432.jpg 768w, https:\/\/www.em.com.br\/emfoco\/wp-content\/uploads\/2024\/12\/pao-de-queijo_1733139133607-750x422.jpg 750w, https:\/\/www.em.com.br\/emfoco\/wp-content\/uploads\/2024\/12\/pao-de-queijo_1733139133607-1140x641.jpg 1140w, https:\/\/www.em.com.br\/emfoco\/wp-content\/uploads\/2024\/12\/pao-de-queijo_1733139133607.jpg 1280w\" sizes=\"auto, (max-width: 1024px) 100vw, 1024px\" \/><figcaption class=\"wp-element-caption\">P\u00e3o de Queijo &#8211; Cr\u00e9ditos: depositphotos.com \/ MKPK<\/figcaption><\/figure>\n\n\n\n<h2 class=\"wp-block-heading\">Quais S\u00e3o os Impactos do Turismo em Minas Gerais?<\/h2>\n\n\n\n<p>O turismo \u00e9 um motor importante para a economia de Minas Gerais, gerando empregos e impulsionando o desenvolvimento regional. Em 2024, o estado recebeu mais de 32 milh\u00f5es de turistas, e o setor foi respons\u00e1vel pela cria\u00e7\u00e3o de cerca de 20 mil novos postos de trabalho. Com 435.320 empregos formais no setor, a contribui\u00e7\u00e3o do turismo para o PIB de Minas Gerais \u00e9 expressiva, evidenciando seu papel crucial no crescimento econ\u00f4mico.<\/p>\n\n\n\n<p>O <strong><a href=\"http:\/\/circuitoliberdade.mg.gov.br\/pt-br\/\" target=\"_blank\" rel=\"noreferrer noopener\">Circuito Liberdade<\/a><\/strong>, localizado em Belo Horizonte, \u00e9 um dos pilares do sucesso do turismo cultural no estado. Com um aumento no n\u00famero de visitantes, o circuito solidificou-se como um centro de inova\u00e7\u00e3o e cultura, com exposi\u00e7\u00f5es, shows e eventos que atraem p\u00fablicos de todas as idades. Este aumento na visita\u00e7\u00e3o demonstra o apelo cont\u00ednuo de Minas Gerais como um destino cultural vibrante.<\/p>\n\n\n\n<h2 class=\"wp-block-heading\">Futuro Promissor para o Turismo em Minas Gerais<\/h2>\n\n\n\n<p>As expectativas para o futuro s\u00e3o otimistas, com diversos investimentos previstos para consolidar ainda mais Minas Gerais como um destino tur\u00edstico internacional. Em 2025, novos editais do Programa de Acelera\u00e7\u00e3o do Turismo Internacional prometem significativos investimentos para melhorar a infraestrutura e aumentar as rotas a\u00e9reas, ampliando a capacidade de receber novos turistas.<\/p>\n\n\n\n<p>A realiza\u00e7\u00e3o de eventos de grande porte, como a Confer\u00eancia do Clima da ONU (COP30) e a reuni\u00e3o do BRICS, deve atrair milhares de visitantes e elevar a visibilidade internacional do estado. Essas iniciativas visam n\u00e3o apenas aumentar o n\u00famero de visitantes, mas tamb\u00e9m promover a sustentabilidade e a diversidade cultural como marcas do turismo em Minas Gerais.<\/p>\n","protected":false},"excerpt":{"rendered":"<p>Em 2024, Minas Gerais se consolida como um dos destinos mais procurados por turistas internacionais no Brasil, registrando um aumento significativo no n\u00famero de visitantes. Mais de 42,6 mil turistas estrangeiros desembarcaram no estado, um crescimento de 10,6% em compara\u00e7\u00e3o com o ano anterior. Essa tend\u00eancia reflete os esfor\u00e7os do Minist\u00e9rio do Turismo e da [&hellip;]<\/p>\n","protected":false},"author":5,"featured_media":6698,"comment_status":"open","ping_status":"open","sticky":false,"template":"","format":"standard","meta":{"jnews-multi-image_gallery":[],"jnews_single_post":{"format":"standard"},"jnews_primary_category":[],"jnews_social_meta":[],"jnews_override_counter":[],"footnotes":""},"categories":[26,1],"tags":[1109,207,1192,157],"class_list":["post-11537","post","type-post","status-publish","format-standard","has-post-thumbnail","hentry","category-cidades","category-noticias","tag-informacao","tag-minas-gerais","tag-sudeste","tag-turismo"],"yoast_head":"<!-- This site is optimized with the Yoast SEO plugin v23.8 - https:\/\/yoast.com\/wordpress\/plugins\/seo\/ -->\n<title>Mais de 32 Milh\u00f5es de Visitantes! Minas Gerais Lidera o Turismo no Brasil - Estado de Minas - Em foco<\/title>\n<meta name=\"description\" content=\"Conhe\u00e7a os n\u00fameros que comprovam o crescimento do setor e descubra quais s\u00e3o os principais atrativos do estado.\" \/>\n<meta name=\"robots\" content=\"index, follow, max-snippet:-1, max-image-preview:large, max-video-preview:-1\" \/>\n<link rel=\"canonical\" href=\"https:\/\/www.em.com.br\/emfoco\/2025\/01\/27\/mais-de-32-milhoes-de-visitantes-minas-gerais-lidera-o-turismo-no-brasil\/\" \/>\n<meta property=\"og:locale\" content=\"pt_BR\" \/>\n<meta property=\"og:type\" content=\"article\" \/>\n<meta property=\"og:title\" content=\"Mais de 32 Milh\u00f5es de Visitantes! Minas Gerais Lidera o Turismo no Brasil - Estado de Minas - Em foco\" \/>\n<meta property=\"og:description\" content=\"Conhe\u00e7a os n\u00fameros que comprovam o crescimento do setor e descubra quais s\u00e3o os principais atrativos do estado.\" \/>\n<meta property=\"og:url\" content=\"https:\/\/www.em.com.br\/emfoco\/2025\/01\/27\/mais-de-32-milhoes-de-visitantes-minas-gerais-lidera-o-turismo-no-brasil\/\" \/>\n<meta property=\"og:site_name\" content=\"Estado de Minas - Em foco\" \/>\n<meta property=\"article:published_time\" content=\"2025-01-27T15:20:00+00:00\" \/>\n<meta property=\"article:modified_time\" content=\"2025-01-25T12:07:04+00:00\" \/>\n<meta property=\"og:image\" content=\"https:\/\/www.em.com.br\/emfoco\/wp-content\/uploads\/2024\/12\/Crescimento_1735213494211.jpg\" \/>\n\t<meta property=\"og:image:width\" content=\"1280\" \/>\n\t<meta property=\"og:image:height\" content=\"720\" \/>\n\t<meta property=\"og:image:type\" content=\"image\/jpeg\" \/>\n<meta name=\"author\" content=\"N\u00fabia Rangel\" \/>\n<meta name=\"twitter:card\" content=\"summary_large_image\" \/>\n<meta name=\"twitter:label1\" content=\"Escrito por\" \/>\n\t<meta name=\"twitter:data1\" content=\"N\u00fabia Rangel\" \/>\n\t<meta name=\"twitter:label2\" content=\"Est. tempo de leitura\" \/>\n\t<meta name=\"twitter:data2\" content=\"4 minutos\" \/>\n<!-- \/ Yoast SEO plugin. -->","yoast_head_json":{"title":"Mais de 32 Milh\u00f5es de Visitantes! Minas Gerais Lidera o Turismo no Brasil - Estado de Minas - Em foco","description":"Conhe\u00e7a os n\u00fameros que comprovam o crescimento do setor e descubra quais s\u00e3o os principais atrativos do estado.","robots":{"index":"index","follow":"follow","max-snippet":"max-snippet:-1","max-image-preview":"max-image-preview:large","max-video-preview":"max-video-preview:-1"},"canonical":"https:\/\/www.em.com.br\/emfoco\/2025\/01\/27\/mais-de-32-milhoes-de-visitantes-minas-gerais-lidera-o-turismo-no-brasil\/","og_locale":"pt_BR","og_type":"article","og_title":"Mais de 32 Milh\u00f5es de Visitantes! Minas Gerais Lidera o Turismo no Brasil - Estado de Minas - Em foco","og_description":"Conhe\u00e7a os n\u00fameros que comprovam o crescimento do setor e descubra quais s\u00e3o os principais atrativos do estado.","og_url":"https:\/\/www.em.com.br\/emfoco\/2025\/01\/27\/mais-de-32-milhoes-de-visitantes-minas-gerais-lidera-o-turismo-no-brasil\/","og_site_name":"Estado de Minas - Em foco","article_published_time":"2025-01-27T15:20:00+00:00","article_modified_time":"2025-01-25T12:07:04+00:00","og_image":[{"width":1280,"height":720,"url":"https:\/\/www.em.com.br\/emfoco\/wp-content\/uploads\/2024\/12\/Crescimento_1735213494211.jpg","type":"image\/jpeg"}],"author":"N\u00fabia Rangel","twitter_card":"summary_large_image","twitter_misc":{"Escrito por":"N\u00fabia Rangel","Est. tempo de leitura":"4 minutos"},"schema":{"@context":"https:\/\/schema.org","@graph":[{"@type":"WebPage","@id":"https:\/\/www.em.com.br\/emfoco\/2025\/01\/27\/mais-de-32-milhoes-de-visitantes-minas-gerais-lidera-o-turismo-no-brasil\/","url":"https:\/\/www.em.com.br\/emfoco\/2025\/01\/27\/mais-de-32-milhoes-de-visitantes-minas-gerais-lidera-o-turismo-no-brasil\/","name":"Mais de 32 Milh\u00f5es de Visitantes! Minas Gerais Lidera o Turismo no Brasil - Estado de Minas - Em foco","isPartOf":{"@id":"https:\/\/www.em.com.br\/emfoco\/#website"},"primaryImageOfPage":{"@id":"https:\/\/www.em.com.br\/emfoco\/2025\/01\/27\/mais-de-32-milhoes-de-visitantes-minas-gerais-lidera-o-turismo-no-brasil\/#primaryimage"},"image":{"@id":"https:\/\/www.em.com.br\/emfoco\/2025\/01\/27\/mais-de-32-milhoes-de-visitantes-minas-gerais-lidera-o-turismo-no-brasil\/#primaryimage"},"thumbnailUrl":"https:\/\/www.em.com.br\/emfoco\/wp-content\/uploads\/2024\/12\/Crescimento_1735213494211.jpg","datePublished":"2025-01-27T15:20:00+00:00","dateModified":"2025-01-25T12:07:04+00:00","author":{"@id":"https:\/\/www.em.com.br\/emfoco\/#\/schema\/person\/524437ef54f8a5d32591b143307f2e20"},"description":"Conhe\u00e7a os n\u00fameros que comprovam o crescimento do setor e descubra quais s\u00e3o os principais atrativos do estado.","breadcrumb":{"@id":"https:\/\/www.em.com.br\/emfoco\/2025\/01\/27\/mais-de-32-milhoes-de-visitantes-minas-gerais-lidera-o-turismo-no-brasil\/#breadcrumb"},"inLanguage":"pt-BR","potentialAction":[{"@type":"ReadAction","target":["https:\/\/www.em.com.br\/emfoco\/2025\/01\/27\/mais-de-32-milhoes-de-visitantes-minas-gerais-lidera-o-turismo-no-brasil\/"]}]},{"@type":"ImageObject","inLanguage":"pt-BR","@id":"https:\/\/www.em.com.br\/emfoco\/2025\/01\/27\/mais-de-32-milhoes-de-visitantes-minas-gerais-lidera-o-turismo-no-brasil\/#primaryimage","url":"https:\/\/www.em.com.br\/emfoco\/wp-content\/uploads\/2024\/12\/Crescimento_1735213494211.jpg","contentUrl":"https:\/\/www.em.com.br\/emfoco\/wp-content\/uploads\/2024\/12\/Crescimento_1735213494211.jpg","width":1280,"height":720,"caption":"Imagem Ilustrativa de Crescimento - Cr\u00e9ditos: depositphotos.com \/ everythingposs"},{"@type":"BreadcrumbList","@id":"https:\/\/www.em.com.br\/emfoco\/2025\/01\/27\/mais-de-32-milhoes-de-visitantes-minas-gerais-lidera-o-turismo-no-brasil\/#breadcrumb","itemListElement":[{"@type":"ListItem","position":1,"name":"In\u00edcio","item":"https:\/\/www.em.com.br\/emfoco\/"},{"@type":"ListItem","position":2,"name":"Mais de 32 Milh\u00f5es de Visitantes! Minas Gerais Lidera o Turismo no Brasil"}]},{"@type":"WebSite","@id":"https:\/\/www.em.com.br\/emfoco\/#website","url":"https:\/\/www.em.com.br\/emfoco\/","name":"Estado de Minas - Em foco","description":"Acompanhe as \u00faltimas not\u00edcias e fique bem informado sobre tudo o que acontece em Minas Gerais, Brasil e no mundo.","potentialAction":[{"@type":"SearchAction","target":{"@type":"EntryPoint","urlTemplate":"https:\/\/www.em.com.br\/emfoco\/?s={search_term_string}"},"query-input":{"@type":"PropertyValueSpecification","valueRequired":true,"valueName":"search_term_string"}}],"inLanguage":"pt-BR"},{"@type":"Person","@id":"https:\/\/www.em.com.br\/emfoco\/#\/schema\/person\/524437ef54f8a5d32591b143307f2e20","name":"N\u00fabia Rangel","image":{"@type":"ImageObject","inLanguage":"pt-BR","@id":"https:\/\/www.em.com.br\/emfoco\/#\/schema\/person\/image\/","url":"https:\/\/secure.gravatar.com\/avatar\/47cff2827a5ba23c37e8068c86817ea4?s=96&d=mm&r=g","contentUrl":"https:\/\/secure.gravatar.com\/avatar\/47cff2827a5ba23c37e8068c86817ea4?s=96&d=mm&r=g","caption":"N\u00fabia Rangel"},"sameAs":["https:\/\/www.em.com.br\/emfoco\/"],"url":"https:\/\/www.em.com.br\/emfoco\/author\/nubiamyth\/"}]}},"_links":{"self":[{"href":"https:\/\/www.em.com.br\/emfoco\/wp-json\/wp\/v2\/posts\/11537","targetHints":{"allow":["GET"]}}],"collection":[{"href":"https:\/\/www.em.com.br\/emfoco\/wp-json\/wp\/v2\/posts"}],"about":[{"href":"https:\/\/www.em.com.br\/emfoco\/wp-json\/wp\/v2\/types\/post"}],"author":[{"embeddable":true,"href":"https:\/\/www.em.com.br\/emfoco\/wp-json\/wp\/v2\/users\/5"}],"replies":[{"embeddable":true,"href":"https:\/\/www.em.com.br\/emfoco\/wp-json\/wp\/v2\/comments?post=11537"}],"version-history":[{"count":2,"href":"https:\/\/www.em.com.br\/emfoco\/wp-json\/wp\/v2\/posts\/11537\/revisions"}],"predecessor-version":[{"id":11539,"href":"https:\/\/www.em.com.br\/emfoco\/wp-json\/wp\/v2\/posts\/11537\/revisions\/11539"}],"wp:featuredmedia":[{"embeddable":true,"href":"https:\/\/www.em.com.br\/emfoco\/wp-json\/wp\/v2\/media\/6698"}],"wp:attachment":[{"href":"https:\/\/www.em.com.br\/emfoco\/wp-json\/wp\/v2\/media?parent=11537"}],"wp:term":[{"taxonomy":"category","embeddable":true,"href":"https:\/\/www.em.com.br\/emfoco\/wp-json\/wp\/v2\/categories?post=11537"},{"taxonomy":"post_tag","embeddable":true,"href":"https:\/\/www.em.com.br\/emfoco\/wp-json\/wp\/v2\/tags?post=11537"}],"curies":[{"name":"wp","href":"https:\/\/api.w.org\/{rel}","templated":true}]}}