{"id":11522,"date":"2025-01-27T10:20:00","date_gmt":"2025-01-27T13:20:00","guid":{"rendered":"https:\/\/www.em.com.br\/emfoco\/?p=11522"},"modified":"2025-01-25T09:06:55","modified_gmt":"2025-01-25T12:06:55","slug":"desvende-os-encantos-do-interior-paulista","status":"publish","type":"post","link":"https:\/\/www.em.com.br\/emfoco\/2025\/01\/27\/desvende-os-encantos-do-interior-paulista\/","title":{"rendered":"Desvende os Encantos do Interior Paulista"},"content":{"rendered":"\n<p>O interior de <strong><a href=\"https:\/\/www.em.com.br\/emfoco\/2024\/12\/03\/rio-de-janeiro-x-sao-paulo-a-batalha-dos-destinos-turisticos\/\" target=\"_blank\" rel=\"noreferrer noopener\">S\u00e3o Paulo<\/a><\/strong> \u00e9 uma regi\u00e3o repleta de encantos, muitas vezes ofuscada pelo brilho da capital. No entanto, essas cidades oferecem uma rica diversidade de cultura, paisagens deslumbrantes e deliciosas op\u00e7\u00f5es gastron\u00f4micas que n\u00e3o podem ser ignoradas. Seja para uma escapada rom\u00e2ntica, familiar ou solo, o interior paulista \u00e9 um cen\u00e1rio ideal que atende a diferentes interesses e desejos.<\/p>\n\n\n\n<p>Por sua proximidade com a cidade de S\u00e3o Paulo, esses destinos s\u00e3o perfeitos para viagens curtas, especialmente durante fins de semana ou feriados. A seguir, apresentamos uma sele\u00e7\u00e3o de cinco cidades que prometem uma experi\u00eancia \u00fanica para os visitantes e que merecem estar no seu radar.<\/p>\n\n\n\n<h2 class=\"wp-block-heading\">Holambra: A Cidade das Flores<\/h2>\n\n\n\n<p>Localizada a cerca de 120 km de S\u00e3o Paulo, Holambra \u00e9 carinhosamente conhecida como a &#8220;Cidade das Flores&#8221;. Famosa por sua tradi\u00e7\u00e3o na floricultura, esta cidade \u00e9 a maior produtora de flores e plantas ornamentais da Am\u00e9rica Latina. Inspirada pelas ra\u00edzes holandesas, a arquitetura de Holambra cativa com seus moinhos de vento e ruas coloridas.<\/p>\n\n\n\n<p>Um evento que n\u00e3o pode faltar no calend\u00e1rio dos visitantes \u00e9 o Expoflora, realizado anualmente no final do inverno, onde \u00e9 poss\u00edvel apreciar uma vasta gama de flores, al\u00e9m de desfrutar de uma imers\u00e3o cultural e gastron\u00f4mica holandesa. O Moinho Povos Unidos, com 38 metros de altura, merece destaque por ser o maior moinho do estilo na Am\u00e9rica Latina e por proporcionar uma vista espetacular da cidade.<\/p>\n\n\n\n<ul class=\"wp-block-list\">\n<li>Visitar o Corredor dos Guarda-Chuvas<\/li>\n\n\n\n<li>Explorar o Museu de Holambra<\/li>\n\n\n\n<li>Passear pelo Jardim Holand\u00eas<\/li>\n<\/ul>\n\n\n\n<figure class=\"wp-block-image size-large\"><img loading=\"lazy\" decoding=\"async\" width=\"1024\" height=\"576\" src=\"https:\/\/www.em.com.br\/emfoco\/wp-content\/uploads\/2025\/01\/Holambra_1737146125017-1024x576.jpg\" alt=\"Desvende os Encantos do Interior Paulista\" class=\"wp-image-11525\" srcset=\"https:\/\/www.em.com.br\/emfoco\/wp-content\/uploads\/2025\/01\/Holambra_1737146125017-1024x576.jpg 1024w, https:\/\/www.em.com.br\/emfoco\/wp-content\/uploads\/2025\/01\/Holambra_1737146125017-300x169.jpg 300w, https:\/\/www.em.com.br\/emfoco\/wp-content\/uploads\/2025\/01\/Holambra_1737146125017-768x432.jpg 768w, https:\/\/www.em.com.br\/emfoco\/wp-content\/uploads\/2025\/01\/Holambra_1737146125017-750x422.jpg 750w, https:\/\/www.em.com.br\/emfoco\/wp-content\/uploads\/2025\/01\/Holambra_1737146125017-1140x641.jpg 1140w, https:\/\/www.em.com.br\/emfoco\/wp-content\/uploads\/2025\/01\/Holambra_1737146125017.jpg 1280w\" sizes=\"auto, (max-width: 1024px) 100vw, 1024px\" \/><figcaption class=\"wp-element-caption\">Holambra em S\u00e3o Paulo &#8211; Cr\u00e9ditos: depositphotos.com \/ paulobaqueta<\/figcaption><\/figure>\n\n\n\n<h2 class=\"wp-block-heading\">S\u00e3o Roque: Terra do Vinho<\/h2>\n\n\n\n<p>A apenas 60 km da capital, S\u00e3o Roque \u00e9 famosa por suas vin\u00edcolas e pela tradi\u00e7\u00e3o de produzir vinho que data do s\u00e9culo XVII. \u00c9 um destino ideal para os apreciadores dessa bebida, complementado por paisagens encantadoras. A cidade oferece a oportunidade de explorar a Rota do Vinho, um passeio pelas principais vin\u00edcolas da regi\u00e3o, onde se pode aprender sobre o processo de produ\u00e7\u00e3o e participar de degusta\u00e7\u00f5es.<\/p>\n\n\n\n<p>Al\u00e9m do vinho, S\u00e3o Roque proporciona diversas op\u00e7\u00f5es de lazer para toda a fam\u00edlia e amigos. Para aqueles que apreciam a natureza, o <strong><a href=\"https:\/\/www.tripadvisor.com.br\/Attraction_Review-g1675614-d2429130-Reviews-Monte_Saboo-Sao_Roque_State_of_Sao_Paulo.html\" target=\"_blank\" rel=\"noreferrer noopener\">Morro do Sabo\u00f3<\/a><\/strong> \u00e9 uma atra\u00e7\u00e3o imperd\u00edvel com trilhas que oferecem uma vista incr\u00edvel da cidade e seus arredores.<\/p>\n\n\n\n<ol class=\"wp-block-list\">\n<li>Fazer a Rota do Vinho<\/li>\n\n\n\n<li>Visitar o Catarina Fashion Outlet<\/li>\n\n\n\n<li>Conhecer a Esta\u00e7\u00e3o Ferrovi\u00e1ria de S\u00e3o Roque<\/li>\n<\/ol>\n\n\n\n<figure class=\"wp-block-image size-large\"><img loading=\"lazy\" decoding=\"async\" width=\"1024\" height=\"576\" src=\"https:\/\/www.em.com.br\/emfoco\/wp-content\/uploads\/2025\/01\/Sao-Roque_1737146260648-1024x576.jpg\" alt=\"Desvende os Encantos do Interior Paulista\" class=\"wp-image-11526\" srcset=\"https:\/\/www.em.com.br\/emfoco\/wp-content\/uploads\/2025\/01\/Sao-Roque_1737146260648-1024x576.jpg 1024w, https:\/\/www.em.com.br\/emfoco\/wp-content\/uploads\/2025\/01\/Sao-Roque_1737146260648-300x169.jpg 300w, https:\/\/www.em.com.br\/emfoco\/wp-content\/uploads\/2025\/01\/Sao-Roque_1737146260648-768x432.jpg 768w, https:\/\/www.em.com.br\/emfoco\/wp-content\/uploads\/2025\/01\/Sao-Roque_1737146260648-750x422.jpg 750w, https:\/\/www.em.com.br\/emfoco\/wp-content\/uploads\/2025\/01\/Sao-Roque_1737146260648-1140x641.jpg 1140w, https:\/\/www.em.com.br\/emfoco\/wp-content\/uploads\/2025\/01\/Sao-Roque_1737146260648.jpg 1280w\" sizes=\"auto, (max-width: 1024px) 100vw, 1024px\" \/><figcaption class=\"wp-element-caption\">S\u00e3o Roque em S\u00e3o Paulo &#8211; Cr\u00e9ditos: depositphotos.com \/ snehitdesign<\/figcaption><\/figure>\n\n\n\n<h2 class=\"wp-block-heading\">Brotas: Aventura e Natureza<\/h2>\n\n\n\n<p>Localizada a cerca de 250 km da capital paulista, Brotas \u00e9 o destino perfeito para os aficionados por esportes radicais. A cidade \u00e9 conhecida por suas cachoeiras e oportunidades de atividades ao ar livre. Entre as mais emocionantes, est\u00e1 o rafting no Rio Jacar\u00e9-Pepira, um dos mais procurados pelos aventureiros.<\/p>\n\n\n\n<p>Al\u00e9m do rafting, Brotas oferece trilhas que levam a impressionantes cachoeiras como a Cachoeira do Cassorova e a da Roseira. Para aqueles que preferem um passeio mais tranquilo, o Parque dos Saltos adiciona um toque pitoresco ao dia com suas quedas d\u2019\u00e1gua fotog\u00eanicas.<\/p>\n\n\n\n<ul class=\"wp-block-list\">\n<li>Observar os astros no Planet\u00e1rio CEU<\/li>\n\n\n\n<li>Visitar o Museu do Calhambeque<\/li>\n\n\n\n<li>Conhecer a Nascente Areia que Canta<\/li>\n<\/ul>\n\n\n\n<figure class=\"wp-block-image size-large\"><img loading=\"lazy\" decoding=\"async\" width=\"1024\" height=\"576\" src=\"https:\/\/www.em.com.br\/emfoco\/wp-content\/uploads\/2025\/01\/Brotas_1737146413160-1024x576.jpg\" alt=\"Desvende os Encantos do Interior Paulista\" class=\"wp-image-11527\" srcset=\"https:\/\/www.em.com.br\/emfoco\/wp-content\/uploads\/2025\/01\/Brotas_1737146413160-1024x576.jpg 1024w, https:\/\/www.em.com.br\/emfoco\/wp-content\/uploads\/2025\/01\/Brotas_1737146413160-300x169.jpg 300w, https:\/\/www.em.com.br\/emfoco\/wp-content\/uploads\/2025\/01\/Brotas_1737146413160-768x432.jpg 768w, https:\/\/www.em.com.br\/emfoco\/wp-content\/uploads\/2025\/01\/Brotas_1737146413160-750x422.jpg 750w, https:\/\/www.em.com.br\/emfoco\/wp-content\/uploads\/2025\/01\/Brotas_1737146413160-1140x641.jpg 1140w, https:\/\/www.em.com.br\/emfoco\/wp-content\/uploads\/2025\/01\/Brotas_1737146413160.jpg 1280w\" sizes=\"auto, (max-width: 1024px) 100vw, 1024px\" \/><figcaption class=\"wp-element-caption\">Brotas em S\u00e3o Paulo &#8211; Cr\u00e9ditos: depositphotos.com \/ paulobaqueta<\/figcaption><\/figure>\n\n\n\n<h2 class=\"wp-block-heading\">Que fazer em Atibaia?<\/h2>\n\n\n\n<p>Com a combina\u00e7\u00e3o perfeita de natureza e hist\u00f3ria, Atibaia fica a cerca de 70 km de S\u00e3o Paulo. O destaque da cidade \u00e9 a <strong>Pedra Grande<\/strong>, que oferece uma das melhores vistas panor\u00e2micas da regi\u00e3o e \u00e9 palco de esportes radicais como voo livre e rapel. A cidade tamb\u00e9m \u00e9 conhecida pela Festa de Flores e Morangos, realizada anualmente, celebrando a cultura local e oferecendo del\u00edcias feitas com a fruta.<\/p>\n\n\n\n<p>Durante a festa, os visitantes podem explorar exposi\u00e7\u00f5es de flores e artesanato, e sentir a influ\u00eancia da cultura japonesa significativamente presente na regi\u00e3o. Para uma experi\u00eancia completa, h\u00e1 op\u00e7\u00f5es de hospedagem com pre\u00e7os acess\u00edveis e que costumam incluir caf\u00e9 da manh\u00e3 e jantar.<\/p>\n\n\n\n<ol class=\"wp-block-list\">\n<li>Andar no telef\u00e9rico de Atibaia<\/li>\n\n\n\n<li>Visitar o Parque Edmundo Zanoni<\/li>\n\n\n\n<li>Conhecer o Orquid\u00e1rio Takebayashi<\/li>\n<\/ol>\n\n\n\n<figure class=\"wp-block-image size-large\"><img loading=\"lazy\" decoding=\"async\" width=\"1024\" height=\"576\" src=\"https:\/\/www.em.com.br\/emfoco\/wp-content\/uploads\/2025\/01\/Atibaia_1737146475934-1024x576.jpg\" alt=\"Desvende os Encantos do Interior Paulista\" class=\"wp-image-11528\" srcset=\"https:\/\/www.em.com.br\/emfoco\/wp-content\/uploads\/2025\/01\/Atibaia_1737146475934-1024x576.jpg 1024w, https:\/\/www.em.com.br\/emfoco\/wp-content\/uploads\/2025\/01\/Atibaia_1737146475934-300x169.jpg 300w, https:\/\/www.em.com.br\/emfoco\/wp-content\/uploads\/2025\/01\/Atibaia_1737146475934-768x432.jpg 768w, https:\/\/www.em.com.br\/emfoco\/wp-content\/uploads\/2025\/01\/Atibaia_1737146475934-750x422.jpg 750w, https:\/\/www.em.com.br\/emfoco\/wp-content\/uploads\/2025\/01\/Atibaia_1737146475934-1140x641.jpg 1140w, https:\/\/www.em.com.br\/emfoco\/wp-content\/uploads\/2025\/01\/Atibaia_1737146475934.jpg 1280w\" sizes=\"auto, (max-width: 1024px) 100vw, 1024px\" \/><figcaption class=\"wp-element-caption\">Atibaia em S\u00e3o Paulo &#8211; Cr\u00e9ditos: depositphotos.com \/ Ranimiro<\/figcaption><\/figure>\n\n\n\n<h2 class=\"wp-block-heading\">Bem-estar em \u00c1guas de Lindoia<\/h2>\n\n\n\n<p>\u00c1guas de Lindoia, situada na Serra da Mantiqueira, \u00e9 famosa como um destino de turismo de bem-estar gra\u00e7as \u00e0s suas \u00e1guas termais curativas. A cidade, a 160 km da capital, \u00e9 ideal para quem busca relaxamento e contato com a natureza. As \u00e1guas medicinais s\u00e3o utilizadas em tratamentos de spa, sendo o Balne\u00e1rio Municipal um dos locais mais visitados.<\/p>\n\n\n\n<p>Para os visitantes que preferem atividades ao ar livre, o Morro Pelado \u00e9 uma parada recomendada, oferecendo trilhas e um visual panor\u00e2mico de tirar o f\u00f4lego das montanhas ao redor. \u00c1guas de Lindoia atende tanto aos que buscam sossego quanto aventuras.<\/p>\n\n\n\n<ul class=\"wp-block-list\">\n<li>Fazer o passeio de trenzinho Bonde das \u00c1guas<\/li>\n\n\n\n<li>Conhecer o parque aqu\u00e1tico Thermas Hot World<\/li>\n\n\n\n<li>Relaxar no Balne\u00e1rio Municipal<\/li>\n<\/ul>\n\n\n\n<figure class=\"wp-block-image size-large\"><img loading=\"lazy\" decoding=\"async\" width=\"1024\" height=\"576\" src=\"https:\/\/www.em.com.br\/emfoco\/wp-content\/uploads\/2025\/01\/4K-7-1024x576.jpg\" alt=\"Desvende os Encantos do Interior Paulista\" class=\"wp-image-11529\" srcset=\"https:\/\/www.em.com.br\/emfoco\/wp-content\/uploads\/2025\/01\/4K-7-1024x576.jpg 1024w, https:\/\/www.em.com.br\/emfoco\/wp-content\/uploads\/2025\/01\/4K-7-300x169.jpg 300w, https:\/\/www.em.com.br\/emfoco\/wp-content\/uploads\/2025\/01\/4K-7-768x432.jpg 768w, https:\/\/www.em.com.br\/emfoco\/wp-content\/uploads\/2025\/01\/4K-7-1536x864.jpg 1536w, https:\/\/www.em.com.br\/emfoco\/wp-content\/uploads\/2025\/01\/4K-7-750x422.jpg 750w, https:\/\/www.em.com.br\/emfoco\/wp-content\/uploads\/2025\/01\/4K-7-1140x641.jpg 1140w, https:\/\/www.em.com.br\/emfoco\/wp-content\/uploads\/2025\/01\/4K-7.jpg 1920w\" sizes=\"auto, (max-width: 1024px) 100vw, 1024px\" \/><figcaption class=\"wp-element-caption\">\u00c1guas de Lindoia em S\u00e3o Paulo &#8211; Cr\u00e9ditos:  Flickr<\/figcaption><\/figure>\n","protected":false},"excerpt":{"rendered":"<p>O interior de S\u00e3o Paulo \u00e9 uma regi\u00e3o repleta de encantos, muitas vezes ofuscada pelo brilho da capital. No entanto, essas cidades oferecem uma rica diversidade de cultura, paisagens deslumbrantes e deliciosas op\u00e7\u00f5es gastron\u00f4micas que n\u00e3o podem ser ignoradas. Seja para uma escapada rom\u00e2ntica, familiar ou solo, o interior paulista \u00e9 um cen\u00e1rio ideal que [&hellip;]<\/p>\n","protected":false},"author":5,"featured_media":11524,"comment_status":"open","ping_status":"open","sticky":false,"template":"","format":"standard","meta":{"jnews-multi-image_gallery":[],"jnews_single_post":{"format":"standard"},"jnews_primary_category":[],"jnews_social_meta":[],"jnews_override_counter":[],"footnotes":""},"categories":[26,1],"tags":[3679,3680,553,1192,157],"class_list":["post-11522","post","type-post","status-publish","format-standard","has-post-thumbnail","hentry","category-cidades","category-noticias","tag-interior-de-sao-paulo","tag-interios","tag-sao-paulo","tag-sudeste","tag-turismo"],"yoast_head":"<!-- This site is optimized with the Yoast SEO plugin v23.8 - https:\/\/yoast.com\/wordpress\/plugins\/seo\/ -->\n<title>Desvende os Encantos do Interior Paulista - Estado de Minas - Em foco<\/title>\n<meta name=\"description\" content=\"Fuja da agita\u00e7\u00e3o da cidade grande e explore os encantos do interior paulista. Descubra cidades hist\u00f3ricas, paisagens naturais e muito mais.\" \/>\n<meta name=\"robots\" content=\"index, follow, max-snippet:-1, max-image-preview:large, max-video-preview:-1\" \/>\n<link rel=\"canonical\" href=\"https:\/\/www.em.com.br\/emfoco\/2025\/01\/27\/desvende-os-encantos-do-interior-paulista\/\" \/>\n<meta property=\"og:locale\" content=\"pt_BR\" \/>\n<meta property=\"og:type\" content=\"article\" \/>\n<meta property=\"og:title\" content=\"Desvende os Encantos do Interior Paulista - Estado de Minas - Em foco\" \/>\n<meta property=\"og:description\" content=\"Fuja da agita\u00e7\u00e3o da cidade grande e explore os encantos do interior paulista. Descubra cidades hist\u00f3ricas, paisagens naturais e muito mais.\" \/>\n<meta property=\"og:url\" content=\"https:\/\/www.em.com.br\/emfoco\/2025\/01\/27\/desvende-os-encantos-do-interior-paulista\/\" \/>\n<meta property=\"og:site_name\" content=\"Estado de Minas - Em foco\" \/>\n<meta property=\"article:published_time\" content=\"2025-01-27T13:20:00+00:00\" \/>\n<meta property=\"article:modified_time\" content=\"2025-01-25T12:06:55+00:00\" \/>\n<meta property=\"og:image\" content=\"https:\/\/www.em.com.br\/emfoco\/wp-content\/uploads\/2025\/01\/Holambra_1737146032209.jpg\" \/>\n\t<meta property=\"og:image:width\" content=\"1280\" \/>\n\t<meta property=\"og:image:height\" content=\"720\" \/>\n\t<meta property=\"og:image:type\" content=\"image\/jpeg\" \/>\n<meta name=\"author\" content=\"N\u00fabia Rangel\" \/>\n<meta name=\"twitter:card\" content=\"summary_large_image\" \/>\n<meta name=\"twitter:label1\" content=\"Escrito por\" \/>\n\t<meta name=\"twitter:data1\" content=\"N\u00fabia Rangel\" \/>\n\t<meta name=\"twitter:label2\" content=\"Est. tempo de leitura\" \/>\n\t<meta name=\"twitter:data2\" content=\"6 minutos\" \/>\n<!-- \/ Yoast SEO plugin. -->","yoast_head_json":{"title":"Desvende os Encantos do Interior Paulista - Estado de Minas - Em foco","description":"Fuja da agita\u00e7\u00e3o da cidade grande e explore os encantos do interior paulista. Descubra cidades hist\u00f3ricas, paisagens naturais e muito mais.","robots":{"index":"index","follow":"follow","max-snippet":"max-snippet:-1","max-image-preview":"max-image-preview:large","max-video-preview":"max-video-preview:-1"},"canonical":"https:\/\/www.em.com.br\/emfoco\/2025\/01\/27\/desvende-os-encantos-do-interior-paulista\/","og_locale":"pt_BR","og_type":"article","og_title":"Desvende os Encantos do Interior Paulista - Estado de Minas - Em foco","og_description":"Fuja da agita\u00e7\u00e3o da cidade grande e explore os encantos do interior paulista. Descubra cidades hist\u00f3ricas, paisagens naturais e muito mais.","og_url":"https:\/\/www.em.com.br\/emfoco\/2025\/01\/27\/desvende-os-encantos-do-interior-paulista\/","og_site_name":"Estado de Minas - Em foco","article_published_time":"2025-01-27T13:20:00+00:00","article_modified_time":"2025-01-25T12:06:55+00:00","og_image":[{"width":1280,"height":720,"url":"https:\/\/www.em.com.br\/emfoco\/wp-content\/uploads\/2025\/01\/Holambra_1737146032209.jpg","type":"image\/jpeg"}],"author":"N\u00fabia Rangel","twitter_card":"summary_large_image","twitter_misc":{"Escrito por":"N\u00fabia Rangel","Est. tempo de leitura":"6 minutos"},"schema":{"@context":"https:\/\/schema.org","@graph":[{"@type":"WebPage","@id":"https:\/\/www.em.com.br\/emfoco\/2025\/01\/27\/desvende-os-encantos-do-interior-paulista\/","url":"https:\/\/www.em.com.br\/emfoco\/2025\/01\/27\/desvende-os-encantos-do-interior-paulista\/","name":"Desvende os Encantos do Interior Paulista - Estado de Minas - Em foco","isPartOf":{"@id":"https:\/\/www.em.com.br\/emfoco\/#website"},"primaryImageOfPage":{"@id":"https:\/\/www.em.com.br\/emfoco\/2025\/01\/27\/desvende-os-encantos-do-interior-paulista\/#primaryimage"},"image":{"@id":"https:\/\/www.em.com.br\/emfoco\/2025\/01\/27\/desvende-os-encantos-do-interior-paulista\/#primaryimage"},"thumbnailUrl":"https:\/\/www.em.com.br\/emfoco\/wp-content\/uploads\/2025\/01\/Holambra_1737146032209.jpg","datePublished":"2025-01-27T13:20:00+00:00","dateModified":"2025-01-25T12:06:55+00:00","author":{"@id":"https:\/\/www.em.com.br\/emfoco\/#\/schema\/person\/524437ef54f8a5d32591b143307f2e20"},"description":"Fuja da agita\u00e7\u00e3o da cidade grande e explore os encantos do interior paulista. Descubra cidades hist\u00f3ricas, paisagens naturais e muito mais.","breadcrumb":{"@id":"https:\/\/www.em.com.br\/emfoco\/2025\/01\/27\/desvende-os-encantos-do-interior-paulista\/#breadcrumb"},"inLanguage":"pt-BR","potentialAction":[{"@type":"ReadAction","target":["https:\/\/www.em.com.br\/emfoco\/2025\/01\/27\/desvende-os-encantos-do-interior-paulista\/"]}]},{"@type":"ImageObject","inLanguage":"pt-BR","@id":"https:\/\/www.em.com.br\/emfoco\/2025\/01\/27\/desvende-os-encantos-do-interior-paulista\/#primaryimage","url":"https:\/\/www.em.com.br\/emfoco\/wp-content\/uploads\/2025\/01\/Holambra_1737146032209.jpg","contentUrl":"https:\/\/www.em.com.br\/emfoco\/wp-content\/uploads\/2025\/01\/Holambra_1737146032209.jpg","width":1280,"height":720,"caption":"Holambra em S\u00e3o Paulo - Cr\u00e9ditos: depositphotos.com \/ paulobaqueta"},{"@type":"BreadcrumbList","@id":"https:\/\/www.em.com.br\/emfoco\/2025\/01\/27\/desvende-os-encantos-do-interior-paulista\/#breadcrumb","itemListElement":[{"@type":"ListItem","position":1,"name":"In\u00edcio","item":"https:\/\/www.em.com.br\/emfoco\/"},{"@type":"ListItem","position":2,"name":"Desvende os Encantos do Interior Paulista"}]},{"@type":"WebSite","@id":"https:\/\/www.em.com.br\/emfoco\/#website","url":"https:\/\/www.em.com.br\/emfoco\/","name":"Estado de Minas - Em foco","description":"Acompanhe as \u00faltimas not\u00edcias e fique bem informado sobre tudo o que acontece em Minas Gerais, Brasil e no mundo.","potentialAction":[{"@type":"SearchAction","target":{"@type":"EntryPoint","urlTemplate":"https:\/\/www.em.com.br\/emfoco\/?s={search_term_string}"},"query-input":{"@type":"PropertyValueSpecification","valueRequired":true,"valueName":"search_term_string"}}],"inLanguage":"pt-BR"},{"@type":"Person","@id":"https:\/\/www.em.com.br\/emfoco\/#\/schema\/person\/524437ef54f8a5d32591b143307f2e20","name":"N\u00fabia Rangel","image":{"@type":"ImageObject","inLanguage":"pt-BR","@id":"https:\/\/www.em.com.br\/emfoco\/#\/schema\/person\/image\/","url":"https:\/\/secure.gravatar.com\/avatar\/47cff2827a5ba23c37e8068c86817ea4?s=96&d=mm&r=g","contentUrl":"https:\/\/secure.gravatar.com\/avatar\/47cff2827a5ba23c37e8068c86817ea4?s=96&d=mm&r=g","caption":"N\u00fabia Rangel"},"sameAs":["https:\/\/www.em.com.br\/emfoco\/"],"url":"https:\/\/www.em.com.br\/emfoco\/author\/nubiamyth\/"}]}},"_links":{"self":[{"href":"https:\/\/www.em.com.br\/emfoco\/wp-json\/wp\/v2\/posts\/11522","targetHints":{"allow":["GET"]}}],"collection":[{"href":"https:\/\/www.em.com.br\/emfoco\/wp-json\/wp\/v2\/posts"}],"about":[{"href":"https:\/\/www.em.com.br\/emfoco\/wp-json\/wp\/v2\/types\/post"}],"author":[{"embeddable":true,"href":"https:\/\/www.em.com.br\/emfoco\/wp-json\/wp\/v2\/users\/5"}],"replies":[{"embeddable":true,"href":"https:\/\/www.em.com.br\/emfoco\/wp-json\/wp\/v2\/comments?post=11522"}],"version-history":[{"count":2,"href":"https:\/\/www.em.com.br\/emfoco\/wp-json\/wp\/v2\/posts\/11522\/revisions"}],"predecessor-version":[{"id":11530,"href":"https:\/\/www.em.com.br\/emfoco\/wp-json\/wp\/v2\/posts\/11522\/revisions\/11530"}],"wp:featuredmedia":[{"embeddable":true,"href":"https:\/\/www.em.com.br\/emfoco\/wp-json\/wp\/v2\/media\/11524"}],"wp:attachment":[{"href":"https:\/\/www.em.com.br\/emfoco\/wp-json\/wp\/v2\/media?parent=11522"}],"wp:term":[{"taxonomy":"category","embeddable":true,"href":"https:\/\/www.em.com.br\/emfoco\/wp-json\/wp\/v2\/categories?post=11522"},{"taxonomy":"post_tag","embeddable":true,"href":"https:\/\/www.em.com.br\/emfoco\/wp-json\/wp\/v2\/tags?post=11522"}],"curies":[{"name":"wp","href":"https:\/\/api.w.org\/{rel}","templated":true}]}}