{"id":11519,"date":"2025-01-27T07:40:00","date_gmt":"2025-01-27T10:40:00","guid":{"rendered":"https:\/\/www.em.com.br\/emfoco\/?p=11519"},"modified":"2025-01-25T08:52:57","modified_gmt":"2025-01-25T11:52:57","slug":"das-minas-gerais-ao-brasil-independente","status":"publish","type":"post","link":"https:\/\/www.em.com.br\/emfoco\/2025\/01\/27\/das-minas-gerais-ao-brasil-independente\/","title":{"rendered":"Das Minas Gerais ao Brasil Independente"},"content":{"rendered":"\n<p><strong><a href=\"https:\/\/www.em.com.br\/emfoco\/2024\/12\/01\/patrimonio-e-cultura-em-conselheiro-lafaiete-um-destino-fascinante\/\" target=\"_blank\" rel=\"noreferrer noopener\">Conselheiro Lafaiete<\/a><\/strong>, uma das cidades mais antigas do estado de Minas Gerais, possui uma hist\u00f3ria rica e multifacetada que remonta a tempos coloniais. As primeiras men\u00e7\u00f5es \u00e0 cidade datam de aproximadamente 1683, quando era conhecida como o arraial de Campo Alegre dos Carij\u00f3s, habitado por garimpeiros e \u00edndios. A regi\u00e3o j\u00e1 havia sido explorada anteriormente por bandeirantes como Pais Leme, em busca de terras e riquezas.<\/p>\n\n\n\n<p>Esses exploradores, assim como o portugu\u00eas D. Rodrigo, que visitou a \u00e1rea em 1680, foram atra\u00eddos pelas possibilidades de minera\u00e7\u00e3o de ouro na serra de Ouro Branco. Contudo,<br>os ind\u00edgenas carij\u00f3s, pertencentes ao grupo tupi-guarani, que habitavam a regi\u00e3o, mostraram-se amistosos e acabaram colaborando com os colonizadores, especialmente ap\u00f3s sua catequiza\u00e7\u00e3o.<\/p>\n\n\n\n<h2 class=\"wp-block-heading\">Desenvolvimento Inicial<\/h2>\n\n\n\n<p>Conforme o s\u00e9culo XVII avan\u00e7ava, Campo Alegre dos Carij\u00f3s tornou-se um ponto de passagem crucial para viajantes que se dirigiam a outras regi\u00f5es mineiras. Em 1694, a chegada de uma bandeira paulista, liderada por figuras como Manuel Camargo e Bartolomeu Bueno de Siqueira, consolidou o arraial como um n\u00facleo populacional emergente.<\/p>\n\n\n\n<p>Nessa fase, uma primitiva capela dedicada \u00e0 Imaculada Concei\u00e7\u00e3o foi estabelecida, refor\u00e7ando a predomin\u00e2ncia da f\u00e9 crist\u00e3 entre os habitantes. A import\u00e2ncia da localidade foi reafirmada quando, em 1709, a par\u00f3quia de Nossa Senhora da Concei\u00e7\u00e3o foi criada, passando a ser parte da Diocese do Rio de Janeiro. Isso culminou em uma nova denomina\u00e7\u00e3o: Arraial de Nossa Senhora da Concei\u00e7\u00e3o de Campo Alegre dos Carij\u00f3s.<\/p>\n\n\n\n<figure class=\"wp-block-image size-large\"><img loading=\"lazy\" decoding=\"async\" width=\"1024\" height=\"535\" src=\"https:\/\/www.em.com.br\/emfoco\/wp-content\/uploads\/2024\/11\/image-63-1024x535.png\" alt=\"Patrim\u00f4nio e Cultura em Conselheiro Lafaiete: Um Destino Fascinante\" class=\"wp-image-1950\"\/><figcaption class=\"wp-element-caption\">Conselheiro Lafaiete &#8211; Cr\u00e9ditos: Wikimedia Commons<\/figcaption><\/figure>\n\n\n\n<h2 class=\"wp-block-heading\">Transforma\u00e7\u00e3o e Crescimento<\/h2>\n\n\n\n<p>A chegada do Caminho Novo em 1711 foi um catalisador para o crescimento populacional e econ\u00f4mico de Carij\u00f3s. Este novo trajeto reduzia significativamente o tempo de viagem at\u00e9 o <strong><a href=\"https:\/\/pt.wikipedia.org\/wiki\/Rio_de_Janeiro\" target=\"_blank\" rel=\"noreferrer noopener\">Rio de Janeiro<\/a><\/strong>, tornando a cidade um elo vital no com\u00e9rcio entre as minas e a capital colonial.<\/p>\n\n\n\n<p>O s\u00e9culo XVIII tamb\u00e9m testemunhou a constru\u00e7\u00e3o de estruturas religiosas como a Igreja Matriz em estilo barroco, iniciada em 1733, e outras igrejas que moldaram o perfil cultural da cidade. Entretanto, com a queda da produ\u00e7\u00e3o de ouro e os elevados impostos sobre a minera\u00e7\u00e3o, a insatisfa\u00e7\u00e3o popular veio \u00e0 tona, contribuindo para movimentos de contesta\u00e7\u00e3o como a Inconfid\u00eancia Mineira.<\/p>\n\n\n\n<h2 class=\"wp-block-heading\">Uma Nova Era: De Queluz a Conselheiro Lafaiete<\/h2>\n\n\n\n<p>Em meio ao cen\u00e1rio de instabilidade, o Arraial foi elevado \u00e0 condi\u00e7\u00e3o de Vila Real de Queluz em 1790 por um decreto da Rainha D. Maria I, significando um novo status administrativo e pol\u00edtico. A vila, simbolizada pelo Pelourinho, adquiria maior autonomia e import\u00e2ncia.<\/p>\n\n\n\n<p>J\u00e1 no s\u00e9culo XIX, a vila contribuiu politicamente para a Independ\u00eancia do Brasil ao solicitar a instala\u00e7\u00e3o de uma C\u00e2mara de Cortes, demonstrando crescente protagonismo nacional. Em 1934, em homenagem a Lafayette Rodrigues Pereira, a cidade foi renomeada para Conselheiro Lafaiete, celebrando o centen\u00e1rio de nascimento desta importante figura republicana.<\/p>\n\n\n\n<h2 class=\"wp-block-heading\">Presen\u00e7a na Hist\u00f3ria Moderna<\/h2>\n\n\n\n<p>No s\u00e9culo XX, Conselheiro Lafaiete continuou a desempenhar pap\u00e9is significativos na hist\u00f3ria do Brasil. Durante a Segunda Guerra Mundial, a cidade enviou 63 de seus cidad\u00e3os para combater nas frentes de batalha, reafirmando seu compromisso com a defesa e o progresso nacional.<\/p>\n\n\n\n<p>Hoje, o legado hist\u00f3rico de Conselheiro Lafaiete \u00e9 percebido atrav\u00e9s de seus monumentos e documentos, que preservam a mem\u00f3ria de mais de tr\u00eas s\u00e9culos de eventos econ\u00f4micos, pol\u00edticos, sociais e culturais que moldaram sua identidade e influ\u00eancia regional e nacional.<\/p>\n","protected":false},"excerpt":{"rendered":"<p>Conselheiro Lafaiete, uma das cidades mais antigas do estado de Minas Gerais, possui uma hist\u00f3ria rica e multifacetada que remonta a tempos coloniais. As primeiras men\u00e7\u00f5es \u00e0 cidade datam de aproximadamente 1683, quando era conhecida como o arraial de Campo Alegre dos Carij\u00f3s, habitado por garimpeiros e \u00edndios. A regi\u00e3o j\u00e1 havia sido explorada anteriormente [&hellip;]<\/p>\n","protected":false},"author":5,"featured_media":1949,"comment_status":"open","ping_status":"open","sticky":false,"template":"","format":"standard","meta":{"jnews-multi-image_gallery":[],"jnews_single_post":{"format":"standard"},"jnews_primary_category":[],"jnews_social_meta":[],"jnews_override_counter":[],"footnotes":""},"categories":[26,1],"tags":[1108,1441,237,207],"class_list":["post-11519","post","type-post","status-publish","format-standard","has-post-thumbnail","hentry","category-cidades","category-noticias","tag-conselheiro-lafaiete","tag-curiosidades","tag-historia","tag-minas-gerais"],"yoast_head":"<!-- This site is optimized with the Yoast SEO plugin v23.8 - https:\/\/yoast.com\/wordpress\/plugins\/seo\/ -->\n<title>Das Minas Gerais ao Brasil Independente - Estado de Minas - Em foco<\/title>\n<meta name=\"description\" content=\"Fa\u00e7a uma viagem no tempo e conhe\u00e7a a hist\u00f3ria de Conselheiro Lafaiete, uma cidade que preserva seu patrim\u00f4nio hist\u00f3rico e cultural.\" \/>\n<meta name=\"robots\" content=\"index, follow, max-snippet:-1, max-image-preview:large, max-video-preview:-1\" \/>\n<link rel=\"canonical\" href=\"https:\/\/www.em.com.br\/emfoco\/2025\/01\/27\/das-minas-gerais-ao-brasil-independente\/\" \/>\n<meta property=\"og:locale\" content=\"pt_BR\" \/>\n<meta property=\"og:type\" content=\"article\" \/>\n<meta property=\"og:title\" content=\"Das Minas Gerais ao Brasil Independente - Estado de Minas - Em foco\" \/>\n<meta property=\"og:description\" content=\"Fa\u00e7a uma viagem no tempo e conhe\u00e7a a hist\u00f3ria de Conselheiro Lafaiete, uma cidade que preserva seu patrim\u00f4nio hist\u00f3rico e cultural.\" \/>\n<meta property=\"og:url\" content=\"https:\/\/www.em.com.br\/emfoco\/2025\/01\/27\/das-minas-gerais-ao-brasil-independente\/\" \/>\n<meta property=\"og:site_name\" content=\"Estado de Minas - Em foco\" \/>\n<meta property=\"article:published_time\" content=\"2025-01-27T10:40:00+00:00\" \/>\n<meta property=\"article:modified_time\" content=\"2025-01-25T11:52:57+00:00\" \/>\n<meta property=\"og:image\" content=\"https:\/\/www.em.com.br\/emfoco\/wp-content\/uploads\/2024\/11\/image-62-e1732809346618.png\" \/>\n\t<meta property=\"og:image:width\" content=\"907\" \/>\n\t<meta property=\"og:image:height\" content=\"510\" \/>\n\t<meta property=\"og:image:type\" content=\"image\/png\" \/>\n<meta name=\"author\" content=\"N\u00fabia Rangel\" \/>\n<meta name=\"twitter:card\" content=\"summary_large_image\" \/>\n<meta name=\"twitter:label1\" content=\"Escrito por\" \/>\n\t<meta name=\"twitter:data1\" content=\"N\u00fabia Rangel\" \/>\n\t<meta name=\"twitter:label2\" content=\"Est. tempo de leitura\" \/>\n\t<meta name=\"twitter:data2\" content=\"4 minutos\" \/>\n<!-- \/ Yoast SEO plugin. -->","yoast_head_json":{"title":"Das Minas Gerais ao Brasil Independente - Estado de Minas - Em foco","description":"Fa\u00e7a uma viagem no tempo e conhe\u00e7a a hist\u00f3ria de Conselheiro Lafaiete, uma cidade que preserva seu patrim\u00f4nio hist\u00f3rico e cultural.","robots":{"index":"index","follow":"follow","max-snippet":"max-snippet:-1","max-image-preview":"max-image-preview:large","max-video-preview":"max-video-preview:-1"},"canonical":"https:\/\/www.em.com.br\/emfoco\/2025\/01\/27\/das-minas-gerais-ao-brasil-independente\/","og_locale":"pt_BR","og_type":"article","og_title":"Das Minas Gerais ao Brasil Independente - Estado de Minas - Em foco","og_description":"Fa\u00e7a uma viagem no tempo e conhe\u00e7a a hist\u00f3ria de Conselheiro Lafaiete, uma cidade que preserva seu patrim\u00f4nio hist\u00f3rico e cultural.","og_url":"https:\/\/www.em.com.br\/emfoco\/2025\/01\/27\/das-minas-gerais-ao-brasil-independente\/","og_site_name":"Estado de Minas - Em foco","article_published_time":"2025-01-27T10:40:00+00:00","article_modified_time":"2025-01-25T11:52:57+00:00","og_image":[{"width":907,"height":510,"url":"https:\/\/www.em.com.br\/emfoco\/wp-content\/uploads\/2024\/11\/image-62-e1732809346618.png","type":"image\/png"}],"author":"N\u00fabia Rangel","twitter_card":"summary_large_image","twitter_misc":{"Escrito por":"N\u00fabia Rangel","Est. tempo de leitura":"4 minutos"},"schema":{"@context":"https:\/\/schema.org","@graph":[{"@type":"WebPage","@id":"https:\/\/www.em.com.br\/emfoco\/2025\/01\/27\/das-minas-gerais-ao-brasil-independente\/","url":"https:\/\/www.em.com.br\/emfoco\/2025\/01\/27\/das-minas-gerais-ao-brasil-independente\/","name":"Das Minas Gerais ao Brasil Independente - Estado de Minas - Em foco","isPartOf":{"@id":"https:\/\/www.em.com.br\/emfoco\/#website"},"primaryImageOfPage":{"@id":"https:\/\/www.em.com.br\/emfoco\/2025\/01\/27\/das-minas-gerais-ao-brasil-independente\/#primaryimage"},"image":{"@id":"https:\/\/www.em.com.br\/emfoco\/2025\/01\/27\/das-minas-gerais-ao-brasil-independente\/#primaryimage"},"thumbnailUrl":"https:\/\/www.em.com.br\/emfoco\/wp-content\/uploads\/2024\/11\/image-62-e1732809346618.png","datePublished":"2025-01-27T10:40:00+00:00","dateModified":"2025-01-25T11:52:57+00:00","author":{"@id":"https:\/\/www.em.com.br\/emfoco\/#\/schema\/person\/524437ef54f8a5d32591b143307f2e20"},"description":"Fa\u00e7a uma viagem no tempo e conhe\u00e7a a hist\u00f3ria de Conselheiro Lafaiete, uma cidade que preserva seu patrim\u00f4nio hist\u00f3rico e cultural.","breadcrumb":{"@id":"https:\/\/www.em.com.br\/emfoco\/2025\/01\/27\/das-minas-gerais-ao-brasil-independente\/#breadcrumb"},"inLanguage":"pt-BR","potentialAction":[{"@type":"ReadAction","target":["https:\/\/www.em.com.br\/emfoco\/2025\/01\/27\/das-minas-gerais-ao-brasil-independente\/"]}]},{"@type":"ImageObject","inLanguage":"pt-BR","@id":"https:\/\/www.em.com.br\/emfoco\/2025\/01\/27\/das-minas-gerais-ao-brasil-independente\/#primaryimage","url":"https:\/\/www.em.com.br\/emfoco\/wp-content\/uploads\/2024\/11\/image-62-e1732809346618.png","contentUrl":"https:\/\/www.em.com.br\/emfoco\/wp-content\/uploads\/2024\/11\/image-62-e1732809346618.png","width":907,"height":510,"caption":"Conselheiro Lafaiete - Cr\u00e9ditos: Wikimedia Commons"},{"@type":"BreadcrumbList","@id":"https:\/\/www.em.com.br\/emfoco\/2025\/01\/27\/das-minas-gerais-ao-brasil-independente\/#breadcrumb","itemListElement":[{"@type":"ListItem","position":1,"name":"In\u00edcio","item":"https:\/\/www.em.com.br\/emfoco\/"},{"@type":"ListItem","position":2,"name":"Das Minas Gerais ao Brasil Independente"}]},{"@type":"WebSite","@id":"https:\/\/www.em.com.br\/emfoco\/#website","url":"https:\/\/www.em.com.br\/emfoco\/","name":"Estado de Minas - Em foco","description":"Acompanhe as \u00faltimas not\u00edcias e fique bem informado sobre tudo o que acontece em Minas Gerais, Brasil e no mundo.","potentialAction":[{"@type":"SearchAction","target":{"@type":"EntryPoint","urlTemplate":"https:\/\/www.em.com.br\/emfoco\/?s={search_term_string}"},"query-input":{"@type":"PropertyValueSpecification","valueRequired":true,"valueName":"search_term_string"}}],"inLanguage":"pt-BR"},{"@type":"Person","@id":"https:\/\/www.em.com.br\/emfoco\/#\/schema\/person\/524437ef54f8a5d32591b143307f2e20","name":"N\u00fabia Rangel","image":{"@type":"ImageObject","inLanguage":"pt-BR","@id":"https:\/\/www.em.com.br\/emfoco\/#\/schema\/person\/image\/","url":"https:\/\/secure.gravatar.com\/avatar\/47cff2827a5ba23c37e8068c86817ea4?s=96&d=mm&r=g","contentUrl":"https:\/\/secure.gravatar.com\/avatar\/47cff2827a5ba23c37e8068c86817ea4?s=96&d=mm&r=g","caption":"N\u00fabia Rangel"},"sameAs":["https:\/\/www.em.com.br\/emfoco\/"],"url":"https:\/\/www.em.com.br\/emfoco\/author\/nubiamyth\/"}]}},"_links":{"self":[{"href":"https:\/\/www.em.com.br\/emfoco\/wp-json\/wp\/v2\/posts\/11519","targetHints":{"allow":["GET"]}}],"collection":[{"href":"https:\/\/www.em.com.br\/emfoco\/wp-json\/wp\/v2\/posts"}],"about":[{"href":"https:\/\/www.em.com.br\/emfoco\/wp-json\/wp\/v2\/types\/post"}],"author":[{"embeddable":true,"href":"https:\/\/www.em.com.br\/emfoco\/wp-json\/wp\/v2\/users\/5"}],"replies":[{"embeddable":true,"href":"https:\/\/www.em.com.br\/emfoco\/wp-json\/wp\/v2\/comments?post=11519"}],"version-history":[{"count":2,"href":"https:\/\/www.em.com.br\/emfoco\/wp-json\/wp\/v2\/posts\/11519\/revisions"}],"predecessor-version":[{"id":11521,"href":"https:\/\/www.em.com.br\/emfoco\/wp-json\/wp\/v2\/posts\/11519\/revisions\/11521"}],"wp:featuredmedia":[{"embeddable":true,"href":"https:\/\/www.em.com.br\/emfoco\/wp-json\/wp\/v2\/media\/1949"}],"wp:attachment":[{"href":"https:\/\/www.em.com.br\/emfoco\/wp-json\/wp\/v2\/media?parent=11519"}],"wp:term":[{"taxonomy":"category","embeddable":true,"href":"https:\/\/www.em.com.br\/emfoco\/wp-json\/wp\/v2\/categories?post=11519"},{"taxonomy":"post_tag","embeddable":true,"href":"https:\/\/www.em.com.br\/emfoco\/wp-json\/wp\/v2\/tags?post=11519"}],"curies":[{"name":"wp","href":"https:\/\/api.w.org\/{rel}","templated":true}]}}