{"id":115103,"date":"2025-10-15T21:35:00","date_gmt":"2025-10-16T00:35:00","guid":{"rendered":"https:\/\/www.em.com.br\/emfoco\/?p=115103"},"modified":"2025-10-14T14:46:59","modified_gmt":"2025-10-14T17:46:59","slug":"o-que-isso-significa-o-fenomeno-das-palavras-na-ponta-da-lingua","status":"publish","type":"post","link":"https:\/\/www.em.com.br\/emfoco\/2025\/10\/15\/o-que-isso-significa-o-fenomeno-das-palavras-na-ponta-da-lingua\/","title":{"rendered":"O que isso significa o fen\u00f4meno das palavras na \u201cponta da l\u00edngua\u201d"},"content":{"rendered":"\n<p>Voc\u00ea j\u00e1 se viu lutando para lembrar de uma palavra conhecida que parece estar na ponta da l\u00edngua? Isso \u00e9 mais comum do que se imagina e tem uma explica\u00e7\u00e3o cient\u00edfica:&nbsp;<strong>letol\u00f3gica<\/strong>. Neste artigo, exploramos a complexidade desse fen\u00f4meno, suas causas e como ele afeta&nbsp;<strong>todas as idades e culturas<\/strong>, seja no&nbsp;<strong>Brasil<\/strong>, na&nbsp;<strong>Europa<\/strong>&nbsp;ou em diversos outros pa\u00edses.<\/p>\n\n\n\n<ul class=\"wp-block-list\">\n<li>Entenda por que a letol\u00f3gica acontece.<\/li>\n\n\n\n<li>Descubra como nossa mem\u00f3ria processa as palavras.<\/li>\n\n\n\n<li>Veja dicas para lidar com o esquecimento moment\u00e2neo.<\/li>\n<\/ul>\n\n\n\n<h2 class=\"wp-block-heading\">O que \u00e9 letol\u00f3gica?<\/h2>\n\n\n\n<p>A\u00a0<a href=\"https:\/\/www.infobae.com\/salud\/2025\/10\/13\/la-ciencia-detras-de-la-letologica-el-fenomeno-de-las-palabras-en-la-punta-de-la-lengua\/\" target=\"_blank\" rel=\"noreferrer noopener\"><strong>letol\u00f3gica<\/strong>\u00a0<\/a>\u00e9 quando sabemos que conhecemos uma palavra, mas por algum motivo ela nos escapa. Frequentemente, sentimos que a palavra est\u00e1 pr\u00f3xima de ser lembrada, causando frustra\u00e7\u00e3o. A palavra vem do grego\u00a0<em>lethe<\/em>\u00a0(esquecimento) e\u00a0<em>logos<\/em>\u00a0(palavra). O fen\u00f4meno foi amplamente estudado por pesquisadores como\u00a0<strong><a href=\"https:\/\/ibrapsi.com.br\/psicanalise-o-pensamento-de-freud-2\/#:~:text=Segundo%20o%20pensamento%20de%20Freud,psicanal%C3%ADtico%20%C3%A9%20a%20do%20iceberg.\" target=\"_blank\" rel=\"noreferrer noopener\">Sigmund Freud<\/a><\/strong>, que acreditava que certos bloqueios poderiam estar ligados a processos inconscientes. Um<a href=\"https:\/\/pmc.ncbi.nlm.nih.gov\/articles\/PMC8136240\/#:~:text=Res%20Mem%20Cogn-,Abstract,relevant%20to%20designing%20adaptive%20tests.\" target=\"_blank\" rel=\"noreferrer noopener\"> estudo publicado<\/a>  destaca que esse fen\u00f4meno \u00e9 uma experi\u00eancia\u00a0<strong>universal<\/strong>, ocorrendo com pessoas de diferentes nacionalidades e faixas et\u00e1rias.<\/p>\n\n\n\n<h2 class=\"wp-block-heading\">Por que isso acontece?<\/h2>\n\n\n\n<p>Esse fen\u00f4meno reflete a complexidade do&nbsp;<strong>processamento neurol\u00f3gico<\/strong>. Segundo estudos, ele ocorre quando a mem\u00f3ria&nbsp;<strong>l\u00e9xica<\/strong>&nbsp;n\u00e3o consegue acessar completamente a palavra desejada, embora fragmentos como s\u00edlabas ou sons iniciais possam surgir. Pesquisadores de institui\u00e7\u00f5es renomadas, como a&nbsp;<strong>Associa\u00e7\u00e3o Americana de Psicologia (APA)<\/strong>, j\u00e1 conduziram experimentos para tentar entender mais a fundo esse processo, destacando que ele n\u00e3o se limita a nenhuma l\u00edngua espec\u00edfica. A pesquisa da&nbsp;<strong>Scientific Reports (Nature)<\/strong>&nbsp;tamb\u00e9m afirma que tal experi\u00eancia se manifesta justamente quando a mem\u00f3ria verbal falha momentaneamente, refor\u00e7ando a natureza transit\u00f3ria e comum do fen\u00f4meno.<\/p>\n\n\n\n<figure class=\"wp-block-image\"><img decoding=\"async\" src=\"https:\/\/www.em.com.br\/emfoco\/wp-content\/uploads\/2025\/07\/esquecer_1751554314044-1024x576.jpg\" alt=\"\"\/><figcaption class=\"wp-element-caption\">Pessoa esquecida de tudo &#8211; Cr\u00e9ditos: depositphotos.com \/ Krakenimages.com<\/figcaption><\/figure>\n\n\n\n<h2 class=\"wp-block-heading\">Quem \u00e9 mais afetado?<\/h2>\n\n\n\n<p>Especialistas apontam que esse bloqueio temporal \u00e9 mais comum em nomes pr\u00f3prios e em pessoas&nbsp;<strong>acima de 60 anos<\/strong>. A falta de uso frequente de certas palavras pode enfraquecer as conex\u00f5es necess\u00e1rias para recuper\u00e1-las rapidamente. Nomes pr\u00f3prios, como&nbsp;<strong>Rio de Janeiro<\/strong>&nbsp;ou&nbsp;<strong>Maria Silva<\/strong>, costumam ser exemplos t\u00edpicos de palavras que fogem \u00e0 mem\u00f3ria momentaneamente.<\/p>\n\n\n\n<h2 class=\"wp-block-heading\">Quais s\u00e3o os fatores de risco?<\/h2>\n\n\n\n<p>O&nbsp;<strong>cansa\u00e7o, o estresse<\/strong>&nbsp;e o envelhecimento s\u00e3o fatores associados a essa dificuldade tempor\u00e1ria. Curiosamente, o impacto do estresse pode variar com a idade, afetando mais adultos mais velhos do que os de meia-idade. Eventos traum\u00e1ticos, como a&nbsp;<strong>Pandemia de Covid-19<\/strong>&nbsp;em&nbsp;<strong>2020<\/strong>, intensificaram relatos de epis\u00f3dios letol\u00f3gicos segundo levantamento do site&nbsp;<strong>BBC Brasil<\/strong>.<\/p>\n\n\n\n<h2 class=\"wp-block-heading\">Como superar a letol\u00f3gica?<\/h2>\n\n\n\n<p>Manter uma vida intelectual ativa pode melhorar o acesso ao vocabul\u00e1rio. Atividades como&nbsp;<strong>ler<\/strong>,&nbsp;<strong>escrever<\/strong>&nbsp;e&nbsp;<strong>conversar<\/strong>&nbsp;s\u00e3o fundamentais para fortalecer essas conex\u00f5es. Continuar a conversa e buscar sin\u00f4nimos at\u00e9 que a palavra retorne tamb\u00e9m \u00e9 uma estrat\u00e9gia \u00fatil. Ferramentas digitais, como o aplicativo&nbsp;<strong>Duolingo<\/strong>, v\u00eam sendo recomendadas por especialistas para estimular a mem\u00f3ria lingu\u00edstica de maneira l\u00fadica.<\/p>\n\n\n\n<h2 class=\"wp-block-heading\">A letol\u00f3gica \u00e9 preocupante?<\/h2>\n\n\n\n<p>A maioria dos epis\u00f3dios de &#8220;palavra na ponta da l\u00edngua&#8221; n\u00e3o indica problemas de sa\u00fade. No entanto, se o esquecimento afetar palavras comuns e cotidianas, \u00e9 aconselh\u00e1vel buscar uma avalia\u00e7\u00e3o m\u00e9dica, principalmente com profissionais em cl\u00ednicas como o&nbsp;<strong>Hospital das Cl\u00ednicas<\/strong>&nbsp;da&nbsp;<strong>Universidade Federal de Minas Gerais<\/strong>.<\/p>\n\n\n\n<h2 class=\"wp-block-heading\">Como fortalecer a mem\u00f3ria lingu\u00edstica?<\/h2>\n\n\n\n<p>Em suma, embora falhas moment\u00e2neas sejam normais, estimulando constantemente nossa mente, podemos reduzir os epis\u00f3dios de letol\u00f3gica. A&nbsp;<strong>mem\u00f3ria e o lingu\u00edstico<\/strong>&nbsp;s\u00e3o din\u00e2micos, e \u00e9 a pr\u00e1tica ativa que sustenta suas fun\u00e7\u00f5es saud\u00e1veis. O uso frequente de aparelhos digitais, como o&nbsp;<strong>Smartphone<\/strong>&nbsp;e o&nbsp;<strong>Notebook<\/strong>, pode ser vantajoso se utilizados em atividades que promovam leitura, escrita e comunica\u00e7\u00e3o.<\/p>\n\n\n\n<ul class=\"wp-block-list\">\n<li>A letol\u00f3gica \u00e9 um fen\u00f4meno comum e n\u00e3o deve ser motivo de alarme em situa\u00e7\u00f5es t\u00edpicas.<\/li>\n\n\n\n<li>Atividades intelectuais ajudam a manter as redes de mem\u00f3ria fortes.<\/li>\n\n\n\n<li>Buscar alternativas de express\u00e3o pode minimizar o impacto do esquecimento moment\u00e2neo.<\/li>\n<\/ul>\n\n\n\n<p>Leia tamb\u00e9m: <a href=\"https:\/\/www.em.com.br\/emfoco\/2025\/10\/14\/psicologa-alerta-quando-se-torna-preocupante-limpar-a-casa-o-tempo-todo\/\" target=\"_blank\" rel=\"noreferrer noopener\">Psic\u00f3loga alerta quando se torna preocupante limpar a casa o tempo todo<\/a><\/p>\n","protected":false},"excerpt":{"rendered":"<p>Voc\u00ea j\u00e1 se viu lutando para lembrar de uma palavra conhecida que parece estar na ponta da l\u00edngua? Isso \u00e9 mais comum do que se imagina e tem uma explica\u00e7\u00e3o cient\u00edfica:&nbsp;letol\u00f3gica. Neste artigo, exploramos a complexidade desse fen\u00f4meno, suas causas e como ele afeta&nbsp;todas as idades e culturas, seja no&nbsp;Brasil, na&nbsp;Europa&nbsp;ou em diversos outros pa\u00edses. [&hellip;]<\/p>\n","protected":false},"author":11,"featured_media":70728,"comment_status":"open","ping_status":"open","sticky":false,"template":"","format":"standard","meta":{"jnews-multi-image_gallery":[],"jnews_single_post":{"format":"standard"},"jnews_primary_category":[],"jnews_social_meta":[],"jnews_override_counter":[],"footnotes":""},"categories":[8819,1],"tags":[4312,9858,16052,5381],"class_list":["post-115103","post","type-post","status-publish","format-standard","has-post-thumbnail","hentry","category-curiosidades","category-noticias","tag-cerebro","tag-esquecimento","tag-linguagem","tag-memoria"],"yoast_head":"<!-- This site is optimized with the Yoast SEO plugin v23.8 - https:\/\/yoast.com\/wordpress\/plugins\/seo\/ -->\n<title>O que isso significa o fen\u00f4meno das palavras na \u201cponta da l\u00edngua\u201d - Estado de Minas - Em foco<\/title>\n<meta name=\"description\" content=\"Fen\u00f4meno comum e fascinante, a letol\u00f3gica mostra como nossa mem\u00f3ria trabalha. Saiba o que dizem os cientistas.\" \/>\n<meta name=\"robots\" content=\"index, follow, max-snippet:-1, max-image-preview:large, max-video-preview:-1\" \/>\n<link rel=\"canonical\" href=\"https:\/\/www.em.com.br\/emfoco\/2025\/10\/15\/o-que-isso-significa-o-fenomeno-das-palavras-na-ponta-da-lingua\/\" \/>\n<meta property=\"og:locale\" content=\"pt_BR\" \/>\n<meta property=\"og:type\" content=\"article\" \/>\n<meta property=\"og:title\" content=\"O que isso significa o fen\u00f4meno das palavras na \u201cponta da l\u00edngua\u201d - Estado de Minas - Em foco\" \/>\n<meta property=\"og:description\" content=\"Fen\u00f4meno comum e fascinante, a letol\u00f3gica mostra como nossa mem\u00f3ria trabalha. Saiba o que dizem os cientistas.\" \/>\n<meta property=\"og:url\" content=\"https:\/\/www.em.com.br\/emfoco\/2025\/10\/15\/o-que-isso-significa-o-fenomeno-das-palavras-na-ponta-da-lingua\/\" \/>\n<meta property=\"og:site_name\" content=\"Estado de Minas - Em foco\" \/>\n<meta property=\"article:published_time\" content=\"2025-10-16T00:35:00+00:00\" \/>\n<meta property=\"article:modified_time\" content=\"2025-10-14T17:46:59+00:00\" \/>\n<meta property=\"og:image\" content=\"https:\/\/www.em.com.br\/emfoco\/wp-content\/uploads\/2025\/07\/esquecer_1751554365041.jpg\" \/>\n\t<meta property=\"og:image:width\" content=\"1280\" \/>\n\t<meta property=\"og:image:height\" content=\"720\" \/>\n\t<meta property=\"og:image:type\" content=\"image\/jpeg\" \/>\n<meta name=\"author\" content=\"Andre\u0301 Rangel\u00a0\" \/>\n<meta name=\"twitter:card\" content=\"summary_large_image\" \/>\n<meta name=\"twitter:label1\" content=\"Escrito por\" \/>\n\t<meta name=\"twitter:data1\" content=\"Andre\u0301 Rangel\u00a0\" \/>\n\t<meta name=\"twitter:label2\" content=\"Est. tempo de leitura\" \/>\n\t<meta name=\"twitter:data2\" content=\"4 minutos\" \/>\n<!-- \/ Yoast SEO plugin. -->","yoast_head_json":{"title":"O que isso significa o fen\u00f4meno das palavras na \u201cponta da l\u00edngua\u201d - Estado de Minas - Em foco","description":"Fen\u00f4meno comum e fascinante, a letol\u00f3gica mostra como nossa mem\u00f3ria trabalha. Saiba o que dizem os cientistas.","robots":{"index":"index","follow":"follow","max-snippet":"max-snippet:-1","max-image-preview":"max-image-preview:large","max-video-preview":"max-video-preview:-1"},"canonical":"https:\/\/www.em.com.br\/emfoco\/2025\/10\/15\/o-que-isso-significa-o-fenomeno-das-palavras-na-ponta-da-lingua\/","og_locale":"pt_BR","og_type":"article","og_title":"O que isso significa o fen\u00f4meno das palavras na \u201cponta da l\u00edngua\u201d - Estado de Minas - Em foco","og_description":"Fen\u00f4meno comum e fascinante, a letol\u00f3gica mostra como nossa mem\u00f3ria trabalha. Saiba o que dizem os cientistas.","og_url":"https:\/\/www.em.com.br\/emfoco\/2025\/10\/15\/o-que-isso-significa-o-fenomeno-das-palavras-na-ponta-da-lingua\/","og_site_name":"Estado de Minas - Em foco","article_published_time":"2025-10-16T00:35:00+00:00","article_modified_time":"2025-10-14T17:46:59+00:00","og_image":[{"width":1280,"height":720,"url":"https:\/\/www.em.com.br\/emfoco\/wp-content\/uploads\/2025\/07\/esquecer_1751554365041.jpg","type":"image\/jpeg"}],"author":"Andre\u0301 Rangel\u00a0","twitter_card":"summary_large_image","twitter_misc":{"Escrito por":"Andre\u0301 Rangel\u00a0","Est. tempo de leitura":"4 minutos"},"schema":{"@context":"https:\/\/schema.org","@graph":[{"@type":"WebPage","@id":"https:\/\/www.em.com.br\/emfoco\/2025\/10\/15\/o-que-isso-significa-o-fenomeno-das-palavras-na-ponta-da-lingua\/","url":"https:\/\/www.em.com.br\/emfoco\/2025\/10\/15\/o-que-isso-significa-o-fenomeno-das-palavras-na-ponta-da-lingua\/","name":"O que isso significa o fen\u00f4meno das palavras na \u201cponta da l\u00edngua\u201d - Estado de Minas - Em foco","isPartOf":{"@id":"https:\/\/www.em.com.br\/emfoco\/#website"},"primaryImageOfPage":{"@id":"https:\/\/www.em.com.br\/emfoco\/2025\/10\/15\/o-que-isso-significa-o-fenomeno-das-palavras-na-ponta-da-lingua\/#primaryimage"},"image":{"@id":"https:\/\/www.em.com.br\/emfoco\/2025\/10\/15\/o-que-isso-significa-o-fenomeno-das-palavras-na-ponta-da-lingua\/#primaryimage"},"thumbnailUrl":"https:\/\/www.em.com.br\/emfoco\/wp-content\/uploads\/2025\/07\/esquecer_1751554365041.jpg","datePublished":"2025-10-16T00:35:00+00:00","dateModified":"2025-10-14T17:46:59+00:00","author":{"@id":"https:\/\/www.em.com.br\/emfoco\/#\/schema\/person\/60eda09c1fedf0d6891f4cef4b60b8b8"},"description":"Fen\u00f4meno comum e fascinante, a letol\u00f3gica mostra como nossa mem\u00f3ria trabalha. Saiba o que dizem os cientistas.","breadcrumb":{"@id":"https:\/\/www.em.com.br\/emfoco\/2025\/10\/15\/o-que-isso-significa-o-fenomeno-das-palavras-na-ponta-da-lingua\/#breadcrumb"},"inLanguage":"pt-BR","potentialAction":[{"@type":"ReadAction","target":["https:\/\/www.em.com.br\/emfoco\/2025\/10\/15\/o-que-isso-significa-o-fenomeno-das-palavras-na-ponta-da-lingua\/"]}]},{"@type":"ImageObject","inLanguage":"pt-BR","@id":"https:\/\/www.em.com.br\/emfoco\/2025\/10\/15\/o-que-isso-significa-o-fenomeno-das-palavras-na-ponta-da-lingua\/#primaryimage","url":"https:\/\/www.em.com.br\/emfoco\/wp-content\/uploads\/2025\/07\/esquecer_1751554365041.jpg","contentUrl":"https:\/\/www.em.com.br\/emfoco\/wp-content\/uploads\/2025\/07\/esquecer_1751554365041.jpg","width":1280,"height":720,"caption":"Pessoa esquecendo - Cr\u00e9ditos: depositphotos.com \/ Krakenimages.com"},{"@type":"BreadcrumbList","@id":"https:\/\/www.em.com.br\/emfoco\/2025\/10\/15\/o-que-isso-significa-o-fenomeno-das-palavras-na-ponta-da-lingua\/#breadcrumb","itemListElement":[{"@type":"ListItem","position":1,"name":"In\u00edcio","item":"https:\/\/www.em.com.br\/emfoco\/"},{"@type":"ListItem","position":2,"name":"O que isso significa o fen\u00f4meno das palavras na \u201cponta da l\u00edngua\u201d"}]},{"@type":"WebSite","@id":"https:\/\/www.em.com.br\/emfoco\/#website","url":"https:\/\/www.em.com.br\/emfoco\/","name":"Estado de Minas - Em foco","description":"Acompanhe as \u00faltimas not\u00edcias e fique bem informado sobre tudo o que acontece em Minas Gerais, Brasil e no mundo.","potentialAction":[{"@type":"SearchAction","target":{"@type":"EntryPoint","urlTemplate":"https:\/\/www.em.com.br\/emfoco\/?s={search_term_string}"},"query-input":{"@type":"PropertyValueSpecification","valueRequired":true,"valueName":"search_term_string"}}],"inLanguage":"pt-BR"},{"@type":"Person","@id":"https:\/\/www.em.com.br\/emfoco\/#\/schema\/person\/60eda09c1fedf0d6891f4cef4b60b8b8","name":"Andre\u0301 Rangel\u00a0","image":{"@type":"ImageObject","inLanguage":"pt-BR","@id":"https:\/\/www.em.com.br\/emfoco\/#\/schema\/person\/image\/","url":"https:\/\/secure.gravatar.com\/avatar\/6234dc814c77c8ef6d8bba622c787efc?s=96&d=mm&r=g","contentUrl":"https:\/\/secure.gravatar.com\/avatar\/6234dc814c77c8ef6d8bba622c787efc?s=96&d=mm&r=g","caption":"Andre\u0301 Rangel\u00a0"},"url":"https:\/\/www.em.com.br\/emfoco\/author\/luizmyth\/"}]}},"_links":{"self":[{"href":"https:\/\/www.em.com.br\/emfoco\/wp-json\/wp\/v2\/posts\/115103","targetHints":{"allow":["GET"]}}],"collection":[{"href":"https:\/\/www.em.com.br\/emfoco\/wp-json\/wp\/v2\/posts"}],"about":[{"href":"https:\/\/www.em.com.br\/emfoco\/wp-json\/wp\/v2\/types\/post"}],"author":[{"embeddable":true,"href":"https:\/\/www.em.com.br\/emfoco\/wp-json\/wp\/v2\/users\/11"}],"replies":[{"embeddable":true,"href":"https:\/\/www.em.com.br\/emfoco\/wp-json\/wp\/v2\/comments?post=115103"}],"version-history":[{"count":3,"href":"https:\/\/www.em.com.br\/emfoco\/wp-json\/wp\/v2\/posts\/115103\/revisions"}],"predecessor-version":[{"id":115306,"href":"https:\/\/www.em.com.br\/emfoco\/wp-json\/wp\/v2\/posts\/115103\/revisions\/115306"}],"wp:featuredmedia":[{"embeddable":true,"href":"https:\/\/www.em.com.br\/emfoco\/wp-json\/wp\/v2\/media\/70728"}],"wp:attachment":[{"href":"https:\/\/www.em.com.br\/emfoco\/wp-json\/wp\/v2\/media?parent=115103"}],"wp:term":[{"taxonomy":"category","embeddable":true,"href":"https:\/\/www.em.com.br\/emfoco\/wp-json\/wp\/v2\/categories?post=115103"},{"taxonomy":"post_tag","embeddable":true,"href":"https:\/\/www.em.com.br\/emfoco\/wp-json\/wp\/v2\/tags?post=115103"}],"curies":[{"name":"wp","href":"https:\/\/api.w.org\/{rel}","templated":true}]}}