{"id":115067,"date":"2025-10-15T14:15:00","date_gmt":"2025-10-15T17:15:00","guid":{"rendered":"https:\/\/www.em.com.br\/emfoco\/?p=115067"},"modified":"2025-10-14T18:13:18","modified_gmt":"2025-10-14T21:13:18","slug":"apagao-atinge-o-pais-e-deixa-17-estados-no-escuro-total","status":"publish","type":"post","link":"https:\/\/www.em.com.br\/emfoco\/2025\/10\/15\/apagao-atinge-o-pais-e-deixa-17-estados-no-escuro-total\/","title":{"rendered":"Apag\u00e3o atinge o pa\u00eds e deixa 17 estados no escuro total"},"content":{"rendered":"\n<p>No in\u00edcio de 2025, um extenso apag\u00e3o afetou pelo menos 17 estados e o <strong>Distrito Federal<\/strong>, marcando um dos epis\u00f3dios mais significativos de interrup\u00e7\u00e3o de energia no <strong>Brasil <\/strong>dos \u00faltimos anos. Esse evento trouxe preocupa\u00e7\u00f5es renovadas sobre a seguran\u00e7a do sistema el\u00e9trico e exp\u00f4s desafios estruturais que precisam ser superados para garantir o abastecimento cont\u00ednuo \u00e0 popula\u00e7\u00e3o.<\/p>\n\n\n\n<p>Durante o ocorrido, hospitais, escolas e sistemas de transporte foram severamente atingidos, evidenciando como a depend\u00eancia da eletricidade \u00e9 crucial para o funcionamento de servi\u00e7os b\u00e1sicos. A falta de energia ressaltou a necessidade de investimentos cont\u00ednuos em manuten\u00e7\u00e3o e atualiza\u00e7\u00e3o da infraestrutura el\u00e9trica do pa\u00eds.<\/p>\n\n\n\n<h2 class=\"wp-block-heading\">Principais causas e pontos de vulnerabilidade<\/h2>\n\n\n<div class=\"wp-block-image\">\n<figure class=\"aligncenter size-large\"><img loading=\"lazy\" decoding=\"async\" width=\"1024\" height=\"576\" src=\"https:\/\/www.em.com.br\/emfoco\/wp-content\/uploads\/2025\/10\/falta-de-energia_1757187724600-1024x576.jpg\" alt=\"\" class=\"wp-image-115195\" srcset=\"https:\/\/www.em.com.br\/emfoco\/wp-content\/uploads\/2025\/10\/falta-de-energia_1757187724600-1024x576.jpg 1024w, https:\/\/www.em.com.br\/emfoco\/wp-content\/uploads\/2025\/10\/falta-de-energia_1757187724600-300x169.jpg 300w, https:\/\/www.em.com.br\/emfoco\/wp-content\/uploads\/2025\/10\/falta-de-energia_1757187724600-768x432.jpg 768w, https:\/\/www.em.com.br\/emfoco\/wp-content\/uploads\/2025\/10\/falta-de-energia_1757187724600-750x422.jpg 750w, https:\/\/www.em.com.br\/emfoco\/wp-content\/uploads\/2025\/10\/falta-de-energia_1757187724600-1140x641.jpg 1140w, https:\/\/www.em.com.br\/emfoco\/wp-content\/uploads\/2025\/10\/falta-de-energia_1757187724600.jpg 1280w\" sizes=\"auto, (max-width: 1024px) 100vw, 1024px\" \/><figcaption class=\"wp-element-caption\">L\u00e2mpada e homem fazendo contas ao fundo &#8211; Cr\u00e9ditos: depositphotos.com \/ yanishevska.photo<\/figcaption><\/figure><\/div>\n\n\n<p>O apag\u00e3o teve origem em uma prov\u00e1vel falha em uma linha de transmiss\u00e3o de alta tens\u00e3o, conforme levantado por especialistas. Esse tipo de falha pode desencadear um efeito domin\u00f3 devido \u00e0 forte interconex\u00e3o entre os sistemas dos estados brasileiros.<\/p>\n\n\n\n<p>Al\u00e9m disso, h\u00e1 ind\u00edcios de car\u00eancias em manuten\u00e7\u00e3o preventiva e monitoramento eficiente das redes, aumentando a possibilidade de ocorr\u00eancias sist\u00eamicas. A sobrecarga de equipamentos antigos e a falta de investimento preventivo s\u00e3o fatores agravantes nesse cen\u00e1rio.<\/p>\n\n\n\n<h2 class=\"wp-block-heading\">Efeitos sociais e econ\u00f4micos do apag\u00e3o<\/h2>\n\n\n\n<p>A interrup\u00e7\u00e3o de energia gerou transtornos imediatos para milh\u00f5es de pessoas, especialmente pela suspens\u00e3o do fornecimento de \u00e1gua e dificuldades no transporte. O cotidiano da popula\u00e7\u00e3o foi impactado por cancelamentos de aulas, fechamento de estabelecimentos e instabilidade nos servi\u00e7os digitais.<\/p>\n\n\n\n<p>No setor econ\u00f4mico, as perdas foram expressivas, especialmente para pequenos e m\u00e9dios neg\u00f3cios, que arcaram com <strong>perdas de estoques e paralisa\u00e7\u00f5es<\/strong>. Estima-se que os preju\u00edzos somaram milh\u00f5es de reais em apenas algumas horas de apag\u00e3o.<\/p>\n\n\n\n<h2 class=\"wp-block-heading\">Estrat\u00e9gias para mitigar novos apag\u00f5es<\/h2>\n\n\n\n<p>Uma das principais solu\u00e7\u00f5es apontadas \u00e9 a moderniza\u00e7\u00e3o das redes de transmiss\u00e3o e distribui\u00e7\u00e3o, com ado\u00e7\u00e3o de tecnologias inteligentes que detectam falhas automaticamente. Investimentos em manuten\u00e7\u00e3o, atualiza\u00e7\u00e3o de equipamentos e treinamento das equipes t\u00e9cnicas tamb\u00e9m s\u00e3o considerados essenciais.<\/p>\n\n\n\n<p>A busca por fontes renov\u00e1veis, como <strong><a href=\"https:\/\/www.gov.br\/pt-br\/servicos\/obter-dados-do-atlas-brasileiro-de-energia-solar-atlas-solar\" target=\"_blank\" rel=\"noreferrer noopener\">energia solar e e\u00f3lica<\/a><\/strong>, est\u00e1 entre as prioridades para diversificar a matriz energ\u00e9tica. A descentraliza\u00e7\u00e3o da gera\u00e7\u00e3o \u00e9 outro passo para reduzir o impacto de poss\u00edveis falhas sist\u00eamicas no futuro.<\/p>\n\n\n\n<p>Leia mais: <a href=\"https:\/\/www.em.com.br\/emfoco\/2025\/10\/12\/clima-instavel-marca-o-fim-de-semana-na-capital-mineira-diz-inmet\/\" target=\"_blank\" rel=\"noreferrer noopener\">Clima inst\u00e1vel marca o fim de semana na capital mineira, diz Inmet<\/a><\/p>\n\n\n\n<h2 class=\"wp-block-heading\">Medidas tomadas ap\u00f3s o evento e novos desafios<\/h2>\n\n\n\n<p>Ap\u00f3s o apag\u00e3o, o governo intensificou os protocolos de manuten\u00e7\u00e3o e monitoramento do sistema, al\u00e9m de acelerar obras de infraestrutura consideradas cr\u00edticas. Medidas educativas foram adotadas para incentivar o consumo mais consciente de energia pela popula\u00e7\u00e3o.<\/p>\n\n\n\n<p>O epis\u00f3dio serve de alerta para a import\u00e2ncia da resili\u00eancia do setor el\u00e9trico, especialmente diante do crescimento populacional e econ\u00f4mico do <strong>Brasil<\/strong>. O planejamento de longo prazo e a articula\u00e7\u00e3o entre \u00f3rg\u00e3os p\u00fablicos e privados se mostram decisivos para garantir seguran\u00e7a energ\u00e9tica nos pr\u00f3ximos anos.<\/p>\n","protected":false},"excerpt":{"rendered":"<p>No in\u00edcio de 2025, um extenso apag\u00e3o afetou pelo menos 17 estados e o Distrito Federal, marcando um dos epis\u00f3dios mais significativos de interrup\u00e7\u00e3o de energia no Brasil dos \u00faltimos anos. Esse evento trouxe preocupa\u00e7\u00f5es renovadas sobre a seguran\u00e7a do sistema el\u00e9trico e exp\u00f4s desafios estruturais que precisam ser superados para garantir o abastecimento cont\u00ednuo [&hellip;]<\/p>\n","protected":false},"author":20,"featured_media":115193,"comment_status":"open","ping_status":"open","sticky":false,"template":"","format":"standard","meta":{"jnews-multi-image_gallery":[],"jnews_single_post":{"format":"standard"},"jnews_primary_category":[],"jnews_social_meta":[],"jnews_override_counter":[],"footnotes":""},"categories":[28,1],"tags":[4796,1017,17403],"class_list":["post-115067","post","type-post","status-publish","format-standard","has-post-thumbnail","hentry","category-economia","category-noticias","tag-apagao","tag-energia-eletrica","tag-queda-de-energia"],"yoast_head":"<!-- This site is optimized with the Yoast SEO plugin v23.8 - https:\/\/yoast.com\/wordpress\/plugins\/seo\/ -->\n<title>Apag\u00e3o atinge o pa\u00eds e deixa 17 estados no escuro total - Estado de Minas - Em foco<\/title>\n<meta name=\"description\" content=\"O apag\u00e3o exp\u00f4s a vulnerabilidade do sistema el\u00e9trico. Entenda o impacto no seu dia a dia e o que o governo far\u00e1 pela sua seguran\u00e7a.\" \/>\n<meta name=\"robots\" content=\"index, follow, max-snippet:-1, max-image-preview:large, max-video-preview:-1\" \/>\n<link rel=\"canonical\" href=\"https:\/\/www.em.com.br\/emfoco\/2025\/10\/15\/apagao-atinge-o-pais-e-deixa-17-estados-no-escuro-total\/\" \/>\n<meta property=\"og:locale\" content=\"pt_BR\" \/>\n<meta property=\"og:type\" content=\"article\" \/>\n<meta property=\"og:title\" content=\"Apag\u00e3o atinge o pa\u00eds e deixa 17 estados no escuro total - Estado de Minas - Em foco\" \/>\n<meta property=\"og:description\" content=\"O apag\u00e3o exp\u00f4s a vulnerabilidade do sistema el\u00e9trico. Entenda o impacto no seu dia a dia e o que o governo far\u00e1 pela sua seguran\u00e7a.\" \/>\n<meta property=\"og:url\" content=\"https:\/\/www.em.com.br\/emfoco\/2025\/10\/15\/apagao-atinge-o-pais-e-deixa-17-estados-no-escuro-total\/\" \/>\n<meta property=\"og:site_name\" content=\"Estado de Minas - Em foco\" \/>\n<meta property=\"article:published_time\" content=\"2025-10-15T17:15:00+00:00\" \/>\n<meta property=\"article:modified_time\" content=\"2025-10-14T21:13:18+00:00\" \/>\n<meta property=\"og:image\" content=\"https:\/\/www.em.com.br\/emfoco\/wp-content\/uploads\/2025\/10\/cidade-sem-energia_1757187425289.jpg\" \/>\n\t<meta property=\"og:image:width\" content=\"1280\" \/>\n\t<meta property=\"og:image:height\" content=\"720\" \/>\n\t<meta property=\"og:image:type\" content=\"image\/jpeg\" \/>\n<meta name=\"author\" content=\"Ingrid Diniz\" \/>\n<meta name=\"twitter:card\" content=\"summary_large_image\" \/>\n<meta name=\"twitter:label1\" content=\"Escrito por\" \/>\n\t<meta name=\"twitter:data1\" content=\"Ingrid Diniz\" \/>\n\t<meta name=\"twitter:label2\" content=\"Est. tempo de leitura\" \/>\n\t<meta name=\"twitter:data2\" content=\"3 minutos\" \/>\n<!-- \/ Yoast SEO plugin. -->","yoast_head_json":{"title":"Apag\u00e3o atinge o pa\u00eds e deixa 17 estados no escuro total - Estado de Minas - Em foco","description":"O apag\u00e3o exp\u00f4s a vulnerabilidade do sistema el\u00e9trico. Entenda o impacto no seu dia a dia e o que o governo far\u00e1 pela sua seguran\u00e7a.","robots":{"index":"index","follow":"follow","max-snippet":"max-snippet:-1","max-image-preview":"max-image-preview:large","max-video-preview":"max-video-preview:-1"},"canonical":"https:\/\/www.em.com.br\/emfoco\/2025\/10\/15\/apagao-atinge-o-pais-e-deixa-17-estados-no-escuro-total\/","og_locale":"pt_BR","og_type":"article","og_title":"Apag\u00e3o atinge o pa\u00eds e deixa 17 estados no escuro total - Estado de Minas - Em foco","og_description":"O apag\u00e3o exp\u00f4s a vulnerabilidade do sistema el\u00e9trico. Entenda o impacto no seu dia a dia e o que o governo far\u00e1 pela sua seguran\u00e7a.","og_url":"https:\/\/www.em.com.br\/emfoco\/2025\/10\/15\/apagao-atinge-o-pais-e-deixa-17-estados-no-escuro-total\/","og_site_name":"Estado de Minas - Em foco","article_published_time":"2025-10-15T17:15:00+00:00","article_modified_time":"2025-10-14T21:13:18+00:00","og_image":[{"width":1280,"height":720,"url":"https:\/\/www.em.com.br\/emfoco\/wp-content\/uploads\/2025\/10\/cidade-sem-energia_1757187425289.jpg","type":"image\/jpeg"}],"author":"Ingrid Diniz","twitter_card":"summary_large_image","twitter_misc":{"Escrito por":"Ingrid Diniz","Est. tempo de leitura":"3 minutos"},"schema":{"@context":"https:\/\/schema.org","@graph":[{"@type":"WebPage","@id":"https:\/\/www.em.com.br\/emfoco\/2025\/10\/15\/apagao-atinge-o-pais-e-deixa-17-estados-no-escuro-total\/","url":"https:\/\/www.em.com.br\/emfoco\/2025\/10\/15\/apagao-atinge-o-pais-e-deixa-17-estados-no-escuro-total\/","name":"Apag\u00e3o atinge o pa\u00eds e deixa 17 estados no escuro total - Estado de Minas - Em foco","isPartOf":{"@id":"https:\/\/www.em.com.br\/emfoco\/#website"},"primaryImageOfPage":{"@id":"https:\/\/www.em.com.br\/emfoco\/2025\/10\/15\/apagao-atinge-o-pais-e-deixa-17-estados-no-escuro-total\/#primaryimage"},"image":{"@id":"https:\/\/www.em.com.br\/emfoco\/2025\/10\/15\/apagao-atinge-o-pais-e-deixa-17-estados-no-escuro-total\/#primaryimage"},"thumbnailUrl":"https:\/\/www.em.com.br\/emfoco\/wp-content\/uploads\/2025\/10\/cidade-sem-energia_1757187425289.jpg","datePublished":"2025-10-15T17:15:00+00:00","dateModified":"2025-10-14T21:13:18+00:00","author":{"@id":"https:\/\/www.em.com.br\/emfoco\/#\/schema\/person\/649e610b4eb8fff87ff394e54fe17b2b"},"description":"O apag\u00e3o exp\u00f4s a vulnerabilidade do sistema el\u00e9trico. Entenda o impacto no seu dia a dia e o que o governo far\u00e1 pela sua seguran\u00e7a.","breadcrumb":{"@id":"https:\/\/www.em.com.br\/emfoco\/2025\/10\/15\/apagao-atinge-o-pais-e-deixa-17-estados-no-escuro-total\/#breadcrumb"},"inLanguage":"pt-BR","potentialAction":[{"@type":"ReadAction","target":["https:\/\/www.em.com.br\/emfoco\/2025\/10\/15\/apagao-atinge-o-pais-e-deixa-17-estados-no-escuro-total\/"]}]},{"@type":"ImageObject","inLanguage":"pt-BR","@id":"https:\/\/www.em.com.br\/emfoco\/2025\/10\/15\/apagao-atinge-o-pais-e-deixa-17-estados-no-escuro-total\/#primaryimage","url":"https:\/\/www.em.com.br\/emfoco\/wp-content\/uploads\/2025\/10\/cidade-sem-energia_1757187425289.jpg","contentUrl":"https:\/\/www.em.com.br\/emfoco\/wp-content\/uploads\/2025\/10\/cidade-sem-energia_1757187425289.jpg","width":1280,"height":720,"caption":"Cidade sem energia - Cr\u00e9ditos: depositphotos.com \/ vikabest88@gmail.com"},{"@type":"BreadcrumbList","@id":"https:\/\/www.em.com.br\/emfoco\/2025\/10\/15\/apagao-atinge-o-pais-e-deixa-17-estados-no-escuro-total\/#breadcrumb","itemListElement":[{"@type":"ListItem","position":1,"name":"In\u00edcio","item":"https:\/\/www.em.com.br\/emfoco\/"},{"@type":"ListItem","position":2,"name":"Apag\u00e3o atinge o pa\u00eds e deixa 17 estados no escuro total"}]},{"@type":"WebSite","@id":"https:\/\/www.em.com.br\/emfoco\/#website","url":"https:\/\/www.em.com.br\/emfoco\/","name":"Estado de Minas - Em foco","description":"Acompanhe as \u00faltimas not\u00edcias e fique bem informado sobre tudo o que acontece em Minas Gerais, Brasil e no mundo.","potentialAction":[{"@type":"SearchAction","target":{"@type":"EntryPoint","urlTemplate":"https:\/\/www.em.com.br\/emfoco\/?s={search_term_string}"},"query-input":{"@type":"PropertyValueSpecification","valueRequired":true,"valueName":"search_term_string"}}],"inLanguage":"pt-BR"},{"@type":"Person","@id":"https:\/\/www.em.com.br\/emfoco\/#\/schema\/person\/649e610b4eb8fff87ff394e54fe17b2b","name":"Ingrid Diniz","image":{"@type":"ImageObject","inLanguage":"pt-BR","@id":"https:\/\/www.em.com.br\/emfoco\/#\/schema\/person\/image\/","url":"https:\/\/secure.gravatar.com\/avatar\/a3baa1449ec5c39b4c42babc9d4f3951?s=96&d=mm&r=g","contentUrl":"https:\/\/secure.gravatar.com\/avatar\/a3baa1449ec5c39b4c42babc9d4f3951?s=96&d=mm&r=g","caption":"Ingrid Diniz"},"sameAs":["https:\/\/www.em.com.br\/"],"url":"https:\/\/www.em.com.br\/emfoco\/author\/ingridmyth\/"}]}},"_links":{"self":[{"href":"https:\/\/www.em.com.br\/emfoco\/wp-json\/wp\/v2\/posts\/115067","targetHints":{"allow":["GET"]}}],"collection":[{"href":"https:\/\/www.em.com.br\/emfoco\/wp-json\/wp\/v2\/posts"}],"about":[{"href":"https:\/\/www.em.com.br\/emfoco\/wp-json\/wp\/v2\/types\/post"}],"author":[{"embeddable":true,"href":"https:\/\/www.em.com.br\/emfoco\/wp-json\/wp\/v2\/users\/20"}],"replies":[{"embeddable":true,"href":"https:\/\/www.em.com.br\/emfoco\/wp-json\/wp\/v2\/comments?post=115067"}],"version-history":[{"count":2,"href":"https:\/\/www.em.com.br\/emfoco\/wp-json\/wp\/v2\/posts\/115067\/revisions"}],"predecessor-version":[{"id":115368,"href":"https:\/\/www.em.com.br\/emfoco\/wp-json\/wp\/v2\/posts\/115067\/revisions\/115368"}],"wp:featuredmedia":[{"embeddable":true,"href":"https:\/\/www.em.com.br\/emfoco\/wp-json\/wp\/v2\/media\/115193"}],"wp:attachment":[{"href":"https:\/\/www.em.com.br\/emfoco\/wp-json\/wp\/v2\/media?parent=115067"}],"wp:term":[{"taxonomy":"category","embeddable":true,"href":"https:\/\/www.em.com.br\/emfoco\/wp-json\/wp\/v2\/categories?post=115067"},{"taxonomy":"post_tag","embeddable":true,"href":"https:\/\/www.em.com.br\/emfoco\/wp-json\/wp\/v2\/tags?post=115067"}],"curies":[{"name":"wp","href":"https:\/\/api.w.org\/{rel}","templated":true}]}}