{"id":11506,"date":"2025-01-18T13:59:00","date_gmt":"2025-01-18T16:59:00","guid":{"rendered":"https:\/\/www.em.com.br\/emfoco\/?p=11506"},"modified":"2025-01-17T14:29:30","modified_gmt":"2025-01-17T17:29:30","slug":"quais-alimentos-voce-deve-comer-todos-os-dias-descubra","status":"publish","type":"post","link":"https:\/\/www.em.com.br\/emfoco\/2025\/01\/18\/quais-alimentos-voce-deve-comer-todos-os-dias-descubra\/","title":{"rendered":"Quais Alimentos Voc\u00ea Deve Comer Todos os Dias? Descubra!"},"content":{"rendered":"\n<p>Manter uma alimenta\u00e7\u00e3o saud\u00e1vel \u00e9 fundamental para assegurar energia, prevenir doen\u00e7as e melhorar a qualidade de vida. Certos alimentos s\u00e3o ricos em nutrientes essenciais para o funcionamento adequado do organismo e incorpor\u00e1-los ao dia a dia \u00e9 o primeiro passo rumo a um estilo de vida saud\u00e1vel. Este artigo explora quais alimentos s\u00e3o indispens\u00e1veis em uma dieta equilibrada e como incorpor\u00e1-los na rotina di\u00e1ria.<\/p>\n\n\n\n<p>A valoriza\u00e7\u00e3o da escolha de alimentos essenciais remonta a culturas ancestrais, como as civiliza\u00e7\u00f5es grega e chinesa, que associavam a nutri\u00e7\u00e3o ao bem-estar e \u00e0 longevidade. Com o avan\u00e7o dos estudos cient\u00edficos, a rela\u00e7\u00e3o entre alimenta\u00e7\u00e3o balanceada e a preven\u00e7\u00e3o de doen\u00e7as cr\u00f4nicas tornou-se evidente, destacando a import\u00e2ncia de se manter uma dieta variada e nutritiva.<\/p>\n\n\n\n<h2 class=\"wp-block-heading\">Quais Alimentos N\u00e3o Podem Faltar na Dieta?<\/h2>\n\n\n\n<p>A sele\u00e7\u00e3o dos alimentos certos \u00e9 crucial para uma dieta nutritiva. Aqui est\u00e3o alguns dos alimentos essenciais que devem ser inclu\u00eddos no card\u00e1pio di\u00e1rio:<\/p>\n\n\n\n<ul class=\"wp-block-list\">\n<li><strong>Vegetais Verdes:<\/strong> Espinafre, br\u00f3colis e couve s\u00e3o ricos em fibras, vitaminas A, C e K, al\u00e9m de antioxidantes. \u00c9 recomendada a ingest\u00e3o de 1 x\u00edcara por dia.<\/li>\n\n\n\n<li><strong>Frutas Frescas:<\/strong> Laranja, ma\u00e7\u00e3, banana e frutas vermelhas s\u00e3o excelentes fontes de vitaminas e fibras. Consumo recomendado: 3 por\u00e7\u00f5es di\u00e1rias.<\/li>\n\n\n\n<li><strong>Gr\u00e3os Integrais:<\/strong> Arroz integral, quinoa e aveia promovem saciedade e melhoram a sa\u00fade intestinal. Substitua gr\u00e3os refinados por integrais nas refei\u00e7\u00f5es principais.<\/li>\n<\/ul>\n\n\n\n<h2 class=\"wp-block-heading\">Quantas Calorias Cont\u00eam os Alimentos Essenciais?<\/h2>\n\n\n\n<p>Os alimentos essenciais variam em calorias conforme o grupo alimentar:<\/p>\n\n\n\n<ol class=\"wp-block-list\">\n<li><em>Frutas e vegetais:<\/em> De 30 a 60 calorias por 100 g.<\/li>\n\n\n\n<li><em>Oleaginosas:<\/em> Aproximadamente 600 calorias por 100 g.<\/li>\n\n\n\n<li><em>Prote\u00ednas magras:<\/em> Entre 110 a 200 calorias por 100 g.<\/li>\n<\/ol>\n\n\n\n<p>\u00c9 importante ajustar as por\u00e7\u00f5es desses alimentos para atender \u00e0s necessidades cal\u00f3ricas e energ\u00e9ticas de cada indiv\u00edduo.<\/p>\n\n\n\n<h2 class=\"wp-block-heading\">Como Preparar e Organizar uma Dieta Equilibrada?<\/h2>\n\n\n\n<p>Para seguir uma dieta equilibrada, a organiza\u00e7\u00e3o \u00e9 essencial. Aqui est\u00e3o algumas dicas:<\/p>\n\n\n\n<ul class=\"wp-block-list\">\n<li><strong>Planeje as refei\u00e7\u00f5es da semana:<\/strong> Escolha receitas que incluam os alimentos essenciais.<\/li>\n\n\n\n<li><strong>Prepare por\u00e7\u00f5es com anteced\u00eancia:<\/strong> Cozinhe em lotes para praticidade durante a semana.<\/li>\n\n\n\n<li><strong>Armazene corretamente:<\/strong> Use potes herm\u00e9ticos para manter a frescura dos alimentos.<\/li>\n<\/ul>\n\n\n\n<h2 class=\"wp-block-heading\">Como Armazenar os Alimentos Indispens\u00e1veis?<\/h2>\n\n\n\n<p>Armazenar os alimentos de maneira adequada garante que eles mantenham suas propriedades nutritivas:<\/p>\n\n\n\n<ul class=\"wp-block-list\">\n<li><strong>Vegetais e frutas:<\/strong> Na geladeira, por at\u00e9 7 dias em sacos pr\u00f3prios.<\/li>\n\n\n\n<li><strong>Oleaginosas e sementes:<\/strong> Em potes herm\u00e9ticos, por at\u00e9 3 meses em local seco.<\/li>\n\n\n\n<li><strong>Prote\u00ednas preparadas:<\/strong> Na geladeira por at\u00e9 3 dias ou congeladas por 3 meses.<\/li>\n<\/ul>\n\n\n\n<h2 class=\"wp-block-heading\">Considera\u00e7\u00f5es Finais Sobre Alimenta\u00e7\u00e3o Saud\u00e1vel<\/h2>\n\n\n\n<p>A constru\u00e7\u00e3o de uma alimenta\u00e7\u00e3o saud\u00e1vel \u00e9 baseada em escolhas conscientes e consistentes. Incorporar esses alimentos no cotidiano garante uma dieta equilibrada e rica em nutrientes essenciais. Ao adotar essas pr\u00e1ticas, os benef\u00edcios refletem-se tanto na sa\u00fade f\u00edsica quanto mental.<\/p>\n","protected":false},"excerpt":{"rendered":"<p>Manter uma alimenta\u00e7\u00e3o saud\u00e1vel \u00e9 fundamental para assegurar energia, prevenir doen\u00e7as e melhorar a qualidade de vida. Certos alimentos s\u00e3o ricos em nutrientes essenciais para o funcionamento adequado do organismo e incorpor\u00e1-los ao dia a dia \u00e9 o primeiro passo rumo a um estilo de vida saud\u00e1vel.<\/p>\n","protected":false},"author":2,"featured_media":11507,"comment_status":"open","ping_status":"open","sticky":false,"template":"","format":"standard","meta":{"jnews-multi-image_gallery":[],"jnews_single_post":{"format":"standard"},"jnews_primary_category":[],"jnews_social_meta":[],"jnews_override_counter":[],"footnotes":""},"categories":[29,1],"tags":[911,3081],"class_list":["post-11506","post","type-post","status-publish","format-standard","has-post-thumbnail","hentry","category-entretenimento","category-noticias","tag-alimentacao-saudavel","tag-alimentos"],"yoast_head":"<!-- This site is optimized with the Yoast SEO plugin v23.8 - https:\/\/yoast.com\/wordpress\/plugins\/seo\/ -->\n<title>Quais Alimentos Voc\u00ea Deve Comer Todos os Dias? Descubra! - Estado de Minas - Em foco<\/title>\n<meta name=\"description\" content=\"Manter uma alimenta\u00e7\u00e3o saud\u00e1vel \u00e9 fundamental para assegurar energia, prevenir doen\u00e7as e melhorar a qualidade de vida. Certos alimentos s\u00e3o ricos em nutrientes essenciais para o funcionamento adequado do organismo e incorpor\u00e1-los ao dia a dia \u00e9 o primeiro passo rumo a um estilo de vida saud\u00e1vel.\" \/>\n<meta name=\"robots\" content=\"index, follow, max-snippet:-1, max-image-preview:large, max-video-preview:-1\" \/>\n<link rel=\"canonical\" href=\"https:\/\/www.em.com.br\/emfoco\/2025\/01\/18\/quais-alimentos-voce-deve-comer-todos-os-dias-descubra\/\" \/>\n<meta property=\"og:locale\" content=\"pt_BR\" \/>\n<meta property=\"og:type\" content=\"article\" \/>\n<meta property=\"og:title\" content=\"Quais Alimentos Voc\u00ea Deve Comer Todos os Dias? Descubra! - Estado de Minas - Em foco\" \/>\n<meta property=\"og:description\" content=\"Manter uma alimenta\u00e7\u00e3o saud\u00e1vel \u00e9 fundamental para assegurar energia, prevenir doen\u00e7as e melhorar a qualidade de vida. Certos alimentos s\u00e3o ricos em nutrientes essenciais para o funcionamento adequado do organismo e incorpor\u00e1-los ao dia a dia \u00e9 o primeiro passo rumo a um estilo de vida saud\u00e1vel.\" \/>\n<meta property=\"og:url\" content=\"https:\/\/www.em.com.br\/emfoco\/2025\/01\/18\/quais-alimentos-voce-deve-comer-todos-os-dias-descubra\/\" \/>\n<meta property=\"og:site_name\" content=\"Estado de Minas - Em foco\" \/>\n<meta property=\"article:published_time\" content=\"2025-01-18T16:59:00+00:00\" \/>\n<meta property=\"article:modified_time\" content=\"2025-01-17T17:29:30+00:00\" \/>\n<meta property=\"og:image\" content=\"https:\/\/www.em.com.br\/emfoco\/wp-content\/uploads\/2025\/01\/httpsneural.myth_.devstaticcachea6eb5f3d-d200-42da-89b4-2f7e0d98d898.jpeg\" \/>\n\t<meta property=\"og:image:width\" content=\"1280\" \/>\n\t<meta property=\"og:image:height\" content=\"720\" \/>\n\t<meta property=\"og:image:type\" content=\"image\/jpeg\" \/>\n<meta name=\"author\" content=\"Guilherme\" \/>\n<meta name=\"twitter:card\" content=\"summary_large_image\" \/>\n<meta name=\"twitter:label1\" content=\"Escrito por\" \/>\n\t<meta name=\"twitter:data1\" content=\"Guilherme\" \/>\n\t<meta name=\"twitter:label2\" content=\"Est. tempo de leitura\" \/>\n\t<meta name=\"twitter:data2\" content=\"3 minutos\" \/>\n<!-- \/ Yoast SEO plugin. -->","yoast_head_json":{"title":"Quais Alimentos Voc\u00ea Deve Comer Todos os Dias? Descubra! - Estado de Minas - Em foco","description":"Manter uma alimenta\u00e7\u00e3o saud\u00e1vel \u00e9 fundamental para assegurar energia, prevenir doen\u00e7as e melhorar a qualidade de vida. Certos alimentos s\u00e3o ricos em nutrientes essenciais para o funcionamento adequado do organismo e incorpor\u00e1-los ao dia a dia \u00e9 o primeiro passo rumo a um estilo de vida saud\u00e1vel.","robots":{"index":"index","follow":"follow","max-snippet":"max-snippet:-1","max-image-preview":"max-image-preview:large","max-video-preview":"max-video-preview:-1"},"canonical":"https:\/\/www.em.com.br\/emfoco\/2025\/01\/18\/quais-alimentos-voce-deve-comer-todos-os-dias-descubra\/","og_locale":"pt_BR","og_type":"article","og_title":"Quais Alimentos Voc\u00ea Deve Comer Todos os Dias? Descubra! - Estado de Minas - Em foco","og_description":"Manter uma alimenta\u00e7\u00e3o saud\u00e1vel \u00e9 fundamental para assegurar energia, prevenir doen\u00e7as e melhorar a qualidade de vida. Certos alimentos s\u00e3o ricos em nutrientes essenciais para o funcionamento adequado do organismo e incorpor\u00e1-los ao dia a dia \u00e9 o primeiro passo rumo a um estilo de vida saud\u00e1vel.","og_url":"https:\/\/www.em.com.br\/emfoco\/2025\/01\/18\/quais-alimentos-voce-deve-comer-todos-os-dias-descubra\/","og_site_name":"Estado de Minas - Em foco","article_published_time":"2025-01-18T16:59:00+00:00","article_modified_time":"2025-01-17T17:29:30+00:00","og_image":[{"width":1280,"height":720,"url":"https:\/\/www.em.com.br\/emfoco\/wp-content\/uploads\/2025\/01\/httpsneural.myth_.devstaticcachea6eb5f3d-d200-42da-89b4-2f7e0d98d898.jpeg","type":"image\/jpeg"}],"author":"Guilherme","twitter_card":"summary_large_image","twitter_misc":{"Escrito por":"Guilherme","Est. tempo de leitura":"3 minutos"},"schema":{"@context":"https:\/\/schema.org","@graph":[{"@type":"WebPage","@id":"https:\/\/www.em.com.br\/emfoco\/2025\/01\/18\/quais-alimentos-voce-deve-comer-todos-os-dias-descubra\/","url":"https:\/\/www.em.com.br\/emfoco\/2025\/01\/18\/quais-alimentos-voce-deve-comer-todos-os-dias-descubra\/","name":"Quais Alimentos Voc\u00ea Deve Comer Todos os Dias? Descubra! - Estado de Minas - Em foco","isPartOf":{"@id":"https:\/\/www.em.com.br\/emfoco\/#website"},"primaryImageOfPage":{"@id":"https:\/\/www.em.com.br\/emfoco\/2025\/01\/18\/quais-alimentos-voce-deve-comer-todos-os-dias-descubra\/#primaryimage"},"image":{"@id":"https:\/\/www.em.com.br\/emfoco\/2025\/01\/18\/quais-alimentos-voce-deve-comer-todos-os-dias-descubra\/#primaryimage"},"thumbnailUrl":"https:\/\/www.em.com.br\/emfoco\/wp-content\/uploads\/2025\/01\/httpsneural.myth_.devstaticcachea6eb5f3d-d200-42da-89b4-2f7e0d98d898.jpeg","datePublished":"2025-01-18T16:59:00+00:00","dateModified":"2025-01-17T17:29:30+00:00","author":{"@id":"https:\/\/www.em.com.br\/emfoco\/#\/schema\/person\/097c4a57cc4dc96be3b74aaf7185dd84"},"description":"Manter uma alimenta\u00e7\u00e3o saud\u00e1vel \u00e9 fundamental para assegurar energia, prevenir doen\u00e7as e melhorar a qualidade de vida. Certos alimentos s\u00e3o ricos em nutrientes essenciais para o funcionamento adequado do organismo e incorpor\u00e1-los ao dia a dia \u00e9 o primeiro passo rumo a um estilo de vida saud\u00e1vel.","breadcrumb":{"@id":"https:\/\/www.em.com.br\/emfoco\/2025\/01\/18\/quais-alimentos-voce-deve-comer-todos-os-dias-descubra\/#breadcrumb"},"inLanguage":"pt-BR","potentialAction":[{"@type":"ReadAction","target":["https:\/\/www.em.com.br\/emfoco\/2025\/01\/18\/quais-alimentos-voce-deve-comer-todos-os-dias-descubra\/"]}]},{"@type":"ImageObject","inLanguage":"pt-BR","@id":"https:\/\/www.em.com.br\/emfoco\/2025\/01\/18\/quais-alimentos-voce-deve-comer-todos-os-dias-descubra\/#primaryimage","url":"https:\/\/www.em.com.br\/emfoco\/wp-content\/uploads\/2025\/01\/httpsneural.myth_.devstaticcachea6eb5f3d-d200-42da-89b4-2f7e0d98d898.jpeg","contentUrl":"https:\/\/www.em.com.br\/emfoco\/wp-content\/uploads\/2025\/01\/httpsneural.myth_.devstaticcachea6eb5f3d-d200-42da-89b4-2f7e0d98d898.jpeg","width":1280,"height":720,"caption":"Quais Alimentos Voc\u00ea Deve Comer Todos os Dias? Descubra! Cr\u00e9ditos: depositphotos.com \/ VadimVasenin"},{"@type":"BreadcrumbList","@id":"https:\/\/www.em.com.br\/emfoco\/2025\/01\/18\/quais-alimentos-voce-deve-comer-todos-os-dias-descubra\/#breadcrumb","itemListElement":[{"@type":"ListItem","position":1,"name":"In\u00edcio","item":"https:\/\/www.em.com.br\/emfoco\/"},{"@type":"ListItem","position":2,"name":"Quais Alimentos Voc\u00ea Deve Comer Todos os Dias? Descubra!"}]},{"@type":"WebSite","@id":"https:\/\/www.em.com.br\/emfoco\/#website","url":"https:\/\/www.em.com.br\/emfoco\/","name":"Estado de Minas - Em foco","description":"Acompanhe as \u00faltimas not\u00edcias e fique bem informado sobre tudo o que acontece em Minas Gerais, Brasil e no mundo.","potentialAction":[{"@type":"SearchAction","target":{"@type":"EntryPoint","urlTemplate":"https:\/\/www.em.com.br\/emfoco\/?s={search_term_string}"},"query-input":{"@type":"PropertyValueSpecification","valueRequired":true,"valueName":"search_term_string"}}],"inLanguage":"pt-BR"},{"@type":"Person","@id":"https:\/\/www.em.com.br\/emfoco\/#\/schema\/person\/097c4a57cc4dc96be3b74aaf7185dd84","name":"Guilherme","image":{"@type":"ImageObject","inLanguage":"pt-BR","@id":"https:\/\/www.em.com.br\/emfoco\/#\/schema\/person\/image\/","url":"https:\/\/secure.gravatar.com\/avatar\/6a059d20d980bdeb1d1d6b0fa2b4633c?s=96&d=mm&r=g","contentUrl":"https:\/\/secure.gravatar.com\/avatar\/6a059d20d980bdeb1d1d6b0fa2b4633c?s=96&d=mm&r=g","caption":"Guilherme"},"url":"https:\/\/www.em.com.br\/emfoco\/author\/guilhermemyth\/"}]}},"_links":{"self":[{"href":"https:\/\/www.em.com.br\/emfoco\/wp-json\/wp\/v2\/posts\/11506","targetHints":{"allow":["GET"]}}],"collection":[{"href":"https:\/\/www.em.com.br\/emfoco\/wp-json\/wp\/v2\/posts"}],"about":[{"href":"https:\/\/www.em.com.br\/emfoco\/wp-json\/wp\/v2\/types\/post"}],"author":[{"embeddable":true,"href":"https:\/\/www.em.com.br\/emfoco\/wp-json\/wp\/v2\/users\/2"}],"replies":[{"embeddable":true,"href":"https:\/\/www.em.com.br\/emfoco\/wp-json\/wp\/v2\/comments?post=11506"}],"version-history":[{"count":2,"href":"https:\/\/www.em.com.br\/emfoco\/wp-json\/wp\/v2\/posts\/11506\/revisions"}],"predecessor-version":[{"id":11509,"href":"https:\/\/www.em.com.br\/emfoco\/wp-json\/wp\/v2\/posts\/11506\/revisions\/11509"}],"wp:featuredmedia":[{"embeddable":true,"href":"https:\/\/www.em.com.br\/emfoco\/wp-json\/wp\/v2\/media\/11507"}],"wp:attachment":[{"href":"https:\/\/www.em.com.br\/emfoco\/wp-json\/wp\/v2\/media?parent=11506"}],"wp:term":[{"taxonomy":"category","embeddable":true,"href":"https:\/\/www.em.com.br\/emfoco\/wp-json\/wp\/v2\/categories?post=11506"},{"taxonomy":"post_tag","embeddable":true,"href":"https:\/\/www.em.com.br\/emfoco\/wp-json\/wp\/v2\/tags?post=11506"}],"curies":[{"name":"wp","href":"https:\/\/api.w.org\/{rel}","templated":true}]}}