{"id":115043,"date":"2025-10-15T12:45:00","date_gmt":"2025-10-15T15:45:00","guid":{"rendered":"https:\/\/www.em.com.br\/emfoco\/?p=115043"},"modified":"2025-10-14T13:03:42","modified_gmt":"2025-10-14T16:03:42","slug":"medico-alerta-sobre-os-maleficios-dos-medicamentos-para-tdah","status":"publish","type":"post","link":"https:\/\/www.em.com.br\/emfoco\/2025\/10\/15\/medico-alerta-sobre-os-maleficios-dos-medicamentos-para-tdah\/","title":{"rendered":"M\u00e9dico alerta sobre os malef\u00edcios dos medicamentos para TDAH"},"content":{"rendered":"\n<p>Um respeitado&nbsp;<strong>M\u00e9dico<\/strong>&nbsp;compartilhou suas preocupa\u00e7\u00f5es em rela\u00e7\u00e3o aos&nbsp;<strong>medicamentos para TDAH<\/strong>, destacando efeitos colaterais dif\u00edceis de detectar. Em um artigo de opini\u00e3o, ele detalha suas observa\u00e7\u00f5es e sugere abordagens alternativas. Vamos explorar suas afirma\u00e7\u00f5es:<\/p>\n\n\n\n<ul class=\"wp-block-list\">\n<li>Os efeitos colaterais sutis dos medicamentos<\/li>\n\n\n\n<li>Um olhar cr\u00edtico sobre a seguran\u00e7a e efic\u00e1cia<\/li>\n\n\n\n<li>Recomenda\u00e7\u00f5es para tratamentos n\u00e3o medicamentosos<\/li>\n<\/ul>\n\n\n\n<h2 class=\"wp-block-heading\">Quais s\u00e3o os efeitos colaterais sutis dos medicamentos para TDAH?<\/h2>\n\n\n\n<p><a href=\"https:\/\/www.hs.fi\/mielipide\/art-2000011545658.html\" target=\"_blank\" rel=\"noreferrer noopener\">De acordo com o m\u00e9dico\u00a0<strong>Jani Kajanoja<\/strong><\/a>, al\u00e9m de efeitos colaterais mais conhecidos como tens\u00e3o muscular e problemas de sono, ele percebeu mudan\u00e7as mais sutis durante seu tratamento. Esses incluem estreitamento do pensamento, diminui\u00e7\u00e3o da criatividade e dificuldade de empatia. Apesar de sutis, esses efeitos podem influenciar negativamente a qualidade de vida.<\/p>\n\n\n\n<p>Aten\u00e7\u00e3o: Muitos usu\u00e1rios de medicamentos relatam uma sensa\u00e7\u00e3o vaga de mal-estar que \u00e9 dif\u00edcil de definir.<\/p>\n\n\n\n<p>Al\u00e9m disso, estudos em pa\u00edses como&nbsp;<strong>Finl\u00e2ndia<\/strong>&nbsp;e&nbsp;<strong>Estados Unidos<\/strong>&nbsp;t\u00eam apontado para poss\u00edveis altera\u00e7\u00f5es emocionais em jovens que utilizam esses f\u00e1rmacos, refor\u00e7ando a necessidade de observar seus impactos a longo prazo.<\/p>\n\n\n\n<figure class=\"wp-block-image\"><img decoding=\"async\" src=\"https:\/\/www.em.com.br\/emfoco\/wp-content\/uploads\/2025\/08\/atestado-medico_1755378206685-1024x576.jpg\" alt=\"\"\/><figcaption class=\"wp-element-caption\">Visita ao m\u00e9dico &#8211; Cr\u00e9ditos: depositphotos.com \/ assumption111<\/figcaption><\/figure>\n\n\n\n<h2 class=\"wp-block-heading\">Os medicamentos para TDAH s\u00e3o realmente seguros e eficazes?<\/h2>\n\n\n\n<p>Muitos questionam a seguran\u00e7a e a efic\u00e1cia dos medicamentos para TDAH. Jani Kajanoja observa que mais da metade dos usu\u00e1rios interrompem o uso em menos de dois anos, sugerindo que os benef\u00edcios podem n\u00e3o durar ou ser suficientemente convincentes. Ele argumenta que apenas um rigoroso princ\u00edpio de precau\u00e7\u00e3o pode garantir o uso seguro de derivados de anfetamina.<\/p>\n\n\n\n<p>Especialistas de institui\u00e7\u00f5es renomadas, como a&nbsp;<strong>Organiza\u00e7\u00e3o Mundial da Sa\u00fade<\/strong>, tamb\u00e9m ressaltam a import\u00e2ncia de monitoramento cont\u00ednuo para identificar potenciais riscos e adaptar o tratamento conforme necess\u00e1rio.<\/p>\n\n\n\n<h2 class=\"wp-block-heading\">Por que o tratamento n\u00e3o medicamentoso pode ser a melhor op\u00e7\u00e3o?<\/h2>\n\n\n\n<p>Embora tratamentos n\u00e3o medicamentosos possam ser mais caros e trabalhosos, o m\u00e9dico destaca sua import\u00e2ncia a longo prazo. Estrat\u00e9gias como terapia comportamental e mudan\u00e7as no estilo de vida podem oferecer benef\u00edcios sustent\u00e1veis sem os riscos associados aos medicamentos.<\/p>\n\n\n\n<p>Leia tamb\u00e9m: <a href=\"https:\/\/www.em.com.br\/emfoco\/2025\/09\/08\/tdah-pode-aumentar-risco-de-demencia-aponta-estudo-cientifico\/\" target=\"_blank\" rel=\"noreferrer noopener\">TDAH pode aumentar risco de dem\u00eancia, aponta estudo cient\u00edfico<\/a><\/p>\n\n\n\n<h2 class=\"wp-block-heading\">Quais s\u00e3o as principais observa\u00e7\u00f5es feitas pelo m\u00e9dico?<\/h2>\n\n\n\n<ul class=\"wp-block-list\">\n<li>Os efeitos sutis dos medicamentos podem influenciar na criatividade e empatia.<\/li>\n\n\n\n<li>Mais da metade dos usu\u00e1rios abandonam o tratamento em menos de dois anos.<\/li>\n\n\n\n<li>Terapias n\u00e3o medicamentais s\u00e3o recomendadas para benef\u00edcios duradouros.<\/li>\n<\/ul>\n\n\n\n<p>Para aprofundar, considere explorar outras abordagens hol\u00edsticas e ter discuss\u00f5es abertas com profissionais de sa\u00fade sobre suas op\u00e7\u00f5es de tratamento. O acompanhamento com especialistas em sa\u00fade mental, como o&nbsp;<strong>Conselho Federal de Medicina<\/strong>, pode ajudar a individualizar os cuidados para cada caso.<\/p>\n","protected":false},"excerpt":{"rendered":"<p>Um respeitado&nbsp;M\u00e9dico&nbsp;compartilhou suas preocupa\u00e7\u00f5es em rela\u00e7\u00e3o aos&nbsp;medicamentos para TDAH, destacando efeitos colaterais dif\u00edceis de detectar. Em um artigo de opini\u00e3o, ele detalha suas observa\u00e7\u00f5es e sugere abordagens alternativas. Vamos explorar suas afirma\u00e7\u00f5es: Quais s\u00e3o os efeitos colaterais sutis dos medicamentos para TDAH? De acordo com o m\u00e9dico\u00a0Jani Kajanoja, al\u00e9m de efeitos colaterais mais conhecidos como [&hellip;]<\/p>\n","protected":false},"author":11,"featured_media":72523,"comment_status":"open","ping_status":"open","sticky":false,"template":"","format":"standard","meta":{"jnews-multi-image_gallery":[],"jnews_single_post":{"format":"standard"},"jnews_primary_category":[],"jnews_social_meta":[],"jnews_override_counter":[],"footnotes":""},"categories":[1,9053],"tags":[2211,6100,5208],"class_list":["post-115043","post","type-post","status-publish","format-standard","has-post-thumbnail","hentry","category-noticias","category-saude","tag-medicamentos","tag-tdah","tag-tratamento"],"yoast_head":"<!-- This site is optimized with the Yoast SEO plugin v23.8 - https:\/\/yoast.com\/wordpress\/plugins\/seo\/ -->\n<title>M\u00e9dico alerta sobre os malef\u00edcios dos medicamentos para TDAH - Estado de Minas - Em foco<\/title>\n<meta name=\"description\" content=\"Estudos internacionais apontam mudan\u00e7as emocionais sutis em jovens que usam rem\u00e9dios para TDAH.\" \/>\n<meta name=\"robots\" content=\"index, follow, max-snippet:-1, max-image-preview:large, max-video-preview:-1\" \/>\n<link rel=\"canonical\" href=\"https:\/\/www.em.com.br\/emfoco\/2025\/10\/15\/medico-alerta-sobre-os-maleficios-dos-medicamentos-para-tdah\/\" \/>\n<meta property=\"og:locale\" content=\"pt_BR\" \/>\n<meta property=\"og:type\" content=\"article\" \/>\n<meta property=\"og:title\" content=\"M\u00e9dico alerta sobre os malef\u00edcios dos medicamentos para TDAH - Estado de Minas - Em foco\" \/>\n<meta property=\"og:description\" content=\"Estudos internacionais apontam mudan\u00e7as emocionais sutis em jovens que usam rem\u00e9dios para TDAH.\" \/>\n<meta property=\"og:url\" content=\"https:\/\/www.em.com.br\/emfoco\/2025\/10\/15\/medico-alerta-sobre-os-maleficios-dos-medicamentos-para-tdah\/\" \/>\n<meta property=\"og:site_name\" content=\"Estado de Minas - Em foco\" \/>\n<meta property=\"article:published_time\" content=\"2025-10-15T15:45:00+00:00\" \/>\n<meta property=\"article:modified_time\" content=\"2025-10-14T16:03:42+00:00\" \/>\n<meta property=\"og:image\" content=\"https:\/\/www.em.com.br\/emfoco\/wp-content\/uploads\/2025\/07\/suplementos_1751913554997.jpg\" \/>\n\t<meta property=\"og:image:width\" content=\"1279\" \/>\n\t<meta property=\"og:image:height\" content=\"720\" \/>\n\t<meta property=\"og:image:type\" content=\"image\/jpeg\" \/>\n<meta name=\"author\" content=\"Andre\u0301 Rangel\u00a0\" \/>\n<meta name=\"twitter:card\" content=\"summary_large_image\" \/>\n<meta name=\"twitter:label1\" content=\"Escrito por\" \/>\n\t<meta name=\"twitter:data1\" content=\"Andre\u0301 Rangel\u00a0\" \/>\n\t<meta name=\"twitter:label2\" content=\"Est. tempo de leitura\" \/>\n\t<meta name=\"twitter:data2\" content=\"3 minutos\" \/>\n<!-- \/ Yoast SEO plugin. -->","yoast_head_json":{"title":"M\u00e9dico alerta sobre os malef\u00edcios dos medicamentos para TDAH - Estado de Minas - Em foco","description":"Estudos internacionais apontam mudan\u00e7as emocionais sutis em jovens que usam rem\u00e9dios para TDAH.","robots":{"index":"index","follow":"follow","max-snippet":"max-snippet:-1","max-image-preview":"max-image-preview:large","max-video-preview":"max-video-preview:-1"},"canonical":"https:\/\/www.em.com.br\/emfoco\/2025\/10\/15\/medico-alerta-sobre-os-maleficios-dos-medicamentos-para-tdah\/","og_locale":"pt_BR","og_type":"article","og_title":"M\u00e9dico alerta sobre os malef\u00edcios dos medicamentos para TDAH - Estado de Minas - Em foco","og_description":"Estudos internacionais apontam mudan\u00e7as emocionais sutis em jovens que usam rem\u00e9dios para TDAH.","og_url":"https:\/\/www.em.com.br\/emfoco\/2025\/10\/15\/medico-alerta-sobre-os-maleficios-dos-medicamentos-para-tdah\/","og_site_name":"Estado de Minas - Em foco","article_published_time":"2025-10-15T15:45:00+00:00","article_modified_time":"2025-10-14T16:03:42+00:00","og_image":[{"width":1279,"height":720,"url":"https:\/\/www.em.com.br\/emfoco\/wp-content\/uploads\/2025\/07\/suplementos_1751913554997.jpg","type":"image\/jpeg"}],"author":"Andre\u0301 Rangel\u00a0","twitter_card":"summary_large_image","twitter_misc":{"Escrito por":"Andre\u0301 Rangel\u00a0","Est. tempo de leitura":"3 minutos"},"schema":{"@context":"https:\/\/schema.org","@graph":[{"@type":"WebPage","@id":"https:\/\/www.em.com.br\/emfoco\/2025\/10\/15\/medico-alerta-sobre-os-maleficios-dos-medicamentos-para-tdah\/","url":"https:\/\/www.em.com.br\/emfoco\/2025\/10\/15\/medico-alerta-sobre-os-maleficios-dos-medicamentos-para-tdah\/","name":"M\u00e9dico alerta sobre os malef\u00edcios dos medicamentos para TDAH - Estado de Minas - Em foco","isPartOf":{"@id":"https:\/\/www.em.com.br\/emfoco\/#website"},"primaryImageOfPage":{"@id":"https:\/\/www.em.com.br\/emfoco\/2025\/10\/15\/medico-alerta-sobre-os-maleficios-dos-medicamentos-para-tdah\/#primaryimage"},"image":{"@id":"https:\/\/www.em.com.br\/emfoco\/2025\/10\/15\/medico-alerta-sobre-os-maleficios-dos-medicamentos-para-tdah\/#primaryimage"},"thumbnailUrl":"https:\/\/www.em.com.br\/emfoco\/wp-content\/uploads\/2025\/07\/suplementos_1751913554997.jpg","datePublished":"2025-10-15T15:45:00+00:00","dateModified":"2025-10-14T16:03:42+00:00","author":{"@id":"https:\/\/www.em.com.br\/emfoco\/#\/schema\/person\/60eda09c1fedf0d6891f4cef4b60b8b8"},"description":"Estudos internacionais apontam mudan\u00e7as emocionais sutis em jovens que usam rem\u00e9dios para TDAH.","breadcrumb":{"@id":"https:\/\/www.em.com.br\/emfoco\/2025\/10\/15\/medico-alerta-sobre-os-maleficios-dos-medicamentos-para-tdah\/#breadcrumb"},"inLanguage":"pt-BR","potentialAction":[{"@type":"ReadAction","target":["https:\/\/www.em.com.br\/emfoco\/2025\/10\/15\/medico-alerta-sobre-os-maleficios-dos-medicamentos-para-tdah\/"]}]},{"@type":"ImageObject","inLanguage":"pt-BR","@id":"https:\/\/www.em.com.br\/emfoco\/2025\/10\/15\/medico-alerta-sobre-os-maleficios-dos-medicamentos-para-tdah\/#primaryimage","url":"https:\/\/www.em.com.br\/emfoco\/wp-content\/uploads\/2025\/07\/suplementos_1751913554997.jpg","contentUrl":"https:\/\/www.em.com.br\/emfoco\/wp-content\/uploads\/2025\/07\/suplementos_1751913554997.jpg","width":1279,"height":720,"caption":"A decis\u00e3o que colocou um laborat\u00f3rio inteiro sob restri\u00e7\u00e3o - Cr\u00e9ditos: depositphotos.com \/ poznyakov"},{"@type":"BreadcrumbList","@id":"https:\/\/www.em.com.br\/emfoco\/2025\/10\/15\/medico-alerta-sobre-os-maleficios-dos-medicamentos-para-tdah\/#breadcrumb","itemListElement":[{"@type":"ListItem","position":1,"name":"In\u00edcio","item":"https:\/\/www.em.com.br\/emfoco\/"},{"@type":"ListItem","position":2,"name":"M\u00e9dico alerta sobre os malef\u00edcios dos medicamentos para TDAH"}]},{"@type":"WebSite","@id":"https:\/\/www.em.com.br\/emfoco\/#website","url":"https:\/\/www.em.com.br\/emfoco\/","name":"Estado de Minas - Em foco","description":"Acompanhe as \u00faltimas not\u00edcias e fique bem informado sobre tudo o que acontece em Minas Gerais, Brasil e no mundo.","potentialAction":[{"@type":"SearchAction","target":{"@type":"EntryPoint","urlTemplate":"https:\/\/www.em.com.br\/emfoco\/?s={search_term_string}"},"query-input":{"@type":"PropertyValueSpecification","valueRequired":true,"valueName":"search_term_string"}}],"inLanguage":"pt-BR"},{"@type":"Person","@id":"https:\/\/www.em.com.br\/emfoco\/#\/schema\/person\/60eda09c1fedf0d6891f4cef4b60b8b8","name":"Andre\u0301 Rangel\u00a0","image":{"@type":"ImageObject","inLanguage":"pt-BR","@id":"https:\/\/www.em.com.br\/emfoco\/#\/schema\/person\/image\/","url":"https:\/\/secure.gravatar.com\/avatar\/6234dc814c77c8ef6d8bba622c787efc?s=96&d=mm&r=g","contentUrl":"https:\/\/secure.gravatar.com\/avatar\/6234dc814c77c8ef6d8bba622c787efc?s=96&d=mm&r=g","caption":"Andre\u0301 Rangel\u00a0"},"url":"https:\/\/www.em.com.br\/emfoco\/author\/luizmyth\/"}]}},"_links":{"self":[{"href":"https:\/\/www.em.com.br\/emfoco\/wp-json\/wp\/v2\/posts\/115043","targetHints":{"allow":["GET"]}}],"collection":[{"href":"https:\/\/www.em.com.br\/emfoco\/wp-json\/wp\/v2\/posts"}],"about":[{"href":"https:\/\/www.em.com.br\/emfoco\/wp-json\/wp\/v2\/types\/post"}],"author":[{"embeddable":true,"href":"https:\/\/www.em.com.br\/emfoco\/wp-json\/wp\/v2\/users\/11"}],"replies":[{"embeddable":true,"href":"https:\/\/www.em.com.br\/emfoco\/wp-json\/wp\/v2\/comments?post=115043"}],"version-history":[{"count":4,"href":"https:\/\/www.em.com.br\/emfoco\/wp-json\/wp\/v2\/posts\/115043\/revisions"}],"predecessor-version":[{"id":115183,"href":"https:\/\/www.em.com.br\/emfoco\/wp-json\/wp\/v2\/posts\/115043\/revisions\/115183"}],"wp:featuredmedia":[{"embeddable":true,"href":"https:\/\/www.em.com.br\/emfoco\/wp-json\/wp\/v2\/media\/72523"}],"wp:attachment":[{"href":"https:\/\/www.em.com.br\/emfoco\/wp-json\/wp\/v2\/media?parent=115043"}],"wp:term":[{"taxonomy":"category","embeddable":true,"href":"https:\/\/www.em.com.br\/emfoco\/wp-json\/wp\/v2\/categories?post=115043"},{"taxonomy":"post_tag","embeddable":true,"href":"https:\/\/www.em.com.br\/emfoco\/wp-json\/wp\/v2\/tags?post=115043"}],"curies":[{"name":"wp","href":"https:\/\/api.w.org\/{rel}","templated":true}]}}