{"id":11501,"date":"2025-01-18T08:39:00","date_gmt":"2025-01-18T11:39:00","guid":{"rendered":"https:\/\/www.em.com.br\/emfoco\/?p=11501"},"modified":"2025-01-17T14:19:03","modified_gmt":"2025-01-17T17:19:03","slug":"nomes-italianos-para-bebes-em-2025","status":"publish","type":"post","link":"https:\/\/www.em.com.br\/emfoco\/2025\/01\/18\/nomes-italianos-para-bebes-em-2025\/","title":{"rendered":"Nomes italianos para beb\u00eas em 2025"},"content":{"rendered":"\n<p>Nos \u00faltimos anos, nota-se uma crescente popularidade dos <strong>nomes italianos para beb\u00eas<\/strong>, refletindo uma busca por sonoridade delicada e significado cultural profundo. Esses nomes, enraizados na rica tradi\u00e7\u00e3o italiana, oferecem uma combina\u00e7\u00e3o de charme cl\u00e1ssico e modernidade que tem atra\u00eddo a aten\u00e7\u00e3o de pais em todo o mundo.<\/p>\n\n\n\n<p>Escolher um <a href=\"https:\/\/paisefilhos.com.br\/bebes\/nomes-italianos-para-bebes-em-2025\/\" target=\"_blank\" rel=\"noreferrer noopener\">nome<\/a> \u00e9 um processo significativo e envolve considerar aspectos como sonoridade, significado e heran\u00e7a cultural. Nessa jornada, muitos pais optam por nomes que n\u00e3o apenas soam bem, mas tamb\u00e9m carregam hist\u00f3rias e valores que desejam passar para seus filhos. Vamos explorar os nomes italianos mais procurados para meninas e meninos em 2025.<\/p>\n\n\n\n<figure class=\"wp-block-image size-large\"><img loading=\"lazy\" decoding=\"async\" width=\"1024\" height=\"576\" src=\"https:\/\/www.em.com.br\/emfoco\/wp-content\/uploads\/2024\/12\/bebes_1735209524507-1024x576.jpg\" alt=\"Quais os Nomes Mais Queridinhos dos Beb\u00eas Mineiros em 2024?\" class=\"wp-image-6675\" srcset=\"https:\/\/www.em.com.br\/emfoco\/wp-content\/uploads\/2024\/12\/bebes_1735209524507-1024x576.jpg 1024w, https:\/\/www.em.com.br\/emfoco\/wp-content\/uploads\/2024\/12\/bebes_1735209524507-300x169.jpg 300w, https:\/\/www.em.com.br\/emfoco\/wp-content\/uploads\/2024\/12\/bebes_1735209524507-768x432.jpg 768w, https:\/\/www.em.com.br\/emfoco\/wp-content\/uploads\/2024\/12\/bebes_1735209524507-750x422.jpg 750w, https:\/\/www.em.com.br\/emfoco\/wp-content\/uploads\/2024\/12\/bebes_1735209524507-1140x641.jpg 1140w, https:\/\/www.em.com.br\/emfoco\/wp-content\/uploads\/2024\/12\/bebes_1735209524507.jpg 1280w\" sizes=\"auto, (max-width: 1024px) 100vw, 1024px\" \/><figcaption class=\"wp-element-caption\">Foto Ilustrativa de Beb\u00eas &#8211; Cr\u00e9ditos: depositphotos.com \/ AllaSerebrina<\/figcaption><\/figure>\n\n\n\n<h2 class=\"wp-block-heading\">Quais Nomes Italianos S\u00e3o Favoritos para Meninas?<\/h2>\n\n\n\n<p>Para meninas, os <em>nomes italianos<\/em> geralmente s\u00e3o inspirados por figuras lend\u00e1rias da literatura, artes e religi\u00e3o. Nomes como <em>Aurora<\/em>, que simboliza um novo come\u00e7o, e <em>Sofia<\/em>, ligada \u00e0 sabedoria, s\u00e3o adorados por suas associa\u00e7\u00f5es positivas.<\/p>\n\n\n\n<ul class=\"wp-block-list\">\n<li>Valentina<\/li>\n\n\n\n<li>Beatrice<\/li>\n\n\n\n<li>Ginevra<\/li>\n\n\n\n<li>Camilla<\/li>\n\n\n\n<li>Agata<\/li>\n\n\n\n<li>Chiara<\/li>\n\n\n\n<li>Giulia<\/li>\n\n\n\n<li>Luna<\/li>\n\n\n\n<li>Isabella<\/li>\n\n\n\n<li>Amalia<\/li>\n\n\n\n<li>Sofia<\/li>\n\n\n\n<li>Aurora<\/li>\n<\/ul>\n\n\n\n<h2 class=\"wp-block-heading\">Quais Nomes Italianos est\u00e3o em Destaque para Meninos?<\/h2>\n\n\n\n<p>Os nomes para meninos frequentemente remetem a figuras hist\u00f3ricas ou culturais, destacando-se por sua for\u00e7a e tradi\u00e7\u00e3o. Em 2025, <strong>Leonardo<\/strong> continua a ser um dos mais escolhidos, evocando a imagem do renomado artista e inventor renascentista.<\/p>\n\n\n\n<ul class=\"wp-block-list\">\n<li>Giuseppe<\/li>\n\n\n\n<li>Marco<\/li>\n\n\n\n<li>Riccardo<\/li>\n\n\n\n<li>Nicola<\/li>\n\n\n\n<li>Tommaso<\/li>\n\n\n\n<li>Stefano<\/li>\n\n\n\n<li>Andrea<\/li>\n\n\n\n<li>Raffaele<\/li>\n\n\n\n<li>Giacomo<\/li>\n\n\n\n<li>Gaetano<\/li>\n\n\n\n<li>Cesare<\/li>\n\n\n\n<li>Angelo<\/li>\n\n\n\n<li>Salvatore<\/li>\n<\/ul>\n\n\n\n<h2 class=\"wp-block-heading\">Por que os Nomes Italianos Permanecem Populares Mundialmente?<\/h2>\n\n\n\n<p>A perman\u00eancia dos nomes italianos na prefer\u00eancia global est\u00e1 ligada \u00e0 sua <strong>musicalidade<\/strong> e ao rico conte\u00fado hist\u00f3rico. Cada nome guarda uma narrativa \u00fanica e harm\u00f4nica, tornando-os memor\u00e1veis e carregados de simbolismo. A influ\u00eancia cont\u00ednua da cultura italiana em diversas \u00e1reas, como arte e moda, tamb\u00e9m contribui para sua popularidade crescente.<\/p>\n\n\n\n<p>Com o tempo, os nomes italianos demonstraram capacidade de adapta\u00e7\u00e3o \u00e0s novas tend\u00eancias sem perder suas ra\u00edzes. Essa intera\u00e7\u00e3o entre tradi\u00e7\u00e3o e modernidade faz deles uma escolha atraente e significativa para futuros pais, que buscam nomes com profundidade e beleza para seus filhos.<\/p>\n","protected":false},"excerpt":{"rendered":"<p>Nos \u00faltimos anos, nota-se uma crescente popularidade dos nomes italianos para beb\u00eas, refletindo uma busca por sonoridade delicada e significado cultural profundo.<\/p>\n","protected":false},"author":2,"featured_media":11502,"comment_status":"open","ping_status":"open","sticky":false,"template":"","format":"standard","meta":{"jnews-multi-image_gallery":[],"jnews_single_post":{"format":"standard"},"jnews_primary_category":[],"jnews_social_meta":[],"jnews_override_counter":[],"footnotes":""},"categories":[29,1],"tags":[3675,3676,3678,3677],"class_list":["post-11501","post","type-post","status-publish","format-standard","has-post-thumbnail","hentry","category-entretenimento","category-noticias","tag-nomes-de-bebes","tag-nomes-italianos","tag-paternidade","tag-tendencias-para-2025"],"yoast_head":"<!-- This site is optimized with the Yoast SEO plugin v23.8 - https:\/\/yoast.com\/wordpress\/plugins\/seo\/ -->\n<title>Nomes italianos para beb\u00eas em 2025 - Estado de Minas - Em foco<\/title>\n<meta name=\"description\" content=\"Nos \u00faltimos anos, nota-se uma crescente popularidade dos nomes italianos para beb\u00eas, refletindo uma busca por sonoridade delicada e significado cultural profundo.\" \/>\n<meta name=\"robots\" content=\"index, follow, max-snippet:-1, max-image-preview:large, max-video-preview:-1\" \/>\n<link rel=\"canonical\" href=\"https:\/\/www.em.com.br\/emfoco\/2025\/01\/18\/nomes-italianos-para-bebes-em-2025\/\" \/>\n<meta property=\"og:locale\" content=\"pt_BR\" \/>\n<meta property=\"og:type\" content=\"article\" \/>\n<meta property=\"og:title\" content=\"Nomes italianos para beb\u00eas em 2025 - Estado de Minas - Em foco\" \/>\n<meta property=\"og:description\" content=\"Nos \u00faltimos anos, nota-se uma crescente popularidade dos nomes italianos para beb\u00eas, refletindo uma busca por sonoridade delicada e significado cultural profundo.\" \/>\n<meta property=\"og:url\" content=\"https:\/\/www.em.com.br\/emfoco\/2025\/01\/18\/nomes-italianos-para-bebes-em-2025\/\" \/>\n<meta property=\"og:site_name\" content=\"Estado de Minas - Em foco\" \/>\n<meta property=\"article:published_time\" content=\"2025-01-18T11:39:00+00:00\" \/>\n<meta property=\"article:modified_time\" content=\"2025-01-17T17:19:03+00:00\" \/>\n<meta property=\"og:image\" content=\"https:\/\/www.em.com.br\/emfoco\/wp-content\/uploads\/2025\/01\/httpsneural.myth_.devstaticcachede6e6621-65f3-4fca-bbda-35708bbbe7ae.jpeg\" \/>\n\t<meta property=\"og:image:width\" content=\"1280\" \/>\n\t<meta property=\"og:image:height\" content=\"720\" \/>\n\t<meta property=\"og:image:type\" content=\"image\/jpeg\" \/>\n<meta name=\"author\" content=\"Guilherme\" \/>\n<meta name=\"twitter:card\" content=\"summary_large_image\" \/>\n<meta name=\"twitter:label1\" content=\"Escrito por\" \/>\n\t<meta name=\"twitter:data1\" content=\"Guilherme\" \/>\n\t<meta name=\"twitter:label2\" content=\"Est. tempo de leitura\" \/>\n\t<meta name=\"twitter:data2\" content=\"3 minutos\" \/>\n<!-- \/ Yoast SEO plugin. -->","yoast_head_json":{"title":"Nomes italianos para beb\u00eas em 2025 - Estado de Minas - Em foco","description":"Nos \u00faltimos anos, nota-se uma crescente popularidade dos nomes italianos para beb\u00eas, refletindo uma busca por sonoridade delicada e significado cultural profundo.","robots":{"index":"index","follow":"follow","max-snippet":"max-snippet:-1","max-image-preview":"max-image-preview:large","max-video-preview":"max-video-preview:-1"},"canonical":"https:\/\/www.em.com.br\/emfoco\/2025\/01\/18\/nomes-italianos-para-bebes-em-2025\/","og_locale":"pt_BR","og_type":"article","og_title":"Nomes italianos para beb\u00eas em 2025 - Estado de Minas - Em foco","og_description":"Nos \u00faltimos anos, nota-se uma crescente popularidade dos nomes italianos para beb\u00eas, refletindo uma busca por sonoridade delicada e significado cultural profundo.","og_url":"https:\/\/www.em.com.br\/emfoco\/2025\/01\/18\/nomes-italianos-para-bebes-em-2025\/","og_site_name":"Estado de Minas - Em foco","article_published_time":"2025-01-18T11:39:00+00:00","article_modified_time":"2025-01-17T17:19:03+00:00","og_image":[{"width":1280,"height":720,"url":"https:\/\/www.em.com.br\/emfoco\/wp-content\/uploads\/2025\/01\/httpsneural.myth_.devstaticcachede6e6621-65f3-4fca-bbda-35708bbbe7ae.jpeg","type":"image\/jpeg"}],"author":"Guilherme","twitter_card":"summary_large_image","twitter_misc":{"Escrito por":"Guilherme","Est. tempo de leitura":"3 minutos"},"schema":{"@context":"https:\/\/schema.org","@graph":[{"@type":"WebPage","@id":"https:\/\/www.em.com.br\/emfoco\/2025\/01\/18\/nomes-italianos-para-bebes-em-2025\/","url":"https:\/\/www.em.com.br\/emfoco\/2025\/01\/18\/nomes-italianos-para-bebes-em-2025\/","name":"Nomes italianos para beb\u00eas em 2025 - Estado de Minas - Em foco","isPartOf":{"@id":"https:\/\/www.em.com.br\/emfoco\/#website"},"primaryImageOfPage":{"@id":"https:\/\/www.em.com.br\/emfoco\/2025\/01\/18\/nomes-italianos-para-bebes-em-2025\/#primaryimage"},"image":{"@id":"https:\/\/www.em.com.br\/emfoco\/2025\/01\/18\/nomes-italianos-para-bebes-em-2025\/#primaryimage"},"thumbnailUrl":"https:\/\/www.em.com.br\/emfoco\/wp-content\/uploads\/2025\/01\/httpsneural.myth_.devstaticcachede6e6621-65f3-4fca-bbda-35708bbbe7ae.jpeg","datePublished":"2025-01-18T11:39:00+00:00","dateModified":"2025-01-17T17:19:03+00:00","author":{"@id":"https:\/\/www.em.com.br\/emfoco\/#\/schema\/person\/097c4a57cc4dc96be3b74aaf7185dd84"},"description":"Nos \u00faltimos anos, nota-se uma crescente popularidade dos nomes italianos para beb\u00eas, refletindo uma busca por sonoridade delicada e significado cultural profundo.","breadcrumb":{"@id":"https:\/\/www.em.com.br\/emfoco\/2025\/01\/18\/nomes-italianos-para-bebes-em-2025\/#breadcrumb"},"inLanguage":"pt-BR","potentialAction":[{"@type":"ReadAction","target":["https:\/\/www.em.com.br\/emfoco\/2025\/01\/18\/nomes-italianos-para-bebes-em-2025\/"]}]},{"@type":"ImageObject","inLanguage":"pt-BR","@id":"https:\/\/www.em.com.br\/emfoco\/2025\/01\/18\/nomes-italianos-para-bebes-em-2025\/#primaryimage","url":"https:\/\/www.em.com.br\/emfoco\/wp-content\/uploads\/2025\/01\/httpsneural.myth_.devstaticcachede6e6621-65f3-4fca-bbda-35708bbbe7ae.jpeg","contentUrl":"https:\/\/www.em.com.br\/emfoco\/wp-content\/uploads\/2025\/01\/httpsneural.myth_.devstaticcachede6e6621-65f3-4fca-bbda-35708bbbe7ae.jpeg","width":1280,"height":720},{"@type":"BreadcrumbList","@id":"https:\/\/www.em.com.br\/emfoco\/2025\/01\/18\/nomes-italianos-para-bebes-em-2025\/#breadcrumb","itemListElement":[{"@type":"ListItem","position":1,"name":"In\u00edcio","item":"https:\/\/www.em.com.br\/emfoco\/"},{"@type":"ListItem","position":2,"name":"Nomes italianos para beb\u00eas em 2025"}]},{"@type":"WebSite","@id":"https:\/\/www.em.com.br\/emfoco\/#website","url":"https:\/\/www.em.com.br\/emfoco\/","name":"Estado de Minas - Em foco","description":"Acompanhe as \u00faltimas not\u00edcias e fique bem informado sobre tudo o que acontece em Minas Gerais, Brasil e no mundo.","potentialAction":[{"@type":"SearchAction","target":{"@type":"EntryPoint","urlTemplate":"https:\/\/www.em.com.br\/emfoco\/?s={search_term_string}"},"query-input":{"@type":"PropertyValueSpecification","valueRequired":true,"valueName":"search_term_string"}}],"inLanguage":"pt-BR"},{"@type":"Person","@id":"https:\/\/www.em.com.br\/emfoco\/#\/schema\/person\/097c4a57cc4dc96be3b74aaf7185dd84","name":"Guilherme","image":{"@type":"ImageObject","inLanguage":"pt-BR","@id":"https:\/\/www.em.com.br\/emfoco\/#\/schema\/person\/image\/","url":"https:\/\/secure.gravatar.com\/avatar\/6a059d20d980bdeb1d1d6b0fa2b4633c?s=96&d=mm&r=g","contentUrl":"https:\/\/secure.gravatar.com\/avatar\/6a059d20d980bdeb1d1d6b0fa2b4633c?s=96&d=mm&r=g","caption":"Guilherme"},"url":"https:\/\/www.em.com.br\/emfoco\/author\/guilhermemyth\/"}]}},"_links":{"self":[{"href":"https:\/\/www.em.com.br\/emfoco\/wp-json\/wp\/v2\/posts\/11501","targetHints":{"allow":["GET"]}}],"collection":[{"href":"https:\/\/www.em.com.br\/emfoco\/wp-json\/wp\/v2\/posts"}],"about":[{"href":"https:\/\/www.em.com.br\/emfoco\/wp-json\/wp\/v2\/types\/post"}],"author":[{"embeddable":true,"href":"https:\/\/www.em.com.br\/emfoco\/wp-json\/wp\/v2\/users\/2"}],"replies":[{"embeddable":true,"href":"https:\/\/www.em.com.br\/emfoco\/wp-json\/wp\/v2\/comments?post=11501"}],"version-history":[{"count":2,"href":"https:\/\/www.em.com.br\/emfoco\/wp-json\/wp\/v2\/posts\/11501\/revisions"}],"predecessor-version":[{"id":11504,"href":"https:\/\/www.em.com.br\/emfoco\/wp-json\/wp\/v2\/posts\/11501\/revisions\/11504"}],"wp:featuredmedia":[{"embeddable":true,"href":"https:\/\/www.em.com.br\/emfoco\/wp-json\/wp\/v2\/media\/11502"}],"wp:attachment":[{"href":"https:\/\/www.em.com.br\/emfoco\/wp-json\/wp\/v2\/media?parent=11501"}],"wp:term":[{"taxonomy":"category","embeddable":true,"href":"https:\/\/www.em.com.br\/emfoco\/wp-json\/wp\/v2\/categories?post=11501"},{"taxonomy":"post_tag","embeddable":true,"href":"https:\/\/www.em.com.br\/emfoco\/wp-json\/wp\/v2\/tags?post=11501"}],"curies":[{"name":"wp","href":"https:\/\/api.w.org\/{rel}","templated":true}]}}