{"id":11498,"date":"2025-01-18T08:19:00","date_gmt":"2025-01-18T11:19:00","guid":{"rendered":"https:\/\/www.em.com.br\/emfoco\/?p=11498"},"modified":"2025-01-17T14:13:50","modified_gmt":"2025-01-17T17:13:50","slug":"comunicado-importante-para-quem-tem-placa-do-mercosul","status":"publish","type":"post","link":"https:\/\/www.em.com.br\/emfoco\/2025\/01\/18\/comunicado-importante-para-quem-tem-placa-do-mercosul\/","title":{"rendered":"Comunicado importante para quem tem placa do Mercosul"},"content":{"rendered":"\n<p>Em 2024, o Brasil d\u00e1 um passo significativo em dire\u00e7\u00e3o \u00e0 unifica\u00e7\u00e3o regional com a ado\u00e7\u00e3o do novo padr\u00e3o de placas de ve\u00edculos do Mercosul. Essa medida, estabelecida pela Lei 14.562\/23, busca fortalecer a integra\u00e7\u00e3o entre os pa\u00edses do bloco, criando um sistema de identifica\u00e7\u00e3o mais uniforme e moderno.<\/p>\n\n\n\n<p>As novas placas apresentam detalhes que destacam essa unifica\u00e7\u00e3o, como o uso de emblemas padronizados e representa\u00e7\u00f5es das bandeiras de cada pa\u00eds. Embora essa transforma\u00e7\u00e3o apresente avan\u00e7os est\u00e9ticos e funcionais, levanta tamb\u00e9m quest\u00f5es sobre as novas abordagens de seguran\u00e7a que substituem os m\u00e9todos anteriores.<\/p>\n\n\n\n<h2 class=\"wp-block-heading\">Quais S\u00e3o as Caracter\u00edsticas das Placas do Mercosul?<\/h2>\n\n\n\n<p>O sistema de placas do Mercosul adota uma sequ\u00eancia alfanum\u00e9rica comum a todos os pa\u00edses membros, facilitando o reconhecimento e a administra\u00e7\u00e3o veicular al\u00e9m fronteiras. Este modelo visa agilizar os procedimentos de tr\u00e2nsito internacional e melhorar a log\u00edstica entre os participantes do bloco.<\/p>\n\n\n\n<p>A mudan\u00e7a envolve a substitui\u00e7\u00e3o dos lacres f\u00edsicos anteriormente usados, criando a necessidade de novas solu\u00e7\u00f5es tecnol\u00f3gicas para garantir a seguran\u00e7a e impedir falsifica\u00e7\u00f5es. Avan\u00e7os na supervis\u00e3o eletr\u00f4nica tornam-se centrais para salvaguardar a autenticidade do novo sistema de placas.<\/p>\n\n\n\n<figure class=\"wp-block-image size-large\"><img loading=\"lazy\" decoding=\"async\" width=\"1024\" height=\"576\" src=\"https:\/\/www.em.com.br\/emfoco\/wp-content\/uploads\/2024\/11\/e7293c7e-5282-4748-929d-3b6ae486cfdb-1024x576.jpeg\" alt=\"Seu carro tem placa Mercosul? Prepare-se para as novidades aqui! Cr\u00e9ditos: depositphotos.com \/ joasouza\" class=\"wp-image-722\" srcset=\"https:\/\/www.em.com.br\/emfoco\/wp-content\/uploads\/2024\/11\/e7293c7e-5282-4748-929d-3b6ae486cfdb-1024x576.jpeg 1024w, https:\/\/www.em.com.br\/emfoco\/wp-content\/uploads\/2024\/11\/e7293c7e-5282-4748-929d-3b6ae486cfdb-300x169.jpeg 300w, https:\/\/www.em.com.br\/emfoco\/wp-content\/uploads\/2024\/11\/e7293c7e-5282-4748-929d-3b6ae486cfdb-768x432.jpeg 768w, https:\/\/www.em.com.br\/emfoco\/wp-content\/uploads\/2024\/11\/e7293c7e-5282-4748-929d-3b6ae486cfdb-750x422.jpeg 750w, https:\/\/www.em.com.br\/emfoco\/wp-content\/uploads\/2024\/11\/e7293c7e-5282-4748-929d-3b6ae486cfdb-1140x642.jpeg 1140w, https:\/\/www.em.com.br\/emfoco\/wp-content\/uploads\/2024\/11\/e7293c7e-5282-4748-929d-3b6ae486cfdb.jpeg 1279w\" sizes=\"auto, (max-width: 1024px) 100vw, 1024px\" \/><figcaption class=\"wp-element-caption\">Seu carro tem placa Mercosul? Prepare-se para as novidades aqui! Cr\u00e9ditos: depositphotos.com \/ joasouza<\/figcaption><\/figure>\n\n\n\n<h2 class=\"wp-block-heading\">Como as Placas do Mercosul Influenciam a Seguran\u00e7a Vi\u00e1ria?<\/h2>\n\n\n\n<p>A substitui\u00e7\u00e3o de sistemas de seguran\u00e7a tradicionais por solu\u00e7\u00f5es baseadas em tecnologia requer a revis\u00e3o de protocolos de supervis\u00e3o. As normas jur\u00eddicas foram refor\u00e7adas, impondo penalidades rigorosas a qualquer tentativa de fraude, a fim de proteger a confian\u00e7a no novo sistema.<\/p>\n\n\n\n<p>A intera\u00e7\u00e3o entre \u00f3rg\u00e3os de tr\u00e2nsito e a popula\u00e7\u00e3o desempenha um papel crucial na manuten\u00e7\u00e3o da seguran\u00e7a. Investimentos em tecnologias de vigil\u00e2ncia robustas s\u00e3o essenciais para assegurar que a transi\u00e7\u00e3o para o novo modelo de placas n\u00e3o afete negativamente a seguran\u00e7a das vias.<\/p>\n\n\n\n<h2 class=\"wp-block-heading\">Quais Medidas Est\u00e3o em Vigor Para Combater a Fraude?<\/h2>\n\n\n\n<p>Com a implanta\u00e7\u00e3o das novas placas, as leis foram revisadas para introduzir puni\u00e7\u00f5es s\u00e9rias contra fraudes, incluindo desde multas elevadas at\u00e9 penas de pris\u00e3o. Esses ajustes visam dissuadir atividades ilegais e garantir que o sistema permane\u00e7a confi\u00e1vel.<\/p>\n\n\n\n<p>Esfor\u00e7os de conscientiza\u00e7\u00e3o est\u00e3o sendo intensificados, com campanhas educacionais que explicam as novas regras e a import\u00e2ncia de segui-las. Essas iniciativas s\u00e3o vitais para assegurar que a adapta\u00e7\u00e3o ao novo padr\u00e3o ocorra de maneira eficiente e respeitosa \u00e0 legisla\u00e7\u00e3o vigente.<\/p>\n\n\n\n<h2 class=\"wp-block-heading\">Qual o Cronograma Para a Implementa\u00e7\u00e3o das Placas?<\/h2>\n\n\n\n<p>Para ve\u00edculos novos registrados a partir de 2024, a nova placa do Mercosul \u00e9 obrigat\u00f3ria. Ve\u00edculos j\u00e1 em circula\u00e7\u00e3o dever\u00e3o fazer a troca em ocasi\u00f5es espec\u00edficas, como altera\u00e7\u00f5es de propriedade ou mudan\u00e7as de estado. Esse processo gradual foi desenhado para minimizar inconvenientes para os propriet\u00e1rios.<\/p>\n\n\n\n<p>Esclarecer aos propriet\u00e1rios quando a atualiza\u00e7\u00e3o \u00e9 necess\u00e1ria \u00e9 essencial para evitar complica\u00e7\u00f5es legais. As autoridades est\u00e3o empenhadas em engajar e informar a popula\u00e7\u00e3o adequadamente, garantindo uma transi\u00e7\u00e3o suave e bem informada em todo o pa\u00eds.<\/p>\n","protected":false},"excerpt":{"rendered":"<p>Em 2024, o Brasil d\u00e1 um passo significativo em dire\u00e7\u00e3o \u00e0 unifica\u00e7\u00e3o regional com a ado\u00e7\u00e3o do novo padr\u00e3o de placas de ve\u00edculos do Mercosul. Essa medida, estabelecida pela Lei 14.562\/23, busca fortalecer a integra\u00e7\u00e3o entre os pa\u00edses do bloco, criando um sistema de identifica\u00e7\u00e3o mais uniforme e moderno.<\/p>\n","protected":false},"author":2,"featured_media":722,"comment_status":"open","ping_status":"open","sticky":false,"template":"","format":"standard","meta":{"jnews-multi-image_gallery":[],"jnews_single_post":{"format":"standard"},"jnews_primary_category":[],"jnews_social_meta":[],"jnews_override_counter":[],"footnotes":""},"categories":[28,1],"tags":[163,487,3247,3674,2563],"class_list":["post-11498","post","type-post","status-publish","format-standard","has-post-thumbnail","hentry","category-economia","category-noticias","tag-fraude","tag-lei","tag-mercosul","tag-placas-de-veiculos","tag-seguranca-viaria"],"yoast_head":"<!-- This site is optimized with the Yoast SEO plugin v23.8 - https:\/\/yoast.com\/wordpress\/plugins\/seo\/ -->\n<title>Comunicado importante para quem tem placa do Mercosul - Estado de Minas - Em foco<\/title>\n<meta name=\"description\" content=\"Em 2024, o Brasil d\u00e1 um passo significativo em dire\u00e7\u00e3o \u00e0 unifica\u00e7\u00e3o regional com a ado\u00e7\u00e3o do novo padr\u00e3o de placas de ve\u00edculos do Mercosul. Essa medida, estabelecida pela Lei 14.562\/23, busca fortalecer a integra\u00e7\u00e3o entre os pa\u00edses do bloco, criando um sistema de identifica\u00e7\u00e3o mais uniforme e moderno.\" \/>\n<meta name=\"robots\" content=\"index, follow, max-snippet:-1, max-image-preview:large, max-video-preview:-1\" \/>\n<link rel=\"canonical\" href=\"https:\/\/www.em.com.br\/emfoco\/2025\/01\/18\/comunicado-importante-para-quem-tem-placa-do-mercosul\/\" \/>\n<meta property=\"og:locale\" content=\"pt_BR\" \/>\n<meta property=\"og:type\" content=\"article\" \/>\n<meta property=\"og:title\" content=\"Comunicado importante para quem tem placa do Mercosul - Estado de Minas - Em foco\" \/>\n<meta property=\"og:description\" content=\"Em 2024, o Brasil d\u00e1 um passo significativo em dire\u00e7\u00e3o \u00e0 unifica\u00e7\u00e3o regional com a ado\u00e7\u00e3o do novo padr\u00e3o de placas de ve\u00edculos do Mercosul. Essa medida, estabelecida pela Lei 14.562\/23, busca fortalecer a integra\u00e7\u00e3o entre os pa\u00edses do bloco, criando um sistema de identifica\u00e7\u00e3o mais uniforme e moderno.\" \/>\n<meta property=\"og:url\" content=\"https:\/\/www.em.com.br\/emfoco\/2025\/01\/18\/comunicado-importante-para-quem-tem-placa-do-mercosul\/\" \/>\n<meta property=\"og:site_name\" content=\"Estado de Minas - Em foco\" \/>\n<meta property=\"article:published_time\" content=\"2025-01-18T11:19:00+00:00\" \/>\n<meta property=\"article:modified_time\" content=\"2025-01-17T17:13:50+00:00\" \/>\n<meta property=\"og:image\" content=\"https:\/\/www.em.com.br\/emfoco\/wp-content\/uploads\/2024\/11\/e7293c7e-5282-4748-929d-3b6ae486cfdb.jpeg\" \/>\n\t<meta property=\"og:image:width\" content=\"1279\" \/>\n\t<meta property=\"og:image:height\" content=\"720\" \/>\n\t<meta property=\"og:image:type\" content=\"image\/jpeg\" \/>\n<meta name=\"author\" content=\"Guilherme\" \/>\n<meta name=\"twitter:card\" content=\"summary_large_image\" \/>\n<meta name=\"twitter:label1\" content=\"Escrito por\" \/>\n\t<meta name=\"twitter:data1\" content=\"Guilherme\" \/>\n\t<meta name=\"twitter:label2\" content=\"Est. tempo de leitura\" \/>\n\t<meta name=\"twitter:data2\" content=\"3 minutos\" \/>\n<!-- \/ Yoast SEO plugin. -->","yoast_head_json":{"title":"Comunicado importante para quem tem placa do Mercosul - Estado de Minas - Em foco","description":"Em 2024, o Brasil d\u00e1 um passo significativo em dire\u00e7\u00e3o \u00e0 unifica\u00e7\u00e3o regional com a ado\u00e7\u00e3o do novo padr\u00e3o de placas de ve\u00edculos do Mercosul. Essa medida, estabelecida pela Lei 14.562\/23, busca fortalecer a integra\u00e7\u00e3o entre os pa\u00edses do bloco, criando um sistema de identifica\u00e7\u00e3o mais uniforme e moderno.","robots":{"index":"index","follow":"follow","max-snippet":"max-snippet:-1","max-image-preview":"max-image-preview:large","max-video-preview":"max-video-preview:-1"},"canonical":"https:\/\/www.em.com.br\/emfoco\/2025\/01\/18\/comunicado-importante-para-quem-tem-placa-do-mercosul\/","og_locale":"pt_BR","og_type":"article","og_title":"Comunicado importante para quem tem placa do Mercosul - Estado de Minas - Em foco","og_description":"Em 2024, o Brasil d\u00e1 um passo significativo em dire\u00e7\u00e3o \u00e0 unifica\u00e7\u00e3o regional com a ado\u00e7\u00e3o do novo padr\u00e3o de placas de ve\u00edculos do Mercosul. Essa medida, estabelecida pela Lei 14.562\/23, busca fortalecer a integra\u00e7\u00e3o entre os pa\u00edses do bloco, criando um sistema de identifica\u00e7\u00e3o mais uniforme e moderno.","og_url":"https:\/\/www.em.com.br\/emfoco\/2025\/01\/18\/comunicado-importante-para-quem-tem-placa-do-mercosul\/","og_site_name":"Estado de Minas - Em foco","article_published_time":"2025-01-18T11:19:00+00:00","article_modified_time":"2025-01-17T17:13:50+00:00","og_image":[{"width":1279,"height":720,"url":"https:\/\/www.em.com.br\/emfoco\/wp-content\/uploads\/2024\/11\/e7293c7e-5282-4748-929d-3b6ae486cfdb.jpeg","type":"image\/jpeg"}],"author":"Guilherme","twitter_card":"summary_large_image","twitter_misc":{"Escrito por":"Guilherme","Est. tempo de leitura":"3 minutos"},"schema":{"@context":"https:\/\/schema.org","@graph":[{"@type":"WebPage","@id":"https:\/\/www.em.com.br\/emfoco\/2025\/01\/18\/comunicado-importante-para-quem-tem-placa-do-mercosul\/","url":"https:\/\/www.em.com.br\/emfoco\/2025\/01\/18\/comunicado-importante-para-quem-tem-placa-do-mercosul\/","name":"Comunicado importante para quem tem placa do Mercosul - Estado de Minas - Em foco","isPartOf":{"@id":"https:\/\/www.em.com.br\/emfoco\/#website"},"primaryImageOfPage":{"@id":"https:\/\/www.em.com.br\/emfoco\/2025\/01\/18\/comunicado-importante-para-quem-tem-placa-do-mercosul\/#primaryimage"},"image":{"@id":"https:\/\/www.em.com.br\/emfoco\/2025\/01\/18\/comunicado-importante-para-quem-tem-placa-do-mercosul\/#primaryimage"},"thumbnailUrl":"https:\/\/www.em.com.br\/emfoco\/wp-content\/uploads\/2024\/11\/e7293c7e-5282-4748-929d-3b6ae486cfdb.jpeg","datePublished":"2025-01-18T11:19:00+00:00","dateModified":"2025-01-17T17:13:50+00:00","author":{"@id":"https:\/\/www.em.com.br\/emfoco\/#\/schema\/person\/097c4a57cc4dc96be3b74aaf7185dd84"},"description":"Em 2024, o Brasil d\u00e1 um passo significativo em dire\u00e7\u00e3o \u00e0 unifica\u00e7\u00e3o regional com a ado\u00e7\u00e3o do novo padr\u00e3o de placas de ve\u00edculos do Mercosul. Essa medida, estabelecida pela Lei 14.562\/23, busca fortalecer a integra\u00e7\u00e3o entre os pa\u00edses do bloco, criando um sistema de identifica\u00e7\u00e3o mais uniforme e moderno.","breadcrumb":{"@id":"https:\/\/www.em.com.br\/emfoco\/2025\/01\/18\/comunicado-importante-para-quem-tem-placa-do-mercosul\/#breadcrumb"},"inLanguage":"pt-BR","potentialAction":[{"@type":"ReadAction","target":["https:\/\/www.em.com.br\/emfoco\/2025\/01\/18\/comunicado-importante-para-quem-tem-placa-do-mercosul\/"]}]},{"@type":"ImageObject","inLanguage":"pt-BR","@id":"https:\/\/www.em.com.br\/emfoco\/2025\/01\/18\/comunicado-importante-para-quem-tem-placa-do-mercosul\/#primaryimage","url":"https:\/\/www.em.com.br\/emfoco\/wp-content\/uploads\/2024\/11\/e7293c7e-5282-4748-929d-3b6ae486cfdb.jpeg","contentUrl":"https:\/\/www.em.com.br\/emfoco\/wp-content\/uploads\/2024\/11\/e7293c7e-5282-4748-929d-3b6ae486cfdb.jpeg","width":1279,"height":720,"caption":"Seu carro tem placa Mercosul? Prepare-se para as novidades aqui! Cr\u00e9ditos: depositphotos.com \/ joasouza"},{"@type":"BreadcrumbList","@id":"https:\/\/www.em.com.br\/emfoco\/2025\/01\/18\/comunicado-importante-para-quem-tem-placa-do-mercosul\/#breadcrumb","itemListElement":[{"@type":"ListItem","position":1,"name":"In\u00edcio","item":"https:\/\/www.em.com.br\/emfoco\/"},{"@type":"ListItem","position":2,"name":"Comunicado importante para quem tem placa do Mercosul"}]},{"@type":"WebSite","@id":"https:\/\/www.em.com.br\/emfoco\/#website","url":"https:\/\/www.em.com.br\/emfoco\/","name":"Estado de Minas - Em foco","description":"Acompanhe as \u00faltimas not\u00edcias e fique bem informado sobre tudo o que acontece em Minas Gerais, Brasil e no mundo.","potentialAction":[{"@type":"SearchAction","target":{"@type":"EntryPoint","urlTemplate":"https:\/\/www.em.com.br\/emfoco\/?s={search_term_string}"},"query-input":{"@type":"PropertyValueSpecification","valueRequired":true,"valueName":"search_term_string"}}],"inLanguage":"pt-BR"},{"@type":"Person","@id":"https:\/\/www.em.com.br\/emfoco\/#\/schema\/person\/097c4a57cc4dc96be3b74aaf7185dd84","name":"Guilherme","image":{"@type":"ImageObject","inLanguage":"pt-BR","@id":"https:\/\/www.em.com.br\/emfoco\/#\/schema\/person\/image\/","url":"https:\/\/secure.gravatar.com\/avatar\/6a059d20d980bdeb1d1d6b0fa2b4633c?s=96&d=mm&r=g","contentUrl":"https:\/\/secure.gravatar.com\/avatar\/6a059d20d980bdeb1d1d6b0fa2b4633c?s=96&d=mm&r=g","caption":"Guilherme"},"url":"https:\/\/www.em.com.br\/emfoco\/author\/guilhermemyth\/"}]}},"_links":{"self":[{"href":"https:\/\/www.em.com.br\/emfoco\/wp-json\/wp\/v2\/posts\/11498","targetHints":{"allow":["GET"]}}],"collection":[{"href":"https:\/\/www.em.com.br\/emfoco\/wp-json\/wp\/v2\/posts"}],"about":[{"href":"https:\/\/www.em.com.br\/emfoco\/wp-json\/wp\/v2\/types\/post"}],"author":[{"embeddable":true,"href":"https:\/\/www.em.com.br\/emfoco\/wp-json\/wp\/v2\/users\/2"}],"replies":[{"embeddable":true,"href":"https:\/\/www.em.com.br\/emfoco\/wp-json\/wp\/v2\/comments?post=11498"}],"version-history":[{"count":2,"href":"https:\/\/www.em.com.br\/emfoco\/wp-json\/wp\/v2\/posts\/11498\/revisions"}],"predecessor-version":[{"id":11500,"href":"https:\/\/www.em.com.br\/emfoco\/wp-json\/wp\/v2\/posts\/11498\/revisions\/11500"}],"wp:featuredmedia":[{"embeddable":true,"href":"https:\/\/www.em.com.br\/emfoco\/wp-json\/wp\/v2\/media\/722"}],"wp:attachment":[{"href":"https:\/\/www.em.com.br\/emfoco\/wp-json\/wp\/v2\/media?parent=11498"}],"wp:term":[{"taxonomy":"category","embeddable":true,"href":"https:\/\/www.em.com.br\/emfoco\/wp-json\/wp\/v2\/categories?post=11498"},{"taxonomy":"post_tag","embeddable":true,"href":"https:\/\/www.em.com.br\/emfoco\/wp-json\/wp\/v2\/tags?post=11498"}],"curies":[{"name":"wp","href":"https:\/\/api.w.org\/{rel}","templated":true}]}}