{"id":114958,"date":"2025-10-15T18:35:00","date_gmt":"2025-10-15T21:35:00","guid":{"rendered":"https:\/\/www.em.com.br\/emfoco\/?p=114958"},"modified":"2025-10-14T09:05:09","modified_gmt":"2025-10-14T12:05:09","slug":"esse-novo-tipo-de-corte-esta-rejuvenescendo-mulheres-sem-precisar-de-quimica","status":"publish","type":"post","link":"https:\/\/www.em.com.br\/emfoco\/2025\/10\/15\/esse-novo-tipo-de-corte-esta-rejuvenescendo-mulheres-sem-precisar-de-quimica\/","title":{"rendered":"Esse novo tipo de corte est\u00e1 rejuvenescendo mulheres sem precisar de qu\u00edmica"},"content":{"rendered":"\n<p>Depois de uma fase de cabelos longos e lisos, o <strong>corte repicado<\/strong> voltou com for\u00e7a total. A tend\u00eancia da vez aposta em camadas sutis que valorizam o movimento natural dos fios, garantindo um visual moderno, leve e cheio de frescor para os dias mais quentes.<\/p>\n\n\n\n<ul class=\"wp-block-list\">\n<li>Real\u00e7a o movimento natural dos fios com leveza<\/li>\n\n\n\n<li>Funciona em cabelos lisos, ondulados e cacheados<\/li>\n\n\n\n<li>Reflete a tend\u00eancia do \u201cmenos \u00e9 mais\u201d nos cuidados capilares<\/li>\n<\/ul>\n\n\n\n<h2 class=\"wp-block-heading\">Por que o corte repicado est\u00e1 em alta novamente?<\/h2>\n\n\n\n<p>O retorno do <strong>repicado leve<\/strong> mostra uma mudan\u00e7a de comportamento: a beleza natural e o movimento dos fios ganham destaque. Com cortes menos estruturados, o visual transmite liberdade e autenticidade, deixando de lado o aspecto r\u00edgido e artificial dos fios excessivamente alinhados.<\/p>\n\n\n\n<p>Esse estilo valoriza a textura real do cabelo e oferece praticidade no dia a dia. O repicado cria volume nas pontas certas e elimina o peso dos fios, tornando-se o queridinho de quem busca um visual elegante sem perder a naturalidade.<\/p>\n\n\n\n<blockquote class=\"tiktok-embed\" cite=\"https:\/\/www.tiktok.com\/@studio_flora_michele\/video\/7324040757118029061\" data-video-id=\"7324040757118029061\" style=\"max-width: 605px;min-width: 325px;\" > <section> <a target=\"_blank\" title=\"@studio_flora_michele\" href=\"https:\/\/www.tiktok.com\/@studio_flora_michele?refer=embed\">@studio_flora_michele<\/a> Corte em camadas para dar movimento nno cabelo . <a title=\"cortedecabelofeminino\" target=\"_blank\" href=\"https:\/\/www.tiktok.com\/tag\/cortedecabelofeminino?refer=embed\">#cortedecabelofeminino<\/a> <a title=\"cortedecabeloemcamadas\" target=\"_blank\" href=\"https:\/\/www.tiktok.com\/tag\/cortedecabeloemcamadas?refer=embed\">#cortedecabeloemcamadas<\/a> <a title=\"corterepicado\" target=\"_blank\" href=\"https:\/\/www.tiktok.com\/tag\/corterepicado?refer=embed\">#corterepicado<\/a> <a title=\"cabelosvolumosos\" target=\"_blank\" href=\"https:\/\/www.tiktok.com\/tag\/cabelosvolumosos?refer=embed\">#cabelosvolumosos<\/a> <a title=\"ideiadecortedecabelo\" target=\"_blank\" href=\"https:\/\/www.tiktok.com\/tag\/ideiadecortedecabelo?refer=embed\">#ideiadecortedecabelo<\/a> <a title=\"cabeleireira\" target=\"_blank\" href=\"https:\/\/www.tiktok.com\/tag\/cabeleireira?refer=embed\">#cabeleireira<\/a> <a target=\"_blank\" title=\"\u266c som original - studio_flora_michele\" href=\"https:\/\/www.tiktok.com\/music\/som-original-7324040768115444485?refer=embed\">\u266c som original &#8211; studio_flora_michele<\/a> <\/section> <\/blockquote> <script async src=\"https:\/\/www.tiktok.com\/embed.js\"><\/script>\n\n\n\n<h2 class=\"wp-block-heading\">Quais s\u00e3o os principais tipos de repicado para testar?<\/h2>\n\n\n\n<p>Existem diferentes formas de aplicar o <strong><a href=\"https:\/\/stealthelook.com.br\/corte-em-camadas\/\" target=\"_blank\" rel=\"noreferrer noopener\">corte em camadas<\/a><\/strong>, e cada uma delas se adapta ao tipo de cabelo e estilo pessoal. O segredo est\u00e1 em equilibrar volume, leveza e caimento de acordo com o formato do rosto e textura dos fios.<\/p>\n\n\n\n<ul class=\"wp-block-list\">\n<li><strong>Repicado em V:<\/strong> ideal para cabelos longos, mant\u00e9m o comprimento e cria um efeito cascata.<\/li>\n\n\n\n<li><strong>Repicado m\u00e9dio:<\/strong> perfeito para dar balan\u00e7o aos fios e facilitar o movimento.<\/li>\n\n\n\n<li><strong>Repicado curto:<\/strong> moderno e pr\u00e1tico, reduz o peso e garante leveza instant\u00e2nea.<\/li>\n<\/ul>\n\n\n\n<p><em>Leia mais: <a href=\"https:\/\/www.em.com.br\/emfoco\/2025\/10\/14\/o-erro-diario-que-pode-estar-impedindo-seu-cabelo-de-crescer\/\" target=\"_blank\" rel=\"noreferrer noopener\">O erro di\u00e1rio que pode estar impedindo seu cabelo de crescer<\/a><\/em><\/p>\n\n\n\n<h2 class=\"wp-block-heading\">Como o corte repicado valoriza o cabelo natural?<\/h2>\n\n\n\n<p>Mais do que um estilo, o <strong>repicado natural<\/strong> representa uma atitude: aceitar a textura original dos fios. Em tempos de liberdade capilar, o corte permite que lisos ganhem movimento, ondulados se tornem mais definidos e cacheados expressem seu volume com orgulho.<\/p>\n\n\n\n<p>Essa tend\u00eancia acompanha o desejo crescente por praticidade. Menos tempo no espelho e mais confian\u00e7a para exibir o cabelo real \u2014 sem alisamentos ou modelagens excessivas. Um visual leve, livre e totalmente contempor\u00e2neo.<\/p>\n\n\n\n<figure class=\"wp-block-image size-large\"><img loading=\"lazy\" decoding=\"async\" width=\"1024\" height=\"576\" src=\"https:\/\/www.em.com.br\/emfoco\/wp-content\/uploads\/2025\/10\/corte-repicado-cabelo_1760443255813-1024x576.jpg\" alt=\"Esse novo tipo de corte est\u00e1 rejuvenescendo mulheres sem precisar de qu\u00edmica\" class=\"wp-image-114970\" srcset=\"https:\/\/www.em.com.br\/emfoco\/wp-content\/uploads\/2025\/10\/corte-repicado-cabelo_1760443255813-1024x576.jpg 1024w, https:\/\/www.em.com.br\/emfoco\/wp-content\/uploads\/2025\/10\/corte-repicado-cabelo_1760443255813-300x169.jpg 300w, https:\/\/www.em.com.br\/emfoco\/wp-content\/uploads\/2025\/10\/corte-repicado-cabelo_1760443255813-768x432.jpg 768w, https:\/\/www.em.com.br\/emfoco\/wp-content\/uploads\/2025\/10\/corte-repicado-cabelo_1760443255813-750x422.jpg 750w, https:\/\/www.em.com.br\/emfoco\/wp-content\/uploads\/2025\/10\/corte-repicado-cabelo_1760443255813-1140x641.jpg 1140w, https:\/\/www.em.com.br\/emfoco\/wp-content\/uploads\/2025\/10\/corte-repicado-cabelo_1760443255813.jpg 1280w\" sizes=\"auto, (max-width: 1024px) 100vw, 1024px\" \/><figcaption class=\"wp-element-caption\">Versatilidade que adapta o corte \u00e0 textura de cada tipo de fio &#8211; Cr\u00e9ditos: depositphotos.com \/ MillaFedotova<\/figcaption><\/figure>\n\n\n\n<h2 class=\"wp-block-heading\">Como manter o repicado bonito e definido por mais tempo?<\/h2>\n\n\n\n<p>Manter o <strong>corte repicado leve<\/strong> exige poucos cuidados, mas alguns h\u00e1bitos ajudam a preservar o movimento e a sa\u00fade dos fios. O segredo \u00e9 combinar hidrata\u00e7\u00e3o constante com finaliza\u00e7\u00e3o adequada ao tipo de cabelo.<\/p>\n\n\n\n<ul class=\"wp-block-list\">\n<li>Use produtos leves, como leave-ins e \u00f3leos de toque seco.<\/li>\n\n\n\n<li>Evite excesso de calor de secadores e chapinhas.<\/li>\n\n\n\n<li>Agende retoques a cada dois meses para manter as camadas equilibradas.<\/li>\n<\/ul>\n\n\n\n<h2 class=\"wp-block-heading\">Quais truques ajudam a destacar o movimento do corte?<\/h2>\n\n\n\n<p>Alguns gestos simples potencializam o efeito do <strong>repicado moderno<\/strong>. Apostar em t\u00e9cnicas de finaliza\u00e7\u00e3o e produtos espec\u00edficos faz toda a diferen\u00e7a no resultado final e mant\u00e9m o cabelo solto, leve e com balan\u00e7o natural.<\/p>\n\n\n\n<ul class=\"wp-block-list\">\n<li>Finalize amassando os fios com mousse ou spray leve.<\/li>\n\n\n\n<li>Fa\u00e7a fitagem em cabelos cacheados para real\u00e7ar as ondas.<\/li>\n\n\n\n<li>Seque o cabelo de cabe\u00e7a para baixo para dar volume nas pontas.<\/li>\n<\/ul>\n\n\n\n<p>O corte que liberta o cabelo da rigidez \u2014 e transforma a rotina em um gesto de leveza.<\/p>\n","protected":false},"excerpt":{"rendered":"<p>Depois de uma fase de cabelos longos e lisos, o corte repicado voltou com for\u00e7a total. A tend\u00eancia da vez aposta em camadas sutis que valorizam o movimento natural dos fios, garantindo um visual moderno, leve e cheio de frescor para os dias mais quentes. Por que o corte repicado est\u00e1 em alta novamente? O [&hellip;]<\/p>\n","protected":false},"author":13,"featured_media":114969,"comment_status":"open","ping_status":"open","sticky":false,"template":"","format":"standard","meta":{"jnews-multi-image_gallery":[],"jnews_single_post":{"format":"standard"},"jnews_primary_category":[],"jnews_social_meta":[],"jnews_override_counter":[],"footnotes":""},"categories":[8819],"tags":[17390,17389,7212],"class_list":["post-114958","post","type-post","status-publish","format-standard","has-post-thumbnail","hentry","category-curiosidades","tag-cabelos-bonitos","tag-corte-repicado","tag-cortes-de-cabelo"],"yoast_head":"<!-- This site is optimized with the Yoast SEO plugin v23.8 - https:\/\/yoast.com\/wordpress\/plugins\/seo\/ -->\n<title>Esse novo tipo de corte est\u00e1 rejuvenescendo mulheres sem precisar de qu\u00edmica - Estado de Minas - Em foco<\/title>\n<meta name=\"description\" content=\"Corte repicado leve volta como tend\u00eancia, valorizando o movimento natural dos fios e trazendo frescor ao visual com muita leveza.\" \/>\n<meta name=\"robots\" content=\"index, follow, max-snippet:-1, max-image-preview:large, max-video-preview:-1\" \/>\n<link rel=\"canonical\" href=\"https:\/\/www.em.com.br\/emfoco\/2025\/10\/15\/esse-novo-tipo-de-corte-esta-rejuvenescendo-mulheres-sem-precisar-de-quimica\/\" \/>\n<meta property=\"og:locale\" content=\"pt_BR\" \/>\n<meta property=\"og:type\" content=\"article\" \/>\n<meta property=\"og:title\" content=\"Esse novo tipo de corte est\u00e1 rejuvenescendo mulheres sem precisar de qu\u00edmica - Estado de Minas - Em foco\" \/>\n<meta property=\"og:description\" content=\"Corte repicado leve volta como tend\u00eancia, valorizando o movimento natural dos fios e trazendo frescor ao visual com muita leveza.\" \/>\n<meta property=\"og:url\" content=\"https:\/\/www.em.com.br\/emfoco\/2025\/10\/15\/esse-novo-tipo-de-corte-esta-rejuvenescendo-mulheres-sem-precisar-de-quimica\/\" \/>\n<meta property=\"og:site_name\" content=\"Estado de Minas - Em foco\" \/>\n<meta property=\"article:published_time\" content=\"2025-10-15T21:35:00+00:00\" \/>\n<meta property=\"article:modified_time\" content=\"2025-10-14T12:05:09+00:00\" \/>\n<meta property=\"og:image\" content=\"https:\/\/www.em.com.br\/emfoco\/wp-content\/uploads\/2025\/10\/corte-repicado-cabelo_1760443083883.jpg\" \/>\n\t<meta property=\"og:image:width\" content=\"1280\" \/>\n\t<meta property=\"og:image:height\" content=\"720\" \/>\n\t<meta property=\"og:image:type\" content=\"image\/jpeg\" \/>\n<meta name=\"author\" content=\"Gabriel Martins\" \/>\n<meta name=\"twitter:card\" content=\"summary_large_image\" \/>\n<meta name=\"twitter:label1\" content=\"Escrito por\" \/>\n\t<meta name=\"twitter:data1\" content=\"Gabriel Martins\" \/>\n\t<meta name=\"twitter:label2\" content=\"Est. tempo de leitura\" \/>\n\t<meta name=\"twitter:data2\" content=\"4 minutos\" \/>\n<!-- \/ Yoast SEO plugin. -->","yoast_head_json":{"title":"Esse novo tipo de corte est\u00e1 rejuvenescendo mulheres sem precisar de qu\u00edmica - Estado de Minas - Em foco","description":"Corte repicado leve volta como tend\u00eancia, valorizando o movimento natural dos fios e trazendo frescor ao visual com muita leveza.","robots":{"index":"index","follow":"follow","max-snippet":"max-snippet:-1","max-image-preview":"max-image-preview:large","max-video-preview":"max-video-preview:-1"},"canonical":"https:\/\/www.em.com.br\/emfoco\/2025\/10\/15\/esse-novo-tipo-de-corte-esta-rejuvenescendo-mulheres-sem-precisar-de-quimica\/","og_locale":"pt_BR","og_type":"article","og_title":"Esse novo tipo de corte est\u00e1 rejuvenescendo mulheres sem precisar de qu\u00edmica - Estado de Minas - Em foco","og_description":"Corte repicado leve volta como tend\u00eancia, valorizando o movimento natural dos fios e trazendo frescor ao visual com muita leveza.","og_url":"https:\/\/www.em.com.br\/emfoco\/2025\/10\/15\/esse-novo-tipo-de-corte-esta-rejuvenescendo-mulheres-sem-precisar-de-quimica\/","og_site_name":"Estado de Minas - Em foco","article_published_time":"2025-10-15T21:35:00+00:00","article_modified_time":"2025-10-14T12:05:09+00:00","og_image":[{"width":1280,"height":720,"url":"https:\/\/www.em.com.br\/emfoco\/wp-content\/uploads\/2025\/10\/corte-repicado-cabelo_1760443083883.jpg","type":"image\/jpeg"}],"author":"Gabriel Martins","twitter_card":"summary_large_image","twitter_misc":{"Escrito por":"Gabriel Martins","Est. tempo de leitura":"4 minutos"},"schema":{"@context":"https:\/\/schema.org","@graph":[{"@type":"WebPage","@id":"https:\/\/www.em.com.br\/emfoco\/2025\/10\/15\/esse-novo-tipo-de-corte-esta-rejuvenescendo-mulheres-sem-precisar-de-quimica\/","url":"https:\/\/www.em.com.br\/emfoco\/2025\/10\/15\/esse-novo-tipo-de-corte-esta-rejuvenescendo-mulheres-sem-precisar-de-quimica\/","name":"Esse novo tipo de corte est\u00e1 rejuvenescendo mulheres sem precisar de qu\u00edmica - Estado de Minas - Em foco","isPartOf":{"@id":"https:\/\/www.em.com.br\/emfoco\/#website"},"primaryImageOfPage":{"@id":"https:\/\/www.em.com.br\/emfoco\/2025\/10\/15\/esse-novo-tipo-de-corte-esta-rejuvenescendo-mulheres-sem-precisar-de-quimica\/#primaryimage"},"image":{"@id":"https:\/\/www.em.com.br\/emfoco\/2025\/10\/15\/esse-novo-tipo-de-corte-esta-rejuvenescendo-mulheres-sem-precisar-de-quimica\/#primaryimage"},"thumbnailUrl":"https:\/\/www.em.com.br\/emfoco\/wp-content\/uploads\/2025\/10\/corte-repicado-cabelo_1760443083883.jpg","datePublished":"2025-10-15T21:35:00+00:00","dateModified":"2025-10-14T12:05:09+00:00","author":{"@id":"https:\/\/www.em.com.br\/emfoco\/#\/schema\/person\/1c9ddeab18b98abeffef834667bcf08a"},"description":"Corte repicado leve volta como tend\u00eancia, valorizando o movimento natural dos fios e trazendo frescor ao visual com muita leveza.","breadcrumb":{"@id":"https:\/\/www.em.com.br\/emfoco\/2025\/10\/15\/esse-novo-tipo-de-corte-esta-rejuvenescendo-mulheres-sem-precisar-de-quimica\/#breadcrumb"},"inLanguage":"pt-BR","potentialAction":[{"@type":"ReadAction","target":["https:\/\/www.em.com.br\/emfoco\/2025\/10\/15\/esse-novo-tipo-de-corte-esta-rejuvenescendo-mulheres-sem-precisar-de-quimica\/"]}]},{"@type":"ImageObject","inLanguage":"pt-BR","@id":"https:\/\/www.em.com.br\/emfoco\/2025\/10\/15\/esse-novo-tipo-de-corte-esta-rejuvenescendo-mulheres-sem-precisar-de-quimica\/#primaryimage","url":"https:\/\/www.em.com.br\/emfoco\/wp-content\/uploads\/2025\/10\/corte-repicado-cabelo_1760443083883.jpg","contentUrl":"https:\/\/www.em.com.br\/emfoco\/wp-content\/uploads\/2025\/10\/corte-repicado-cabelo_1760443083883.jpg","width":1280,"height":720,"caption":"Visual leve que valoriza a textura natural dos fios com frescor e movimento - Cr\u00e9ditos: depositphotos.com \/ namak"},{"@type":"BreadcrumbList","@id":"https:\/\/www.em.com.br\/emfoco\/2025\/10\/15\/esse-novo-tipo-de-corte-esta-rejuvenescendo-mulheres-sem-precisar-de-quimica\/#breadcrumb","itemListElement":[{"@type":"ListItem","position":1,"name":"In\u00edcio","item":"https:\/\/www.em.com.br\/emfoco\/"},{"@type":"ListItem","position":2,"name":"Esse novo tipo de corte est\u00e1 rejuvenescendo mulheres sem precisar de qu\u00edmica"}]},{"@type":"WebSite","@id":"https:\/\/www.em.com.br\/emfoco\/#website","url":"https:\/\/www.em.com.br\/emfoco\/","name":"Estado de Minas - Em foco","description":"Acompanhe as \u00faltimas not\u00edcias e fique bem informado sobre tudo o que acontece em Minas Gerais, Brasil e no mundo.","potentialAction":[{"@type":"SearchAction","target":{"@type":"EntryPoint","urlTemplate":"https:\/\/www.em.com.br\/emfoco\/?s={search_term_string}"},"query-input":{"@type":"PropertyValueSpecification","valueRequired":true,"valueName":"search_term_string"}}],"inLanguage":"pt-BR"},{"@type":"Person","@id":"https:\/\/www.em.com.br\/emfoco\/#\/schema\/person\/1c9ddeab18b98abeffef834667bcf08a","name":"Gabriel Martins","image":{"@type":"ImageObject","inLanguage":"pt-BR","@id":"https:\/\/www.em.com.br\/emfoco\/#\/schema\/person\/image\/","url":"https:\/\/secure.gravatar.com\/avatar\/f0f1e2efdfd88f1ad2cb08c5c2731e50?s=96&d=mm&r=g","contentUrl":"https:\/\/secure.gravatar.com\/avatar\/f0f1e2efdfd88f1ad2cb08c5c2731e50?s=96&d=mm&r=g","caption":"Gabriel Martins"},"sameAs":["https:\/\/www.em.com.br\/emfoco\/"],"url":"https:\/\/www.em.com.br\/emfoco\/author\/gabrielmartinsmyth\/"}]}},"_links":{"self":[{"href":"https:\/\/www.em.com.br\/emfoco\/wp-json\/wp\/v2\/posts\/114958","targetHints":{"allow":["GET"]}}],"collection":[{"href":"https:\/\/www.em.com.br\/emfoco\/wp-json\/wp\/v2\/posts"}],"about":[{"href":"https:\/\/www.em.com.br\/emfoco\/wp-json\/wp\/v2\/types\/post"}],"author":[{"embeddable":true,"href":"https:\/\/www.em.com.br\/emfoco\/wp-json\/wp\/v2\/users\/13"}],"replies":[{"embeddable":true,"href":"https:\/\/www.em.com.br\/emfoco\/wp-json\/wp\/v2\/comments?post=114958"}],"version-history":[{"count":1,"href":"https:\/\/www.em.com.br\/emfoco\/wp-json\/wp\/v2\/posts\/114958\/revisions"}],"predecessor-version":[{"id":114971,"href":"https:\/\/www.em.com.br\/emfoco\/wp-json\/wp\/v2\/posts\/114958\/revisions\/114971"}],"wp:featuredmedia":[{"embeddable":true,"href":"https:\/\/www.em.com.br\/emfoco\/wp-json\/wp\/v2\/media\/114969"}],"wp:attachment":[{"href":"https:\/\/www.em.com.br\/emfoco\/wp-json\/wp\/v2\/media?parent=114958"}],"wp:term":[{"taxonomy":"category","embeddable":true,"href":"https:\/\/www.em.com.br\/emfoco\/wp-json\/wp\/v2\/categories?post=114958"},{"taxonomy":"post_tag","embeddable":true,"href":"https:\/\/www.em.com.br\/emfoco\/wp-json\/wp\/v2\/tags?post=114958"}],"curies":[{"name":"wp","href":"https:\/\/api.w.org\/{rel}","templated":true}]}}