{"id":114952,"date":"2025-10-14T08:30:00","date_gmt":"2025-10-14T11:30:00","guid":{"rendered":"https:\/\/www.em.com.br\/emfoco\/?p=114952"},"modified":"2025-10-13T23:22:03","modified_gmt":"2025-10-14T02:22:03","slug":"aprenda-como-cultivar-facilmente-em-casa-a-fruta-mais-doce-do-mundo","status":"publish","type":"post","link":"https:\/\/www.em.com.br\/emfoco\/2025\/10\/14\/aprenda-como-cultivar-facilmente-em-casa-a-fruta-mais-doce-do-mundo\/","title":{"rendered":"Aprenda como cultivar facilmente em casa, a fruta mais doce do mundo"},"content":{"rendered":"\n<p>Voc\u00ea sabia que existe uma fruta que n\u00e3o parece doce, mas que transforma o sabor de qualquer alimento azedo em uma explos\u00e3o de do\u00e7ura? Conhe\u00e7a a&nbsp;<strong>miraculina<\/strong>, e descubra tamb\u00e9m os encantos da&nbsp;<strong>t\u00e2mara<\/strong>, uma fruta naturalmente doce e famosa em&nbsp;<strong>Oriente M\u00e9dio<\/strong>&nbsp;desde a Antiguidade.<\/p>\n\n\n\n<ul class=\"wp-block-list\">\n<li>Entenda o efeito da miraculina no paladar<\/li>\n\n\n\n<li>Aprenda a cultivar a t\u00e2mara e a miraculina<\/li>\n\n\n\n<li>Dicas para colher frutas-doces e saud\u00e1veis<\/li>\n<\/ul>\n\n\n\n<h2 class=\"wp-block-heading\">Qual \u00e9 a fruta mais doce do mundo?<\/h2>\n\n\n\n<p>A fruta considerada a mais&nbsp;<strong>doce do mundo<\/strong>&nbsp;\u00e9 a&nbsp;<strong>curuba-do-mel<\/strong>, ou miraculina. Apesar de n\u00e3o ser doce diretamente, sua prote\u00edna altera o paladar, ado\u00e7ando alimentos \u00e1cidos como lim\u00f5es. Existem relatos de experi\u00eancias curiosas em cidades como&nbsp;<strong>Sydney<\/strong>&nbsp;e&nbsp;<strong>Nairobi<\/strong>, onde a miraculina foi utilizada em eventos gastron\u00f4micos para alterar o sabor dos alimentos.<\/p>\n\n\n\n<p>Outra fruta incr\u00edvel \u00e9 a&nbsp;<strong>t\u00e2mara fresca<\/strong>, com at\u00e9 70% de a\u00e7\u00facares naturais, famosa por seu sabor doce direto.<\/p>\n\n\n\n<h2 class=\"wp-block-heading\">Como cultivar miraculina em casa?<\/h2>\n\n\n\n<p>Cultivar a&nbsp;<strong>miraculina<\/strong>&nbsp;em casa pode ser uma experi\u00eancia gratificante. Ela prospera em climas com temperaturas entre 20\u00b0C e 30\u00b0C. \u00c9 importante evitar geadas, pois temperaturas abaixo de 10\u00b0C podem prejudic\u00e1-la. Em pa\u00edses tropicais como&nbsp;<strong>Brasil<\/strong>, suas chances de sucesso s\u00e3o maiores devido ao clima favor\u00e1vel.<\/p>\n\n\n\n<p>Prefira locais com meia-sombra e solos \u00e1cidos, de pH entre 4,5 e 6,0. Um solo leve, bem drenado e rico em mat\u00e9ria org\u00e2nica \u00e9 ideal.<\/p>\n\n\n\n<figure class=\"wp-block-image\"><img decoding=\"async\" src=\"https:\/\/www.em.com.br\/emfoco\/wp-content\/uploads\/2025\/06\/Fruta-do-milagre-_1749310976947-1024x576.jpg\" alt=\"\"\/><figcaption class=\"wp-element-caption\">Fruta do milagre &#8211; Cr\u00e9ditos: depositphotos.com \/ luknaja<\/figcaption><\/figure>\n\n\n\n<h2 class=\"wp-block-heading\">Quais cuidados s\u00e3o necess\u00e1rios para plantar t\u00e2maras?<\/h2>\n\n\n\n<p>A tamareira, produtora de&nbsp;<strong>t\u00e2maras<\/strong>, desenvolve-se bem em climas quentes e \u00e1ridos. Ela exige temperaturas entre 25\u00b0C e 40\u00b0C e solos arenosos, bem drenados e levemente alcalinos. Os pomares produtivos em pa\u00edses como&nbsp;<strong>Egito<\/strong>&nbsp;e&nbsp;<strong>Ir\u00e3<\/strong>&nbsp;j\u00e1 mostraram que o cultivo pode ser bastante lucrativo em grandes extens\u00f5es de terra.<\/p>\n\n\n\n<p>O plantio pode ser feito por sementes, mas mudas femininas enxertadas s\u00e3o prefer\u00edveis para produ\u00e7\u00e3o comercial, j\u00e1 que a planta \u00e9 dioica (possui plantas masculinas e femininas).<\/p>\n\n\n\n<p>Leia tamb\u00e9m: <a href=\"https:\/\/www.em.com.br\/emfoco\/2025\/10\/13\/aprenda-a-cultivar-folhas-frescas-em-casa-de-forma-simples-e-economica\/\" target=\"_blank\" rel=\"noreferrer noopener\">Aprenda a cultivar folhas frescas em casa de forma simples e econ\u00f4mica<\/a><\/p>\n\n\n\n<h2 class=\"wp-block-heading\">Em quanto tempo a fruta aparece?<\/h2>\n\n\n\n<p>As&nbsp;<strong>miraculina<\/strong>&nbsp;e&nbsp;<strong>t\u00e2mara<\/strong>&nbsp;n\u00e3o s\u00e3o r\u00e1pidas na produ\u00e7\u00e3o. Ambas levam de 3 a 7 anos para frutificar, dependendo das condi\u00e7\u00f5es de cultivo e do m\u00e9todo de plantio. Em regi\u00f5es como o&nbsp;<strong>Nordeste brasileiro<\/strong>, com clima semi\u00e1rido, a t\u00e2mara se adapta melhor e frutifica mais r\u00e1pido do que em regi\u00f5es mais frias.<\/p>\n\n\n\n<p>O cultivo das frutas pode ser gratificante se houver paci\u00eancia e aten\u00e7\u00e3o aos detalhes espec\u00edficos de cada planta.<\/p>\n\n\n\n<h2 class=\"wp-block-heading\">O que considerar antes de plantar?<\/h2>\n\n\n\n<ul class=\"wp-block-list\">\n<li>Espa\u00e7o: a tamareira precisa de bastante espa\u00e7o para crescer<\/li>\n\n\n\n<li>Vasos: a miraculina pode ser cultivada em vasos grandes, mas a tamareira n\u00e3o \u00e9 recomendada para vasos<\/li>\n\n\n\n<li>Poliniza\u00e7\u00e3o: a tamareira precisa de plantas masculinas para polinizar as femininas<\/li>\n<\/ul>\n\n\n\n<h2 class=\"wp-block-heading\">Quais s\u00e3o os benef\u00edcios e experi\u00eancias de cultivar frutas doces?<\/h2>\n\n\n\n<p>A introdu\u00e7\u00e3o da&nbsp;<strong>miraculina<\/strong>&nbsp;e da&nbsp;<strong>t\u00e2mara<\/strong>&nbsp;no seu jardim n\u00e3o s\u00f3 oferece frutas deliciosas, como tamb\u00e9m uma experi\u00eancia \u00fanica de cultivo. Segundo pesquisas do&nbsp;<strong>Instituto Agron\u00f4mico de Campinas<\/strong>, ambas as esp\u00e9cies contribuem significativamente para a diversifica\u00e7\u00e3o agr\u00edcola em propriedades familiares.<\/p>\n\n\n\n<ul class=\"wp-block-list\">\n<li>A miraculina transforma o sabor dos alimentos, tornando os \u00e1cidos doces<\/li>\n\n\n\n<li>A t\u00e2mara \u00e9 fabulosa pelo seu sabor naturalmente doce e pela quantidade de frutose que oferece<\/li>\n\n\n\n<li>O cultivo \u00e9 uma oportunidade de melhorar suas habilidades de jardinagem e paci\u00eancia<\/li>\n<\/ul>\n","protected":false},"excerpt":{"rendered":"<p>Voc\u00ea sabia que existe uma fruta que n\u00e3o parece doce, mas que transforma o sabor de qualquer alimento azedo em uma explos\u00e3o de do\u00e7ura? Conhe\u00e7a a&nbsp;miraculina, e descubra tamb\u00e9m os encantos da&nbsp;t\u00e2mara, uma fruta naturalmente doce e famosa em&nbsp;Oriente M\u00e9dio&nbsp;desde a Antiguidade. Qual \u00e9 a fruta mais doce do mundo? A fruta considerada a mais&nbsp;doce [&hellip;]<\/p>\n","protected":false},"author":11,"featured_media":57280,"comment_status":"open","ping_status":"open","sticky":false,"template":"","format":"standard","meta":{"jnews-multi-image_gallery":[],"jnews_single_post":{"format":"standard"},"jnews_primary_category":[],"jnews_social_meta":[],"jnews_override_counter":[],"footnotes":""},"categories":[8819,1],"tags":[4573,1988,11630,12942,15582],"class_list":["post-114952","post","type-post","status-publish","format-standard","has-post-thumbnail","hentry","category-curiosidades","category-noticias","tag-cultivo-em-casa","tag-fruta","tag-fruta-doce","tag-miraculina","tag-tamara"],"yoast_head":"<!-- This site is optimized with the Yoast SEO plugin v23.8 - https:\/\/yoast.com\/wordpress\/plugins\/seo\/ -->\n<title>Aprenda como cultivar facilmente em casa, a fruta mais doce do mundo - Estado de Minas - Em foco<\/title>\n<meta name=\"description\" content=\"Aprenda como cultivar miraculina e tamareira em casa, duas frutas incr\u00edveis que surpreendem pelo sabor e benef\u00edcios \u00e0 sa\u00fade.\" \/>\n<meta name=\"robots\" content=\"index, follow, max-snippet:-1, max-image-preview:large, max-video-preview:-1\" \/>\n<link rel=\"canonical\" href=\"https:\/\/www.em.com.br\/emfoco\/2025\/10\/14\/aprenda-como-cultivar-facilmente-em-casa-a-fruta-mais-doce-do-mundo\/\" \/>\n<meta property=\"og:locale\" content=\"pt_BR\" \/>\n<meta property=\"og:type\" content=\"article\" \/>\n<meta property=\"og:title\" content=\"Aprenda como cultivar facilmente em casa, a fruta mais doce do mundo - Estado de Minas - Em foco\" \/>\n<meta property=\"og:description\" content=\"Aprenda como cultivar miraculina e tamareira em casa, duas frutas incr\u00edveis que surpreendem pelo sabor e benef\u00edcios \u00e0 sa\u00fade.\" \/>\n<meta property=\"og:url\" content=\"https:\/\/www.em.com.br\/emfoco\/2025\/10\/14\/aprenda-como-cultivar-facilmente-em-casa-a-fruta-mais-doce-do-mundo\/\" \/>\n<meta property=\"og:site_name\" content=\"Estado de Minas - Em foco\" \/>\n<meta property=\"article:published_time\" content=\"2025-10-14T11:30:00+00:00\" \/>\n<meta property=\"article:modified_time\" content=\"2025-10-14T02:22:03+00:00\" \/>\n<meta property=\"og:image\" content=\"https:\/\/www.em.com.br\/emfoco\/wp-content\/uploads\/2025\/06\/Fruta-do-milagre-_1749310940696.jpg\" \/>\n\t<meta property=\"og:image:width\" content=\"1279\" \/>\n\t<meta property=\"og:image:height\" content=\"720\" \/>\n\t<meta property=\"og:image:type\" content=\"image\/jpeg\" \/>\n<meta name=\"author\" content=\"Andre\u0301 Rangel\u00a0\" \/>\n<meta name=\"twitter:card\" content=\"summary_large_image\" \/>\n<meta name=\"twitter:label1\" content=\"Escrito por\" \/>\n\t<meta name=\"twitter:data1\" content=\"Andre\u0301 Rangel\u00a0\" \/>\n\t<meta name=\"twitter:label2\" content=\"Est. tempo de leitura\" \/>\n\t<meta name=\"twitter:data2\" content=\"4 minutos\" \/>\n<!-- \/ Yoast SEO plugin. -->","yoast_head_json":{"title":"Aprenda como cultivar facilmente em casa, a fruta mais doce do mundo - Estado de Minas - Em foco","description":"Aprenda como cultivar miraculina e tamareira em casa, duas frutas incr\u00edveis que surpreendem pelo sabor e benef\u00edcios \u00e0 sa\u00fade.","robots":{"index":"index","follow":"follow","max-snippet":"max-snippet:-1","max-image-preview":"max-image-preview:large","max-video-preview":"max-video-preview:-1"},"canonical":"https:\/\/www.em.com.br\/emfoco\/2025\/10\/14\/aprenda-como-cultivar-facilmente-em-casa-a-fruta-mais-doce-do-mundo\/","og_locale":"pt_BR","og_type":"article","og_title":"Aprenda como cultivar facilmente em casa, a fruta mais doce do mundo - Estado de Minas - Em foco","og_description":"Aprenda como cultivar miraculina e tamareira em casa, duas frutas incr\u00edveis que surpreendem pelo sabor e benef\u00edcios \u00e0 sa\u00fade.","og_url":"https:\/\/www.em.com.br\/emfoco\/2025\/10\/14\/aprenda-como-cultivar-facilmente-em-casa-a-fruta-mais-doce-do-mundo\/","og_site_name":"Estado de Minas - Em foco","article_published_time":"2025-10-14T11:30:00+00:00","article_modified_time":"2025-10-14T02:22:03+00:00","og_image":[{"width":1279,"height":720,"url":"https:\/\/www.em.com.br\/emfoco\/wp-content\/uploads\/2025\/06\/Fruta-do-milagre-_1749310940696.jpg","type":"image\/jpeg"}],"author":"Andre\u0301 Rangel\u00a0","twitter_card":"summary_large_image","twitter_misc":{"Escrito por":"Andre\u0301 Rangel\u00a0","Est. tempo de leitura":"4 minutos"},"schema":{"@context":"https:\/\/schema.org","@graph":[{"@type":"WebPage","@id":"https:\/\/www.em.com.br\/emfoco\/2025\/10\/14\/aprenda-como-cultivar-facilmente-em-casa-a-fruta-mais-doce-do-mundo\/","url":"https:\/\/www.em.com.br\/emfoco\/2025\/10\/14\/aprenda-como-cultivar-facilmente-em-casa-a-fruta-mais-doce-do-mundo\/","name":"Aprenda como cultivar facilmente em casa, a fruta mais doce do mundo - Estado de Minas - Em foco","isPartOf":{"@id":"https:\/\/www.em.com.br\/emfoco\/#website"},"primaryImageOfPage":{"@id":"https:\/\/www.em.com.br\/emfoco\/2025\/10\/14\/aprenda-como-cultivar-facilmente-em-casa-a-fruta-mais-doce-do-mundo\/#primaryimage"},"image":{"@id":"https:\/\/www.em.com.br\/emfoco\/2025\/10\/14\/aprenda-como-cultivar-facilmente-em-casa-a-fruta-mais-doce-do-mundo\/#primaryimage"},"thumbnailUrl":"https:\/\/www.em.com.br\/emfoco\/wp-content\/uploads\/2025\/06\/Fruta-do-milagre-_1749310940696.jpg","datePublished":"2025-10-14T11:30:00+00:00","dateModified":"2025-10-14T02:22:03+00:00","author":{"@id":"https:\/\/www.em.com.br\/emfoco\/#\/schema\/person\/60eda09c1fedf0d6891f4cef4b60b8b8"},"description":"Aprenda como cultivar miraculina e tamareira em casa, duas frutas incr\u00edveis que surpreendem pelo sabor e benef\u00edcios \u00e0 sa\u00fade.","breadcrumb":{"@id":"https:\/\/www.em.com.br\/emfoco\/2025\/10\/14\/aprenda-como-cultivar-facilmente-em-casa-a-fruta-mais-doce-do-mundo\/#breadcrumb"},"inLanguage":"pt-BR","potentialAction":[{"@type":"ReadAction","target":["https:\/\/www.em.com.br\/emfoco\/2025\/10\/14\/aprenda-como-cultivar-facilmente-em-casa-a-fruta-mais-doce-do-mundo\/"]}]},{"@type":"ImageObject","inLanguage":"pt-BR","@id":"https:\/\/www.em.com.br\/emfoco\/2025\/10\/14\/aprenda-como-cultivar-facilmente-em-casa-a-fruta-mais-doce-do-mundo\/#primaryimage","url":"https:\/\/www.em.com.br\/emfoco\/wp-content\/uploads\/2025\/06\/Fruta-do-milagre-_1749310940696.jpg","contentUrl":"https:\/\/www.em.com.br\/emfoco\/wp-content\/uploads\/2025\/06\/Fruta-do-milagre-_1749310940696.jpg","width":1279,"height":720,"caption":"Como cultivar em casa a fruta mais doce - Cr\u00e9ditos: depositphotos.com \/ luknaja"},{"@type":"BreadcrumbList","@id":"https:\/\/www.em.com.br\/emfoco\/2025\/10\/14\/aprenda-como-cultivar-facilmente-em-casa-a-fruta-mais-doce-do-mundo\/#breadcrumb","itemListElement":[{"@type":"ListItem","position":1,"name":"In\u00edcio","item":"https:\/\/www.em.com.br\/emfoco\/"},{"@type":"ListItem","position":2,"name":"Aprenda como cultivar facilmente em casa, a fruta mais doce do mundo"}]},{"@type":"WebSite","@id":"https:\/\/www.em.com.br\/emfoco\/#website","url":"https:\/\/www.em.com.br\/emfoco\/","name":"Estado de Minas - Em foco","description":"Acompanhe as \u00faltimas not\u00edcias e fique bem informado sobre tudo o que acontece em Minas Gerais, Brasil e no mundo.","potentialAction":[{"@type":"SearchAction","target":{"@type":"EntryPoint","urlTemplate":"https:\/\/www.em.com.br\/emfoco\/?s={search_term_string}"},"query-input":{"@type":"PropertyValueSpecification","valueRequired":true,"valueName":"search_term_string"}}],"inLanguage":"pt-BR"},{"@type":"Person","@id":"https:\/\/www.em.com.br\/emfoco\/#\/schema\/person\/60eda09c1fedf0d6891f4cef4b60b8b8","name":"Andre\u0301 Rangel\u00a0","image":{"@type":"ImageObject","inLanguage":"pt-BR","@id":"https:\/\/www.em.com.br\/emfoco\/#\/schema\/person\/image\/","url":"https:\/\/secure.gravatar.com\/avatar\/6234dc814c77c8ef6d8bba622c787efc?s=96&d=mm&r=g","contentUrl":"https:\/\/secure.gravatar.com\/avatar\/6234dc814c77c8ef6d8bba622c787efc?s=96&d=mm&r=g","caption":"Andre\u0301 Rangel\u00a0"},"url":"https:\/\/www.em.com.br\/emfoco\/author\/luizmyth\/"}]}},"_links":{"self":[{"href":"https:\/\/www.em.com.br\/emfoco\/wp-json\/wp\/v2\/posts\/114952","targetHints":{"allow":["GET"]}}],"collection":[{"href":"https:\/\/www.em.com.br\/emfoco\/wp-json\/wp\/v2\/posts"}],"about":[{"href":"https:\/\/www.em.com.br\/emfoco\/wp-json\/wp\/v2\/types\/post"}],"author":[{"embeddable":true,"href":"https:\/\/www.em.com.br\/emfoco\/wp-json\/wp\/v2\/users\/11"}],"replies":[{"embeddable":true,"href":"https:\/\/www.em.com.br\/emfoco\/wp-json\/wp\/v2\/comments?post=114952"}],"version-history":[{"count":3,"href":"https:\/\/www.em.com.br\/emfoco\/wp-json\/wp\/v2\/posts\/114952\/revisions"}],"predecessor-version":[{"id":114955,"href":"https:\/\/www.em.com.br\/emfoco\/wp-json\/wp\/v2\/posts\/114952\/revisions\/114955"}],"wp:featuredmedia":[{"embeddable":true,"href":"https:\/\/www.em.com.br\/emfoco\/wp-json\/wp\/v2\/media\/57280"}],"wp:attachment":[{"href":"https:\/\/www.em.com.br\/emfoco\/wp-json\/wp\/v2\/media?parent=114952"}],"wp:term":[{"taxonomy":"category","embeddable":true,"href":"https:\/\/www.em.com.br\/emfoco\/wp-json\/wp\/v2\/categories?post=114952"},{"taxonomy":"post_tag","embeddable":true,"href":"https:\/\/www.em.com.br\/emfoco\/wp-json\/wp\/v2\/tags?post=114952"}],"curies":[{"name":"wp","href":"https:\/\/api.w.org\/{rel}","templated":true}]}}