{"id":114911,"date":"2025-10-15T09:25:00","date_gmt":"2025-10-15T12:25:00","guid":{"rendered":"https:\/\/www.em.com.br\/emfoco\/?p=114911"},"modified":"2025-10-13T19:19:34","modified_gmt":"2025-10-13T22:19:34","slug":"erro-comum-no-banheiro-pode-causar-choque-e-voce-nem-percebe","status":"publish","type":"post","link":"https:\/\/www.em.com.br\/emfoco\/2025\/10\/15\/erro-comum-no-banheiro-pode-causar-choque-e-voce-nem-percebe\/","title":{"rendered":"Erro comum no banheiro pode causar choque e voc\u00ea nem percebe"},"content":{"rendered":"\n<p>Banheiro \u00famido, pressa e o secador ligado \u2014 combina\u00e7\u00e3o perigosa que muita gente ignora. A umidade e o contato com superf\u00edcies met\u00e1licas ampliam o risco de <strong>choques el\u00e9tricos<\/strong> e acidentes graves se os cuidados b\u00e1sicos n\u00e3o forem seguidos.<\/p>\n\n\n\n<ul class=\"wp-block-list\">\n<li>Por que o banheiro \u00e9 o ambiente com maior risco el\u00e9trico<\/li>\n\n\n\n<li>H\u00e1bitos comuns que aumentam a chance de choque<\/li>\n\n\n\n<li>Como usar secador e chapinha com seguran\u00e7a<\/li>\n<\/ul>\n\n\n\n<h2 class=\"wp-block-heading\">Por que o banheiro \u00e9 o local mais arriscado para choques?<\/h2>\n\n\n\n<p>O <strong>banheiro<\/strong> concentra umidade, superf\u00edcies met\u00e1licas e aparelhos el\u00e9tricos, criando o cen\u00e1rio perfeito para acidentes. A \u00e1gua \u00e9 um excelente condutor, facilitando o fluxo de corrente e aumentando o risco de <strong>descargas el\u00e9tricas<\/strong> at\u00e9 em contatos m\u00ednimos.<\/p>\n\n\n\n<p>Segundo o <a href=\"https:\/\/www.gov.br\/inmetro\/pt-br\" target=\"_blank\" rel=\"noreferrer noopener\">Inmetro<\/a>, a combina\u00e7\u00e3o de vapor, tomadas pr\u00f3ximas a pias e pisos molhados multiplica o risco de <strong>curtos-circuitos<\/strong>. O choque pode ocorrer mesmo em aparelhos novos, se a rede el\u00e9trica n\u00e3o tiver aterramento adequado ou o disjuntor diferencial residual (DR) estiver ausente.<\/p>\n\n\n\n<figure class=\"wp-block-image size-large\"><img loading=\"lazy\" decoding=\"async\" width=\"1024\" height=\"576\" src=\"https:\/\/www.em.com.br\/emfoco\/wp-content\/uploads\/2025\/10\/Secador-de-cabelo-banheiro_1760393600158-1024x576.jpg\" alt=\"Erro comum no banheiro pode causar choque e voc\u00ea nem percebe\" class=\"wp-image-114918\" srcset=\"https:\/\/www.em.com.br\/emfoco\/wp-content\/uploads\/2025\/10\/Secador-de-cabelo-banheiro_1760393600158-1024x576.jpg 1024w, https:\/\/www.em.com.br\/emfoco\/wp-content\/uploads\/2025\/10\/Secador-de-cabelo-banheiro_1760393600158-300x169.jpg 300w, https:\/\/www.em.com.br\/emfoco\/wp-content\/uploads\/2025\/10\/Secador-de-cabelo-banheiro_1760393600158-768x432.jpg 768w, https:\/\/www.em.com.br\/emfoco\/wp-content\/uploads\/2025\/10\/Secador-de-cabelo-banheiro_1760393600158-750x422.jpg 750w, https:\/\/www.em.com.br\/emfoco\/wp-content\/uploads\/2025\/10\/Secador-de-cabelo-banheiro_1760393600158-1140x641.jpg 1140w, https:\/\/www.em.com.br\/emfoco\/wp-content\/uploads\/2025\/10\/Secador-de-cabelo-banheiro_1760393600158.jpg 1280w\" sizes=\"auto, (max-width: 1024px) 100vw, 1024px\" \/><figcaption class=\"wp-element-caption\">Umidade e superf\u00edcies met\u00e1licas aumentam o risco de choque &#8211; Cr\u00e9ditos: depositphotos.com \/ IgorVetushko<\/figcaption><\/figure>\n\n\n\n<h2 class=\"wp-block-heading\">Quais h\u00e1bitos aumentam o risco sem que voc\u00ea perceba?<\/h2>\n\n\n\n<p>Muitos acidentes acontecem por descuidos di\u00e1rios. O uso de <strong>secadores e chapinhas<\/strong> em locais \u00famidos ou sobre toalhas molhadas cria um ambiente de condu\u00e7\u00e3o el\u00e9trica perigosa. O calor, somado \u00e0 umidade, pode gerar fa\u00edscas e choques instant\u00e2neos.<\/p>\n\n\n\n<ul class=\"wp-block-list\">\n<li>Usar aparelhos el\u00e9tricos pr\u00f3ximos \u00e0 pia ou ao box<\/li>\n\n\n\n<li>Deixar o secador ligado ap\u00f3s o uso<\/li>\n\n\n\n<li>Apoiar equipamentos sobre toalhas \u00famidas ou superf\u00edcies met\u00e1licas<\/li>\n<\/ul>\n\n\n\n<p><em>Leia mais: <a href=\"https:\/\/www.em.com.br\/emfoco\/2025\/10\/13\/o-eletrodomestico-que-mais-causa-incendios-quando-esquecido-ligado\/\" target=\"_blank\" rel=\"noreferrer noopener\">O eletrodom\u00e9stico que mais causa inc\u00eandios quando esquecido ligado<\/a><\/em><\/p>\n\n\n\n<h2 class=\"wp-block-heading\">Como a umidade potencializa o risco de choque el\u00e9trico?<\/h2>\n\n\n\n<p>Ambientes \u00famidos reduzem a resist\u00eancia natural do corpo humano, tornando qualquer <strong>contato el\u00e9trico<\/strong> mais perigoso. At\u00e9 pequenas gotas de \u00e1gua em cabos ou plugues s\u00e3o suficientes para causar uma descarga capaz de provocar queimaduras ou desmaios.<\/p>\n\n\n\n<p>Al\u00e9m disso, o vapor condensa em fios e tomadas, enfraquecendo o isolamento e expondo o circuito. Essa combina\u00e7\u00e3o, somada a maus h\u00e1bitos, transforma o banheiro em uma das \u00e1reas mais cr\u00edticas da casa quando se fala em <strong>seguran\u00e7a el\u00e9trica<\/strong>.<\/p>\n\n\n\n<figure class=\"wp-block-image size-large\"><img loading=\"lazy\" decoding=\"async\" width=\"1024\" height=\"576\" src=\"https:\/\/www.em.com.br\/emfoco\/wp-content\/uploads\/2025\/10\/Secador-de-cabelo-banheiro_1760393713433-1024x576.jpg\" alt=\"Erro comum no banheiro pode causar choque e voc\u00ea nem percebe\" class=\"wp-image-114919\" srcset=\"https:\/\/www.em.com.br\/emfoco\/wp-content\/uploads\/2025\/10\/Secador-de-cabelo-banheiro_1760393713433-1024x576.jpg 1024w, https:\/\/www.em.com.br\/emfoco\/wp-content\/uploads\/2025\/10\/Secador-de-cabelo-banheiro_1760393713433-300x169.jpg 300w, https:\/\/www.em.com.br\/emfoco\/wp-content\/uploads\/2025\/10\/Secador-de-cabelo-banheiro_1760393713433-768x432.jpg 768w, https:\/\/www.em.com.br\/emfoco\/wp-content\/uploads\/2025\/10\/Secador-de-cabelo-banheiro_1760393713433-750x422.jpg 750w, https:\/\/www.em.com.br\/emfoco\/wp-content\/uploads\/2025\/10\/Secador-de-cabelo-banheiro_1760393713433-1140x641.jpg 1140w, https:\/\/www.em.com.br\/emfoco\/wp-content\/uploads\/2025\/10\/Secador-de-cabelo-banheiro_1760393713433.jpg 1280w\" sizes=\"auto, (max-width: 1024px) 100vw, 1024px\" \/><figcaption class=\"wp-element-caption\">Gotas de \u00e1gua em fios j\u00e1 podem causar descargas el\u00e9tricas &#8211; Cr\u00e9ditos: depositphotos.com \/ IgorVetushko<\/figcaption><\/figure>\n\n\n\n<h2 class=\"wp-block-heading\">Como usar aparelhos com seguran\u00e7a no banheiro?<\/h2>\n\n\n\n<p>Os <strong>Bombeiros<\/strong> e o Inmetro alertam que a dist\u00e2ncia m\u00ednima entre o ponto de energia e qualquer fonte de \u00e1gua deve ser de 60 cent\u00edmetros. Sempre verifique se o plugue est\u00e1 seco e se o fio n\u00e3o apresenta rachaduras ou danos vis\u00edveis antes de ligar o equipamento.<\/p>\n\n\n\n<ul class=\"wp-block-list\">\n<li>Instale tomadas com prote\u00e7\u00e3o e aterramento<\/li>\n\n\n\n<li>Use o disjuntor DR para interromper fugas de corrente<\/li>\n\n\n\n<li>Guarde o secador longe de \u00e1reas molhadas ap\u00f3s o uso<\/li>\n<\/ul>\n\n\n\n<h2 class=\"wp-block-heading\">Quais cuidados extras garantem mais seguran\u00e7a no dia a dia?<\/h2>\n\n\n\n<p>Prevenir \u00e9 mais f\u00e1cil do que reparar os danos. Al\u00e9m de seguir as orienta\u00e7\u00f5es oficiais, manter o ambiente sempre seco e verificar periodicamente a rede el\u00e9trica \u00e9 essencial. A <strong>manuten\u00e7\u00e3o preventiva<\/strong> evita surpresas e acidentes dom\u00e9sticos.<\/p>\n\n\n\n<ul class=\"wp-block-list\">\n<li>Evite usar extens\u00f5es dentro do banheiro<\/li>\n\n\n\n<li>Desligue todos os aparelhos da tomada ap\u00f3s o uso<\/li>\n\n\n\n<li>Fa\u00e7a revis\u00f5es el\u00e9tricas anuais com profissionais qualificados<\/li>\n<\/ul>\n\n\n\n<p>Secar o cabelo \u00e9 rotina, mas a <strong>seguran\u00e7a vem antes<\/strong> \u2014 mantenha o aparelho longe da \u00e1gua e desligue sempre ap\u00f3s o uso. Um simples cuidado pode evitar choques e preservar sua integridade f\u00edsica todos os dias.<\/p>\n","protected":false},"excerpt":{"rendered":"<p>Banheiro \u00famido, pressa e o secador ligado \u2014 combina\u00e7\u00e3o perigosa que muita gente ignora. A umidade e o contato com superf\u00edcies met\u00e1licas ampliam o risco de choques el\u00e9tricos e acidentes graves se os cuidados b\u00e1sicos n\u00e3o forem seguidos. Por que o banheiro \u00e9 o local mais arriscado para choques? O banheiro concentra umidade, superf\u00edcies met\u00e1licas [&hellip;]<\/p>\n","protected":false},"author":13,"featured_media":114917,"comment_status":"open","ping_status":"open","sticky":false,"template":"","format":"standard","meta":{"jnews-multi-image_gallery":[],"jnews_single_post":{"format":"standard"},"jnews_primary_category":[],"jnews_social_meta":[],"jnews_override_counter":[],"footnotes":""},"categories":[8819],"tags":[10013,17385,15679],"class_list":["post-114911","post","type-post","status-publish","format-standard","has-post-thumbnail","hentry","category-curiosidades","tag-banheiro","tag-choques","tag-curto-circuito"],"yoast_head":"<!-- This site is optimized with the Yoast SEO plugin v23.8 - https:\/\/yoast.com\/wordpress\/plugins\/seo\/ -->\n<title>Erro comum no banheiro pode causar choque e voc\u00ea nem percebe - Estado de Minas - Em foco<\/title>\n<meta name=\"description\" content=\"A umidade e o uso de aparelhos el\u00e9tricos no banheiro aumentam o risco de acidentes com choques el\u00e9tricos at\u00e9 mesmo em aparelhos novos.\" \/>\n<meta name=\"robots\" content=\"index, follow, max-snippet:-1, max-image-preview:large, max-video-preview:-1\" \/>\n<link rel=\"canonical\" href=\"https:\/\/www.em.com.br\/emfoco\/2025\/10\/15\/erro-comum-no-banheiro-pode-causar-choque-e-voce-nem-percebe\/\" \/>\n<meta property=\"og:locale\" content=\"pt_BR\" \/>\n<meta property=\"og:type\" content=\"article\" \/>\n<meta property=\"og:title\" content=\"Erro comum no banheiro pode causar choque e voc\u00ea nem percebe - Estado de Minas - Em foco\" \/>\n<meta property=\"og:description\" content=\"A umidade e o uso de aparelhos el\u00e9tricos no banheiro aumentam o risco de acidentes com choques el\u00e9tricos at\u00e9 mesmo em aparelhos novos.\" \/>\n<meta property=\"og:url\" content=\"https:\/\/www.em.com.br\/emfoco\/2025\/10\/15\/erro-comum-no-banheiro-pode-causar-choque-e-voce-nem-percebe\/\" \/>\n<meta property=\"og:site_name\" content=\"Estado de Minas - Em foco\" \/>\n<meta property=\"article:published_time\" content=\"2025-10-15T12:25:00+00:00\" \/>\n<meta property=\"article:modified_time\" content=\"2025-10-13T22:19:34+00:00\" \/>\n<meta property=\"og:image\" content=\"https:\/\/www.em.com.br\/emfoco\/wp-content\/uploads\/2025\/10\/Choque-eletrico_1760393562111.jpg\" \/>\n\t<meta property=\"og:image:width\" content=\"1280\" \/>\n\t<meta property=\"og:image:height\" content=\"720\" \/>\n\t<meta property=\"og:image:type\" content=\"image\/jpeg\" \/>\n<meta name=\"author\" content=\"Gabriel Martins\" \/>\n<meta name=\"twitter:card\" content=\"summary_large_image\" \/>\n<meta name=\"twitter:label1\" content=\"Escrito por\" \/>\n\t<meta name=\"twitter:data1\" content=\"Gabriel Martins\" \/>\n\t<meta name=\"twitter:label2\" content=\"Est. tempo de leitura\" \/>\n\t<meta name=\"twitter:data2\" content=\"4 minutos\" \/>\n<!-- \/ Yoast SEO plugin. -->","yoast_head_json":{"title":"Erro comum no banheiro pode causar choque e voc\u00ea nem percebe - Estado de Minas - Em foco","description":"A umidade e o uso de aparelhos el\u00e9tricos no banheiro aumentam o risco de acidentes com choques el\u00e9tricos at\u00e9 mesmo em aparelhos novos.","robots":{"index":"index","follow":"follow","max-snippet":"max-snippet:-1","max-image-preview":"max-image-preview:large","max-video-preview":"max-video-preview:-1"},"canonical":"https:\/\/www.em.com.br\/emfoco\/2025\/10\/15\/erro-comum-no-banheiro-pode-causar-choque-e-voce-nem-percebe\/","og_locale":"pt_BR","og_type":"article","og_title":"Erro comum no banheiro pode causar choque e voc\u00ea nem percebe - Estado de Minas - Em foco","og_description":"A umidade e o uso de aparelhos el\u00e9tricos no banheiro aumentam o risco de acidentes com choques el\u00e9tricos at\u00e9 mesmo em aparelhos novos.","og_url":"https:\/\/www.em.com.br\/emfoco\/2025\/10\/15\/erro-comum-no-banheiro-pode-causar-choque-e-voce-nem-percebe\/","og_site_name":"Estado de Minas - Em foco","article_published_time":"2025-10-15T12:25:00+00:00","article_modified_time":"2025-10-13T22:19:34+00:00","og_image":[{"width":1280,"height":720,"url":"https:\/\/www.em.com.br\/emfoco\/wp-content\/uploads\/2025\/10\/Choque-eletrico_1760393562111.jpg","type":"image\/jpeg"}],"author":"Gabriel Martins","twitter_card":"summary_large_image","twitter_misc":{"Escrito por":"Gabriel Martins","Est. tempo de leitura":"4 minutos"},"schema":{"@context":"https:\/\/schema.org","@graph":[{"@type":"WebPage","@id":"https:\/\/www.em.com.br\/emfoco\/2025\/10\/15\/erro-comum-no-banheiro-pode-causar-choque-e-voce-nem-percebe\/","url":"https:\/\/www.em.com.br\/emfoco\/2025\/10\/15\/erro-comum-no-banheiro-pode-causar-choque-e-voce-nem-percebe\/","name":"Erro comum no banheiro pode causar choque e voc\u00ea nem percebe - Estado de Minas - Em foco","isPartOf":{"@id":"https:\/\/www.em.com.br\/emfoco\/#website"},"primaryImageOfPage":{"@id":"https:\/\/www.em.com.br\/emfoco\/2025\/10\/15\/erro-comum-no-banheiro-pode-causar-choque-e-voce-nem-percebe\/#primaryimage"},"image":{"@id":"https:\/\/www.em.com.br\/emfoco\/2025\/10\/15\/erro-comum-no-banheiro-pode-causar-choque-e-voce-nem-percebe\/#primaryimage"},"thumbnailUrl":"https:\/\/www.em.com.br\/emfoco\/wp-content\/uploads\/2025\/10\/Choque-eletrico_1760393562111.jpg","datePublished":"2025-10-15T12:25:00+00:00","dateModified":"2025-10-13T22:19:34+00:00","author":{"@id":"https:\/\/www.em.com.br\/emfoco\/#\/schema\/person\/1c9ddeab18b98abeffef834667bcf08a"},"description":"A umidade e o uso de aparelhos el\u00e9tricos no banheiro aumentam o risco de acidentes com choques el\u00e9tricos at\u00e9 mesmo em aparelhos novos.","breadcrumb":{"@id":"https:\/\/www.em.com.br\/emfoco\/2025\/10\/15\/erro-comum-no-banheiro-pode-causar-choque-e-voce-nem-percebe\/#breadcrumb"},"inLanguage":"pt-BR","potentialAction":[{"@type":"ReadAction","target":["https:\/\/www.em.com.br\/emfoco\/2025\/10\/15\/erro-comum-no-banheiro-pode-causar-choque-e-voce-nem-percebe\/"]}]},{"@type":"ImageObject","inLanguage":"pt-BR","@id":"https:\/\/www.em.com.br\/emfoco\/2025\/10\/15\/erro-comum-no-banheiro-pode-causar-choque-e-voce-nem-percebe\/#primaryimage","url":"https:\/\/www.em.com.br\/emfoco\/wp-content\/uploads\/2025\/10\/Choque-eletrico_1760393562111.jpg","contentUrl":"https:\/\/www.em.com.br\/emfoco\/wp-content\/uploads\/2025\/10\/Choque-eletrico_1760393562111.jpg","width":1280,"height":720,"caption":"Banheiro \u00famido com aparelhos el\u00e9tricos \u00e9 combina\u00e7\u00e3o perigosa - Cr\u00e9ditos: depositphotos.com \/ focuspocusltd"},{"@type":"BreadcrumbList","@id":"https:\/\/www.em.com.br\/emfoco\/2025\/10\/15\/erro-comum-no-banheiro-pode-causar-choque-e-voce-nem-percebe\/#breadcrumb","itemListElement":[{"@type":"ListItem","position":1,"name":"In\u00edcio","item":"https:\/\/www.em.com.br\/emfoco\/"},{"@type":"ListItem","position":2,"name":"Erro comum no banheiro pode causar choque e voc\u00ea nem percebe"}]},{"@type":"WebSite","@id":"https:\/\/www.em.com.br\/emfoco\/#website","url":"https:\/\/www.em.com.br\/emfoco\/","name":"Estado de Minas - Em foco","description":"Acompanhe as \u00faltimas not\u00edcias e fique bem informado sobre tudo o que acontece em Minas Gerais, Brasil e no mundo.","potentialAction":[{"@type":"SearchAction","target":{"@type":"EntryPoint","urlTemplate":"https:\/\/www.em.com.br\/emfoco\/?s={search_term_string}"},"query-input":{"@type":"PropertyValueSpecification","valueRequired":true,"valueName":"search_term_string"}}],"inLanguage":"pt-BR"},{"@type":"Person","@id":"https:\/\/www.em.com.br\/emfoco\/#\/schema\/person\/1c9ddeab18b98abeffef834667bcf08a","name":"Gabriel Martins","image":{"@type":"ImageObject","inLanguage":"pt-BR","@id":"https:\/\/www.em.com.br\/emfoco\/#\/schema\/person\/image\/","url":"https:\/\/secure.gravatar.com\/avatar\/f0f1e2efdfd88f1ad2cb08c5c2731e50?s=96&d=mm&r=g","contentUrl":"https:\/\/secure.gravatar.com\/avatar\/f0f1e2efdfd88f1ad2cb08c5c2731e50?s=96&d=mm&r=g","caption":"Gabriel Martins"},"sameAs":["https:\/\/www.em.com.br\/emfoco\/"],"url":"https:\/\/www.em.com.br\/emfoco\/author\/gabrielmartinsmyth\/"}]}},"_links":{"self":[{"href":"https:\/\/www.em.com.br\/emfoco\/wp-json\/wp\/v2\/posts\/114911","targetHints":{"allow":["GET"]}}],"collection":[{"href":"https:\/\/www.em.com.br\/emfoco\/wp-json\/wp\/v2\/posts"}],"about":[{"href":"https:\/\/www.em.com.br\/emfoco\/wp-json\/wp\/v2\/types\/post"}],"author":[{"embeddable":true,"href":"https:\/\/www.em.com.br\/emfoco\/wp-json\/wp\/v2\/users\/13"}],"replies":[{"embeddable":true,"href":"https:\/\/www.em.com.br\/emfoco\/wp-json\/wp\/v2\/comments?post=114911"}],"version-history":[{"count":1,"href":"https:\/\/www.em.com.br\/emfoco\/wp-json\/wp\/v2\/posts\/114911\/revisions"}],"predecessor-version":[{"id":114920,"href":"https:\/\/www.em.com.br\/emfoco\/wp-json\/wp\/v2\/posts\/114911\/revisions\/114920"}],"wp:featuredmedia":[{"embeddable":true,"href":"https:\/\/www.em.com.br\/emfoco\/wp-json\/wp\/v2\/media\/114917"}],"wp:attachment":[{"href":"https:\/\/www.em.com.br\/emfoco\/wp-json\/wp\/v2\/media?parent=114911"}],"wp:term":[{"taxonomy":"category","embeddable":true,"href":"https:\/\/www.em.com.br\/emfoco\/wp-json\/wp\/v2\/categories?post=114911"},{"taxonomy":"post_tag","embeddable":true,"href":"https:\/\/www.em.com.br\/emfoco\/wp-json\/wp\/v2\/tags?post=114911"}],"curies":[{"name":"wp","href":"https:\/\/api.w.org\/{rel}","templated":true}]}}