{"id":114910,"date":"2025-10-15T06:55:00","date_gmt":"2025-10-15T09:55:00","guid":{"rendered":"https:\/\/www.em.com.br\/emfoco\/?p=114910"},"modified":"2025-10-13T19:14:48","modified_gmt":"2025-10-13T22:14:48","slug":"anatel-faz-alerta-importante-sobre-o-risco-de-deixar-o-carregador-na-tomada","status":"publish","type":"post","link":"https:\/\/www.em.com.br\/emfoco\/2025\/10\/15\/anatel-faz-alerta-importante-sobre-o-risco-de-deixar-o-carregador-na-tomada\/","title":{"rendered":"Anatel faz alerta importante sobre o risco de deixar o carregador na tomada"},"content":{"rendered":"\n<p>Deixar o carregador do celular na tomada parece inofensivo, mas a <strong>Anatel<\/strong> faz um alerta importante. O acess\u00f3rio continua energizado e pode superaquecer, oferecendo risco de curto-circuito, especialmente em modelos falsificados ou sem certifica\u00e7\u00e3o.<\/p>\n\n\n\n<ul class=\"wp-block-list\">\n<li>Carregadores energizados podem aquecer mesmo sem uso<\/li>\n\n\n\n<li>Modelos falsificados aumentam o risco de inc\u00eandio<\/li>\n\n\n\n<li>Retirar o plugue da tomada \u00e9 o h\u00e1bito mais seguro<\/li>\n<\/ul>\n\n\n\n<h2 class=\"wp-block-heading\">O que realmente acontece quando o carregador fica plugado?<\/h2>\n\n\n\n<p>Mesmo quando n\u00e3o est\u00e1 carregando o celular, o <strong>carregador continua recebendo energia<\/strong>. Esse fluxo constante faz com que os componentes internos aque\u00e7am com o tempo, reduzindo a vida \u00fatil do acess\u00f3rio e aumentando o risco de superaquecimento em tomadas antigas ou mal instaladas.<\/p>\n\n\n\n<p>Al\u00e9m disso, durante tempestades ou oscila\u00e7\u00f5es na rede el\u00e9trica, h\u00e1 maior chance de que o equipamento sofra danos. A Anatel explica que o perigo \u00e9 maior em ambientes \u00famidos ou quando h\u00e1 ac\u00famulo de poeira nas conex\u00f5es, o que pode causar curtos ou fa\u00edscas el\u00e9tricas.<\/p>\n\n\n\n<figure class=\"wp-block-image size-large\"><img loading=\"lazy\" decoding=\"async\" width=\"1024\" height=\"576\" src=\"https:\/\/www.em.com.br\/emfoco\/wp-content\/uploads\/2025\/10\/Tomada-fogo_1760062059513-1024x576.jpg\" alt=\"O aparelho que deve ser desligado durante tempestades para evitar inc\u00eandio\" class=\"wp-image-113622\" srcset=\"https:\/\/www.em.com.br\/emfoco\/wp-content\/uploads\/2025\/10\/Tomada-fogo_1760062059513-1024x576.jpg 1024w, https:\/\/www.em.com.br\/emfoco\/wp-content\/uploads\/2025\/10\/Tomada-fogo_1760062059513-300x169.jpg 300w, https:\/\/www.em.com.br\/emfoco\/wp-content\/uploads\/2025\/10\/Tomada-fogo_1760062059513-768x432.jpg 768w, https:\/\/www.em.com.br\/emfoco\/wp-content\/uploads\/2025\/10\/Tomada-fogo_1760062059513-750x422.jpg 750w, https:\/\/www.em.com.br\/emfoco\/wp-content\/uploads\/2025\/10\/Tomada-fogo_1760062059513-1140x641.jpg 1140w, https:\/\/www.em.com.br\/emfoco\/wp-content\/uploads\/2025\/10\/Tomada-fogo_1760062059513.jpg 1280w\" sizes=\"auto, (max-width: 1024px) 100vw, 1024px\" \/><figcaption class=\"wp-element-caption\">O selo da Anatel garante que o carregador passou por testes de seguran\u00e7a e resist\u00eancia &#8211; Cr\u00e9ditos: depositphotos.com \/ Chonthicha<\/figcaption><\/figure>\n\n\n\n<h2 class=\"wp-block-heading\">Como saber se o carregador \u00e9 realmente certificado pela Anatel?<\/h2>\n\n\n\n<p>Os produtos homologados passam por testes de seguran\u00e7a rigorosos, como o de <strong>carga prolongada<\/strong>, em que o carregador permanece conectado por 28 dias seguidos sem apresentar risco de inc\u00eandio ou choque el\u00e9trico. Somente ap\u00f3s essa etapa ele recebe o selo de certifica\u00e7\u00e3o.<\/p>\n\n\n\n<ul class=\"wp-block-list\">\n<li>Verifique se h\u00e1 selo da <a href=\"https:\/\/www.gov.br\/anatel\/pt-br\" target=\"_blank\" rel=\"noreferrer noopener\"><strong>Anatel<\/strong> <\/a>gravado no corpo ou na embalagem;<\/li>\n\n\n\n<li>Desconfie de pre\u00e7os muito baixos ou sem marca conhecida;<\/li>\n\n\n\n<li>Evite comprar em sites sem proced\u00eancia ou em feiras informais.<\/li>\n<\/ul>\n\n\n\n<p><em>Leia mais: <a href=\"https:\/\/www.em.com.br\/emfoco\/2025\/10\/10\/desligar-esses-aparelhos-e-a-chave-para-cortar-10-da-sua-conta-de-luz\/\" target=\"_blank\" rel=\"noreferrer noopener\">Desligar esses aparelhos \u00e9 a chave para cortar 10% da sua conta de luz<\/a><\/em><\/p>\n\n\n\n<h2 class=\"wp-block-heading\">Por que os carregadores falsificados s\u00e3o t\u00e3o perigosos?<\/h2>\n\n\n\n<p>Os modelos falsificados n\u00e3o seguem as normas t\u00e9cnicas exigidas pela <strong>Anatel<\/strong>. Eles utilizam componentes de baixa qualidade, o que aumenta a chance de superaquecimento e falhas no isolamento el\u00e9trico. Em casos extremos, podem at\u00e9 causar choques ou inc\u00eandios dom\u00e9sticos.<\/p>\n\n\n\n<p>Muita gente deixa o celular carregando no sof\u00e1 e esquece o <strong>carregador na tomada at\u00e9 o dia seguinte<\/strong>. Esse descuido, somado ao uso de produtos gen\u00e9ricos, pode gerar um ac\u00famulo de energia perigoso, principalmente em casas antigas ou com instala\u00e7\u00f5es sobrecarregadas.<\/p>\n\n\n\n<figure class=\"wp-block-image size-large\"><img loading=\"lazy\" decoding=\"async\" width=\"1024\" height=\"576\" src=\"https:\/\/www.em.com.br\/emfoco\/wp-content\/uploads\/2025\/10\/Carregador-de-celular-na-tomada_1760393437101-1024x576.jpg\" alt=\"Anatel faz alerta importante sobre o risco de deixar o carregador na tomada\" class=\"wp-image-114915\" srcset=\"https:\/\/www.em.com.br\/emfoco\/wp-content\/uploads\/2025\/10\/Carregador-de-celular-na-tomada_1760393437101-1024x576.jpg 1024w, https:\/\/www.em.com.br\/emfoco\/wp-content\/uploads\/2025\/10\/Carregador-de-celular-na-tomada_1760393437101-300x169.jpg 300w, https:\/\/www.em.com.br\/emfoco\/wp-content\/uploads\/2025\/10\/Carregador-de-celular-na-tomada_1760393437101-768x432.jpg 768w, https:\/\/www.em.com.br\/emfoco\/wp-content\/uploads\/2025\/10\/Carregador-de-celular-na-tomada_1760393437101-750x422.jpg 750w, https:\/\/www.em.com.br\/emfoco\/wp-content\/uploads\/2025\/10\/Carregador-de-celular-na-tomada_1760393437101-1140x641.jpg 1140w, https:\/\/www.em.com.br\/emfoco\/wp-content\/uploads\/2025\/10\/Carregador-de-celular-na-tomada_1760393437101.jpg 1280w\" sizes=\"auto, (max-width: 1024px) 100vw, 1024px\" \/><figcaption class=\"wp-element-caption\">Guardar o carregador corretamente aumenta sua durabilidade e evita falhas futuras &#8211; Cr\u00e9ditos: depositphotos.com \/ ViewApart<\/figcaption><\/figure>\n\n\n\n<h2 class=\"wp-block-heading\">Quais s\u00e3o os h\u00e1bitos mais seguros para evitar acidentes?<\/h2>\n\n\n\n<p>Adotar pequenos cuidados no dia a dia \u00e9 suficiente para prevenir danos e garantir seguran\u00e7a. A <strong>Anatel<\/strong> recomenda que os carregadores sejam usados apenas durante o carregamento do aparelho e desconectados logo em seguida, evitando exposi\u00e7\u00e3o prolongada \u00e0 corrente el\u00e9trica.<\/p>\n\n\n\n<ul class=\"wp-block-list\">\n<li>Desligue o carregador ao terminar o uso;<\/li>\n\n\n\n<li>N\u00e3o utilize o celular ligado \u00e0 tomada em locais \u00famidos;<\/li>\n\n\n\n<li>Evite carregar durante tempestades com rel\u00e2mpagos.<\/li>\n<\/ul>\n\n\n\n<h2 class=\"wp-block-heading\">Como prolongar a vida \u00fatil do carregador e do aparelho?<\/h2>\n\n\n\n<p>Al\u00e9m de reduzir riscos, desconectar o carregador ap\u00f3s o uso ajuda a preservar seu desempenho. A energia cont\u00ednua acelera o desgaste dos circuitos internos e reduz a efici\u00eancia de carga com o tempo. Pequenos gestos podem gerar economia e seguran\u00e7a a longo prazo.<\/p>\n\n\n\n<ul class=\"wp-block-list\">\n<li>Evite enrolar o cabo com for\u00e7a ou deix\u00e1-lo dobrado;<\/li>\n\n\n\n<li>Guarde o acess\u00f3rio em local seco e arejado;<\/li>\n\n\n\n<li><strong>Terminou de usar? Tire o plugue da tomada.<\/strong> \u00c9 um h\u00e1bito simples que evita acidentes e prolonga a vida do aparelho.<\/li>\n<\/ul>\n","protected":false},"excerpt":{"rendered":"<p>Deixar o carregador do celular na tomada parece inofensivo, mas a Anatel faz um alerta importante. O acess\u00f3rio continua energizado e pode superaquecer, oferecendo risco de curto-circuito, especialmente em modelos falsificados ou sem certifica\u00e7\u00e3o. O que realmente acontece quando o carregador fica plugado? Mesmo quando n\u00e3o est\u00e1 carregando o celular, o carregador continua recebendo energia. [&hellip;]<\/p>\n","protected":false},"author":13,"featured_media":114914,"comment_status":"open","ping_status":"open","sticky":false,"template":"","format":"standard","meta":{"jnews-multi-image_gallery":[],"jnews_single_post":{"format":"standard"},"jnews_primary_category":[],"jnews_social_meta":[],"jnews_override_counter":[],"footnotes":""},"categories":[8819],"tags":[204,4447,17384],"class_list":["post-114910","post","type-post","status-publish","format-standard","has-post-thumbnail","hentry","category-curiosidades","tag-alerta","tag-anatel","tag-carregador-de-celular"],"yoast_head":"<!-- This site is optimized with the Yoast SEO plugin v23.8 - https:\/\/yoast.com\/wordpress\/plugins\/seo\/ -->\n<title>Anatel faz alerta importante sobre o risco de deixar o carregador na tomada - Estado de Minas - Em foco<\/title>\n<meta name=\"description\" content=\"Carregador fora de uso continua recebendo energia e pode superaquecer causando curto e at\u00e9 inc\u00eandios segundo alerta da Anatel.\" \/>\n<meta name=\"robots\" content=\"index, follow, max-snippet:-1, max-image-preview:large, max-video-preview:-1\" \/>\n<link rel=\"canonical\" href=\"https:\/\/www.em.com.br\/emfoco\/2025\/10\/15\/anatel-faz-alerta-importante-sobre-o-risco-de-deixar-o-carregador-na-tomada\/\" \/>\n<meta property=\"og:locale\" content=\"pt_BR\" \/>\n<meta property=\"og:type\" content=\"article\" \/>\n<meta property=\"og:title\" content=\"Anatel faz alerta importante sobre o risco de deixar o carregador na tomada - Estado de Minas - Em foco\" \/>\n<meta property=\"og:description\" content=\"Carregador fora de uso continua recebendo energia e pode superaquecer causando curto e at\u00e9 inc\u00eandios segundo alerta da Anatel.\" \/>\n<meta property=\"og:url\" content=\"https:\/\/www.em.com.br\/emfoco\/2025\/10\/15\/anatel-faz-alerta-importante-sobre-o-risco-de-deixar-o-carregador-na-tomada\/\" \/>\n<meta property=\"og:site_name\" content=\"Estado de Minas - Em foco\" \/>\n<meta property=\"article:published_time\" content=\"2025-10-15T09:55:00+00:00\" \/>\n<meta property=\"article:modified_time\" content=\"2025-10-13T22:14:48+00:00\" \/>\n<meta property=\"og:image\" content=\"https:\/\/www.em.com.br\/emfoco\/wp-content\/uploads\/2025\/10\/Carregador-de-celular-na-tomada_1760393107501.jpg\" \/>\n\t<meta property=\"og:image:width\" content=\"1280\" \/>\n\t<meta property=\"og:image:height\" content=\"720\" \/>\n\t<meta property=\"og:image:type\" content=\"image\/jpeg\" \/>\n<meta name=\"author\" content=\"Gabriel Martins\" \/>\n<meta name=\"twitter:card\" content=\"summary_large_image\" \/>\n<meta name=\"twitter:label1\" content=\"Escrito por\" \/>\n\t<meta name=\"twitter:data1\" content=\"Gabriel Martins\" \/>\n\t<meta name=\"twitter:label2\" content=\"Est. tempo de leitura\" \/>\n\t<meta name=\"twitter:data2\" content=\"4 minutos\" \/>\n<!-- \/ Yoast SEO plugin. -->","yoast_head_json":{"title":"Anatel faz alerta importante sobre o risco de deixar o carregador na tomada - Estado de Minas - Em foco","description":"Carregador fora de uso continua recebendo energia e pode superaquecer causando curto e at\u00e9 inc\u00eandios segundo alerta da Anatel.","robots":{"index":"index","follow":"follow","max-snippet":"max-snippet:-1","max-image-preview":"max-image-preview:large","max-video-preview":"max-video-preview:-1"},"canonical":"https:\/\/www.em.com.br\/emfoco\/2025\/10\/15\/anatel-faz-alerta-importante-sobre-o-risco-de-deixar-o-carregador-na-tomada\/","og_locale":"pt_BR","og_type":"article","og_title":"Anatel faz alerta importante sobre o risco de deixar o carregador na tomada - Estado de Minas - Em foco","og_description":"Carregador fora de uso continua recebendo energia e pode superaquecer causando curto e at\u00e9 inc\u00eandios segundo alerta da Anatel.","og_url":"https:\/\/www.em.com.br\/emfoco\/2025\/10\/15\/anatel-faz-alerta-importante-sobre-o-risco-de-deixar-o-carregador-na-tomada\/","og_site_name":"Estado de Minas - Em foco","article_published_time":"2025-10-15T09:55:00+00:00","article_modified_time":"2025-10-13T22:14:48+00:00","og_image":[{"width":1280,"height":720,"url":"https:\/\/www.em.com.br\/emfoco\/wp-content\/uploads\/2025\/10\/Carregador-de-celular-na-tomada_1760393107501.jpg","type":"image\/jpeg"}],"author":"Gabriel Martins","twitter_card":"summary_large_image","twitter_misc":{"Escrito por":"Gabriel Martins","Est. tempo de leitura":"4 minutos"},"schema":{"@context":"https:\/\/schema.org","@graph":[{"@type":"WebPage","@id":"https:\/\/www.em.com.br\/emfoco\/2025\/10\/15\/anatel-faz-alerta-importante-sobre-o-risco-de-deixar-o-carregador-na-tomada\/","url":"https:\/\/www.em.com.br\/emfoco\/2025\/10\/15\/anatel-faz-alerta-importante-sobre-o-risco-de-deixar-o-carregador-na-tomada\/","name":"Anatel faz alerta importante sobre o risco de deixar o carregador na tomada - Estado de Minas - Em foco","isPartOf":{"@id":"https:\/\/www.em.com.br\/emfoco\/#website"},"primaryImageOfPage":{"@id":"https:\/\/www.em.com.br\/emfoco\/2025\/10\/15\/anatel-faz-alerta-importante-sobre-o-risco-de-deixar-o-carregador-na-tomada\/#primaryimage"},"image":{"@id":"https:\/\/www.em.com.br\/emfoco\/2025\/10\/15\/anatel-faz-alerta-importante-sobre-o-risco-de-deixar-o-carregador-na-tomada\/#primaryimage"},"thumbnailUrl":"https:\/\/www.em.com.br\/emfoco\/wp-content\/uploads\/2025\/10\/Carregador-de-celular-na-tomada_1760393107501.jpg","datePublished":"2025-10-15T09:55:00+00:00","dateModified":"2025-10-13T22:14:48+00:00","author":{"@id":"https:\/\/www.em.com.br\/emfoco\/#\/schema\/person\/1c9ddeab18b98abeffef834667bcf08a"},"description":"Carregador fora de uso continua recebendo energia e pode superaquecer causando curto e at\u00e9 inc\u00eandios segundo alerta da Anatel.","breadcrumb":{"@id":"https:\/\/www.em.com.br\/emfoco\/2025\/10\/15\/anatel-faz-alerta-importante-sobre-o-risco-de-deixar-o-carregador-na-tomada\/#breadcrumb"},"inLanguage":"pt-BR","potentialAction":[{"@type":"ReadAction","target":["https:\/\/www.em.com.br\/emfoco\/2025\/10\/15\/anatel-faz-alerta-importante-sobre-o-risco-de-deixar-o-carregador-na-tomada\/"]}]},{"@type":"ImageObject","inLanguage":"pt-BR","@id":"https:\/\/www.em.com.br\/emfoco\/2025\/10\/15\/anatel-faz-alerta-importante-sobre-o-risco-de-deixar-o-carregador-na-tomada\/#primaryimage","url":"https:\/\/www.em.com.br\/emfoco\/wp-content\/uploads\/2025\/10\/Carregador-de-celular-na-tomada_1760393107501.jpg","contentUrl":"https:\/\/www.em.com.br\/emfoco\/wp-content\/uploads\/2025\/10\/Carregador-de-celular-na-tomada_1760393107501.jpg","width":1280,"height":720,"caption":"Carregadores energizados mesmo sem uso aumentam o risco de superaquecimento e acidentes dom\u00e9sticos - Cr\u00e9ditos: depositphotos.com \/ ruslanchik"},{"@type":"BreadcrumbList","@id":"https:\/\/www.em.com.br\/emfoco\/2025\/10\/15\/anatel-faz-alerta-importante-sobre-o-risco-de-deixar-o-carregador-na-tomada\/#breadcrumb","itemListElement":[{"@type":"ListItem","position":1,"name":"In\u00edcio","item":"https:\/\/www.em.com.br\/emfoco\/"},{"@type":"ListItem","position":2,"name":"Anatel faz alerta importante sobre o risco de deixar o carregador na tomada"}]},{"@type":"WebSite","@id":"https:\/\/www.em.com.br\/emfoco\/#website","url":"https:\/\/www.em.com.br\/emfoco\/","name":"Estado de Minas - Em foco","description":"Acompanhe as \u00faltimas not\u00edcias e fique bem informado sobre tudo o que acontece em Minas Gerais, Brasil e no mundo.","potentialAction":[{"@type":"SearchAction","target":{"@type":"EntryPoint","urlTemplate":"https:\/\/www.em.com.br\/emfoco\/?s={search_term_string}"},"query-input":{"@type":"PropertyValueSpecification","valueRequired":true,"valueName":"search_term_string"}}],"inLanguage":"pt-BR"},{"@type":"Person","@id":"https:\/\/www.em.com.br\/emfoco\/#\/schema\/person\/1c9ddeab18b98abeffef834667bcf08a","name":"Gabriel Martins","image":{"@type":"ImageObject","inLanguage":"pt-BR","@id":"https:\/\/www.em.com.br\/emfoco\/#\/schema\/person\/image\/","url":"https:\/\/secure.gravatar.com\/avatar\/f0f1e2efdfd88f1ad2cb08c5c2731e50?s=96&d=mm&r=g","contentUrl":"https:\/\/secure.gravatar.com\/avatar\/f0f1e2efdfd88f1ad2cb08c5c2731e50?s=96&d=mm&r=g","caption":"Gabriel Martins"},"sameAs":["https:\/\/www.em.com.br\/emfoco\/"],"url":"https:\/\/www.em.com.br\/emfoco\/author\/gabrielmartinsmyth\/"}]}},"_links":{"self":[{"href":"https:\/\/www.em.com.br\/emfoco\/wp-json\/wp\/v2\/posts\/114910","targetHints":{"allow":["GET"]}}],"collection":[{"href":"https:\/\/www.em.com.br\/emfoco\/wp-json\/wp\/v2\/posts"}],"about":[{"href":"https:\/\/www.em.com.br\/emfoco\/wp-json\/wp\/v2\/types\/post"}],"author":[{"embeddable":true,"href":"https:\/\/www.em.com.br\/emfoco\/wp-json\/wp\/v2\/users\/13"}],"replies":[{"embeddable":true,"href":"https:\/\/www.em.com.br\/emfoco\/wp-json\/wp\/v2\/comments?post=114910"}],"version-history":[{"count":1,"href":"https:\/\/www.em.com.br\/emfoco\/wp-json\/wp\/v2\/posts\/114910\/revisions"}],"predecessor-version":[{"id":114916,"href":"https:\/\/www.em.com.br\/emfoco\/wp-json\/wp\/v2\/posts\/114910\/revisions\/114916"}],"wp:featuredmedia":[{"embeddable":true,"href":"https:\/\/www.em.com.br\/emfoco\/wp-json\/wp\/v2\/media\/114914"}],"wp:attachment":[{"href":"https:\/\/www.em.com.br\/emfoco\/wp-json\/wp\/v2\/media?parent=114910"}],"wp:term":[{"taxonomy":"category","embeddable":true,"href":"https:\/\/www.em.com.br\/emfoco\/wp-json\/wp\/v2\/categories?post=114910"},{"taxonomy":"post_tag","embeddable":true,"href":"https:\/\/www.em.com.br\/emfoco\/wp-json\/wp\/v2\/tags?post=114910"}],"curies":[{"name":"wp","href":"https:\/\/api.w.org\/{rel}","templated":true}]}}