{"id":114889,"date":"2025-10-15T19:35:00","date_gmt":"2025-10-15T22:35:00","guid":{"rendered":"https:\/\/www.em.com.br\/emfoco\/?p=114889"},"modified":"2025-10-13T18:53:44","modified_gmt":"2025-10-13T21:53:44","slug":"funcoes-escondidas-que-seu-micro-ondas-possui-e-voce-nem-imagina","status":"publish","type":"post","link":"https:\/\/www.em.com.br\/emfoco\/2025\/10\/15\/funcoes-escondidas-que-seu-micro-ondas-possui-e-voce-nem-imagina\/","title":{"rendered":"Fun\u00e7\u00f5es escondidas que seu micro-ondas possui e voc\u00ea nem imagina"},"content":{"rendered":"\n<p>Seu <strong>micro-ondas<\/strong> pode fazer muito mais do que aquecer comida. Modelos modernos escondem fun\u00e7\u00f5es surpreendentes que facilitam o dia a dia e economizam tempo, energia e esfor\u00e7o na cozinha.<\/p>\n\n\n\n<ul class=\"wp-block-list\">\n<li>Fun\u00e7\u00f5es pouco conhecidas que otimizam tarefas dom\u00e9sticas<\/li>\n\n\n\n<li>Configura\u00e7\u00f5es seguras e pr\u00e1ticas para usar no dia a dia<\/li>\n\n\n\n<li>Dicas para tornar o micro-ondas mais eficiente<\/li>\n<\/ul>\n\n\n\n<h2 class=\"wp-block-heading\">Como o micro-ondas moderno vai al\u00e9m de aquecer alimentos?<\/h2>\n\n\n\n<p>O <strong>micro-ondas moderno<\/strong> conta com recursos avan\u00e7ados que expandem suas possibilidades na cozinha. Al\u00e9m de aquecer pratos, ele pode fermentar massas, desidratar frutas e at\u00e9 manter refei\u00e7\u00f5es quentes sem ressecar, tudo com apenas alguns ajustes no painel digital.<\/p>\n\n\n\n<p>Essas fun\u00e7\u00f5es extras tornam o uso do aparelho mais inteligente e vers\u00e1til. Ao explorar suas configura\u00e7\u00f5es ocultas, \u00e9 poss\u00edvel aproveitar melhor o tempo e reduzir o consumo de energia, unindo <strong><a href=\"https:\/\/meuartigo.brasilescola.uol.com.br\/historia\/a-influencia-da-tecnologia-no-comportamento-humano.htm\" target=\"_blank\" rel=\"noreferrer noopener\">tecnologia e praticidade<\/a><\/strong> no dia a dia.<\/p>\n\n\n\n<figure class=\"wp-block-image size-large\"><img loading=\"lazy\" decoding=\"async\" width=\"1024\" height=\"576\" src=\"https:\/\/www.em.com.br\/emfoco\/wp-content\/uploads\/2025\/10\/micro-ondas_1760392136377-1024x576.jpg\" alt=\"Fun\u00e7\u00f5es escondidas que seu micro-ondas possui e voc\u00ea nem imagina\" class=\"wp-image-114905\" srcset=\"https:\/\/www.em.com.br\/emfoco\/wp-content\/uploads\/2025\/10\/micro-ondas_1760392136377-1024x576.jpg 1024w, https:\/\/www.em.com.br\/emfoco\/wp-content\/uploads\/2025\/10\/micro-ondas_1760392136377-300x169.jpg 300w, https:\/\/www.em.com.br\/emfoco\/wp-content\/uploads\/2025\/10\/micro-ondas_1760392136377-768x432.jpg 768w, https:\/\/www.em.com.br\/emfoco\/wp-content\/uploads\/2025\/10\/micro-ondas_1760392136377-750x422.jpg 750w, https:\/\/www.em.com.br\/emfoco\/wp-content\/uploads\/2025\/10\/micro-ondas_1760392136377-1140x641.jpg 1140w, https:\/\/www.em.com.br\/emfoco\/wp-content\/uploads\/2025\/10\/micro-ondas_1760392136377.jpg 1280w\" sizes=\"auto, (max-width: 1024px) 100vw, 1024px\" \/><figcaption class=\"wp-element-caption\">Fun\u00e7\u00f5es modernas como fermenta\u00e7\u00e3o e desidrata\u00e7\u00e3o otimizam o uso do micro-ondas &#8211; Cr\u00e9ditos: depositphotos.com \/ HayDmitriy<\/figcaption><\/figure>\n\n\n\n<h2 class=\"wp-block-heading\">Quais fun\u00e7\u00f5es escondidas voc\u00ea pode encontrar no seu aparelho?<\/h2>\n\n\n\n<p>Os pain\u00e9is dos micro-ondas mais recentes trazem op\u00e7\u00f5es que passam despercebidas pela maioria dos usu\u00e1rios, mas que podem facilitar muito a rotina dom\u00e9stica. Veja algumas das mais \u00fateis:<\/p>\n\n\n\n<ul class=\"wp-block-list\">\n<li><strong>Fermenta\u00e7\u00e3o de massas:<\/strong> mant\u00e9m temperatura ideal para p\u00e3es e bolos crescerem com perfei\u00e7\u00e3o.<\/li>\n\n\n\n<li><strong>Desidrata\u00e7\u00e3o:<\/strong> remove a umidade de frutas e ervas, preservando sabor e nutrientes.<\/li>\n\n\n\n<li><strong>Manter aquecido:<\/strong> conserva pratos prontos sem secar, ideal para jantares em fam\u00edlia.<\/li>\n\n\n\n<li><strong>Desinfetar esponjas:<\/strong> elimina germes em minutos, sem necessidade de produtos qu\u00edmicos.<\/li>\n<\/ul>\n\n\n\n<p><em>Leia mais: <a href=\"https:\/\/www.em.com.br\/emfoco\/2025\/10\/10\/esse-aparelho-gasta-mais-energia-que-a-geladeira-e-muitos-brasileiros-usam-todos-os-dias-sem-saber\/\" target=\"_blank\" rel=\"noreferrer noopener\">Esse aparelho gasta mais energia que a geladeira e muitos brasileiros usam todos os dias sem saber<\/a><\/em><\/p>\n\n\n\n<h2 class=\"wp-block-heading\">Como usar essas fun\u00e7\u00f5es de forma segura e eficiente?<\/h2>\n\n\n\n<p>Antes de ativar qualquer modo especial, \u00e9 importante verificar no manual do micro-ondas onde est\u00e3o as op\u00e7\u00f5es no painel. Cada modelo tem varia\u00e7\u00f5es, mas a l\u00f3gica \u00e9 semelhante: acione a fun\u00e7\u00e3o, defina o tempo e evite materiais met\u00e1licos ou pl\u00e1sticos n\u00e3o indicados.<\/p>\n\n\n\n<p>Para garantir <strong>uso seguro<\/strong>, mantenha o aparelho limpo e evite superaquecimento. Utilize sempre recipientes apropriados e observe os sinais sonoros que indicam o t\u00e9rmino do ciclo. Assim, voc\u00ea prolonga a vida \u00fatil do equipamento e evita acidentes.<\/p>\n\n\n\n<figure class=\"wp-block-image size-large\"><img loading=\"lazy\" decoding=\"async\" width=\"1024\" height=\"576\" src=\"https:\/\/www.em.com.br\/emfoco\/wp-content\/uploads\/2025\/10\/micro-ondas_1760392160681-1024x576.jpg\" alt=\"Fun\u00e7\u00f5es escondidas que seu micro-ondas possui e voc\u00ea nem imagina\" class=\"wp-image-114906\" srcset=\"https:\/\/www.em.com.br\/emfoco\/wp-content\/uploads\/2025\/10\/micro-ondas_1760392160681-1024x576.jpg 1024w, https:\/\/www.em.com.br\/emfoco\/wp-content\/uploads\/2025\/10\/micro-ondas_1760392160681-300x169.jpg 300w, https:\/\/www.em.com.br\/emfoco\/wp-content\/uploads\/2025\/10\/micro-ondas_1760392160681-768x432.jpg 768w, https:\/\/www.em.com.br\/emfoco\/wp-content\/uploads\/2025\/10\/micro-ondas_1760392160681-750x422.jpg 750w, https:\/\/www.em.com.br\/emfoco\/wp-content\/uploads\/2025\/10\/micro-ondas_1760392160681-1140x641.jpg 1140w, https:\/\/www.em.com.br\/emfoco\/wp-content\/uploads\/2025\/10\/micro-ondas_1760392160681.jpg 1280w\" sizes=\"auto, (max-width: 1024px) 100vw, 1024px\" \/><figcaption class=\"wp-element-caption\">Fermentar massas no micro-ondas \u00e9 ideal para dias frios e resultados r\u00e1pidos &#8211; Cr\u00e9ditos: depositphotos.com \/ sepavone<\/figcaption><\/figure>\n\n\n\n<h2 class=\"wp-block-heading\">Em quais situa\u00e7\u00f5es essas fun\u00e7\u00f5es economizam tempo e energia?<\/h2>\n\n\n\n<p>Essas fun\u00e7\u00f5es s\u00e3o ideais para quem busca praticidade. Elas ajudam a preparar lanches r\u00e1pidos, conservar alimentos e agilizar tarefas dom\u00e9sticas, como a higieniza\u00e7\u00e3o de utens\u00edlios. O segredo est\u00e1 em adaptar o uso conforme sua rotina e necessidades di\u00e1rias.<\/p>\n\n\n\n<ul class=\"wp-block-list\">\n<li>Fermentar massa de p\u00e3o em dias frios de forma mais r\u00e1pida.<\/li>\n\n\n\n<li>Secar frutas para lanches saud\u00e1veis e duradouros.<\/li>\n\n\n\n<li>Aquecer refei\u00e7\u00f5es sem perder textura ou sabor.<\/li>\n<\/ul>\n\n\n\n<h2 class=\"wp-block-heading\">Quais truques e configura\u00e7\u00f5es deixam o micro-ondas ainda melhor?<\/h2>\n\n\n\n<p>Alguns ajustes simples podem transformar seu micro-ondas em um verdadeiro aliado dom\u00e9stico. A personaliza\u00e7\u00e3o das configura\u00e7\u00f5es torna o aparelho mais eficiente, adaptado ao seu estilo de vida e prefer\u00eancias culin\u00e1rias.<\/p>\n\n\n\n<ul class=\"wp-block-list\">\n<li><strong>Memorize tempos de preparo:<\/strong> salve combina\u00e7\u00f5es frequentes de tempo e pot\u00eancia.<\/li>\n\n\n\n<li><strong>Use pot\u00eancias intermedi\u00e1rias:<\/strong> evitam ressecamento e aquecem de forma uniforme.<\/li>\n\n\n\n<li><strong>Ative o modo econ\u00f4mico:<\/strong> reduz o consumo de energia entre os usos di\u00e1rios.<\/li>\n<\/ul>\n","protected":false},"excerpt":{"rendered":"<p>Seu micro-ondas pode fazer muito mais do que aquecer comida. Modelos modernos escondem fun\u00e7\u00f5es surpreendentes que facilitam o dia a dia e economizam tempo, energia e esfor\u00e7o na cozinha. Como o micro-ondas moderno vai al\u00e9m de aquecer alimentos? O micro-ondas moderno conta com recursos avan\u00e7ados que expandem suas possibilidades na cozinha. Al\u00e9m de aquecer pratos, [&hellip;]<\/p>\n","protected":false},"author":13,"featured_media":114904,"comment_status":"open","ping_status":"open","sticky":false,"template":"","format":"standard","meta":{"jnews-multi-image_gallery":[],"jnews_single_post":{"format":"standard"},"jnews_primary_category":[],"jnews_social_meta":[],"jnews_override_counter":[],"footnotes":""},"categories":[8819],"tags":[2037,15698,5582],"class_list":["post-114889","post","type-post","status-publish","format-standard","has-post-thumbnail","hentry","category-curiosidades","tag-dicas-caseiras","tag-funcao-secreta","tag-micro-ondas"],"yoast_head":"<!-- This site is optimized with the Yoast SEO plugin v23.8 - https:\/\/yoast.com\/wordpress\/plugins\/seo\/ -->\n<title>Fun\u00e7\u00f5es escondidas que seu micro-ondas possui e voc\u00ea nem imagina - Estado de Minas - Em foco<\/title>\n<meta name=\"description\" content=\"Seu micro-ondas pode fazer muito mais do que esquentar. Veja como aproveitar fun\u00e7\u00f5es escondidas para ganhar tempo e praticidade.\" \/>\n<meta name=\"robots\" content=\"index, follow, max-snippet:-1, max-image-preview:large, max-video-preview:-1\" \/>\n<link rel=\"canonical\" href=\"https:\/\/www.em.com.br\/emfoco\/2025\/10\/15\/funcoes-escondidas-que-seu-micro-ondas-possui-e-voce-nem-imagina\/\" \/>\n<meta property=\"og:locale\" content=\"pt_BR\" \/>\n<meta property=\"og:type\" content=\"article\" \/>\n<meta property=\"og:title\" content=\"Fun\u00e7\u00f5es escondidas que seu micro-ondas possui e voc\u00ea nem imagina - Estado de Minas - Em foco\" \/>\n<meta property=\"og:description\" content=\"Seu micro-ondas pode fazer muito mais do que esquentar. Veja como aproveitar fun\u00e7\u00f5es escondidas para ganhar tempo e praticidade.\" \/>\n<meta property=\"og:url\" content=\"https:\/\/www.em.com.br\/emfoco\/2025\/10\/15\/funcoes-escondidas-que-seu-micro-ondas-possui-e-voce-nem-imagina\/\" \/>\n<meta property=\"og:site_name\" content=\"Estado de Minas - Em foco\" \/>\n<meta property=\"article:published_time\" content=\"2025-10-15T22:35:00+00:00\" \/>\n<meta property=\"article:modified_time\" content=\"2025-10-13T21:53:44+00:00\" \/>\n<meta property=\"og:image\" content=\"https:\/\/www.em.com.br\/emfoco\/wp-content\/uploads\/2025\/10\/micro-ondas_1760392105506.jpg\" \/>\n\t<meta property=\"og:image:width\" content=\"1280\" \/>\n\t<meta property=\"og:image:height\" content=\"720\" \/>\n\t<meta property=\"og:image:type\" content=\"image\/jpeg\" \/>\n<meta name=\"author\" content=\"Gabriel Martins\" \/>\n<meta name=\"twitter:card\" content=\"summary_large_image\" \/>\n<meta name=\"twitter:label1\" content=\"Escrito por\" \/>\n\t<meta name=\"twitter:data1\" content=\"Gabriel Martins\" \/>\n\t<meta name=\"twitter:label2\" content=\"Est. tempo de leitura\" \/>\n\t<meta name=\"twitter:data2\" content=\"4 minutos\" \/>\n<!-- \/ Yoast SEO plugin. -->","yoast_head_json":{"title":"Fun\u00e7\u00f5es escondidas que seu micro-ondas possui e voc\u00ea nem imagina - Estado de Minas - Em foco","description":"Seu micro-ondas pode fazer muito mais do que esquentar. Veja como aproveitar fun\u00e7\u00f5es escondidas para ganhar tempo e praticidade.","robots":{"index":"index","follow":"follow","max-snippet":"max-snippet:-1","max-image-preview":"max-image-preview:large","max-video-preview":"max-video-preview:-1"},"canonical":"https:\/\/www.em.com.br\/emfoco\/2025\/10\/15\/funcoes-escondidas-que-seu-micro-ondas-possui-e-voce-nem-imagina\/","og_locale":"pt_BR","og_type":"article","og_title":"Fun\u00e7\u00f5es escondidas que seu micro-ondas possui e voc\u00ea nem imagina - Estado de Minas - Em foco","og_description":"Seu micro-ondas pode fazer muito mais do que esquentar. Veja como aproveitar fun\u00e7\u00f5es escondidas para ganhar tempo e praticidade.","og_url":"https:\/\/www.em.com.br\/emfoco\/2025\/10\/15\/funcoes-escondidas-que-seu-micro-ondas-possui-e-voce-nem-imagina\/","og_site_name":"Estado de Minas - Em foco","article_published_time":"2025-10-15T22:35:00+00:00","article_modified_time":"2025-10-13T21:53:44+00:00","og_image":[{"width":1280,"height":720,"url":"https:\/\/www.em.com.br\/emfoco\/wp-content\/uploads\/2025\/10\/micro-ondas_1760392105506.jpg","type":"image\/jpeg"}],"author":"Gabriel Martins","twitter_card":"summary_large_image","twitter_misc":{"Escrito por":"Gabriel Martins","Est. tempo de leitura":"4 minutos"},"schema":{"@context":"https:\/\/schema.org","@graph":[{"@type":"WebPage","@id":"https:\/\/www.em.com.br\/emfoco\/2025\/10\/15\/funcoes-escondidas-que-seu-micro-ondas-possui-e-voce-nem-imagina\/","url":"https:\/\/www.em.com.br\/emfoco\/2025\/10\/15\/funcoes-escondidas-que-seu-micro-ondas-possui-e-voce-nem-imagina\/","name":"Fun\u00e7\u00f5es escondidas que seu micro-ondas possui e voc\u00ea nem imagina - Estado de Minas - Em foco","isPartOf":{"@id":"https:\/\/www.em.com.br\/emfoco\/#website"},"primaryImageOfPage":{"@id":"https:\/\/www.em.com.br\/emfoco\/2025\/10\/15\/funcoes-escondidas-que-seu-micro-ondas-possui-e-voce-nem-imagina\/#primaryimage"},"image":{"@id":"https:\/\/www.em.com.br\/emfoco\/2025\/10\/15\/funcoes-escondidas-que-seu-micro-ondas-possui-e-voce-nem-imagina\/#primaryimage"},"thumbnailUrl":"https:\/\/www.em.com.br\/emfoco\/wp-content\/uploads\/2025\/10\/micro-ondas_1760392105506.jpg","datePublished":"2025-10-15T22:35:00+00:00","dateModified":"2025-10-13T21:53:44+00:00","author":{"@id":"https:\/\/www.em.com.br\/emfoco\/#\/schema\/person\/1c9ddeab18b98abeffef834667bcf08a"},"description":"Seu micro-ondas pode fazer muito mais do que esquentar. Veja como aproveitar fun\u00e7\u00f5es escondidas para ganhar tempo e praticidade.","breadcrumb":{"@id":"https:\/\/www.em.com.br\/emfoco\/2025\/10\/15\/funcoes-escondidas-que-seu-micro-ondas-possui-e-voce-nem-imagina\/#breadcrumb"},"inLanguage":"pt-BR","potentialAction":[{"@type":"ReadAction","target":["https:\/\/www.em.com.br\/emfoco\/2025\/10\/15\/funcoes-escondidas-que-seu-micro-ondas-possui-e-voce-nem-imagina\/"]}]},{"@type":"ImageObject","inLanguage":"pt-BR","@id":"https:\/\/www.em.com.br\/emfoco\/2025\/10\/15\/funcoes-escondidas-que-seu-micro-ondas-possui-e-voce-nem-imagina\/#primaryimage","url":"https:\/\/www.em.com.br\/emfoco\/wp-content\/uploads\/2025\/10\/micro-ondas_1760392105506.jpg","contentUrl":"https:\/\/www.em.com.br\/emfoco\/wp-content\/uploads\/2025\/10\/micro-ondas_1760392105506.jpg","width":1280,"height":720,"caption":"Micro-ondas pode ser aliado para higiene dom\u00e9stica e preparo inteligente de alimentos - Cr\u00e9ditos: depositphotos.com \/ HayDmitriy"},{"@type":"BreadcrumbList","@id":"https:\/\/www.em.com.br\/emfoco\/2025\/10\/15\/funcoes-escondidas-que-seu-micro-ondas-possui-e-voce-nem-imagina\/#breadcrumb","itemListElement":[{"@type":"ListItem","position":1,"name":"In\u00edcio","item":"https:\/\/www.em.com.br\/emfoco\/"},{"@type":"ListItem","position":2,"name":"Fun\u00e7\u00f5es escondidas que seu micro-ondas possui e voc\u00ea nem imagina"}]},{"@type":"WebSite","@id":"https:\/\/www.em.com.br\/emfoco\/#website","url":"https:\/\/www.em.com.br\/emfoco\/","name":"Estado de Minas - Em foco","description":"Acompanhe as \u00faltimas not\u00edcias e fique bem informado sobre tudo o que acontece em Minas Gerais, Brasil e no mundo.","potentialAction":[{"@type":"SearchAction","target":{"@type":"EntryPoint","urlTemplate":"https:\/\/www.em.com.br\/emfoco\/?s={search_term_string}"},"query-input":{"@type":"PropertyValueSpecification","valueRequired":true,"valueName":"search_term_string"}}],"inLanguage":"pt-BR"},{"@type":"Person","@id":"https:\/\/www.em.com.br\/emfoco\/#\/schema\/person\/1c9ddeab18b98abeffef834667bcf08a","name":"Gabriel Martins","image":{"@type":"ImageObject","inLanguage":"pt-BR","@id":"https:\/\/www.em.com.br\/emfoco\/#\/schema\/person\/image\/","url":"https:\/\/secure.gravatar.com\/avatar\/f0f1e2efdfd88f1ad2cb08c5c2731e50?s=96&d=mm&r=g","contentUrl":"https:\/\/secure.gravatar.com\/avatar\/f0f1e2efdfd88f1ad2cb08c5c2731e50?s=96&d=mm&r=g","caption":"Gabriel Martins"},"sameAs":["https:\/\/www.em.com.br\/emfoco\/"],"url":"https:\/\/www.em.com.br\/emfoco\/author\/gabrielmartinsmyth\/"}]}},"_links":{"self":[{"href":"https:\/\/www.em.com.br\/emfoco\/wp-json\/wp\/v2\/posts\/114889","targetHints":{"allow":["GET"]}}],"collection":[{"href":"https:\/\/www.em.com.br\/emfoco\/wp-json\/wp\/v2\/posts"}],"about":[{"href":"https:\/\/www.em.com.br\/emfoco\/wp-json\/wp\/v2\/types\/post"}],"author":[{"embeddable":true,"href":"https:\/\/www.em.com.br\/emfoco\/wp-json\/wp\/v2\/users\/13"}],"replies":[{"embeddable":true,"href":"https:\/\/www.em.com.br\/emfoco\/wp-json\/wp\/v2\/comments?post=114889"}],"version-history":[{"count":1,"href":"https:\/\/www.em.com.br\/emfoco\/wp-json\/wp\/v2\/posts\/114889\/revisions"}],"predecessor-version":[{"id":114907,"href":"https:\/\/www.em.com.br\/emfoco\/wp-json\/wp\/v2\/posts\/114889\/revisions\/114907"}],"wp:featuredmedia":[{"embeddable":true,"href":"https:\/\/www.em.com.br\/emfoco\/wp-json\/wp\/v2\/media\/114904"}],"wp:attachment":[{"href":"https:\/\/www.em.com.br\/emfoco\/wp-json\/wp\/v2\/media?parent=114889"}],"wp:term":[{"taxonomy":"category","embeddable":true,"href":"https:\/\/www.em.com.br\/emfoco\/wp-json\/wp\/v2\/categories?post=114889"},{"taxonomy":"post_tag","embeddable":true,"href":"https:\/\/www.em.com.br\/emfoco\/wp-json\/wp\/v2\/tags?post=114889"}],"curies":[{"name":"wp","href":"https:\/\/api.w.org\/{rel}","templated":true}]}}