{"id":114852,"date":"2025-10-14T21:45:00","date_gmt":"2025-10-15T00:45:00","guid":{"rendered":"https:\/\/www.em.com.br\/emfoco\/?p=114852"},"modified":"2025-10-13T17:15:23","modified_gmt":"2025-10-13T20:15:23","slug":"o-perigo-de-deixar-esse-eletrodomestico-sempre-ligado-vai-muito-alem-do-consumo-de-energia","status":"publish","type":"post","link":"https:\/\/www.em.com.br\/emfoco\/2025\/10\/14\/o-perigo-de-deixar-esse-eletrodomestico-sempre-ligado-vai-muito-alem-do-consumo-de-energia\/","title":{"rendered":"O perigo de deixar esse eletrodom\u00e9stico sempre ligado vai muito al\u00e9m do consumo de energia"},"content":{"rendered":"\n<p>Faz diferen\u00e7a deixar o <strong>micro-ondas na tomada<\/strong> mesmo sem uso? Sim. Al\u00e9m de consumir energia constantemente, o aparelho pode ser afetado por picos el\u00e9tricos e sobrecargas, prejudicando seu funcionamento e seguran\u00e7a ao longo do tempo.<\/p>\n\n\n\n<ul class=\"wp-block-list\">\n<li>O aparelho consome energia mesmo desligado<\/li>\n\n\n\n<li>Picos el\u00e9tricos podem danificar o circuito interno<\/li>\n\n\n\n<li>Desconectar traz economia e seguran\u00e7a<\/li>\n<\/ul>\n\n\n\n<h2 class=\"wp-block-heading\">O que os t\u00e9cnicos explicam sobre deixar o micro-ondas ligado?<\/h2>\n\n\n\n<p>Segundo especialistas, o <strong>micro-ondas<\/strong> continua gastando energia mesmo quando parece desligado. O visor digital e o transformador interno mant\u00eam um consumo constante, conhecido como \u201cenergia de espera\u201d, que pesa na conta ao longo do m\u00eas.<\/p>\n\n\n\n<p>Os t\u00e9cnicos alertam que, al\u00e9m do consumo oculto, h\u00e1 o risco de <strong>sobrecarga el\u00e9trica<\/strong> em caso de picos de tens\u00e3o. Essa instabilidade pode queimar componentes sens\u00edveis e reduzir a vida \u00fatil do aparelho, especialmente em regi\u00f5es com rede el\u00e9trica inst\u00e1vel.<\/p>\n\n\n\n<figure class=\"wp-block-image size-large\"><img loading=\"lazy\" decoding=\"async\" width=\"1024\" height=\"576\" src=\"https:\/\/www.em.com.br\/emfoco\/wp-content\/uploads\/2025\/10\/micro-ondas_1760386239098-1024x576.jpg\" alt=\"O perigo de deixar esse eletrodom\u00e9stico sempre ligado vai muito al\u00e9m do consumo de energia\" class=\"wp-image-114872\" srcset=\"https:\/\/www.em.com.br\/emfoco\/wp-content\/uploads\/2025\/10\/micro-ondas_1760386239098-1024x576.jpg 1024w, https:\/\/www.em.com.br\/emfoco\/wp-content\/uploads\/2025\/10\/micro-ondas_1760386239098-300x169.jpg 300w, https:\/\/www.em.com.br\/emfoco\/wp-content\/uploads\/2025\/10\/micro-ondas_1760386239098-768x432.jpg 768w, https:\/\/www.em.com.br\/emfoco\/wp-content\/uploads\/2025\/10\/micro-ondas_1760386239098-750x422.jpg 750w, https:\/\/www.em.com.br\/emfoco\/wp-content\/uploads\/2025\/10\/micro-ondas_1760386239098-1140x641.jpg 1140w, https:\/\/www.em.com.br\/emfoco\/wp-content\/uploads\/2025\/10\/micro-ondas_1760386239098.jpg 1280w\" sizes=\"auto, (max-width: 1024px) 100vw, 1024px\" \/><figcaption class=\"wp-element-caption\">O visor e os circuitos internos continuam ativos e vulner\u00e1veis a picos el\u00e9tricos &#8211; Cr\u00e9ditos: depositphotos.com \/ gonzalocallefotografia.gmail.com<\/figcaption><\/figure>\n\n\n\n<h2 class=\"wp-block-heading\">Por que o consumo de energia continua mesmo sem uso?<\/h2>\n\n\n\n<p>Mesmo parado, o micro-ondas precisa de energia para alimentar o <strong>display digital<\/strong> e o sistema de controle. Esses circuitos ficam em modo de espera, o que mant\u00e9m o transformador ativo, gerando consumo mesmo que o aparelho n\u00e3o esteja aquecendo alimentos.<\/p>\n\n\n\n<ul class=\"wp-block-list\">\n<li>O visor permanece aceso 24 horas<\/li>\n\n\n\n<li>O transformador consome energia para manter o sistema pronto<\/li>\n\n\n\n<li>Isso pode representar at\u00e9 5% da energia mensal do aparelho<\/li>\n<\/ul>\n\n\n\n<p><em>Leia mais: <a href=\"https:\/\/www.em.com.br\/emfoco\/2025\/09\/22\/dispositivos-invisiveis-que-sugam-sua-conta-de-energia-sem-voce-perceber\/\" target=\"_blank\" rel=\"noreferrer noopener\">Dispositivos \u201cinvis\u00edveis\u201d que sugam sua conta de energia sem voc\u00ea perceber<\/a><\/em><\/p>\n\n\n\n<h2 class=\"wp-block-heading\">Quando faz sentido deixar o micro-ondas ligado na tomada?<\/h2>\n\n\n\n<p>Os t\u00e9cnicos afirmam que n\u00e3o h\u00e1 problema em manter o <strong>micro-ondas conectado<\/strong> se o uso for frequente, como em casas onde ele \u00e9 acionado v\u00e1rias vezes por dia. Nesses casos, o consumo adicional \u00e9 pequeno e n\u00e3o justifica o desconforto de desconectar sempre.<\/p>\n\n\n\n<p>Por outro lado, se o aparelho ficar horas sem uso \u2014 especialmente durante o dia de trabalho ou viagens \u2014 o ideal \u00e9 desconect\u00e1-lo. Assim, evita-se o gasto desnecess\u00e1rio e poss\u00edveis <strong><a href=\"https:\/\/www.cemig.com.br\/usina-do-conhecimento\/20-dicas-para-evitar-acidentes-com-a-eletricidade-em-casa\/\" target=\"_blank\" rel=\"noreferrer noopener\">danos el\u00e9tricos<\/a><\/strong> durante per\u00edodos de aus\u00eancia.<\/p>\n\n\n\n<figure class=\"wp-block-image size-large\"><img loading=\"lazy\" decoding=\"async\" width=\"1024\" height=\"576\" src=\"https:\/\/www.em.com.br\/emfoco\/wp-content\/uploads\/2025\/10\/micro-ondas_1760386270557-1024x576.jpg\" alt=\"O perigo de deixar esse eletrodom\u00e9stico sempre ligado vai muito al\u00e9m do consumo de energia\" class=\"wp-image-114873\" srcset=\"https:\/\/www.em.com.br\/emfoco\/wp-content\/uploads\/2025\/10\/micro-ondas_1760386270557-1024x576.jpg 1024w, https:\/\/www.em.com.br\/emfoco\/wp-content\/uploads\/2025\/10\/micro-ondas_1760386270557-300x169.jpg 300w, https:\/\/www.em.com.br\/emfoco\/wp-content\/uploads\/2025\/10\/micro-ondas_1760386270557-768x432.jpg 768w, https:\/\/www.em.com.br\/emfoco\/wp-content\/uploads\/2025\/10\/micro-ondas_1760386270557-750x422.jpg 750w, https:\/\/www.em.com.br\/emfoco\/wp-content\/uploads\/2025\/10\/micro-ondas_1760386270557-1140x641.jpg 1140w, https:\/\/www.em.com.br\/emfoco\/wp-content\/uploads\/2025\/10\/micro-ondas_1760386270557.jpg 1280w\" sizes=\"auto, (max-width: 1024px) 100vw, 1024px\" \/><figcaption class=\"wp-element-caption\">Se o uso for constante ao longo do dia, o impacto do consumo extra \u00e9 pequeno &#8211; Cr\u00e9ditos: depositphotos.com \/ HayDmitriy<\/figcaption><\/figure>\n\n\n\n<h2 class=\"wp-block-heading\">Quais os cuidados ao desconectar o micro-ondas?<\/h2>\n\n\n\n<p>Antes de remover o plugue, \u00e9 importante garantir que o <strong>aparelho esteja frio<\/strong> e sem sinais de funcionamento recente. Puxar o cabo diretamente da tomada pode danificar o fio com o tempo, portanto, use o conector firme, sem for\u00e7ar.<\/p>\n\n\n\n<ul class=\"wp-block-list\">\n<li>Espere alguns minutos ap\u00f3s o uso para desconectar<\/li>\n\n\n\n<li>Evite puxar pelo cabo \u2014 use o plugue<\/li>\n\n\n\n<li>Verifique se a tomada n\u00e3o est\u00e1 danificada ou frouxa<\/li>\n<\/ul>\n\n\n\n<h2 class=\"wp-block-heading\">Como equilibrar seguran\u00e7a e praticidade no dia a dia?<\/h2>\n\n\n\n<p>N\u00e3o \u00e9 preciso desligar o <strong>micro-ondas<\/strong> o tempo todo. O mais indicado \u00e9 remov\u00ea-lo da tomada apenas em aus\u00eancias prolongadas, como viagens ou longos per\u00edodos fora de casa. Assim, voc\u00ea une <strong>economia e seguran\u00e7a<\/strong> em um \u00fanico gesto simples.<\/p>\n\n\n\n<ul class=\"wp-block-list\">\n<li>Desconecte em viagens ou aus\u00eancias longas<\/li>\n\n\n\n<li>Mantenha ligado em uso frequente<\/li>\n\n\n\n<li>Proteja com filtro de linha para mais seguran\u00e7a<\/li>\n<\/ul>\n","protected":false},"excerpt":{"rendered":"<p>Faz diferen\u00e7a deixar o micro-ondas na tomada mesmo sem uso? Sim. Al\u00e9m de consumir energia constantemente, o aparelho pode ser afetado por picos el\u00e9tricos e sobrecargas, prejudicando seu funcionamento e seguran\u00e7a ao longo do tempo. O que os t\u00e9cnicos explicam sobre deixar o micro-ondas ligado? Segundo especialistas, o micro-ondas continua gastando energia mesmo quando parece [&hellip;]<\/p>\n","protected":false},"author":13,"featured_media":114871,"comment_status":"open","ping_status":"open","sticky":false,"template":"","format":"standard","meta":{"jnews-multi-image_gallery":[],"jnews_single_post":{"format":"standard"},"jnews_primary_category":[],"jnews_social_meta":[],"jnews_override_counter":[],"footnotes":""},"categories":[8819],"tags":[16886,5582,16314],"class_list":["post-114852","post","type-post","status-publish","format-standard","has-post-thumbnail","hentry","category-curiosidades","tag-conta-de-energia","tag-micro-ondas","tag-riscos-de-incendio"],"yoast_head":"<!-- This site is optimized with the Yoast SEO plugin v23.8 - https:\/\/yoast.com\/wordpress\/plugins\/seo\/ -->\n<title>O perigo de deixar esse eletrodom\u00e9stico sempre ligado vai muito al\u00e9m do consumo de energia - Estado de Minas - Em foco<\/title>\n<meta name=\"description\" content=\"Ser\u00e1 que vale a pena desligar o micro-ondas? Entenda quando isso economiza energia e protege seu equipamento.\" \/>\n<meta name=\"robots\" content=\"index, follow, max-snippet:-1, max-image-preview:large, max-video-preview:-1\" \/>\n<link rel=\"canonical\" href=\"https:\/\/www.em.com.br\/emfoco\/2025\/10\/14\/o-perigo-de-deixar-esse-eletrodomestico-sempre-ligado-vai-muito-alem-do-consumo-de-energia\/\" \/>\n<meta property=\"og:locale\" content=\"pt_BR\" \/>\n<meta property=\"og:type\" content=\"article\" \/>\n<meta property=\"og:title\" content=\"O perigo de deixar esse eletrodom\u00e9stico sempre ligado vai muito al\u00e9m do consumo de energia - Estado de Minas - Em foco\" \/>\n<meta property=\"og:description\" content=\"Ser\u00e1 que vale a pena desligar o micro-ondas? Entenda quando isso economiza energia e protege seu equipamento.\" \/>\n<meta property=\"og:url\" content=\"https:\/\/www.em.com.br\/emfoco\/2025\/10\/14\/o-perigo-de-deixar-esse-eletrodomestico-sempre-ligado-vai-muito-alem-do-consumo-de-energia\/\" \/>\n<meta property=\"og:site_name\" content=\"Estado de Minas - Em foco\" \/>\n<meta property=\"article:published_time\" content=\"2025-10-15T00:45:00+00:00\" \/>\n<meta property=\"article:modified_time\" content=\"2025-10-13T20:15:23+00:00\" \/>\n<meta property=\"og:image\" content=\"https:\/\/www.em.com.br\/emfoco\/wp-content\/uploads\/2025\/10\/micro-ondas_1760386196475.jpg\" \/>\n\t<meta property=\"og:image:width\" content=\"1280\" \/>\n\t<meta property=\"og:image:height\" content=\"720\" \/>\n\t<meta property=\"og:image:type\" content=\"image\/jpeg\" \/>\n<meta name=\"author\" content=\"Gabriel Martins\" \/>\n<meta name=\"twitter:card\" content=\"summary_large_image\" \/>\n<meta name=\"twitter:label1\" content=\"Escrito por\" \/>\n\t<meta name=\"twitter:data1\" content=\"Gabriel Martins\" \/>\n\t<meta name=\"twitter:label2\" content=\"Est. tempo de leitura\" \/>\n\t<meta name=\"twitter:data2\" content=\"4 minutos\" \/>\n<!-- \/ Yoast SEO plugin. -->","yoast_head_json":{"title":"O perigo de deixar esse eletrodom\u00e9stico sempre ligado vai muito al\u00e9m do consumo de energia - Estado de Minas - Em foco","description":"Ser\u00e1 que vale a pena desligar o micro-ondas? Entenda quando isso economiza energia e protege seu equipamento.","robots":{"index":"index","follow":"follow","max-snippet":"max-snippet:-1","max-image-preview":"max-image-preview:large","max-video-preview":"max-video-preview:-1"},"canonical":"https:\/\/www.em.com.br\/emfoco\/2025\/10\/14\/o-perigo-de-deixar-esse-eletrodomestico-sempre-ligado-vai-muito-alem-do-consumo-de-energia\/","og_locale":"pt_BR","og_type":"article","og_title":"O perigo de deixar esse eletrodom\u00e9stico sempre ligado vai muito al\u00e9m do consumo de energia - Estado de Minas - Em foco","og_description":"Ser\u00e1 que vale a pena desligar o micro-ondas? Entenda quando isso economiza energia e protege seu equipamento.","og_url":"https:\/\/www.em.com.br\/emfoco\/2025\/10\/14\/o-perigo-de-deixar-esse-eletrodomestico-sempre-ligado-vai-muito-alem-do-consumo-de-energia\/","og_site_name":"Estado de Minas - Em foco","article_published_time":"2025-10-15T00:45:00+00:00","article_modified_time":"2025-10-13T20:15:23+00:00","og_image":[{"width":1280,"height":720,"url":"https:\/\/www.em.com.br\/emfoco\/wp-content\/uploads\/2025\/10\/micro-ondas_1760386196475.jpg","type":"image\/jpeg"}],"author":"Gabriel Martins","twitter_card":"summary_large_image","twitter_misc":{"Escrito por":"Gabriel Martins","Est. tempo de leitura":"4 minutos"},"schema":{"@context":"https:\/\/schema.org","@graph":[{"@type":"WebPage","@id":"https:\/\/www.em.com.br\/emfoco\/2025\/10\/14\/o-perigo-de-deixar-esse-eletrodomestico-sempre-ligado-vai-muito-alem-do-consumo-de-energia\/","url":"https:\/\/www.em.com.br\/emfoco\/2025\/10\/14\/o-perigo-de-deixar-esse-eletrodomestico-sempre-ligado-vai-muito-alem-do-consumo-de-energia\/","name":"O perigo de deixar esse eletrodom\u00e9stico sempre ligado vai muito al\u00e9m do consumo de energia - Estado de Minas - Em foco","isPartOf":{"@id":"https:\/\/www.em.com.br\/emfoco\/#website"},"primaryImageOfPage":{"@id":"https:\/\/www.em.com.br\/emfoco\/2025\/10\/14\/o-perigo-de-deixar-esse-eletrodomestico-sempre-ligado-vai-muito-alem-do-consumo-de-energia\/#primaryimage"},"image":{"@id":"https:\/\/www.em.com.br\/emfoco\/2025\/10\/14\/o-perigo-de-deixar-esse-eletrodomestico-sempre-ligado-vai-muito-alem-do-consumo-de-energia\/#primaryimage"},"thumbnailUrl":"https:\/\/www.em.com.br\/emfoco\/wp-content\/uploads\/2025\/10\/micro-ondas_1760386196475.jpg","datePublished":"2025-10-15T00:45:00+00:00","dateModified":"2025-10-13T20:15:23+00:00","author":{"@id":"https:\/\/www.em.com.br\/emfoco\/#\/schema\/person\/1c9ddeab18b98abeffef834667bcf08a"},"description":"Ser\u00e1 que vale a pena desligar o micro-ondas? Entenda quando isso economiza energia e protege seu equipamento.","breadcrumb":{"@id":"https:\/\/www.em.com.br\/emfoco\/2025\/10\/14\/o-perigo-de-deixar-esse-eletrodomestico-sempre-ligado-vai-muito-alem-do-consumo-de-energia\/#breadcrumb"},"inLanguage":"pt-BR","potentialAction":[{"@type":"ReadAction","target":["https:\/\/www.em.com.br\/emfoco\/2025\/10\/14\/o-perigo-de-deixar-esse-eletrodomestico-sempre-ligado-vai-muito-alem-do-consumo-de-energia\/"]}]},{"@type":"ImageObject","inLanguage":"pt-BR","@id":"https:\/\/www.em.com.br\/emfoco\/2025\/10\/14\/o-perigo-de-deixar-esse-eletrodomestico-sempre-ligado-vai-muito-alem-do-consumo-de-energia\/#primaryimage","url":"https:\/\/www.em.com.br\/emfoco\/wp-content\/uploads\/2025\/10\/micro-ondas_1760386196475.jpg","contentUrl":"https:\/\/www.em.com.br\/emfoco\/wp-content\/uploads\/2025\/10\/micro-ondas_1760386196475.jpg","width":1280,"height":720,"caption":"Mesmo desligado, o micro-ondas consome energia e pode sofrer danos se n\u00e3o for desconectado em per\u00edodos de inatividade - Cr\u00e9ditos: depositphotos.com \/ HayDmitriy"},{"@type":"BreadcrumbList","@id":"https:\/\/www.em.com.br\/emfoco\/2025\/10\/14\/o-perigo-de-deixar-esse-eletrodomestico-sempre-ligado-vai-muito-alem-do-consumo-de-energia\/#breadcrumb","itemListElement":[{"@type":"ListItem","position":1,"name":"In\u00edcio","item":"https:\/\/www.em.com.br\/emfoco\/"},{"@type":"ListItem","position":2,"name":"O perigo de deixar esse eletrodom\u00e9stico sempre ligado vai muito al\u00e9m do consumo de energia"}]},{"@type":"WebSite","@id":"https:\/\/www.em.com.br\/emfoco\/#website","url":"https:\/\/www.em.com.br\/emfoco\/","name":"Estado de Minas - Em foco","description":"Acompanhe as \u00faltimas not\u00edcias e fique bem informado sobre tudo o que acontece em Minas Gerais, Brasil e no mundo.","potentialAction":[{"@type":"SearchAction","target":{"@type":"EntryPoint","urlTemplate":"https:\/\/www.em.com.br\/emfoco\/?s={search_term_string}"},"query-input":{"@type":"PropertyValueSpecification","valueRequired":true,"valueName":"search_term_string"}}],"inLanguage":"pt-BR"},{"@type":"Person","@id":"https:\/\/www.em.com.br\/emfoco\/#\/schema\/person\/1c9ddeab18b98abeffef834667bcf08a","name":"Gabriel Martins","image":{"@type":"ImageObject","inLanguage":"pt-BR","@id":"https:\/\/www.em.com.br\/emfoco\/#\/schema\/person\/image\/","url":"https:\/\/secure.gravatar.com\/avatar\/f0f1e2efdfd88f1ad2cb08c5c2731e50?s=96&d=mm&r=g","contentUrl":"https:\/\/secure.gravatar.com\/avatar\/f0f1e2efdfd88f1ad2cb08c5c2731e50?s=96&d=mm&r=g","caption":"Gabriel Martins"},"sameAs":["https:\/\/www.em.com.br\/emfoco\/"],"url":"https:\/\/www.em.com.br\/emfoco\/author\/gabrielmartinsmyth\/"}]}},"_links":{"self":[{"href":"https:\/\/www.em.com.br\/emfoco\/wp-json\/wp\/v2\/posts\/114852","targetHints":{"allow":["GET"]}}],"collection":[{"href":"https:\/\/www.em.com.br\/emfoco\/wp-json\/wp\/v2\/posts"}],"about":[{"href":"https:\/\/www.em.com.br\/emfoco\/wp-json\/wp\/v2\/types\/post"}],"author":[{"embeddable":true,"href":"https:\/\/www.em.com.br\/emfoco\/wp-json\/wp\/v2\/users\/13"}],"replies":[{"embeddable":true,"href":"https:\/\/www.em.com.br\/emfoco\/wp-json\/wp\/v2\/comments?post=114852"}],"version-history":[{"count":1,"href":"https:\/\/www.em.com.br\/emfoco\/wp-json\/wp\/v2\/posts\/114852\/revisions"}],"predecessor-version":[{"id":114874,"href":"https:\/\/www.em.com.br\/emfoco\/wp-json\/wp\/v2\/posts\/114852\/revisions\/114874"}],"wp:featuredmedia":[{"embeddable":true,"href":"https:\/\/www.em.com.br\/emfoco\/wp-json\/wp\/v2\/media\/114871"}],"wp:attachment":[{"href":"https:\/\/www.em.com.br\/emfoco\/wp-json\/wp\/v2\/media?parent=114852"}],"wp:term":[{"taxonomy":"category","embeddable":true,"href":"https:\/\/www.em.com.br\/emfoco\/wp-json\/wp\/v2\/categories?post=114852"},{"taxonomy":"post_tag","embeddable":true,"href":"https:\/\/www.em.com.br\/emfoco\/wp-json\/wp\/v2\/tags?post=114852"}],"curies":[{"name":"wp","href":"https:\/\/api.w.org\/{rel}","templated":true}]}}