{"id":114841,"date":"2025-10-14T19:05:00","date_gmt":"2025-10-14T22:05:00","guid":{"rendered":"https:\/\/www.em.com.br\/emfoco\/?p=114841"},"modified":"2025-10-13T22:58:32","modified_gmt":"2025-10-14T01:58:32","slug":"trabalhador-e-demitido-por-dizer-que-colega-estava-bonita-demais","status":"publish","type":"post","link":"https:\/\/www.em.com.br\/emfoco\/2025\/10\/14\/trabalhador-e-demitido-por-dizer-que-colega-estava-bonita-demais\/","title":{"rendered":"Trabalhador \u00e9 demitido por dizer que colega \u201cestava bonita demais\u201d"},"content":{"rendered":"\n<p>Recentemente, a <strong>2\u00aa Turma do Tribunal Regional do Trabalho da 4\u00aa Regi\u00e3o<\/strong>, no <strong>Rio Grande do Sul<\/strong>, confirmou a demiss\u00e3o por justa causa de um pintor automotivo, ap\u00f3s este fazer coment\u00e1rios depreciativos sobre uma foto de uma colega de trabalho. Os coment\u00e1rios se referiram \u00e0 imagem da &#8220;<strong>funcion\u00e1ria do m\u00eas<\/strong>&#8220;, onde o pintor sugeriu que a pessoa na foto estava t\u00e3o bonita que n\u00e3o parecia ser a homenageada. Este epis\u00f3dio gerou debates e repercuss\u00e3o negativa dentro da empresa.<\/p>\n\n\n\n<p>O trabalhador buscou reverter a demiss\u00e3o na <strong>Justi\u00e7a<\/strong>, alegando que o coment\u00e1rio feito n\u00e3o configurava falta grave suficiente para justificar a sua dispensa. Argumentou ainda que ap\u00f3s quase 40 anos de servi\u00e7o, a medida foi exagerada e desproporcional. Al\u00e9m disso, sugeriu que a empresa estava utilizando o incidente como um subterf\u00fagio para dispensar um funcion\u00e1rio antigo, pr\u00e1tica que, segundo ele, j\u00e1 havia ocorrido anteriormente.<\/p>\n\n\n\n<h2 class=\"wp-block-heading\">Quais foram os argumentos da defesa e da acusa\u00e7\u00e3o?<\/h2>\n\n\n<div class=\"wp-block-image\">\n<figure class=\"aligncenter size-large\"><img loading=\"lazy\" decoding=\"async\" width=\"1024\" height=\"576\" src=\"https:\/\/www.em.com.br\/emfoco\/wp-content\/uploads\/2025\/06\/FGTS_1749151042556-1024x576.jpg\" alt=\"Recupere 1 dia de bateria com 1 clique pr\u00e1tico ao sair de casa\" class=\"wp-image-56491\" srcset=\"https:\/\/www.em.com.br\/emfoco\/wp-content\/uploads\/2025\/06\/FGTS_1749151042556-1024x576.jpg 1024w, https:\/\/www.em.com.br\/emfoco\/wp-content\/uploads\/2025\/06\/FGTS_1749151042556-300x169.jpg 300w, https:\/\/www.em.com.br\/emfoco\/wp-content\/uploads\/2025\/06\/FGTS_1749151042556-768x432.jpg 768w, https:\/\/www.em.com.br\/emfoco\/wp-content\/uploads\/2025\/06\/FGTS_1749151042556-750x422.jpg 750w, https:\/\/www.em.com.br\/emfoco\/wp-content\/uploads\/2025\/06\/FGTS_1749151042556-1140x641.jpg 1140w, https:\/\/www.em.com.br\/emfoco\/wp-content\/uploads\/2025\/06\/FGTS_1749151042556.jpg 1280w\" sizes=\"auto, (max-width: 1024px) 100vw, 1024px\" \/><figcaption class=\"wp-element-caption\">Trabalhador feliz &#8211; Cr\u00e9ditos: depositphotos.com \/ SarkisSeysian<\/figcaption><\/figure><\/div>\n\n\n<p>Em sua defesa, a empresa argumentou que o pintor j\u00e1 tinha antecedentes de mau comportamento, pois havia sido suspenso em 2023 por ass\u00e9dio sexual. Assim, a demiss\u00e3o foi fundamentada no <strong>artigo 482 da<\/strong> <strong>Consolida\u00e7\u00e3o das Leis do Trabalho<\/strong> (<a href=\"https:\/\/www.jusbrasil.com.br\/topicos\/10709394\/artigo-482-do-decreto-lei-n-5452-de-01-de-maio-de-1943\" target=\"_blank\" rel=\"noreferrer noopener\">CLT<\/a>), que trata de incontin\u00eancia de conduta ou mau procedimento e de atos lesivos \u00e0 honra ou \u00e0 boa fama praticados dentro do ambiente de trabalho.<\/p>\n\n\n\n<p>No julgamento de primeira inst\u00e2ncia, o <strong>juiz Frederico Russomano<\/strong> salientou que atualmente n\u00e3o se pode tolerar tal comportamento no ambiente profissional, independentemente de se tratar de uma brincadeira. Ele destacou que a penalidade aplicada poderia ser vista como severa, caso o trabalhador n\u00e3o fosse reincidente. Esta reincid\u00eancia pesou na decis\u00e3o de manter a justa causa.<\/p>\n\n\n\n<p>Leia mais: <a href=\"https:\/\/www.em.com.br\/emfoco\/2025\/09\/11\/nova-lei-muda-regras-de-ferias-na-clt-e-garante-mais-direitos\/\" target=\"_blank\" rel=\"noreferrer noopener\">Nova lei muda regras de f\u00e9rias na CLT e garante mais direitos<\/a><\/p>\n\n\n\n<h2 class=\"wp-block-heading\">Quais foram as implica\u00e7\u00f5es legais dessa decis\u00e3o?<\/h2>\n\n\n\n<p>A decis\u00e3o do tribunal refor\u00e7ou a seriedade com que coment\u00e1rios e condutas indevidas s\u00e3o tratadas no ambiente de trabalho. O caso ainda destacou a import\u00e2ncia das empresas em adotar medidas firmes contra reincid\u00eancias de comportamentos inadequados. Para orientar gestores e trabalhadores, vale destacar alguns pontos essenciais relacionados a esse tipo de situa\u00e7\u00e3o:<\/p>\n\n\n\n<ul class=\"wp-block-list\">\n<li><strong>Aten\u00e7\u00e3o ao hist\u00f3rico disciplinar:<\/strong> Funcion\u00e1rios reincidentes em condutas inadequadas podem ser penalizados com maior rigor;<\/li>\n\n\n\n<li><strong>Gravidade das atitudes:<\/strong> Coment\u00e1rios depreciativos, mesmo que disfar\u00e7ados de brincadeira, podem configurar falta grave;<\/li>\n\n\n\n<li><strong>Import\u00e2ncia das testemunhas:<\/strong> Relatos de colegas s\u00e3o fundamentais para a apura\u00e7\u00e3o de casos de ass\u00e9dio ou ofensa;<\/li>\n\n\n\n<li><strong>Amparo na legisla\u00e7\u00e3o:<\/strong> A <strong>CLT <\/strong>prev\u00ea hip\u00f3teses claras de demiss\u00e3o por justa causa, como atos lesivos \u00e0 honra ou mau procedimento;<\/li>\n\n\n\n<li><strong>Papel das empresas:<\/strong> \u00c9 imprescind\u00edvel que organiza\u00e7\u00f5es adotem pol\u00edticas claras contra condutas impr\u00f3prias, promovendo treinamentos e canais para den\u00fancia.<\/li>\n<\/ul>\n\n\n\n<p>O trabalhador, insatisfeito com a decis\u00e3o, recorreu ao <strong>Tribunal Superior do Trabalho<\/strong>, almejando reverter a demiss\u00e3o e obter compensa\u00e7\u00e3o por danos morais, mas at\u00e9 o momento, a decis\u00e3o inicial foi mantida.<\/p>\n\n\n\n<p>O cen\u00e1rio ilustra um movimento em que a justi\u00e7a trabalhista se posiciona contra comportamentos que, direta ou indiretamente, amea\u00e7am a integridade ou o bem-estar dos trabalhadores, mesmo que mascarados por um tom de brincadeira. Ainda mais, refor\u00e7a o papel das testemunhas e da a\u00e7\u00e3o firme das empresas na manuten\u00e7\u00e3o de um ambiente de trabalho seguro e respeitoso.<\/p>\n","protected":false},"excerpt":{"rendered":"<p>Recentemente, a 2\u00aa Turma do Tribunal Regional do Trabalho da 4\u00aa Regi\u00e3o, no Rio Grande do Sul, confirmou a demiss\u00e3o por justa causa de um pintor automotivo, ap\u00f3s este fazer coment\u00e1rios depreciativos sobre uma foto de uma colega de trabalho. Os coment\u00e1rios se referiram \u00e0 imagem da &#8220;funcion\u00e1ria do m\u00eas&#8220;, onde o pintor sugeriu que [&hellip;]<\/p>\n","protected":false},"author":20,"featured_media":27953,"comment_status":"open","ping_status":"open","sticky":false,"template":"","format":"standard","meta":{"jnews-multi-image_gallery":[],"jnews_single_post":{"format":"standard"},"jnews_primary_category":[],"jnews_social_meta":[],"jnews_override_counter":[],"footnotes":""},"categories":[28,1],"tags":[2287,16151,641],"class_list":["post-114841","post","type-post","status-publish","format-standard","has-post-thumbnail","hentry","category-economia","category-noticias","tag-demissao","tag-justa-causa","tag-trabalhador"],"yoast_head":"<!-- This site is optimized with the Yoast SEO plugin v23.8 - https:\/\/yoast.com\/wordpress\/plugins\/seo\/ -->\n<title>Trabalhador \u00e9 demitido por dizer que colega \u201cestava bonita demais\u201d - Estado de Minas - Em foco<\/title>\n<meta name=\"description\" content=\"Seguran\u00e7a no trabalho! Pintor \u00e9 demitido por justa causa ap\u00f3s coment\u00e1rio ofensivo. A Justi\u00e7a n\u00e3o tolera reincid\u00eancia e protege o bem-estar da sua fam\u00edlia.\" \/>\n<meta name=\"robots\" content=\"index, follow, max-snippet:-1, max-image-preview:large, max-video-preview:-1\" \/>\n<link rel=\"canonical\" href=\"https:\/\/www.em.com.br\/emfoco\/2025\/10\/14\/trabalhador-e-demitido-por-dizer-que-colega-estava-bonita-demais\/\" \/>\n<meta property=\"og:locale\" content=\"pt_BR\" \/>\n<meta property=\"og:type\" content=\"article\" \/>\n<meta property=\"og:title\" content=\"Trabalhador \u00e9 demitido por dizer que colega \u201cestava bonita demais\u201d - Estado de Minas - Em foco\" \/>\n<meta property=\"og:description\" content=\"Seguran\u00e7a no trabalho! Pintor \u00e9 demitido por justa causa ap\u00f3s coment\u00e1rio ofensivo. A Justi\u00e7a n\u00e3o tolera reincid\u00eancia e protege o bem-estar da sua fam\u00edlia.\" \/>\n<meta property=\"og:url\" content=\"https:\/\/www.em.com.br\/emfoco\/2025\/10\/14\/trabalhador-e-demitido-por-dizer-que-colega-estava-bonita-demais\/\" \/>\n<meta property=\"og:site_name\" content=\"Estado de Minas - Em foco\" \/>\n<meta property=\"article:published_time\" content=\"2025-10-14T22:05:00+00:00\" \/>\n<meta property=\"article:modified_time\" content=\"2025-10-14T01:58:32+00:00\" \/>\n<meta property=\"og:image\" content=\"https:\/\/www.em.com.br\/emfoco\/wp-content\/uploads\/2025\/03\/pessoa-triste_1741795021140.jpg\" \/>\n\t<meta property=\"og:image:width\" content=\"1280\" \/>\n\t<meta property=\"og:image:height\" content=\"720\" \/>\n\t<meta property=\"og:image:type\" content=\"image\/jpeg\" \/>\n<meta name=\"author\" content=\"Ingrid Diniz\" \/>\n<meta name=\"twitter:card\" content=\"summary_large_image\" \/>\n<meta name=\"twitter:label1\" content=\"Escrito por\" \/>\n\t<meta name=\"twitter:data1\" content=\"Ingrid Diniz\" \/>\n\t<meta name=\"twitter:label2\" content=\"Est. tempo de leitura\" \/>\n\t<meta name=\"twitter:data2\" content=\"4 minutos\" \/>\n<!-- \/ Yoast SEO plugin. -->","yoast_head_json":{"title":"Trabalhador \u00e9 demitido por dizer que colega \u201cestava bonita demais\u201d - Estado de Minas - Em foco","description":"Seguran\u00e7a no trabalho! Pintor \u00e9 demitido por justa causa ap\u00f3s coment\u00e1rio ofensivo. A Justi\u00e7a n\u00e3o tolera reincid\u00eancia e protege o bem-estar da sua fam\u00edlia.","robots":{"index":"index","follow":"follow","max-snippet":"max-snippet:-1","max-image-preview":"max-image-preview:large","max-video-preview":"max-video-preview:-1"},"canonical":"https:\/\/www.em.com.br\/emfoco\/2025\/10\/14\/trabalhador-e-demitido-por-dizer-que-colega-estava-bonita-demais\/","og_locale":"pt_BR","og_type":"article","og_title":"Trabalhador \u00e9 demitido por dizer que colega \u201cestava bonita demais\u201d - Estado de Minas - Em foco","og_description":"Seguran\u00e7a no trabalho! Pintor \u00e9 demitido por justa causa ap\u00f3s coment\u00e1rio ofensivo. A Justi\u00e7a n\u00e3o tolera reincid\u00eancia e protege o bem-estar da sua fam\u00edlia.","og_url":"https:\/\/www.em.com.br\/emfoco\/2025\/10\/14\/trabalhador-e-demitido-por-dizer-que-colega-estava-bonita-demais\/","og_site_name":"Estado de Minas - Em foco","article_published_time":"2025-10-14T22:05:00+00:00","article_modified_time":"2025-10-14T01:58:32+00:00","og_image":[{"width":1280,"height":720,"url":"https:\/\/www.em.com.br\/emfoco\/wp-content\/uploads\/2025\/03\/pessoa-triste_1741795021140.jpg","type":"image\/jpeg"}],"author":"Ingrid Diniz","twitter_card":"summary_large_image","twitter_misc":{"Escrito por":"Ingrid Diniz","Est. tempo de leitura":"4 minutos"},"schema":{"@context":"https:\/\/schema.org","@graph":[{"@type":"WebPage","@id":"https:\/\/www.em.com.br\/emfoco\/2025\/10\/14\/trabalhador-e-demitido-por-dizer-que-colega-estava-bonita-demais\/","url":"https:\/\/www.em.com.br\/emfoco\/2025\/10\/14\/trabalhador-e-demitido-por-dizer-que-colega-estava-bonita-demais\/","name":"Trabalhador \u00e9 demitido por dizer que colega \u201cestava bonita demais\u201d - Estado de Minas - Em foco","isPartOf":{"@id":"https:\/\/www.em.com.br\/emfoco\/#website"},"primaryImageOfPage":{"@id":"https:\/\/www.em.com.br\/emfoco\/2025\/10\/14\/trabalhador-e-demitido-por-dizer-que-colega-estava-bonita-demais\/#primaryimage"},"image":{"@id":"https:\/\/www.em.com.br\/emfoco\/2025\/10\/14\/trabalhador-e-demitido-por-dizer-que-colega-estava-bonita-demais\/#primaryimage"},"thumbnailUrl":"https:\/\/www.em.com.br\/emfoco\/wp-content\/uploads\/2025\/03\/pessoa-triste_1741795021140.jpg","datePublished":"2025-10-14T22:05:00+00:00","dateModified":"2025-10-14T01:58:32+00:00","author":{"@id":"https:\/\/www.em.com.br\/emfoco\/#\/schema\/person\/649e610b4eb8fff87ff394e54fe17b2b"},"description":"Seguran\u00e7a no trabalho! Pintor \u00e9 demitido por justa causa ap\u00f3s coment\u00e1rio ofensivo. A Justi\u00e7a n\u00e3o tolera reincid\u00eancia e protege o bem-estar da sua fam\u00edlia.","breadcrumb":{"@id":"https:\/\/www.em.com.br\/emfoco\/2025\/10\/14\/trabalhador-e-demitido-por-dizer-que-colega-estava-bonita-demais\/#breadcrumb"},"inLanguage":"pt-BR","potentialAction":[{"@type":"ReadAction","target":["https:\/\/www.em.com.br\/emfoco\/2025\/10\/14\/trabalhador-e-demitido-por-dizer-que-colega-estava-bonita-demais\/"]}]},{"@type":"ImageObject","inLanguage":"pt-BR","@id":"https:\/\/www.em.com.br\/emfoco\/2025\/10\/14\/trabalhador-e-demitido-por-dizer-que-colega-estava-bonita-demais\/#primaryimage","url":"https:\/\/www.em.com.br\/emfoco\/wp-content\/uploads\/2025\/03\/pessoa-triste_1741795021140.jpg","contentUrl":"https:\/\/www.em.com.br\/emfoco\/wp-content\/uploads\/2025\/03\/pessoa-triste_1741795021140.jpg","width":1280,"height":720,"caption":"Pessoa triste - Cr\u00e9ditos: depositphotos.com \/ AlexShadyuk"},{"@type":"BreadcrumbList","@id":"https:\/\/www.em.com.br\/emfoco\/2025\/10\/14\/trabalhador-e-demitido-por-dizer-que-colega-estava-bonita-demais\/#breadcrumb","itemListElement":[{"@type":"ListItem","position":1,"name":"In\u00edcio","item":"https:\/\/www.em.com.br\/emfoco\/"},{"@type":"ListItem","position":2,"name":"Trabalhador \u00e9 demitido por dizer que colega \u201cestava bonita demais\u201d"}]},{"@type":"WebSite","@id":"https:\/\/www.em.com.br\/emfoco\/#website","url":"https:\/\/www.em.com.br\/emfoco\/","name":"Estado de Minas - Em foco","description":"Acompanhe as \u00faltimas not\u00edcias e fique bem informado sobre tudo o que acontece em Minas Gerais, Brasil e no mundo.","potentialAction":[{"@type":"SearchAction","target":{"@type":"EntryPoint","urlTemplate":"https:\/\/www.em.com.br\/emfoco\/?s={search_term_string}"},"query-input":{"@type":"PropertyValueSpecification","valueRequired":true,"valueName":"search_term_string"}}],"inLanguage":"pt-BR"},{"@type":"Person","@id":"https:\/\/www.em.com.br\/emfoco\/#\/schema\/person\/649e610b4eb8fff87ff394e54fe17b2b","name":"Ingrid Diniz","image":{"@type":"ImageObject","inLanguage":"pt-BR","@id":"https:\/\/www.em.com.br\/emfoco\/#\/schema\/person\/image\/","url":"https:\/\/secure.gravatar.com\/avatar\/a3baa1449ec5c39b4c42babc9d4f3951?s=96&d=mm&r=g","contentUrl":"https:\/\/secure.gravatar.com\/avatar\/a3baa1449ec5c39b4c42babc9d4f3951?s=96&d=mm&r=g","caption":"Ingrid Diniz"},"sameAs":["https:\/\/www.em.com.br\/"],"url":"https:\/\/www.em.com.br\/emfoco\/author\/ingridmyth\/"}]}},"_links":{"self":[{"href":"https:\/\/www.em.com.br\/emfoco\/wp-json\/wp\/v2\/posts\/114841","targetHints":{"allow":["GET"]}}],"collection":[{"href":"https:\/\/www.em.com.br\/emfoco\/wp-json\/wp\/v2\/posts"}],"about":[{"href":"https:\/\/www.em.com.br\/emfoco\/wp-json\/wp\/v2\/types\/post"}],"author":[{"embeddable":true,"href":"https:\/\/www.em.com.br\/emfoco\/wp-json\/wp\/v2\/users\/20"}],"replies":[{"embeddable":true,"href":"https:\/\/www.em.com.br\/emfoco\/wp-json\/wp\/v2\/comments?post=114841"}],"version-history":[{"count":2,"href":"https:\/\/www.em.com.br\/emfoco\/wp-json\/wp\/v2\/posts\/114841\/revisions"}],"predecessor-version":[{"id":114946,"href":"https:\/\/www.em.com.br\/emfoco\/wp-json\/wp\/v2\/posts\/114841\/revisions\/114946"}],"wp:featuredmedia":[{"embeddable":true,"href":"https:\/\/www.em.com.br\/emfoco\/wp-json\/wp\/v2\/media\/27953"}],"wp:attachment":[{"href":"https:\/\/www.em.com.br\/emfoco\/wp-json\/wp\/v2\/media?parent=114841"}],"wp:term":[{"taxonomy":"category","embeddable":true,"href":"https:\/\/www.em.com.br\/emfoco\/wp-json\/wp\/v2\/categories?post=114841"},{"taxonomy":"post_tag","embeddable":true,"href":"https:\/\/www.em.com.br\/emfoco\/wp-json\/wp\/v2\/tags?post=114841"}],"curies":[{"name":"wp","href":"https:\/\/api.w.org\/{rel}","templated":true}]}}