{"id":114736,"date":"2025-10-13T17:00:00","date_gmt":"2025-10-13T20:00:00","guid":{"rendered":"https:\/\/www.em.com.br\/emfoco\/?p=114736"},"modified":"2025-10-13T15:14:42","modified_gmt":"2025-10-13T18:14:42","slug":"pedi-para-usar-o-banheiro-no-estabelecimento-e-recusarem-e-legal","status":"publish","type":"post","link":"https:\/\/www.em.com.br\/emfoco\/2025\/10\/13\/pedi-para-usar-o-banheiro-no-estabelecimento-e-recusarem-e-legal\/","title":{"rendered":"Pedi para usar o banheiro no estabelecimento e recusarem.\u00a0\u00c9\u00a0legal?"},"content":{"rendered":"\n<p>Voc\u00ea j\u00e1 se encontrou em uma situa\u00e7\u00e3o em que precisava usar o banheiro de um bar ou lanchonete, mas foi solicitado que consumisse algo? Essa pr\u00e1tica gera d\u00favidas quanto \u00e0 sua legalidade. Aqui est\u00e1 o que voc\u00ea precisa saber:<\/p>\n\n\n\n<ul class=\"wp-block-list\">\n<li><strong>Permiss\u00e3o para restringir o uso:<\/strong>\u00a0Estabelecimentos podem reservar o banheiro para clientes, mas exigir consumo \u00e9\u00a0<strong>venda casada<\/strong>.<\/li>\n\n\n\n<li><strong>O que \u00e9 venda casada:<\/strong>\u00a0Obriga\u00e7\u00e3o de compra para uso do banheiro \u00e9 uma pr\u00e1tica abusiva segundo o\u00a0<strong>C\u00f3digo de Defesa do Consumidor<\/strong>.<\/li>\n\n\n\n<li><strong>Leis locais:<\/strong>\u00a0Algumas cidades, como\u00a0<strong>S\u00e3o Paulo<\/strong>\u00a0e\u00a0<strong>Rio de Janeiro<\/strong>, pro\u00edbem a cobran\u00e7a ou restri\u00e7\u00e3o do uso de banheiros em estabelecimentos comerciais.<\/li>\n<\/ul>\n\n\n\n<h2 class=\"wp-block-heading\">Posso usar o banheiro sem consumir?<\/h2>\n\n\n\n<p>N\u00e3o h\u00e1 uma&nbsp;<strong>lei federal<\/strong>&nbsp;que obrigue o acesso ao banheiro sem consumo. Entretanto, exigir uma compra apenas para liberar o uso do banheiro \u00e9 considerado ilegal. Se voc\u00ea est\u00e1 no local com a inten\u00e7\u00e3o de consumir, isso j\u00e1 garante seu direito ao uso.<\/p>\n\n\n\n<p><strong>Venda casada<\/strong>\u00a0\u00e9 vedada pelo\u00a0<strong>C\u00f3digo de Defesa do Consumidor<\/strong>\u00a0no <a href=\"https:\/\/www.tjsp.jus.br\/download\/EPM\/Publicacoes\/ObrasJuridicas\/cdc7.pdf?d=63668053376340#:~:text=Diz%20o%20seguinte:-,Art.,pre%C3%A7o%20de%20produtos%20ou%20servi%C3%A7os.\" target=\"_blank\" rel=\"noreferrer noopener\">Artigo 39, inciso I<\/a>. Essa cl\u00e1usula pro\u00edbe condi\u00e7\u00f5es abusivas como obrigar um consumidor a comprar algo para utilizar o banheiro.<\/p>\n\n\n\n<h2 class=\"wp-block-heading\">O que diz o C\u00f3digo de Defesa do Consumidor sobre banheiros?<\/h2>\n\n\n\n<p>De acordo com o&nbsp;<strong>CDC<\/strong>, pr\u00e1ticas abusivas como a venda casada s\u00e3o proibidas. O texto do Artigo 39 destaca:<\/p>\n\n\n\n<p><strong>Art. 39:<\/strong>\u00a0\u00c9 vedado ao fornecedor de produtos ou servi\u00e7os, dentre outras pr\u00e1ticas abusivas: I &#8211; condicionar o fornecimento de produto ou de servi\u00e7o ao fornecimento de outro produto, ou servi\u00e7o, bem como, sem justa causa, a limites quantitativos.<\/p>\n\n\n\n<figure class=\"wp-block-image size-large\"><img loading=\"lazy\" decoding=\"async\" width=\"1024\" height=\"576\" src=\"https:\/\/www.em.com.br\/emfoco\/wp-content\/uploads\/2025\/10\/unnamed-14-1024x576.jpg\" alt=\"\" class=\"wp-image-114741\" srcset=\"https:\/\/www.em.com.br\/emfoco\/wp-content\/uploads\/2025\/10\/unnamed-14-1024x576.jpg 1024w, https:\/\/www.em.com.br\/emfoco\/wp-content\/uploads\/2025\/10\/unnamed-14-300x169.jpg 300w, https:\/\/www.em.com.br\/emfoco\/wp-content\/uploads\/2025\/10\/unnamed-14-768x432.jpg 768w, https:\/\/www.em.com.br\/emfoco\/wp-content\/uploads\/2025\/10\/unnamed-14-750x422.jpg 750w, https:\/\/www.em.com.br\/emfoco\/wp-content\/uploads\/2025\/10\/unnamed-14-1140x641.jpg 1140w, https:\/\/www.em.com.br\/emfoco\/wp-content\/uploads\/2025\/10\/unnamed-14.jpg 1280w\" sizes=\"auto, (max-width: 1024px) 100vw, 1024px\" \/><figcaption class=\"wp-element-caption\">Alguns locais podem cobrar pelo uso do banheiro se n\u00e3o houver consumo<\/figcaption><\/figure>\n\n\n\n<h2 class=\"wp-block-heading\">\u00c9 permitido cobrar taxa para uso do banheiro?<\/h2>\n\n\n\n<p>Alguns locais podem cobrar pelo uso do banheiro se n\u00e3o houver consumo, mas o valor deve ser justo e cobrir apenas custos de manuten\u00e7\u00e3o. Certifique-se de estar ciente das&nbsp;<strong>leis municipais<\/strong>, pois regras espec\u00edficas podem variar. Por exemplo, no&nbsp;<strong>Rio de Janeiro<\/strong>, estabelecimentos comerciais n\u00e3o podem cobrar pelo uso de banheiros. J\u00e1 em&nbsp;<strong>S\u00e3o Paulo<\/strong>, h\u00e1 lei municipal semelhante proibindo a cobran\u00e7a.<\/p>\n\n\n\n<h2 class=\"wp-block-heading\">O que fazer se exigirem consumo?<\/h2>\n\n\n\n<p>Se um estabelecimento insistir em que voc\u00ea compre algo para usar o banheiro, voc\u00ea pode registrar uma reclama\u00e7\u00e3o no&nbsp;<strong>PROCON<\/strong>. \u00c9 recomend\u00e1vel ter evid\u00eancias, como uma foto da placa ou um registro da conversa, para apoiar sua queixa.<\/p>\n\n\n\n<p><em>Aten\u00e7\u00e3o:<\/em>&nbsp;Entre no local com a inten\u00e7\u00e3o clara de consumir para garantir seus direitos de cliente e, assim, o uso do banheiro.<\/p>\n\n\n\n<h2 class=\"wp-block-heading\">Quais s\u00e3o os direitos do consumidor em situa\u00e7\u00f5es do dia a dia?<\/h2>\n\n\n\n<ul class=\"wp-block-list\">\n<li><strong>Entenda seus direitos:<\/strong>\u00a0Seja informado sobre as condi\u00e7\u00f5es legais de uso dos banheiros em estabelecimentos comerciais.<\/li>\n\n\n\n<li><strong>Registre irregularidades:<\/strong>\u00a0Use prova documental para relatar pr\u00e1ticas abusivas.<\/li>\n\n\n\n<li><strong>Consumo n\u00e3o \u00e9 mandat\u00f3rio:<\/strong>\u00a0Entrar com inten\u00e7\u00e3o de comprar j\u00e1 lhe confere direitos.<\/li>\n<\/ul>\n\n\n\n<p>Agir conhecendo seus direitos ajuda a evitar constrangimentos e assegura que pr\u00e1ticas abusivas n\u00e3o se perpetuem. Manter-se informado \u00e9 sua melhor defesa.<\/p>\n","protected":false},"excerpt":{"rendered":"<p>Voc\u00ea j\u00e1 se encontrou em uma situa\u00e7\u00e3o em que precisava usar o banheiro de um bar ou lanchonete, mas foi solicitado que consumisse algo? Essa pr\u00e1tica gera d\u00favidas quanto \u00e0 sua legalidade. Aqui est\u00e1 o que voc\u00ea precisa saber: Posso usar o banheiro sem consumir? N\u00e3o h\u00e1 uma&nbsp;lei federal&nbsp;que obrigue o acesso ao banheiro sem [&hellip;]<\/p>\n","protected":false},"author":11,"featured_media":114740,"comment_status":"open","ping_status":"open","sticky":false,"template":"","format":"standard","meta":{"jnews-multi-image_gallery":[],"jnews_single_post":{"format":"standard"},"jnews_primary_category":[],"jnews_social_meta":[],"jnews_override_counter":[],"footnotes":""},"categories":[8819,1],"tags":[10013,1333,1342,487,13846],"class_list":["post-114736","post","type-post","status-publish","format-standard","has-post-thumbnail","hentry","category-curiosidades","category-noticias","tag-banheiro","tag-consumidor","tag-direitos","tag-lei","tag-procon"],"yoast_head":"<!-- This site is optimized with the Yoast SEO plugin v23.8 - https:\/\/yoast.com\/wordpress\/plugins\/seo\/ -->\n<title>Pedi para usar o banheiro no estabelecimento e recusarem.\u00a0\u00c9\u00a0legal? - Estado de Minas - Em foco<\/title>\n<meta name=\"description\" content=\"Exigir consumo pra usar o banheiro \u00e9 venda casada e pr\u00e1tica abusiva. Veja o que diz o C\u00f3digo do Consumidor e como agir.\" \/>\n<meta name=\"robots\" content=\"index, follow, max-snippet:-1, max-image-preview:large, max-video-preview:-1\" \/>\n<link rel=\"canonical\" href=\"https:\/\/www.em.com.br\/emfoco\/2025\/10\/13\/pedi-para-usar-o-banheiro-no-estabelecimento-e-recusarem-e-legal\/\" \/>\n<meta property=\"og:locale\" content=\"pt_BR\" \/>\n<meta property=\"og:type\" content=\"article\" \/>\n<meta property=\"og:title\" content=\"Pedi para usar o banheiro no estabelecimento e recusarem.\u00a0\u00c9\u00a0legal? - Estado de Minas - Em foco\" \/>\n<meta property=\"og:description\" content=\"Exigir consumo pra usar o banheiro \u00e9 venda casada e pr\u00e1tica abusiva. Veja o que diz o C\u00f3digo do Consumidor e como agir.\" \/>\n<meta property=\"og:url\" content=\"https:\/\/www.em.com.br\/emfoco\/2025\/10\/13\/pedi-para-usar-o-banheiro-no-estabelecimento-e-recusarem-e-legal\/\" \/>\n<meta property=\"og:site_name\" content=\"Estado de Minas - Em foco\" \/>\n<meta property=\"article:published_time\" content=\"2025-10-13T20:00:00+00:00\" \/>\n<meta property=\"article:modified_time\" content=\"2025-10-13T18:14:42+00:00\" \/>\n<meta property=\"og:image\" content=\"https:\/\/www.em.com.br\/emfoco\/wp-content\/uploads\/2025\/10\/unnamed-13.jpg\" \/>\n\t<meta property=\"og:image:width\" content=\"1280\" \/>\n\t<meta property=\"og:image:height\" content=\"720\" \/>\n\t<meta property=\"og:image:type\" content=\"image\/jpeg\" \/>\n<meta name=\"author\" content=\"Andre\u0301 Rangel\u00a0\" \/>\n<meta name=\"twitter:card\" content=\"summary_large_image\" \/>\n<meta name=\"twitter:label1\" content=\"Escrito por\" \/>\n\t<meta name=\"twitter:data1\" content=\"Andre\u0301 Rangel\u00a0\" \/>\n\t<meta name=\"twitter:label2\" content=\"Est. tempo de leitura\" \/>\n\t<meta name=\"twitter:data2\" content=\"4 minutos\" \/>\n<!-- \/ Yoast SEO plugin. -->","yoast_head_json":{"title":"Pedi para usar o banheiro no estabelecimento e recusarem.\u00a0\u00c9\u00a0legal? - Estado de Minas - Em foco","description":"Exigir consumo pra usar o banheiro \u00e9 venda casada e pr\u00e1tica abusiva. Veja o que diz o C\u00f3digo do Consumidor e como agir.","robots":{"index":"index","follow":"follow","max-snippet":"max-snippet:-1","max-image-preview":"max-image-preview:large","max-video-preview":"max-video-preview:-1"},"canonical":"https:\/\/www.em.com.br\/emfoco\/2025\/10\/13\/pedi-para-usar-o-banheiro-no-estabelecimento-e-recusarem-e-legal\/","og_locale":"pt_BR","og_type":"article","og_title":"Pedi para usar o banheiro no estabelecimento e recusarem.\u00a0\u00c9\u00a0legal? - Estado de Minas - Em foco","og_description":"Exigir consumo pra usar o banheiro \u00e9 venda casada e pr\u00e1tica abusiva. Veja o que diz o C\u00f3digo do Consumidor e como agir.","og_url":"https:\/\/www.em.com.br\/emfoco\/2025\/10\/13\/pedi-para-usar-o-banheiro-no-estabelecimento-e-recusarem-e-legal\/","og_site_name":"Estado de Minas - Em foco","article_published_time":"2025-10-13T20:00:00+00:00","article_modified_time":"2025-10-13T18:14:42+00:00","og_image":[{"width":1280,"height":720,"url":"https:\/\/www.em.com.br\/emfoco\/wp-content\/uploads\/2025\/10\/unnamed-13.jpg","type":"image\/jpeg"}],"author":"Andre\u0301 Rangel\u00a0","twitter_card":"summary_large_image","twitter_misc":{"Escrito por":"Andre\u0301 Rangel\u00a0","Est. tempo de leitura":"4 minutos"},"schema":{"@context":"https:\/\/schema.org","@graph":[{"@type":"WebPage","@id":"https:\/\/www.em.com.br\/emfoco\/2025\/10\/13\/pedi-para-usar-o-banheiro-no-estabelecimento-e-recusarem-e-legal\/","url":"https:\/\/www.em.com.br\/emfoco\/2025\/10\/13\/pedi-para-usar-o-banheiro-no-estabelecimento-e-recusarem-e-legal\/","name":"Pedi para usar o banheiro no estabelecimento e recusarem.\u00a0\u00c9\u00a0legal? - Estado de Minas - Em foco","isPartOf":{"@id":"https:\/\/www.em.com.br\/emfoco\/#website"},"primaryImageOfPage":{"@id":"https:\/\/www.em.com.br\/emfoco\/2025\/10\/13\/pedi-para-usar-o-banheiro-no-estabelecimento-e-recusarem-e-legal\/#primaryimage"},"image":{"@id":"https:\/\/www.em.com.br\/emfoco\/2025\/10\/13\/pedi-para-usar-o-banheiro-no-estabelecimento-e-recusarem-e-legal\/#primaryimage"},"thumbnailUrl":"https:\/\/www.em.com.br\/emfoco\/wp-content\/uploads\/2025\/10\/unnamed-13.jpg","datePublished":"2025-10-13T20:00:00+00:00","dateModified":"2025-10-13T18:14:42+00:00","author":{"@id":"https:\/\/www.em.com.br\/emfoco\/#\/schema\/person\/60eda09c1fedf0d6891f4cef4b60b8b8"},"description":"Exigir consumo pra usar o banheiro \u00e9 venda casada e pr\u00e1tica abusiva. Veja o que diz o C\u00f3digo do Consumidor e como agir.","breadcrumb":{"@id":"https:\/\/www.em.com.br\/emfoco\/2025\/10\/13\/pedi-para-usar-o-banheiro-no-estabelecimento-e-recusarem-e-legal\/#breadcrumb"},"inLanguage":"pt-BR","potentialAction":[{"@type":"ReadAction","target":["https:\/\/www.em.com.br\/emfoco\/2025\/10\/13\/pedi-para-usar-o-banheiro-no-estabelecimento-e-recusarem-e-legal\/"]}]},{"@type":"ImageObject","inLanguage":"pt-BR","@id":"https:\/\/www.em.com.br\/emfoco\/2025\/10\/13\/pedi-para-usar-o-banheiro-no-estabelecimento-e-recusarem-e-legal\/#primaryimage","url":"https:\/\/www.em.com.br\/emfoco\/wp-content\/uploads\/2025\/10\/unnamed-13.jpg","contentUrl":"https:\/\/www.em.com.br\/emfoco\/wp-content\/uploads\/2025\/10\/unnamed-13.jpg","width":1280,"height":720,"caption":"O que fazer quando n\u00e3o \u00e9 permitido usar o banheiro"},{"@type":"BreadcrumbList","@id":"https:\/\/www.em.com.br\/emfoco\/2025\/10\/13\/pedi-para-usar-o-banheiro-no-estabelecimento-e-recusarem-e-legal\/#breadcrumb","itemListElement":[{"@type":"ListItem","position":1,"name":"In\u00edcio","item":"https:\/\/www.em.com.br\/emfoco\/"},{"@type":"ListItem","position":2,"name":"Pedi para usar o banheiro no estabelecimento e recusarem.\u00a0\u00c9\u00a0legal?"}]},{"@type":"WebSite","@id":"https:\/\/www.em.com.br\/emfoco\/#website","url":"https:\/\/www.em.com.br\/emfoco\/","name":"Estado de Minas - Em foco","description":"Acompanhe as \u00faltimas not\u00edcias e fique bem informado sobre tudo o que acontece em Minas Gerais, Brasil e no mundo.","potentialAction":[{"@type":"SearchAction","target":{"@type":"EntryPoint","urlTemplate":"https:\/\/www.em.com.br\/emfoco\/?s={search_term_string}"},"query-input":{"@type":"PropertyValueSpecification","valueRequired":true,"valueName":"search_term_string"}}],"inLanguage":"pt-BR"},{"@type":"Person","@id":"https:\/\/www.em.com.br\/emfoco\/#\/schema\/person\/60eda09c1fedf0d6891f4cef4b60b8b8","name":"Andre\u0301 Rangel\u00a0","image":{"@type":"ImageObject","inLanguage":"pt-BR","@id":"https:\/\/www.em.com.br\/emfoco\/#\/schema\/person\/image\/","url":"https:\/\/secure.gravatar.com\/avatar\/6234dc814c77c8ef6d8bba622c787efc?s=96&d=mm&r=g","contentUrl":"https:\/\/secure.gravatar.com\/avatar\/6234dc814c77c8ef6d8bba622c787efc?s=96&d=mm&r=g","caption":"Andre\u0301 Rangel\u00a0"},"url":"https:\/\/www.em.com.br\/emfoco\/author\/luizmyth\/"}]}},"_links":{"self":[{"href":"https:\/\/www.em.com.br\/emfoco\/wp-json\/wp\/v2\/posts\/114736","targetHints":{"allow":["GET"]}}],"collection":[{"href":"https:\/\/www.em.com.br\/emfoco\/wp-json\/wp\/v2\/posts"}],"about":[{"href":"https:\/\/www.em.com.br\/emfoco\/wp-json\/wp\/v2\/types\/post"}],"author":[{"embeddable":true,"href":"https:\/\/www.em.com.br\/emfoco\/wp-json\/wp\/v2\/users\/11"}],"replies":[{"embeddable":true,"href":"https:\/\/www.em.com.br\/emfoco\/wp-json\/wp\/v2\/comments?post=114736"}],"version-history":[{"count":2,"href":"https:\/\/www.em.com.br\/emfoco\/wp-json\/wp\/v2\/posts\/114736\/revisions"}],"predecessor-version":[{"id":114743,"href":"https:\/\/www.em.com.br\/emfoco\/wp-json\/wp\/v2\/posts\/114736\/revisions\/114743"}],"wp:featuredmedia":[{"embeddable":true,"href":"https:\/\/www.em.com.br\/emfoco\/wp-json\/wp\/v2\/media\/114740"}],"wp:attachment":[{"href":"https:\/\/www.em.com.br\/emfoco\/wp-json\/wp\/v2\/media?parent=114736"}],"wp:term":[{"taxonomy":"category","embeddable":true,"href":"https:\/\/www.em.com.br\/emfoco\/wp-json\/wp\/v2\/categories?post=114736"},{"taxonomy":"post_tag","embeddable":true,"href":"https:\/\/www.em.com.br\/emfoco\/wp-json\/wp\/v2\/tags?post=114736"}],"curies":[{"name":"wp","href":"https:\/\/api.w.org\/{rel}","templated":true}]}}