{"id":114637,"date":"2025-10-14T13:15:41","date_gmt":"2025-10-14T16:15:41","guid":{"rendered":"https:\/\/www.em.com.br\/emfoco\/?p=114637"},"modified":"2025-10-13T14:55:05","modified_gmt":"2025-10-13T17:55:05","slug":"aprenda-o-truque-dos-labios-de-cereja-que-celebridades-estao-usando","status":"publish","type":"post","link":"https:\/\/www.em.com.br\/emfoco\/2025\/10\/14\/aprenda-o-truque-dos-labios-de-cereja-que-celebridades-estao-usando\/","title":{"rendered":"Aprenda o truque dos l\u00e1bios de cereja que celebridades est\u00e3o usando"},"content":{"rendered":"\n<p>Os <strong>l\u00e1bios de cereja<\/strong> est\u00e3o dominando as redes sociais, prometendo um visual irresist\u00edvel com sua mistura de tons de <strong>marrom<\/strong> e <strong>vermelho<\/strong>. Essa tend\u00eancia de <strong>maquiagem<\/strong> n\u00e3o s\u00f3 acrescenta profundidade e brilho, mas tamb\u00e9m um toque de sofistica\u00e7\u00e3o irresist\u00edvel. Inclusive, celebridades como <strong>Selena Gomez<\/strong> e influenciadores de beleza da <strong>Coreia do Sul<\/strong> est\u00e3o ajudando a popularizar a trend, mostrando diversas vers\u00f5es criativas em plataformas como <strong>Instagram<\/strong> e <strong>TikTok<\/strong>.<\/p>\n\n\n\n<ul class=\"wp-block-list\">\n<li>O <strong>degrad\u00ea<\/strong> \u00e9 o segredo para <strong>l\u00e1bios volumosos<\/strong> e chiques.<\/li>\n\n\n\n<li>Combina\u00e7\u00f5es cl\u00e1ssicas de <strong>l\u00e1pis<\/strong> e <strong>gloss<\/strong> criam um efeito elegante.<\/li>\n\n\n\n<li>Vers\u00f5es simplificadas fazem do estilo uma escolha <strong>di\u00e1ria<\/strong> e pr\u00e1tica.<\/li>\n<\/ul>\n\n\n\n<h2 class=\"wp-block-heading\">Por que os l\u00e1bios de cereja est\u00e3o em alta?<\/h2>\n\n\n\n<p>Os <strong>l\u00e1bios de cereja<\/strong>, com sua transi\u00e7\u00e3o suave entre cores, oferecem uma abordagem moderna e <strong>chique<\/strong> para quem busca inova\u00e7\u00e3o em <strong>maquiagem<\/strong>. Este estilo utiliza o <strong>marrom<\/strong> para definir <a href=\"https:\/\/br.pinterest.com\/search\/pins\/?q=labios%20de%20cereja&amp;rs=typed\" target=\"_blank\" rel=\"noreferrer noopener\">contornos, <\/a>enquanto o <strong>vermelho<\/strong> ou <strong>vinho<\/strong> adiciona um toque <strong>vivaz<\/strong> e brilhante. Recentemente, durante a <strong>Semana de Moda de Paris<\/strong>, vimos modelos desfilando com vers\u00f5es deste look, refor\u00e7ando a relev\u00e2ncia da <strong>tend\u00eancia<\/strong> em grandes eventos do mundo fashion.<\/p>\n\n\n\n<h2 class=\"wp-block-heading\">Como criar o efeito degrad\u00ea nos seus l\u00e1bios?<\/h2>\n\n\n\n<p>Quer apostar nos <strong>l\u00e1bios de cereja<\/strong>? Comece contornando os l\u00e1bios com um <strong>l\u00e1pis marrom<\/strong> e finalize com <strong>gloss vinho<\/strong>. Lembre-se de <strong>esfumar<\/strong> para garantir uma transi\u00e7\u00e3o suave e natural. O efeito resulta em um <strong>degrad\u00ea<\/strong> delicado e <strong>intenso<\/strong>. Para potencializar o resultado, experimente batons de marcas como <strong>MAC Cosmetics<\/strong> ou <strong>Maybelline<\/strong>, que oferecem tons perfeitos para esse tipo de combina\u00e7\u00e3o. Uma dica extra \u00e9 usar um <strong>hidratante labial<\/strong> antes de come\u00e7ar, assim o efeito se mant\u00e9m bonito por mais tempo.<\/p>\n\n\n\n<blockquote class=\"tiktok-embed\" cite=\"https:\/\/www.tiktok.com\/@joicysantossi\/video\/7394881513487125765\" data-video-id=\"7394881513487125765\" style=\"max-width: 605px;min-width: 325px;\" > <section> <a target=\"_blank\" title=\"@joicysantossi\" href=\"https:\/\/www.tiktok.com\/@joicysantossi?refer=embed\">@joicysantossi<\/a> Cherry Lips Perfeito! Lapis cor Gingerbread da Ruby Kisses + Gloss na cor 09 da Febella! <a title=\"cherrylips\" target=\"_blank\" href=\"https:\/\/www.tiktok.com\/tag\/cherrylips?refer=embed\">#cherrylips<\/a> <a title=\"cherry\" target=\"_blank\" href=\"https:\/\/www.tiktok.com\/tag\/cherry?refer=embed\">#cherry<\/a> <a title=\"lipgloss\" target=\"_blank\" href=\"https:\/\/www.tiktok.com\/tag\/lipgloss?refer=embed\">#lipgloss<\/a> <a title=\"lipcombo\" target=\"_blank\" href=\"https:\/\/www.tiktok.com\/tag\/lipcombo?refer=embed\">#lipcombo<\/a> <a title=\"lipcombotutorial\" target=\"_blank\" href=\"https:\/\/www.tiktok.com\/tag\/lipcombotutorial?refer=embed\">#lipcombotutorial<\/a> <a title=\"lip\" target=\"_blank\" href=\"https:\/\/www.tiktok.com\/tag\/lip?refer=embed\">#lip<\/a> <a title=\"glossylips\" target=\"_blank\" href=\"https:\/\/www.tiktok.com\/tag\/glossylips?refer=embed\">#glossylips<\/a> <a target=\"_blank\" title=\"\u266c som original - Joicy Santos\" href=\"https:\/\/www.tiktok.com\/music\/som-original-7394881545448508165?refer=embed\">\u266c som original &#8211; Joicy Santos<\/a> <\/section> <\/blockquote> <script async src=\"https:\/\/www.tiktok.com\/embed.js\"><\/script>\n\n\n\n<h2 class=\"wp-block-heading\">Alternativas para variar seu look de l\u00e1bios<\/h2>\n\n\n\n<p>Se prefere algo ainda mais diferente, contorne com um tom <strong>vinho<\/strong> e preencha com <strong>batom matte marrom<\/strong>. Finalize com <strong>gloss transl\u00facido<\/strong> para manter o brilho. Esta t\u00e9cnica destaca os l\u00e1bios, mantendo o <strong>glamour<\/strong> caracter\u00edstico da tend\u00eancia. Vale a pena testar linhas como a <strong>Rare Beauty<\/strong>, que traz op\u00e7\u00f5es inovadoras de produtos para os l\u00e1bios. Para quem deseja maior fixa\u00e7\u00e3o, invista em <strong>batons de longa dura\u00e7\u00e3o<\/strong> e n\u00e3o esque\u00e7a do retoque ao longo do dia.<\/p>\n\n\n\n<p>Leia tamb\u00e9m: <a href=\"https:\/\/www.em.com.br\/emfoco\/2025\/10\/10\/ganhe-mais-volume-nos-labios-usando-apenas-2-ingredientes\/\" target=\"_blank\" rel=\"noopener\">Ganhe mais volume nos l\u00e1bios usando apenas 2 ingredientes<\/a><\/p>\n\n\n\n<blockquote class=\"tiktok-embed\" cite=\"https:\/\/www.tiktok.com\/@iluvsarahiiii\/video\/7317398929727851819\" data-video-id=\"7317398929727851819\" style=\"max-width: 605px;min-width: 325px;\" > <section> <a target=\"_blank\" title=\"@iluvsarahiiii\" href=\"https:\/\/www.tiktok.com\/@iluvsarahiiii?refer=embed\">@iluvsarahiiii<\/a> Berry tones have been my favorite , are these the new neutral? \ud83c\udf47\ud83c\udf80\u2728 @makeupforever 608 Universal Earth  @elfcosmetics Glow lip oil in Jam Session <a title=\"berrylips\" target=\"_blank\" href=\"https:\/\/www.tiktok.com\/tag\/berrylips?refer=embed\">#berrylips<\/a> <a title=\"lipoils\" target=\"_blank\" href=\"https:\/\/www.tiktok.com\/tag\/lipoils?refer=embed\">#lipoils<\/a> <a title=\"liptutorial\" target=\"_blank\" href=\"https:\/\/www.tiktok.com\/tag\/liptutorial?refer=embed\">#liptutorial<\/a> <a title=\"lipcombo\" target=\"_blank\" href=\"https:\/\/www.tiktok.com\/tag\/lipcombo?refer=embed\">#lipcombo<\/a> <a title=\"elfglowreviverlipoil\" target=\"_blank\" href=\"https:\/\/www.tiktok.com\/tag\/elfglowreviverlipoil?refer=embed\">#elfglowreviverlipoil<\/a> <a title=\"makeupforeverlipliner\" target=\"_blank\" href=\"https:\/\/www.tiktok.com\/tag\/makeupforeverlipliner?refer=embed\">#makeupforeverlipliner<\/a> <a target=\"_blank\" title=\"\u266c there is a light that never goes out - s\" href=\"https:\/\/www.tiktok.com\/music\/there-is-a-light-that-never-goes-out-7237970251622632218?refer=embed\">\u266c there is a light that never goes out &#8211; s<\/a> <\/section> <\/blockquote> <script async src=\"https:\/\/www.tiktok.com\/embed.js\"><\/script>\n\n\n\n<h2 class=\"wp-block-heading\">Op\u00e7\u00e3o pr\u00e1tica de l\u00e1bios de cereja para o dia a dia<\/h2>\n\n\n\n<p>Para um visual <strong>f\u00e1cil<\/strong> e r\u00e1pido, basta um <strong>contorno cor de cereja<\/strong> com gloss. Mesmo sem o efeito degrad\u00ea, \u00e9 uma escolha que une <strong>modernidade<\/strong> e <strong>simplicidade<\/strong>, perfeita para uso di\u00e1rio. Essa vers\u00e3o ganhou destaque em v\u00eddeos tutoriais no <strong>YouTube<\/strong>, sendo indicada por maquiadores de cidades como <strong>S\u00e3o Paulo<\/strong> e <strong>Los Angeles<\/strong>. Para deixar o look ainda mais pr\u00e1tico, carregue sempre um <strong>mini gloss<\/strong> na bolsa para retoques ao longo do dia.<\/p>\n\n\n\n<h2 class=\"wp-block-heading\">Principais insights sobre os l\u00e1bios de cereja<\/h2>\n\n\n\n<ul class=\"wp-block-list\">\n<li>Os <strong>l\u00e1bios de cereja<\/strong> s\u00e3o uma <strong>tend\u00eancia<\/strong> vers\u00e1til e elegante.<\/li>\n\n\n\n<li>Combina\u00e7\u00f5es de <strong>cores<\/strong> oferecem variabilidade e estilo.<\/li>\n\n\n\n<li>O <strong>efeito degrad\u00ea<\/strong> pode ser adaptado a gostos pessoais e ocasi\u00f5es.<\/li>\n<\/ul>\n","protected":false},"excerpt":{"rendered":"<p>Os l\u00e1bios de cereja est\u00e3o dominando as redes sociais, prometendo um visual irresist\u00edvel com sua mistura de tons de marrom e vermelho. Essa tend\u00eancia de maquiagem n\u00e3o s\u00f3 acrescenta profundidade e brilho, mas tamb\u00e9m um toque de sofistica\u00e7\u00e3o irresist\u00edvel. Inclusive, celebridades como Selena Gomez e influenciadores de beleza da Coreia do Sul est\u00e3o ajudando a [&hellip;]<\/p>\n","protected":false},"author":9,"featured_media":113197,"comment_status":"open","ping_status":"open","sticky":false,"template":"","format":"standard","meta":{"jnews-multi-image_gallery":[],"jnews_single_post":{"format":"standard"},"jnews_primary_category":[],"jnews_social_meta":[],"jnews_override_counter":[],"footnotes":""},"categories":[8819,1],"tags":[9586,17354,4914],"class_list":["post-114637","post","type-post","status-publish","format-standard","has-post-thumbnail","hentry","category-curiosidades","category-noticias","tag-labios","tag-labios-de-cereja","tag-maquiagem"],"yoast_head":"<!-- This site is optimized with the Yoast SEO plugin v23.8 - https:\/\/yoast.com\/wordpress\/plugins\/seo\/ -->\n<title>Aprenda o truque dos l\u00e1bios de cereja que celebridades est\u00e3o usando<\/title>\n<meta name=\"description\" content=\"L\u00e1bios de cereja s\u00e3o a tend\u00eancia que combina marrom e vermelho, criando degrad\u00ea sofisticado e visual moderno em todas as ocasi\u00f5es.\" \/>\n<meta name=\"robots\" content=\"index, follow, max-snippet:-1, max-image-preview:large, max-video-preview:-1\" \/>\n<link rel=\"canonical\" href=\"https:\/\/www.em.com.br\/emfoco\/2025\/10\/14\/aprenda-o-truque-dos-labios-de-cereja-que-celebridades-estao-usando\/\" \/>\n<meta property=\"og:locale\" content=\"pt_BR\" \/>\n<meta property=\"og:type\" content=\"article\" \/>\n<meta property=\"og:title\" content=\"Aprenda o truque dos l\u00e1bios de cereja que celebridades est\u00e3o usando\" \/>\n<meta property=\"og:description\" content=\"L\u00e1bios de cereja s\u00e3o a tend\u00eancia que combina marrom e vermelho, criando degrad\u00ea sofisticado e visual moderno em todas as ocasi\u00f5es.\" \/>\n<meta property=\"og:url\" content=\"https:\/\/www.em.com.br\/emfoco\/2025\/10\/14\/aprenda-o-truque-dos-labios-de-cereja-que-celebridades-estao-usando\/\" \/>\n<meta property=\"og:site_name\" content=\"Estado de Minas - Em foco\" \/>\n<meta property=\"article:published_time\" content=\"2025-10-14T16:15:41+00:00\" \/>\n<meta property=\"article:modified_time\" content=\"2025-10-13T17:55:05+00:00\" \/>\n<meta property=\"og:image\" content=\"https:\/\/www.em.com.br\/emfoco\/wp-content\/uploads\/2025\/10\/labios_1760015332723.jpg\" \/>\n\t<meta property=\"og:image:width\" content=\"1280\" \/>\n\t<meta property=\"og:image:height\" content=\"720\" \/>\n\t<meta property=\"og:image:type\" content=\"image\/jpeg\" \/>\n<meta name=\"author\" content=\"Daniely Cardoso\" \/>\n<meta name=\"twitter:card\" content=\"summary_large_image\" \/>\n<meta name=\"twitter:label1\" content=\"Escrito por\" \/>\n\t<meta name=\"twitter:data1\" content=\"Daniely Cardoso\" \/>\n\t<meta name=\"twitter:label2\" content=\"Est. tempo de leitura\" \/>\n\t<meta name=\"twitter:data2\" content=\"3 minutos\" \/>\n<!-- \/ Yoast SEO plugin. -->","yoast_head_json":{"title":"Aprenda o truque dos l\u00e1bios de cereja que celebridades est\u00e3o usando","description":"L\u00e1bios de cereja s\u00e3o a tend\u00eancia que combina marrom e vermelho, criando degrad\u00ea sofisticado e visual moderno em todas as ocasi\u00f5es.","robots":{"index":"index","follow":"follow","max-snippet":"max-snippet:-1","max-image-preview":"max-image-preview:large","max-video-preview":"max-video-preview:-1"},"canonical":"https:\/\/www.em.com.br\/emfoco\/2025\/10\/14\/aprenda-o-truque-dos-labios-de-cereja-que-celebridades-estao-usando\/","og_locale":"pt_BR","og_type":"article","og_title":"Aprenda o truque dos l\u00e1bios de cereja que celebridades est\u00e3o usando","og_description":"L\u00e1bios de cereja s\u00e3o a tend\u00eancia que combina marrom e vermelho, criando degrad\u00ea sofisticado e visual moderno em todas as ocasi\u00f5es.","og_url":"https:\/\/www.em.com.br\/emfoco\/2025\/10\/14\/aprenda-o-truque-dos-labios-de-cereja-que-celebridades-estao-usando\/","og_site_name":"Estado de Minas - Em foco","article_published_time":"2025-10-14T16:15:41+00:00","article_modified_time":"2025-10-13T17:55:05+00:00","og_image":[{"width":1280,"height":720,"url":"https:\/\/www.em.com.br\/emfoco\/wp-content\/uploads\/2025\/10\/labios_1760015332723.jpg","type":"image\/jpeg"}],"author":"Daniely Cardoso","twitter_card":"summary_large_image","twitter_misc":{"Escrito por":"Daniely Cardoso","Est. tempo de leitura":"3 minutos"},"schema":{"@context":"https:\/\/schema.org","@graph":[{"@type":"WebPage","@id":"https:\/\/www.em.com.br\/emfoco\/2025\/10\/14\/aprenda-o-truque-dos-labios-de-cereja-que-celebridades-estao-usando\/","url":"https:\/\/www.em.com.br\/emfoco\/2025\/10\/14\/aprenda-o-truque-dos-labios-de-cereja-que-celebridades-estao-usando\/","name":"Aprenda o truque dos l\u00e1bios de cereja que celebridades est\u00e3o usando","isPartOf":{"@id":"https:\/\/www.em.com.br\/emfoco\/#website"},"primaryImageOfPage":{"@id":"https:\/\/www.em.com.br\/emfoco\/2025\/10\/14\/aprenda-o-truque-dos-labios-de-cereja-que-celebridades-estao-usando\/#primaryimage"},"image":{"@id":"https:\/\/www.em.com.br\/emfoco\/2025\/10\/14\/aprenda-o-truque-dos-labios-de-cereja-que-celebridades-estao-usando\/#primaryimage"},"thumbnailUrl":"https:\/\/www.em.com.br\/emfoco\/wp-content\/uploads\/2025\/10\/labios_1760015332723.jpg","datePublished":"2025-10-14T16:15:41+00:00","dateModified":"2025-10-13T17:55:05+00:00","author":{"@id":"https:\/\/www.em.com.br\/emfoco\/#\/schema\/person\/0a8186d72f2c3a5c6276d90b41f271a0"},"description":"L\u00e1bios de cereja s\u00e3o a tend\u00eancia que combina marrom e vermelho, criando degrad\u00ea sofisticado e visual moderno em todas as ocasi\u00f5es.","breadcrumb":{"@id":"https:\/\/www.em.com.br\/emfoco\/2025\/10\/14\/aprenda-o-truque-dos-labios-de-cereja-que-celebridades-estao-usando\/#breadcrumb"},"inLanguage":"pt-BR","potentialAction":[{"@type":"ReadAction","target":["https:\/\/www.em.com.br\/emfoco\/2025\/10\/14\/aprenda-o-truque-dos-labios-de-cereja-que-celebridades-estao-usando\/"]}]},{"@type":"ImageObject","inLanguage":"pt-BR","@id":"https:\/\/www.em.com.br\/emfoco\/2025\/10\/14\/aprenda-o-truque-dos-labios-de-cereja-que-celebridades-estao-usando\/#primaryimage","url":"https:\/\/www.em.com.br\/emfoco\/wp-content\/uploads\/2025\/10\/labios_1760015332723.jpg","contentUrl":"https:\/\/www.em.com.br\/emfoco\/wp-content\/uploads\/2025\/10\/labios_1760015332723.jpg","width":1280,"height":720,"caption":"Lamber a regi\u00e3o constantemente piora o quadro devido \u00e0 acidez da saliva humana que fica acumulada na superf\u00edcie sens\u00edvel - Cr\u00e9ditos: depositphotos.com \/ AllaSerebrina"},{"@type":"BreadcrumbList","@id":"https:\/\/www.em.com.br\/emfoco\/2025\/10\/14\/aprenda-o-truque-dos-labios-de-cereja-que-celebridades-estao-usando\/#breadcrumb","itemListElement":[{"@type":"ListItem","position":1,"name":"In\u00edcio","item":"https:\/\/www.em.com.br\/emfoco\/"},{"@type":"ListItem","position":2,"name":"Aprenda o truque dos l\u00e1bios de cereja que celebridades est\u00e3o usando"}]},{"@type":"WebSite","@id":"https:\/\/www.em.com.br\/emfoco\/#website","url":"https:\/\/www.em.com.br\/emfoco\/","name":"Estado de Minas - Em foco","description":"Acompanhe as \u00faltimas not\u00edcias e fique bem informado sobre tudo o que acontece em Minas Gerais, Brasil e no mundo.","potentialAction":[{"@type":"SearchAction","target":{"@type":"EntryPoint","urlTemplate":"https:\/\/www.em.com.br\/emfoco\/?s={search_term_string}"},"query-input":{"@type":"PropertyValueSpecification","valueRequired":true,"valueName":"search_term_string"}}],"inLanguage":"pt-BR"},{"@type":"Person","@id":"https:\/\/www.em.com.br\/emfoco\/#\/schema\/person\/0a8186d72f2c3a5c6276d90b41f271a0","name":"Daniely Cardoso","image":{"@type":"ImageObject","inLanguage":"pt-BR","@id":"https:\/\/www.em.com.br\/emfoco\/#\/schema\/person\/image\/","url":"https:\/\/secure.gravatar.com\/avatar\/4b80ddbd124d1f071b626d52d62e5dff?s=96&d=mm&r=g","contentUrl":"https:\/\/secure.gravatar.com\/avatar\/4b80ddbd124d1f071b626d52d62e5dff?s=96&d=mm&r=g","caption":"Daniely Cardoso"},"url":"https:\/\/www.em.com.br\/emfoco\/author\/danielymyth\/"}]}},"_links":{"self":[{"href":"https:\/\/www.em.com.br\/emfoco\/wp-json\/wp\/v2\/posts\/114637","targetHints":{"allow":["GET"]}}],"collection":[{"href":"https:\/\/www.em.com.br\/emfoco\/wp-json\/wp\/v2\/posts"}],"about":[{"href":"https:\/\/www.em.com.br\/emfoco\/wp-json\/wp\/v2\/types\/post"}],"author":[{"embeddable":true,"href":"https:\/\/www.em.com.br\/emfoco\/wp-json\/wp\/v2\/users\/9"}],"replies":[{"embeddable":true,"href":"https:\/\/www.em.com.br\/emfoco\/wp-json\/wp\/v2\/comments?post=114637"}],"version-history":[{"count":4,"href":"https:\/\/www.em.com.br\/emfoco\/wp-json\/wp\/v2\/posts\/114637\/revisions"}],"predecessor-version":[{"id":114818,"href":"https:\/\/www.em.com.br\/emfoco\/wp-json\/wp\/v2\/posts\/114637\/revisions\/114818"}],"wp:featuredmedia":[{"embeddable":true,"href":"https:\/\/www.em.com.br\/emfoco\/wp-json\/wp\/v2\/media\/113197"}],"wp:attachment":[{"href":"https:\/\/www.em.com.br\/emfoco\/wp-json\/wp\/v2\/media?parent=114637"}],"wp:term":[{"taxonomy":"category","embeddable":true,"href":"https:\/\/www.em.com.br\/emfoco\/wp-json\/wp\/v2\/categories?post=114637"},{"taxonomy":"post_tag","embeddable":true,"href":"https:\/\/www.em.com.br\/emfoco\/wp-json\/wp\/v2\/tags?post=114637"}],"curies":[{"name":"wp","href":"https:\/\/api.w.org\/{rel}","templated":true}]}}