{"id":114597,"date":"2025-10-14T11:15:00","date_gmt":"2025-10-14T14:15:00","guid":{"rendered":"https:\/\/www.em.com.br\/emfoco\/?p=114597"},"modified":"2025-10-13T12:22:02","modified_gmt":"2025-10-13T15:22:02","slug":"adeus-aos-chuveiros-a-tendencia-que-previne-o-mofo-nos-banheiros","status":"publish","type":"post","link":"https:\/\/www.em.com.br\/emfoco\/2025\/10\/14\/adeus-aos-chuveiros-a-tendencia-que-previne-o-mofo-nos-banheiros\/","title":{"rendered":"Adeus aos chuveiros, a tend\u00eancia que previne o mofo nos banheiros"},"content":{"rendered":"\n<p>Os&nbsp;<strong>banheiros fechados<\/strong>&nbsp;est\u00e3o a passar por uma transforma\u00e7\u00e3o, inspirada no luxo dos&nbsp;<strong>hot\u00e9is<\/strong>&nbsp;e na necessidade de funcionalidade. A tend\u00eancia atual aponta para&nbsp;<strong>chuveiros abertos<\/strong>, que eliminam barreiras visuais e f\u00edsicas.<\/p>\n\n\n\n<ul class=\"wp-block-list\">\n<li>Integra\u00e7\u00e3o do chuveiro com o piso do banheiro.<\/li>\n\n\n\n<li>Redu\u00e7\u00e3o de \u00e1reas propensas a bolor.<\/li>\n\n\n\n<li>Est\u00e9tica minimalista e sensa\u00e7\u00e3o de amplitude.<\/li>\n<\/ul>\n\n\n\n<h2 class=\"wp-block-heading\">Por que escolher chuveiros abertos?<\/h2>\n\n\n\n<p><strong>Chuveiros abertos<\/strong>\u00a0oferecem uma experi\u00eancia de banho completamente integrada. Inspirados por\u00a0<strong>hot\u00e9is<\/strong>\u00a0e spas, eles se destacam pela aus\u00eancia de portas ou cortinas. Isso cria uma sensa\u00e7\u00e3o de espa\u00e7o e impede a acumula\u00e7\u00e3o de umidade. Em cidades como\u00a0<a href=\"https:\/\/www.em.com.br\/emfoco\/2025\/03\/12\/o-segredo-para-viajar-barato-e-curtir-lisboa-como-um-local\/\" target=\"_blank\" rel=\"noreferrer noopener\"><strong>Lisboa<\/strong>\u00a0<\/a>e no mercado internacional, arquitetos renomados t\u00eam optado por esse conceito em novos projetos residenciais, inclusive em\u00a0<strong>banheiros fechados<\/strong>\u00a0adaptados \u00e0s necessidades do dia a dia e otimiza\u00e7\u00e3o do espa\u00e7o.<\/p>\n\n\n\n<h2 class=\"wp-block-heading\">Como os chuveiros abertos melhoram a sa\u00fade e manuten\u00e7\u00e3o?<\/h2>\n\n\n\n<p>Sem&nbsp;<strong>barreiras<\/strong>, h\u00e1 menos lugares para o bolor se desenvolver. O uso de designs sem perfis ou portas evita a acumula\u00e7\u00e3o de \u00e1gua, facilitando a limpeza e manuten\u00e7\u00e3o. Tal simplicidade funcional reflete a hospitalidade de alto n\u00edvel, semelhante aos padr\u00f5es buscados em destinos como&nbsp;<strong>Paris<\/strong>&nbsp;e&nbsp;<strong>Nova Iorque<\/strong>, onde a higiene \u00e9 uma prioridade nas habita\u00e7\u00f5es e nos&nbsp;<strong>banheiros fechados<\/strong>. Novas solu\u00e7\u00f5es de ventila\u00e7\u00e3o tamb\u00e9m t\u00eam sido empregadas para garantir que estes espa\u00e7os permane\u00e7am arejados e saud\u00e1veis.<\/p>\n\n\n\n<figure class=\"wp-block-image\"><img decoding=\"async\" src=\"https:\/\/www.em.com.br\/emfoco\/wp-content\/uploads\/2025\/08\/chuveiro_1756566643683-1024x576.jpg\" alt=\"\"\/><figcaption class=\"wp-element-caption\">Chuveiros para 2026 &#8211; Cr\u00e9ditos: depositphotos.com \/ lucianmilasan<\/figcaption><\/figure>\n\n\n\n<h2 class=\"wp-block-heading\">Veja tamb\u00e9m: <a href=\"https:\/\/www.em.com.br\/emfoco\/2025\/10\/10\/voce-nao-deve-guardar-o-papel-higienico-no-banheiro\/\" target=\"_blank\" rel=\"noreferrer noopener\">Voc\u00ea n\u00e3o deve guardar o papel higi\u00eanico no banheiro<\/a><\/h2>\n\n\n\n<h2 class=\"wp-block-heading\">Quais s\u00e3o os materiais ideais para chuveiros abertos?<\/h2>\n\n\n\n<p>O&nbsp;<strong>micro cimento<\/strong>&nbsp;surge como a escolha preferida para revestimentos cont\u00ednuos. Popularmente usado em espa\u00e7os comerciais e tamb\u00e9m em projetos residenciais na&nbsp;<strong>Europa<\/strong>, este material mant\u00e9m um visual uniforme e \u00e9 altamente resistente, ideal para pisos e paredes em&nbsp;<strong>banheiros fechados<\/strong>. Al\u00e9m disso, novas op\u00e7\u00f5es de cer\u00e2mica antiderrapante surgiram para garantir maior seguran\u00e7a nestes ambientes inovadores.<\/p>\n\n\n\n<h2 class=\"wp-block-heading\">Qual o impacto ambiental dos chuveiros abertos?<\/h2>\n\n\n\n<p>A tend\u00eancia favorece o uso eficiente de recursos. O <a href=\"https:\/\/br.pinterest.com\/ester56b\/chuveiros-a-c%C3%A9u-aberto\/\" target=\"_blank\" rel=\"noreferrer noopener\">design dos\u00a0<strong>chuveiros abertos<\/strong>\u00a0<\/a>n\u00e3o s\u00f3 reduz a utiliza\u00e7\u00e3o de materiais, mas tamb\u00e9m promove um consumo de \u00e1gua e energia mais consciente, alinhando-se com pr\u00e1ticas ambientais respons\u00e1veis. Empresas do setor, como a\u00a0<strong>Grohe<\/strong>, t\u00eam investido em solu\u00e7\u00f5es tecnol\u00f3gicas para reduzir ainda mais o desperd\u00edcio de \u00e1gua nestes espa\u00e7os, demonstrando que \u00e9 poss\u00edvel adaptar os\u00a0<strong>banheiros fechados<\/strong>\u00a0\u00e0s demandas ambientais atuais.<\/p>\n\n\n\n<h2 class=\"wp-block-heading\">Quais s\u00e3o as conclus\u00f5es principais?<\/h2>\n\n\n\n<ul class=\"wp-block-list\">\n<li>Os chuveiros abertos&nbsp;<strong>integram-se<\/strong>&nbsp;harmoniosamente no espa\u00e7o.<\/li>\n\n\n\n<li>Revestimentos cont\u00ednuos&nbsp;<strong>simplificam<\/strong>&nbsp;a manuten\u00e7\u00e3o.<\/li>\n\n\n\n<li>O design prioriza a efici\u00eancia e&nbsp;<strong>consciente ambiente<\/strong>.<\/li>\n<\/ul>\n","protected":false},"excerpt":{"rendered":"<p>Os&nbsp;banheiros fechados&nbsp;est\u00e3o a passar por uma transforma\u00e7\u00e3o, inspirada no luxo dos&nbsp;hot\u00e9is&nbsp;e na necessidade de funcionalidade. A tend\u00eancia atual aponta para&nbsp;chuveiros abertos, que eliminam barreiras visuais e f\u00edsicas. Por que escolher chuveiros abertos? Chuveiros abertos\u00a0oferecem uma experi\u00eancia de banho completamente integrada. Inspirados por\u00a0hot\u00e9is\u00a0e spas, eles se destacam pela aus\u00eancia de portas ou cortinas. Isso cria uma [&hellip;]<\/p>\n","protected":false},"author":11,"featured_media":107665,"comment_status":"open","ping_status":"open","sticky":false,"template":"","format":"standard","meta":{"jnews-multi-image_gallery":[],"jnews_single_post":{"format":"standard"},"jnews_primary_category":[],"jnews_social_meta":[],"jnews_override_counter":[],"footnotes":""},"categories":[8819,1],"tags":[10013,8990,4687,821],"class_list":["post-114597","post","type-post","status-publish","format-standard","has-post-thumbnail","hentry","category-curiosidades","category-noticias","tag-banheiro","tag-chuveiro","tag-decoracao","tag-design"],"yoast_head":"<!-- This site is optimized with the Yoast SEO plugin v23.8 - https:\/\/yoast.com\/wordpress\/plugins\/seo\/ -->\n<title>Adeus aos chuveiros, a tend\u00eancia que previne o mofo nos banheiros - Estado de Minas - Em foco<\/title>\n<meta name=\"description\" content=\"Essa tend\u00eancia dos banheiros de luxo chegou \u00e0s casas brasileiras. Descubra o charme dos chuveiros abertos.\" \/>\n<meta name=\"robots\" content=\"index, follow, max-snippet:-1, max-image-preview:large, max-video-preview:-1\" \/>\n<link rel=\"canonical\" href=\"https:\/\/www.em.com.br\/emfoco\/2025\/10\/14\/adeus-aos-chuveiros-a-tendencia-que-previne-o-mofo-nos-banheiros\/\" \/>\n<meta property=\"og:locale\" content=\"pt_BR\" \/>\n<meta property=\"og:type\" content=\"article\" \/>\n<meta property=\"og:title\" content=\"Adeus aos chuveiros, a tend\u00eancia que previne o mofo nos banheiros - Estado de Minas - Em foco\" \/>\n<meta property=\"og:description\" content=\"Essa tend\u00eancia dos banheiros de luxo chegou \u00e0s casas brasileiras. Descubra o charme dos chuveiros abertos.\" \/>\n<meta property=\"og:url\" content=\"https:\/\/www.em.com.br\/emfoco\/2025\/10\/14\/adeus-aos-chuveiros-a-tendencia-que-previne-o-mofo-nos-banheiros\/\" \/>\n<meta property=\"og:site_name\" content=\"Estado de Minas - Em foco\" \/>\n<meta property=\"article:published_time\" content=\"2025-10-14T14:15:00+00:00\" \/>\n<meta property=\"article:modified_time\" content=\"2025-10-13T15:22:02+00:00\" \/>\n<meta property=\"og:image\" content=\"https:\/\/www.em.com.br\/emfoco\/wp-content\/uploads\/2025\/09\/banheiro-moderno-aberto_1758728013542.jpg\" \/>\n\t<meta property=\"og:image:width\" content=\"1280\" \/>\n\t<meta property=\"og:image:height\" content=\"720\" \/>\n\t<meta property=\"og:image:type\" content=\"image\/jpeg\" \/>\n<meta name=\"author\" content=\"Andre\u0301 Rangel\u00a0\" \/>\n<meta name=\"twitter:card\" content=\"summary_large_image\" \/>\n<meta name=\"twitter:label1\" content=\"Escrito por\" \/>\n\t<meta name=\"twitter:data1\" content=\"Andre\u0301 Rangel\u00a0\" \/>\n\t<meta name=\"twitter:label2\" content=\"Est. tempo de leitura\" \/>\n\t<meta name=\"twitter:data2\" content=\"3 minutos\" \/>\n<!-- \/ Yoast SEO plugin. -->","yoast_head_json":{"title":"Adeus aos chuveiros, a tend\u00eancia que previne o mofo nos banheiros - Estado de Minas - Em foco","description":"Essa tend\u00eancia dos banheiros de luxo chegou \u00e0s casas brasileiras. Descubra o charme dos chuveiros abertos.","robots":{"index":"index","follow":"follow","max-snippet":"max-snippet:-1","max-image-preview":"max-image-preview:large","max-video-preview":"max-video-preview:-1"},"canonical":"https:\/\/www.em.com.br\/emfoco\/2025\/10\/14\/adeus-aos-chuveiros-a-tendencia-que-previne-o-mofo-nos-banheiros\/","og_locale":"pt_BR","og_type":"article","og_title":"Adeus aos chuveiros, a tend\u00eancia que previne o mofo nos banheiros - Estado de Minas - Em foco","og_description":"Essa tend\u00eancia dos banheiros de luxo chegou \u00e0s casas brasileiras. Descubra o charme dos chuveiros abertos.","og_url":"https:\/\/www.em.com.br\/emfoco\/2025\/10\/14\/adeus-aos-chuveiros-a-tendencia-que-previne-o-mofo-nos-banheiros\/","og_site_name":"Estado de Minas - Em foco","article_published_time":"2025-10-14T14:15:00+00:00","article_modified_time":"2025-10-13T15:22:02+00:00","og_image":[{"width":1280,"height":720,"url":"https:\/\/www.em.com.br\/emfoco\/wp-content\/uploads\/2025\/09\/banheiro-moderno-aberto_1758728013542.jpg","type":"image\/jpeg"}],"author":"Andre\u0301 Rangel\u00a0","twitter_card":"summary_large_image","twitter_misc":{"Escrito por":"Andre\u0301 Rangel\u00a0","Est. tempo de leitura":"3 minutos"},"schema":{"@context":"https:\/\/schema.org","@graph":[{"@type":"WebPage","@id":"https:\/\/www.em.com.br\/emfoco\/2025\/10\/14\/adeus-aos-chuveiros-a-tendencia-que-previne-o-mofo-nos-banheiros\/","url":"https:\/\/www.em.com.br\/emfoco\/2025\/10\/14\/adeus-aos-chuveiros-a-tendencia-que-previne-o-mofo-nos-banheiros\/","name":"Adeus aos chuveiros, a tend\u00eancia que previne o mofo nos banheiros - Estado de Minas - Em foco","isPartOf":{"@id":"https:\/\/www.em.com.br\/emfoco\/#website"},"primaryImageOfPage":{"@id":"https:\/\/www.em.com.br\/emfoco\/2025\/10\/14\/adeus-aos-chuveiros-a-tendencia-que-previne-o-mofo-nos-banheiros\/#primaryimage"},"image":{"@id":"https:\/\/www.em.com.br\/emfoco\/2025\/10\/14\/adeus-aos-chuveiros-a-tendencia-que-previne-o-mofo-nos-banheiros\/#primaryimage"},"thumbnailUrl":"https:\/\/www.em.com.br\/emfoco\/wp-content\/uploads\/2025\/09\/banheiro-moderno-aberto_1758728013542.jpg","datePublished":"2025-10-14T14:15:00+00:00","dateModified":"2025-10-13T15:22:02+00:00","author":{"@id":"https:\/\/www.em.com.br\/emfoco\/#\/schema\/person\/60eda09c1fedf0d6891f4cef4b60b8b8"},"description":"Essa tend\u00eancia dos banheiros de luxo chegou \u00e0s casas brasileiras. Descubra o charme dos chuveiros abertos.","breadcrumb":{"@id":"https:\/\/www.em.com.br\/emfoco\/2025\/10\/14\/adeus-aos-chuveiros-a-tendencia-que-previne-o-mofo-nos-banheiros\/#breadcrumb"},"inLanguage":"pt-BR","potentialAction":[{"@type":"ReadAction","target":["https:\/\/www.em.com.br\/emfoco\/2025\/10\/14\/adeus-aos-chuveiros-a-tendencia-que-previne-o-mofo-nos-banheiros\/"]}]},{"@type":"ImageObject","inLanguage":"pt-BR","@id":"https:\/\/www.em.com.br\/emfoco\/2025\/10\/14\/adeus-aos-chuveiros-a-tendencia-que-previne-o-mofo-nos-banheiros\/#primaryimage","url":"https:\/\/www.em.com.br\/emfoco\/wp-content\/uploads\/2025\/09\/banheiro-moderno-aberto_1758728013542.jpg","contentUrl":"https:\/\/www.em.com.br\/emfoco\/wp-content\/uploads\/2025\/09\/banheiro-moderno-aberto_1758728013542.jpg","width":1280,"height":720,"caption":"O detalhe do banheiro moderno - Cr\u00e9ditos: depositphotos.com \/ hemul75"},{"@type":"BreadcrumbList","@id":"https:\/\/www.em.com.br\/emfoco\/2025\/10\/14\/adeus-aos-chuveiros-a-tendencia-que-previne-o-mofo-nos-banheiros\/#breadcrumb","itemListElement":[{"@type":"ListItem","position":1,"name":"In\u00edcio","item":"https:\/\/www.em.com.br\/emfoco\/"},{"@type":"ListItem","position":2,"name":"Adeus aos chuveiros, a tend\u00eancia que previne o mofo nos banheiros"}]},{"@type":"WebSite","@id":"https:\/\/www.em.com.br\/emfoco\/#website","url":"https:\/\/www.em.com.br\/emfoco\/","name":"Estado de Minas - Em foco","description":"Acompanhe as \u00faltimas not\u00edcias e fique bem informado sobre tudo o que acontece em Minas Gerais, Brasil e no mundo.","potentialAction":[{"@type":"SearchAction","target":{"@type":"EntryPoint","urlTemplate":"https:\/\/www.em.com.br\/emfoco\/?s={search_term_string}"},"query-input":{"@type":"PropertyValueSpecification","valueRequired":true,"valueName":"search_term_string"}}],"inLanguage":"pt-BR"},{"@type":"Person","@id":"https:\/\/www.em.com.br\/emfoco\/#\/schema\/person\/60eda09c1fedf0d6891f4cef4b60b8b8","name":"Andre\u0301 Rangel\u00a0","image":{"@type":"ImageObject","inLanguage":"pt-BR","@id":"https:\/\/www.em.com.br\/emfoco\/#\/schema\/person\/image\/","url":"https:\/\/secure.gravatar.com\/avatar\/6234dc814c77c8ef6d8bba622c787efc?s=96&d=mm&r=g","contentUrl":"https:\/\/secure.gravatar.com\/avatar\/6234dc814c77c8ef6d8bba622c787efc?s=96&d=mm&r=g","caption":"Andre\u0301 Rangel\u00a0"},"url":"https:\/\/www.em.com.br\/emfoco\/author\/luizmyth\/"}]}},"_links":{"self":[{"href":"https:\/\/www.em.com.br\/emfoco\/wp-json\/wp\/v2\/posts\/114597","targetHints":{"allow":["GET"]}}],"collection":[{"href":"https:\/\/www.em.com.br\/emfoco\/wp-json\/wp\/v2\/posts"}],"about":[{"href":"https:\/\/www.em.com.br\/emfoco\/wp-json\/wp\/v2\/types\/post"}],"author":[{"embeddable":true,"href":"https:\/\/www.em.com.br\/emfoco\/wp-json\/wp\/v2\/users\/11"}],"replies":[{"embeddable":true,"href":"https:\/\/www.em.com.br\/emfoco\/wp-json\/wp\/v2\/comments?post=114597"}],"version-history":[{"count":3,"href":"https:\/\/www.em.com.br\/emfoco\/wp-json\/wp\/v2\/posts\/114597\/revisions"}],"predecessor-version":[{"id":114680,"href":"https:\/\/www.em.com.br\/emfoco\/wp-json\/wp\/v2\/posts\/114597\/revisions\/114680"}],"wp:featuredmedia":[{"embeddable":true,"href":"https:\/\/www.em.com.br\/emfoco\/wp-json\/wp\/v2\/media\/107665"}],"wp:attachment":[{"href":"https:\/\/www.em.com.br\/emfoco\/wp-json\/wp\/v2\/media?parent=114597"}],"wp:term":[{"taxonomy":"category","embeddable":true,"href":"https:\/\/www.em.com.br\/emfoco\/wp-json\/wp\/v2\/categories?post=114597"},{"taxonomy":"post_tag","embeddable":true,"href":"https:\/\/www.em.com.br\/emfoco\/wp-json\/wp\/v2\/tags?post=114597"}],"curies":[{"name":"wp","href":"https:\/\/api.w.org\/{rel}","templated":true}]}}