{"id":114596,"date":"2025-10-14T10:45:56","date_gmt":"2025-10-14T13:45:56","guid":{"rendered":"https:\/\/www.em.com.br\/emfoco\/?p=114596"},"modified":"2025-10-13T14:53:12","modified_gmt":"2025-10-13T17:53:12","slug":"o-corte-de-cabelo-dos-anos-80-que-voltou-com-tudo-e-esta-conquistando-os-saloes","status":"publish","type":"post","link":"https:\/\/www.em.com.br\/emfoco\/2025\/10\/14\/o-corte-de-cabelo-dos-anos-80-que-voltou-com-tudo-e-esta-conquistando-os-saloes\/","title":{"rendered":"O corte de cabelo dos anos 80 que voltou com tudo e est\u00e1 conquistando os sal\u00f5es"},"content":{"rendered":"\n<p>A <strong>moda<\/strong> tende a ir e vir, reinventando-se continuamente. Muitas <strong>tend\u00eancias<\/strong> dos anos 80 est\u00e3o de volta, e o <strong>corte de cabelo oitensita<\/strong> com <strong>volume<\/strong> \u00e9 uma delas. Aqui apresentamos o famoso <strong>Wolf Cut<\/strong>, uma op\u00e7\u00e3o perfeita para quem deseja dar <strong>movimento<\/strong> ao <strong>cabelo fino<\/strong> e conquistar um <strong>visual contempor\u00e2neo<\/strong>.<\/p>\n\n\n\n<ul class=\"wp-block-list\">\n<li><strong>\u00cdcones dos anos 80<\/strong>: Celebridades como <strong>Brooke Shields<\/strong> e <strong>Olivia Newton-John<\/strong> usaram esse <strong>corte<\/strong>.<\/li>\n\n\n\n<li><strong>Inspira\u00e7\u00e3o<\/strong>: <strong>Joan Jett<\/strong> e o filme <strong>Cabaret<\/strong> inspiraram esse <strong>visual<\/strong>.<\/li>\n\n\n\n<li><strong>Versatilidade<\/strong>: Vale tanto para <strong>mulheres<\/strong> quanto para <strong>homens<\/strong>.<\/li>\n<\/ul>\n\n\n\n<h2 class=\"wp-block-heading\">O que \u00e9 o Wolf Cut e por que ele voltou \u00e0 moda?<\/h2>\n\n\n\n<p>O <strong>Wolf Cut<\/strong> se caracteriza pela sua <strong>apar\u00eancia bagun\u00e7ada<\/strong> e <strong>texturizada<\/strong>. Com <strong>camadas<\/strong> curtas no <strong>topo<\/strong> e nas <strong>laterais<\/strong>, que desvanecem em dire\u00e7\u00e3o \u00e0 <strong>nuca<\/strong>, oferece um <strong>visual natural<\/strong> e <strong>despojado<\/strong>. Esse <strong>corte<\/strong>, que ganhou popularidade nos anos 80 em cidades como <strong>Nova York<\/strong> e se espalhou rapidamente em pa\u00edses como <strong>Estados Unidos<\/strong>, voltou ao centro das <strong>tend\u00eancias<\/strong> gra\u00e7as \u00e0 sua <strong>praticidade<\/strong> e <strong>estilo marcante<\/strong>. Recentemente, o<a href=\"https:\/\/br.pinterest.com\/search\/pins\/?q=Wolf%20Cut&amp;rs=typed\" target=\"_blank\" rel=\"noreferrer noopener\"> Wolf Cut<\/a> tamb\u00e9m ganhou grande destaque nas <strong>redes sociais<\/strong>, especialmente no <strong>TikTok<\/strong> e no <strong>Instagram<\/strong>, ampliando ainda mais seu alcance e atraindo o <strong>p\u00fablico jovem<\/strong>.<\/p>\n\n\n\n<blockquote class=\"tiktok-embed\" cite=\"https:\/\/www.tiktok.com\/@modshair.france\/video\/7294322330073976097\" data-video-id=\"7294322330073976097\" style=\"max-width: 605px;min-width: 325px;\" > <section> <a target=\"_blank\" title=\"@modshair.france\" href=\"https:\/\/www.tiktok.com\/@modshair.france?refer=embed\">@modshair.france<\/a> If you see that it\u2019s a sign ! <a title=\"wolfcut\" target=\"_blank\" href=\"https:\/\/www.tiktok.com\/tag\/wolfcut?refer=embed\">#wolfcut<\/a> <a title=\"haircut\" target=\"_blank\" href=\"https:\/\/www.tiktok.com\/tag\/haircut?refer=embed\">#haircut<\/a> <a target=\"_blank\" title=\"\u266c original sound - tvdxcc_ \u15ad\u0f72\u0f0f\u15ab\u0f80\" href=\"https:\/\/www.tiktok.com\/music\/original-sound-7288412598907702048?refer=embed\">\u266c original sound &#8211; tvdxcc_ \u15ad\u0f72\u0f0f\u15ab\u0f80<\/a> <\/section> <\/blockquote> <script async src=\"https:\/\/www.tiktok.com\/embed.js\"><\/script>\n\n\n\n<h2 class=\"wp-block-heading\">Como usar o Wolf Cut se voc\u00ea tem cabelo fino?<\/h2>\n\n\n\n<p>O <strong>volume<\/strong> \u00e9 fundamental. As <strong>camadas<\/strong> m\u00faltiplas trazem mais <strong>espessura<\/strong>. Para manter o efeito, aplique <strong>produtos<\/strong> que <strong>d\u00eaem corpo<\/strong> ao cabelo, como <strong>mousses<\/strong> ou <strong>texturizadores<\/strong>. Marcas como <strong>L&#8217;Or\u00e9al Paris<\/strong> oferecem excelentes op\u00e7\u00f5es para quem busca esse resultado. Outra alternativa interessante \u00e9 apostar em <strong>sprays de sal marinho<\/strong>, bastante indicados por <strong>especialistas<\/strong> em sal\u00f5es renomados de <strong>S\u00e3o Paulo<\/strong> e <strong>Rio de Janeiro<\/strong>. Al\u00e9m disso, ferramentas como o <strong>babyliss<\/strong> podem ser utilizadas para criar ondas e destacar ainda mais a <strong>textura<\/strong> do corte.<\/p>\n\n\n\n<h2 class=\"wp-block-heading\">Quais artistas marcaram tend\u00eancia com o&nbsp;Wolf Cut?<\/h2>\n\n\n\n<p>De <strong>Keith Richards<\/strong> a <strong>David Bowie<\/strong>, muitos <strong>artistas<\/strong> escolheram esse <strong>corte<\/strong> para expressar seu <strong>estilo<\/strong> cheio de <strong>volume<\/strong>. Atualmente, a atriz brit\u00e2nica <strong>Florence Pugh<\/strong> exibe o <strong>corte<\/strong> colocando seu <strong>toque pessoal<\/strong>. Outro nome de destaque \u00e9 <strong>Billy Idol<\/strong>, que tamb\u00e9m popularizou o <strong>estilo<\/strong> nos anos 80. Nos \u00faltimos anos, nomes como <strong>Billie Eilish<\/strong> e <strong>Miley Cyrus<\/strong> tamb\u00e9m passaram a apostar no <strong>Wolf Cut<\/strong>, trazendo uma atmosfera <strong>moderna<\/strong> ao <strong>visual cl\u00e1ssico<\/strong>. Esse <strong>corte<\/strong> tornou-se um verdadeiro s\u00edmbolo de <strong>personalidade<\/strong> e <strong>ousadia<\/strong> entre os <strong>famosos<\/strong>.<\/p>\n\n\n\n<iframe loading=\"lazy\" src=\"https:\/\/assets.pinterest.com\/ext\/embed.html?id=21603273207373355\" height=\"709\" width=\"345\" frameborder=\"0\" scrolling=\"no\" ><\/iframe>\n\n\n\n<p><strong>Dica r\u00e1pida:<\/strong> <strong>Penteie<\/strong> com as <strong>pontas para fora<\/strong> para um efeito extra de <strong>volume<\/strong>.<\/p>\n\n\n\n<h2 class=\"wp-block-heading\">Como aproveitar as texturas e manter o corte por mais tempo?<\/h2>\n\n\n\n<p>Ao <strong>secar<\/strong> e <strong>pentear<\/strong> o <strong>cabelo<\/strong>, \u00e9 poss\u00edvel alcan\u00e7ar o <strong>volume<\/strong> desejado. Usar <strong>produtos<\/strong> que ofere\u00e7am <strong>suporte<\/strong> garante que o <strong>estilo<\/strong> permane\u00e7a intacto por mais tempo. Ferramentas como o <strong>Dyson Supersonic<\/strong> ou a <strong>GHD<\/strong> podem ajudar a <strong>modelar<\/strong> as <strong>camadas<\/strong> com facilidade. Para quem gosta de <strong>agilidade<\/strong>, investir em <strong>acess\u00f3rios de styling<\/strong> vendidos em lojas como a <strong>Sephora<\/strong> pode facilitar a rotina de <strong>beleza<\/strong>.<\/p>\n\n\n\n<ul class=\"wp-block-list\">\n<li><strong>Aplica\u00e7\u00e3o<\/strong>: Use <strong>produtos de qualidade<\/strong> para <strong>texturizar<\/strong> e definir as <strong>camadas<\/strong>.<\/li>\n\n\n\n<li><strong>Manuten\u00e7\u00e3o<\/strong>: Visite regularmente o <strong>sal\u00e3o<\/strong> para manter as <strong>camadas<\/strong>.<\/li>\n\n\n\n<li><strong>Estiliza\u00e7\u00e3o<\/strong>: Adapte o <strong>corte<\/strong> de acordo com sua <strong>personalidade<\/strong>.<\/li>\n<\/ul>\n\n\n\n<h2 class=\"wp-block-heading\">Esses s\u00e3o os melhores detalhes do corte Wolf Cut?<\/h2>\n\n\n\n<ul class=\"wp-block-list\">\n<li>Um <strong>corte vers\u00e1til<\/strong> que revive o melhor dos <strong>anos 80<\/strong>.<\/li>\n\n\n\n<li>Proporciona <strong>volume<\/strong> e <strong>estrutura<\/strong> ao <strong>cabelo fino<\/strong>.<\/li>\n\n\n\n<li>Indicado para <strong>todos<\/strong>, sem distin\u00e7\u00e3o de <strong>g\u00eanero<\/strong>.<\/li>\n<\/ul>\n\n\n\n<p>Leia tamb\u00e9m: <a href=\"https:\/\/www.em.com.br\/emfoco\/2025\/10\/12\/as-melhores-marcas-para-cuidar-de-cabelos-afro-com-perfeicao\/\" target=\"_blank\" rel=\"noopener\">As melhores marcas para cuidar de cabelos afros com perfei\u00e7\u00e3o<\/a><\/p>\n","protected":false},"excerpt":{"rendered":"<p>A moda tende a ir e vir, reinventando-se continuamente. Muitas tend\u00eancias dos anos 80 est\u00e3o de volta, e o corte de cabelo oitensita com volume \u00e9 uma delas. Aqui apresentamos o famoso Wolf Cut, uma op\u00e7\u00e3o perfeita para quem deseja dar movimento ao cabelo fino e conquistar um visual contempor\u00e2neo. O que \u00e9 o Wolf [&hellip;]<\/p>\n","protected":false},"author":9,"featured_media":47972,"comment_status":"open","ping_status":"open","sticky":false,"template":"","format":"standard","meta":{"jnews-multi-image_gallery":[],"jnews_single_post":{"format":"standard"},"jnews_primary_category":[],"jnews_social_meta":[],"jnews_override_counter":[],"footnotes":""},"categories":[8819,1],"tags":[5378,12832,17352],"class_list":["post-114596","post","type-post","status-publish","format-standard","has-post-thumbnail","hentry","category-curiosidades","category-noticias","tag-anos-80","tag-cabelos-finos","tag-corte-wolf"],"yoast_head":"<!-- This site is optimized with the Yoast SEO plugin v23.8 - https:\/\/yoast.com\/wordpress\/plugins\/seo\/ -->\n<title>O corte de cabelo dos anos 80 que voltou com tudo e est\u00e1 conquistando os sal\u00f5es<\/title>\n<meta name=\"description\" content=\"O corte Wolf Cut voltou \u00e0 moda e promete dar volume, textura e estilo aos cabelos finos com um visual moderno e despojado.\" \/>\n<meta name=\"robots\" content=\"index, follow, max-snippet:-1, max-image-preview:large, max-video-preview:-1\" \/>\n<link rel=\"canonical\" href=\"https:\/\/www.em.com.br\/emfoco\/2025\/10\/14\/o-corte-de-cabelo-dos-anos-80-que-voltou-com-tudo-e-esta-conquistando-os-saloes\/\" \/>\n<meta property=\"og:locale\" content=\"pt_BR\" \/>\n<meta property=\"og:type\" content=\"article\" \/>\n<meta property=\"og:title\" content=\"O corte de cabelo dos anos 80 que voltou com tudo e est\u00e1 conquistando os sal\u00f5es\" \/>\n<meta property=\"og:description\" content=\"O corte Wolf Cut voltou \u00e0 moda e promete dar volume, textura e estilo aos cabelos finos com um visual moderno e despojado.\" \/>\n<meta property=\"og:url\" content=\"https:\/\/www.em.com.br\/emfoco\/2025\/10\/14\/o-corte-de-cabelo-dos-anos-80-que-voltou-com-tudo-e-esta-conquistando-os-saloes\/\" \/>\n<meta property=\"og:site_name\" content=\"Estado de Minas - Em foco\" \/>\n<meta property=\"article:published_time\" content=\"2025-10-14T13:45:56+00:00\" \/>\n<meta property=\"article:modified_time\" content=\"2025-10-13T17:53:12+00:00\" \/>\n<meta property=\"og:image\" content=\"https:\/\/www.em.com.br\/emfoco\/wp-content\/uploads\/2025\/05\/cabelo-cuidados_1747402577374.jpg\" \/>\n\t<meta property=\"og:image:width\" content=\"1280\" \/>\n\t<meta property=\"og:image:height\" content=\"720\" \/>\n\t<meta property=\"og:image:type\" content=\"image\/jpeg\" \/>\n<meta name=\"author\" content=\"Daniely Cardoso\" \/>\n<meta name=\"twitter:card\" content=\"summary_large_image\" \/>\n<meta name=\"twitter:label1\" content=\"Escrito por\" \/>\n\t<meta name=\"twitter:data1\" content=\"Daniely Cardoso\" \/>\n\t<meta name=\"twitter:label2\" content=\"Est. tempo de leitura\" \/>\n\t<meta name=\"twitter:data2\" content=\"4 minutos\" \/>\n<!-- \/ Yoast SEO plugin. -->","yoast_head_json":{"title":"O corte de cabelo dos anos 80 que voltou com tudo e est\u00e1 conquistando os sal\u00f5es","description":"O corte Wolf Cut voltou \u00e0 moda e promete dar volume, textura e estilo aos cabelos finos com um visual moderno e despojado.","robots":{"index":"index","follow":"follow","max-snippet":"max-snippet:-1","max-image-preview":"max-image-preview:large","max-video-preview":"max-video-preview:-1"},"canonical":"https:\/\/www.em.com.br\/emfoco\/2025\/10\/14\/o-corte-de-cabelo-dos-anos-80-que-voltou-com-tudo-e-esta-conquistando-os-saloes\/","og_locale":"pt_BR","og_type":"article","og_title":"O corte de cabelo dos anos 80 que voltou com tudo e est\u00e1 conquistando os sal\u00f5es","og_description":"O corte Wolf Cut voltou \u00e0 moda e promete dar volume, textura e estilo aos cabelos finos com um visual moderno e despojado.","og_url":"https:\/\/www.em.com.br\/emfoco\/2025\/10\/14\/o-corte-de-cabelo-dos-anos-80-que-voltou-com-tudo-e-esta-conquistando-os-saloes\/","og_site_name":"Estado de Minas - Em foco","article_published_time":"2025-10-14T13:45:56+00:00","article_modified_time":"2025-10-13T17:53:12+00:00","og_image":[{"width":1280,"height":720,"url":"https:\/\/www.em.com.br\/emfoco\/wp-content\/uploads\/2025\/05\/cabelo-cuidados_1747402577374.jpg","type":"image\/jpeg"}],"author":"Daniely Cardoso","twitter_card":"summary_large_image","twitter_misc":{"Escrito por":"Daniely Cardoso","Est. tempo de leitura":"4 minutos"},"schema":{"@context":"https:\/\/schema.org","@graph":[{"@type":"WebPage","@id":"https:\/\/www.em.com.br\/emfoco\/2025\/10\/14\/o-corte-de-cabelo-dos-anos-80-que-voltou-com-tudo-e-esta-conquistando-os-saloes\/","url":"https:\/\/www.em.com.br\/emfoco\/2025\/10\/14\/o-corte-de-cabelo-dos-anos-80-que-voltou-com-tudo-e-esta-conquistando-os-saloes\/","name":"O corte de cabelo dos anos 80 que voltou com tudo e est\u00e1 conquistando os sal\u00f5es","isPartOf":{"@id":"https:\/\/www.em.com.br\/emfoco\/#website"},"primaryImageOfPage":{"@id":"https:\/\/www.em.com.br\/emfoco\/2025\/10\/14\/o-corte-de-cabelo-dos-anos-80-que-voltou-com-tudo-e-esta-conquistando-os-saloes\/#primaryimage"},"image":{"@id":"https:\/\/www.em.com.br\/emfoco\/2025\/10\/14\/o-corte-de-cabelo-dos-anos-80-que-voltou-com-tudo-e-esta-conquistando-os-saloes\/#primaryimage"},"thumbnailUrl":"https:\/\/www.em.com.br\/emfoco\/wp-content\/uploads\/2025\/05\/cabelo-cuidados_1747402577374.jpg","datePublished":"2025-10-14T13:45:56+00:00","dateModified":"2025-10-13T17:53:12+00:00","author":{"@id":"https:\/\/www.em.com.br\/emfoco\/#\/schema\/person\/0a8186d72f2c3a5c6276d90b41f271a0"},"description":"O corte Wolf Cut voltou \u00e0 moda e promete dar volume, textura e estilo aos cabelos finos com um visual moderno e despojado.","breadcrumb":{"@id":"https:\/\/www.em.com.br\/emfoco\/2025\/10\/14\/o-corte-de-cabelo-dos-anos-80-que-voltou-com-tudo-e-esta-conquistando-os-saloes\/#breadcrumb"},"inLanguage":"pt-BR","potentialAction":[{"@type":"ReadAction","target":["https:\/\/www.em.com.br\/emfoco\/2025\/10\/14\/o-corte-de-cabelo-dos-anos-80-que-voltou-com-tudo-e-esta-conquistando-os-saloes\/"]}]},{"@type":"ImageObject","inLanguage":"pt-BR","@id":"https:\/\/www.em.com.br\/emfoco\/2025\/10\/14\/o-corte-de-cabelo-dos-anos-80-que-voltou-com-tudo-e-esta-conquistando-os-saloes\/#primaryimage","url":"https:\/\/www.em.com.br\/emfoco\/wp-content\/uploads\/2025\/05\/cabelo-cuidados_1747402577374.jpg","contentUrl":"https:\/\/www.em.com.br\/emfoco\/wp-content\/uploads\/2025\/05\/cabelo-cuidados_1747402577374.jpg","width":1280,"height":720,"caption":"Cabelo - Cr\u00e9ditos: depositphotos.com \/ AndrewLozovyi"},{"@type":"BreadcrumbList","@id":"https:\/\/www.em.com.br\/emfoco\/2025\/10\/14\/o-corte-de-cabelo-dos-anos-80-que-voltou-com-tudo-e-esta-conquistando-os-saloes\/#breadcrumb","itemListElement":[{"@type":"ListItem","position":1,"name":"In\u00edcio","item":"https:\/\/www.em.com.br\/emfoco\/"},{"@type":"ListItem","position":2,"name":"O corte de cabelo dos anos 80 que voltou com tudo e est\u00e1 conquistando os sal\u00f5es"}]},{"@type":"WebSite","@id":"https:\/\/www.em.com.br\/emfoco\/#website","url":"https:\/\/www.em.com.br\/emfoco\/","name":"Estado de Minas - Em foco","description":"Acompanhe as \u00faltimas not\u00edcias e fique bem informado sobre tudo o que acontece em Minas Gerais, Brasil e no mundo.","potentialAction":[{"@type":"SearchAction","target":{"@type":"EntryPoint","urlTemplate":"https:\/\/www.em.com.br\/emfoco\/?s={search_term_string}"},"query-input":{"@type":"PropertyValueSpecification","valueRequired":true,"valueName":"search_term_string"}}],"inLanguage":"pt-BR"},{"@type":"Person","@id":"https:\/\/www.em.com.br\/emfoco\/#\/schema\/person\/0a8186d72f2c3a5c6276d90b41f271a0","name":"Daniely Cardoso","image":{"@type":"ImageObject","inLanguage":"pt-BR","@id":"https:\/\/www.em.com.br\/emfoco\/#\/schema\/person\/image\/","url":"https:\/\/secure.gravatar.com\/avatar\/4b80ddbd124d1f071b626d52d62e5dff?s=96&d=mm&r=g","contentUrl":"https:\/\/secure.gravatar.com\/avatar\/4b80ddbd124d1f071b626d52d62e5dff?s=96&d=mm&r=g","caption":"Daniely Cardoso"},"url":"https:\/\/www.em.com.br\/emfoco\/author\/danielymyth\/"}]}},"_links":{"self":[{"href":"https:\/\/www.em.com.br\/emfoco\/wp-json\/wp\/v2\/posts\/114596","targetHints":{"allow":["GET"]}}],"collection":[{"href":"https:\/\/www.em.com.br\/emfoco\/wp-json\/wp\/v2\/posts"}],"about":[{"href":"https:\/\/www.em.com.br\/emfoco\/wp-json\/wp\/v2\/types\/post"}],"author":[{"embeddable":true,"href":"https:\/\/www.em.com.br\/emfoco\/wp-json\/wp\/v2\/users\/9"}],"replies":[{"embeddable":true,"href":"https:\/\/www.em.com.br\/emfoco\/wp-json\/wp\/v2\/comments?post=114596"}],"version-history":[{"count":3,"href":"https:\/\/www.em.com.br\/emfoco\/wp-json\/wp\/v2\/posts\/114596\/revisions"}],"predecessor-version":[{"id":114815,"href":"https:\/\/www.em.com.br\/emfoco\/wp-json\/wp\/v2\/posts\/114596\/revisions\/114815"}],"wp:featuredmedia":[{"embeddable":true,"href":"https:\/\/www.em.com.br\/emfoco\/wp-json\/wp\/v2\/media\/47972"}],"wp:attachment":[{"href":"https:\/\/www.em.com.br\/emfoco\/wp-json\/wp\/v2\/media?parent=114596"}],"wp:term":[{"taxonomy":"category","embeddable":true,"href":"https:\/\/www.em.com.br\/emfoco\/wp-json\/wp\/v2\/categories?post=114596"},{"taxonomy":"post_tag","embeddable":true,"href":"https:\/\/www.em.com.br\/emfoco\/wp-json\/wp\/v2\/tags?post=114596"}],"curies":[{"name":"wp","href":"https:\/\/api.w.org\/{rel}","templated":true}]}}