{"id":114399,"date":"2025-10-13T14:45:00","date_gmt":"2025-10-13T17:45:00","guid":{"rendered":"https:\/\/www.em.com.br\/emfoco\/?p=114399"},"modified":"2025-10-11T17:28:59","modified_gmt":"2025-10-11T20:28:59","slug":"como-fazer-um-painel-de-fotos-iluminado-para-transformar-a-parede-do-seu-quarto","status":"publish","type":"post","link":"https:\/\/www.em.com.br\/emfoco\/2025\/10\/13\/como-fazer-um-painel-de-fotos-iluminado-para-transformar-a-parede-do-seu-quarto\/","title":{"rendered":"Como fazer um painel de fotos iluminado para transformar a parede do seu quarto"},"content":{"rendered":"\n<p>Criar um <strong>painel de fotos com varal de luzes<\/strong> \u00e9 uma forma simples e encantadora de decorar ambientes. Com poucos materiais e um toque de criatividade, voc\u00ea pode expor suas lembran\u00e7as sem danificar a parede e ainda dar um charme luminoso ao espa\u00e7o.<\/p>\n\n\n\n<ul class=\"wp-block-list\">\n<li>Como escolher o melhor fio de luz LED para seu painel<\/li>\n\n\n\n<li>Passo a passo para montar e fixar sem danificar a parede<\/li>\n\n\n\n<li>Dicas para composi\u00e7\u00f5es harm\u00f4nicas e seguras<\/li>\n<\/ul>\n\n\n\n<h2 class=\"wp-block-heading\">Como escolher o fio de luz ideal para seu painel de fotos?<\/h2>\n\n\n\n<p>Antes de iniciar o projeto, escolha um <strong><a href=\"https:\/\/nortel.com.br\/blog\/as-6-tendencias-da-iluminacao-led\/\" target=\"_blank\" rel=\"noreferrer noopener\">fio de luz LED<\/a><\/strong> de boa qualidade, preferencialmente com certifica\u00e7\u00e3o de seguran\u00e7a. Opte por modelos com intensidade suave para n\u00e3o ofuscar as fotos. Pisca-piscas de tons quentes costumam deixar o ambiente mais acolhedor.<\/p>\n\n\n\n<p>Verifique o comprimento do fio e a voltagem compat\u00edvel com a tomada mais pr\u00f3xima. Caso queira um efeito cont\u00ednuo, escolha luzes fixas. J\u00e1 os modelos piscantes podem criar um toque mais festivo e descontra\u00eddo na sua decora\u00e7\u00e3o.<\/p>\n\n\n\n<figure class=\"wp-block-image size-large\"><img loading=\"lazy\" decoding=\"async\" width=\"1024\" height=\"576\" src=\"https:\/\/www.em.com.br\/emfoco\/wp-content\/uploads\/2025\/10\/Fotos-na-parede_1760214209144-1024x576.jpg\" alt=\"Como fazer um painel de fotos iluminado para transformar a parede do seu quarto\" class=\"wp-image-114407\" srcset=\"https:\/\/www.em.com.br\/emfoco\/wp-content\/uploads\/2025\/10\/Fotos-na-parede_1760214209144-1024x576.jpg 1024w, https:\/\/www.em.com.br\/emfoco\/wp-content\/uploads\/2025\/10\/Fotos-na-parede_1760214209144-300x169.jpg 300w, https:\/\/www.em.com.br\/emfoco\/wp-content\/uploads\/2025\/10\/Fotos-na-parede_1760214209144-768x432.jpg 768w, https:\/\/www.em.com.br\/emfoco\/wp-content\/uploads\/2025\/10\/Fotos-na-parede_1760214209144-750x422.jpg 750w, https:\/\/www.em.com.br\/emfoco\/wp-content\/uploads\/2025\/10\/Fotos-na-parede_1760214209144-1140x641.jpg 1140w, https:\/\/www.em.com.br\/emfoco\/wp-content\/uploads\/2025\/10\/Fotos-na-parede_1760214209144.jpg 1280w\" sizes=\"auto, (max-width: 1024px) 100vw, 1024px\" \/><figcaption class=\"wp-element-caption\">Marca\u00e7\u00e3o com l\u00e1pis garante simetria no painel &#8211; Cr\u00e9ditos: depositphotos.com \/ REDPIXEL<\/figcaption><\/figure>\n\n\n\n<h2 class=\"wp-block-heading\">Como medir e fixar o varal sem danificar a parede?<\/h2>\n\n\n\n<p>O primeiro passo \u00e9 medir o espa\u00e7o onde o <strong>varal de luzes<\/strong> ser\u00e1 instalado. Marque com l\u00e1pis os pontos de fixa\u00e7\u00e3o e use fita adesiva dupla face forte ou ganchos autocolantes remov\u00edveis para evitar danos \u00e0 pintura.<\/p>\n\n\n\n<p>Deixe o fio levemente folgado para facilitar a disposi\u00e7\u00e3o das fotos. Se quiser garantir mais firmeza, utilize mini-pregadores de madeira, que combinam bem com o estilo artesanal do projeto.<\/p>\n\n\n\n<p><em>Leia mais: <a href=\"https:\/\/www.em.com.br\/emfoco\/2025\/10\/06\/como-montar-um-home-office-funcional-e-bonito-em-poucos-passos\/\" target=\"_blank\" rel=\"noreferrer noopener\">Como montar um home office funcional e bonito em poucos passos<\/a><\/em><\/p>\n\n\n\n<h2 class=\"wp-block-heading\">Como deixar a disposi\u00e7\u00e3o das fotos mais bonita e equilibrada?<\/h2>\n\n\n\n<p>Distribua as fotos com harmonia, variando tamanhos e cores. Uma dica \u00e9 come\u00e7ar pelo centro do <strong>painel de fotos<\/strong> e ir alternando para os lados, mantendo espa\u00e7amentos semelhantes entre elas para criar equil\u00edbrio visual.<\/p>\n\n\n\n<p>Evite o excesso de elementos para n\u00e3o sobrecarregar o visual. Voc\u00ea pode mesclar imagens com cart\u00f5es, bilhetes ou lembran\u00e7as de viagens, dando um toque pessoal \u00e0 decora\u00e7\u00e3o sem perder a leveza est\u00e9tica.<\/p>\n\n\n\n<figure class=\"wp-block-image size-large\"><img loading=\"lazy\" decoding=\"async\" width=\"1024\" height=\"576\" src=\"https:\/\/www.em.com.br\/emfoco\/wp-content\/uploads\/2025\/10\/Varal-de-fotos_1760214283745-1024x576.jpg\" alt=\"Como fazer um painel de fotos iluminado para transformar a parede do seu quarto\" class=\"wp-image-114409\" srcset=\"https:\/\/www.em.com.br\/emfoco\/wp-content\/uploads\/2025\/10\/Varal-de-fotos_1760214283745-1024x576.jpg 1024w, https:\/\/www.em.com.br\/emfoco\/wp-content\/uploads\/2025\/10\/Varal-de-fotos_1760214283745-300x169.jpg 300w, https:\/\/www.em.com.br\/emfoco\/wp-content\/uploads\/2025\/10\/Varal-de-fotos_1760214283745-768x432.jpg 768w, https:\/\/www.em.com.br\/emfoco\/wp-content\/uploads\/2025\/10\/Varal-de-fotos_1760214283745-750x422.jpg 750w, https:\/\/www.em.com.br\/emfoco\/wp-content\/uploads\/2025\/10\/Varal-de-fotos_1760214283745-1140x641.jpg 1140w, https:\/\/www.em.com.br\/emfoco\/wp-content\/uploads\/2025\/10\/Varal-de-fotos_1760214283745.jpg 1280w\" sizes=\"auto, (max-width: 1024px) 100vw, 1024px\" \/><figcaption class=\"wp-element-caption\">Comece pelo centro para organizar melhor o layout &#8211; Cr\u00e9ditos: depositphotos.com \/ nirutdps<\/figcaption><\/figure>\n\n\n\n<h2 class=\"wp-block-heading\">Quais formatos de composi\u00e7\u00e3o podem valorizar o visual?<\/h2>\n\n\n\n<p>Existem v\u00e1rias formas criativas de montar o seu <strong>varal de fotos<\/strong>. Cada uma proporciona um efeito diferente e pode se adaptar melhor ao espa\u00e7o dispon\u00edvel da parede.<\/p>\n\n\n\n<ul class=\"wp-block-list\">\n<li><strong>Horizontal:<\/strong> ideal para paredes amplas, cria um efeito linear e moderno.<\/li>\n\n\n\n<li><strong>Vertical:<\/strong> \u00f3timo para espa\u00e7os estreitos, alonga o ambiente visualmente.<\/li>\n\n\n\n<li><strong>Formato em \u201cV\u201d:<\/strong> transmite movimento e \u00e9 perfeito para \u00e1reas acima da cama ou mesa.<\/li>\n<\/ul>\n\n\n\n<h2 class=\"wp-block-heading\">Quais cuidados e truques garantem um resultado perfeito?<\/h2>\n\n\n\n<p>Para evitar <strong>emaranhados<\/strong> e garantir seguran\u00e7a el\u00e9trica, desenrole o fio antes da instala\u00e7\u00e3o e teste todas as l\u00e2mpadas. Evite sobrecarregar a tomada e mantenha o painel longe de fontes de calor ou \u00e1reas \u00famidas.<\/p>\n\n\n\n<ul class=\"wp-block-list\">\n<li>Use fotos leves para n\u00e3o for\u00e7ar o fio nem os ganchos.<\/li>\n\n\n\n<li>Prefira luzes LED de baixa temperatura para evitar aquecimento.<\/li>\n\n\n\n<li>Guarde o varal enrolado com cuidado quando desmontar o painel.<\/li>\n<\/ul>\n","protected":false},"excerpt":{"rendered":"<p>Criar um painel de fotos com varal de luzes \u00e9 uma forma simples e encantadora de decorar ambientes. Com poucos materiais e um toque de criatividade, voc\u00ea pode expor suas lembran\u00e7as sem danificar a parede e ainda dar um charme luminoso ao espa\u00e7o. Como escolher o fio de luz ideal para seu painel de fotos? [&hellip;]<\/p>\n","protected":false},"author":13,"featured_media":114408,"comment_status":"open","ping_status":"open","sticky":false,"template":"","format":"standard","meta":{"jnews-multi-image_gallery":[],"jnews_single_post":{"format":"standard"},"jnews_primary_category":[],"jnews_social_meta":[],"jnews_override_counter":[],"footnotes":""},"categories":[8819],"tags":[5115,17324,17331],"class_list":["post-114399","post","type-post","status-publish","format-standard","has-post-thumbnail","hentry","category-curiosidades","tag-diy","tag-do-it-yourself","tag-painel-de-fotos"],"yoast_head":"<!-- This site is optimized with the Yoast SEO plugin v23.8 - https:\/\/yoast.com\/wordpress\/plugins\/seo\/ -->\n<title>Como fazer um painel de fotos iluminado para transformar a parede do seu quarto - Estado de Minas - Em foco<\/title>\n<meta name=\"description\" content=\"Quer dar vida a uma parede vazia? Aprenda a montar um painel de fotos com luzes, sem furos e com muito estilo. Fica incr\u00edvel!\" \/>\n<meta name=\"robots\" content=\"index, follow, max-snippet:-1, max-image-preview:large, max-video-preview:-1\" \/>\n<link rel=\"canonical\" href=\"https:\/\/www.em.com.br\/emfoco\/2025\/10\/13\/como-fazer-um-painel-de-fotos-iluminado-para-transformar-a-parede-do-seu-quarto\/\" \/>\n<meta property=\"og:locale\" content=\"pt_BR\" \/>\n<meta property=\"og:type\" content=\"article\" \/>\n<meta property=\"og:title\" content=\"Como fazer um painel de fotos iluminado para transformar a parede do seu quarto - Estado de Minas - Em foco\" \/>\n<meta property=\"og:description\" content=\"Quer dar vida a uma parede vazia? Aprenda a montar um painel de fotos com luzes, sem furos e com muito estilo. Fica incr\u00edvel!\" \/>\n<meta property=\"og:url\" content=\"https:\/\/www.em.com.br\/emfoco\/2025\/10\/13\/como-fazer-um-painel-de-fotos-iluminado-para-transformar-a-parede-do-seu-quarto\/\" \/>\n<meta property=\"og:site_name\" content=\"Estado de Minas - Em foco\" \/>\n<meta property=\"article:published_time\" content=\"2025-10-13T17:45:00+00:00\" \/>\n<meta property=\"article:modified_time\" content=\"2025-10-11T20:28:59+00:00\" \/>\n<meta property=\"og:image\" content=\"https:\/\/www.em.com.br\/emfoco\/wp-content\/uploads\/2025\/10\/Varal-de-fotos_1760214242416.jpg\" \/>\n\t<meta property=\"og:image:width\" content=\"1280\" \/>\n\t<meta property=\"og:image:height\" content=\"720\" \/>\n\t<meta property=\"og:image:type\" content=\"image\/jpeg\" \/>\n<meta name=\"author\" content=\"Gabriel Martins\" \/>\n<meta name=\"twitter:card\" content=\"summary_large_image\" \/>\n<meta name=\"twitter:label1\" content=\"Escrito por\" \/>\n\t<meta name=\"twitter:data1\" content=\"Gabriel Martins\" \/>\n\t<meta name=\"twitter:label2\" content=\"Est. tempo de leitura\" \/>\n\t<meta name=\"twitter:data2\" content=\"4 minutos\" \/>\n<!-- \/ Yoast SEO plugin. -->","yoast_head_json":{"title":"Como fazer um painel de fotos iluminado para transformar a parede do seu quarto - Estado de Minas - Em foco","description":"Quer dar vida a uma parede vazia? Aprenda a montar um painel de fotos com luzes, sem furos e com muito estilo. Fica incr\u00edvel!","robots":{"index":"index","follow":"follow","max-snippet":"max-snippet:-1","max-image-preview":"max-image-preview:large","max-video-preview":"max-video-preview:-1"},"canonical":"https:\/\/www.em.com.br\/emfoco\/2025\/10\/13\/como-fazer-um-painel-de-fotos-iluminado-para-transformar-a-parede-do-seu-quarto\/","og_locale":"pt_BR","og_type":"article","og_title":"Como fazer um painel de fotos iluminado para transformar a parede do seu quarto - Estado de Minas - Em foco","og_description":"Quer dar vida a uma parede vazia? Aprenda a montar um painel de fotos com luzes, sem furos e com muito estilo. Fica incr\u00edvel!","og_url":"https:\/\/www.em.com.br\/emfoco\/2025\/10\/13\/como-fazer-um-painel-de-fotos-iluminado-para-transformar-a-parede-do-seu-quarto\/","og_site_name":"Estado de Minas - Em foco","article_published_time":"2025-10-13T17:45:00+00:00","article_modified_time":"2025-10-11T20:28:59+00:00","og_image":[{"width":1280,"height":720,"url":"https:\/\/www.em.com.br\/emfoco\/wp-content\/uploads\/2025\/10\/Varal-de-fotos_1760214242416.jpg","type":"image\/jpeg"}],"author":"Gabriel Martins","twitter_card":"summary_large_image","twitter_misc":{"Escrito por":"Gabriel Martins","Est. tempo de leitura":"4 minutos"},"schema":{"@context":"https:\/\/schema.org","@graph":[{"@type":"WebPage","@id":"https:\/\/www.em.com.br\/emfoco\/2025\/10\/13\/como-fazer-um-painel-de-fotos-iluminado-para-transformar-a-parede-do-seu-quarto\/","url":"https:\/\/www.em.com.br\/emfoco\/2025\/10\/13\/como-fazer-um-painel-de-fotos-iluminado-para-transformar-a-parede-do-seu-quarto\/","name":"Como fazer um painel de fotos iluminado para transformar a parede do seu quarto - Estado de Minas - Em foco","isPartOf":{"@id":"https:\/\/www.em.com.br\/emfoco\/#website"},"primaryImageOfPage":{"@id":"https:\/\/www.em.com.br\/emfoco\/2025\/10\/13\/como-fazer-um-painel-de-fotos-iluminado-para-transformar-a-parede-do-seu-quarto\/#primaryimage"},"image":{"@id":"https:\/\/www.em.com.br\/emfoco\/2025\/10\/13\/como-fazer-um-painel-de-fotos-iluminado-para-transformar-a-parede-do-seu-quarto\/#primaryimage"},"thumbnailUrl":"https:\/\/www.em.com.br\/emfoco\/wp-content\/uploads\/2025\/10\/Varal-de-fotos_1760214242416.jpg","datePublished":"2025-10-13T17:45:00+00:00","dateModified":"2025-10-11T20:28:59+00:00","author":{"@id":"https:\/\/www.em.com.br\/emfoco\/#\/schema\/person\/1c9ddeab18b98abeffef834667bcf08a"},"description":"Quer dar vida a uma parede vazia? Aprenda a montar um painel de fotos com luzes, sem furos e com muito estilo. Fica incr\u00edvel!","breadcrumb":{"@id":"https:\/\/www.em.com.br\/emfoco\/2025\/10\/13\/como-fazer-um-painel-de-fotos-iluminado-para-transformar-a-parede-do-seu-quarto\/#breadcrumb"},"inLanguage":"pt-BR","potentialAction":[{"@type":"ReadAction","target":["https:\/\/www.em.com.br\/emfoco\/2025\/10\/13\/como-fazer-um-painel-de-fotos-iluminado-para-transformar-a-parede-do-seu-quarto\/"]}]},{"@type":"ImageObject","inLanguage":"pt-BR","@id":"https:\/\/www.em.com.br\/emfoco\/2025\/10\/13\/como-fazer-um-painel-de-fotos-iluminado-para-transformar-a-parede-do-seu-quarto\/#primaryimage","url":"https:\/\/www.em.com.br\/emfoco\/wp-content\/uploads\/2025\/10\/Varal-de-fotos_1760214242416.jpg","contentUrl":"https:\/\/www.em.com.br\/emfoco\/wp-content\/uploads\/2025\/10\/Varal-de-fotos_1760214242416.jpg","width":1280,"height":720,"caption":"Fotos leves mant\u00eam a estrutura firme por mais tempo - Cr\u00e9ditos: depositphotos.com \/ REDPIXEL"},{"@type":"BreadcrumbList","@id":"https:\/\/www.em.com.br\/emfoco\/2025\/10\/13\/como-fazer-um-painel-de-fotos-iluminado-para-transformar-a-parede-do-seu-quarto\/#breadcrumb","itemListElement":[{"@type":"ListItem","position":1,"name":"In\u00edcio","item":"https:\/\/www.em.com.br\/emfoco\/"},{"@type":"ListItem","position":2,"name":"Como fazer um painel de fotos iluminado para transformar a parede do seu quarto"}]},{"@type":"WebSite","@id":"https:\/\/www.em.com.br\/emfoco\/#website","url":"https:\/\/www.em.com.br\/emfoco\/","name":"Estado de Minas - Em foco","description":"Acompanhe as \u00faltimas not\u00edcias e fique bem informado sobre tudo o que acontece em Minas Gerais, Brasil e no mundo.","potentialAction":[{"@type":"SearchAction","target":{"@type":"EntryPoint","urlTemplate":"https:\/\/www.em.com.br\/emfoco\/?s={search_term_string}"},"query-input":{"@type":"PropertyValueSpecification","valueRequired":true,"valueName":"search_term_string"}}],"inLanguage":"pt-BR"},{"@type":"Person","@id":"https:\/\/www.em.com.br\/emfoco\/#\/schema\/person\/1c9ddeab18b98abeffef834667bcf08a","name":"Gabriel Martins","image":{"@type":"ImageObject","inLanguage":"pt-BR","@id":"https:\/\/www.em.com.br\/emfoco\/#\/schema\/person\/image\/","url":"https:\/\/secure.gravatar.com\/avatar\/f0f1e2efdfd88f1ad2cb08c5c2731e50?s=96&d=mm&r=g","contentUrl":"https:\/\/secure.gravatar.com\/avatar\/f0f1e2efdfd88f1ad2cb08c5c2731e50?s=96&d=mm&r=g","caption":"Gabriel Martins"},"sameAs":["https:\/\/www.em.com.br\/emfoco\/"],"url":"https:\/\/www.em.com.br\/emfoco\/author\/gabrielmartinsmyth\/"}]}},"_links":{"self":[{"href":"https:\/\/www.em.com.br\/emfoco\/wp-json\/wp\/v2\/posts\/114399","targetHints":{"allow":["GET"]}}],"collection":[{"href":"https:\/\/www.em.com.br\/emfoco\/wp-json\/wp\/v2\/posts"}],"about":[{"href":"https:\/\/www.em.com.br\/emfoco\/wp-json\/wp\/v2\/types\/post"}],"author":[{"embeddable":true,"href":"https:\/\/www.em.com.br\/emfoco\/wp-json\/wp\/v2\/users\/13"}],"replies":[{"embeddable":true,"href":"https:\/\/www.em.com.br\/emfoco\/wp-json\/wp\/v2\/comments?post=114399"}],"version-history":[{"count":1,"href":"https:\/\/www.em.com.br\/emfoco\/wp-json\/wp\/v2\/posts\/114399\/revisions"}],"predecessor-version":[{"id":114410,"href":"https:\/\/www.em.com.br\/emfoco\/wp-json\/wp\/v2\/posts\/114399\/revisions\/114410"}],"wp:featuredmedia":[{"embeddable":true,"href":"https:\/\/www.em.com.br\/emfoco\/wp-json\/wp\/v2\/media\/114408"}],"wp:attachment":[{"href":"https:\/\/www.em.com.br\/emfoco\/wp-json\/wp\/v2\/media?parent=114399"}],"wp:term":[{"taxonomy":"category","embeddable":true,"href":"https:\/\/www.em.com.br\/emfoco\/wp-json\/wp\/v2\/categories?post=114399"},{"taxonomy":"post_tag","embeddable":true,"href":"https:\/\/www.em.com.br\/emfoco\/wp-json\/wp\/v2\/tags?post=114399"}],"curies":[{"name":"wp","href":"https:\/\/api.w.org\/{rel}","templated":true}]}}