{"id":114200,"date":"2025-10-12T21:55:00","date_gmt":"2025-10-13T00:55:00","guid":{"rendered":"https:\/\/www.em.com.br\/emfoco\/?p=114200"},"modified":"2025-10-11T02:14:24","modified_gmt":"2025-10-11T05:14:24","slug":"como-garantir-o-bolsa-familia-e-o-bem-estar-dos-seus-filhos","status":"publish","type":"post","link":"https:\/\/www.em.com.br\/emfoco\/2025\/10\/12\/como-garantir-o-bolsa-familia-e-o-bem-estar-dos-seus-filhos\/","title":{"rendered":"Como garantir o Bolsa Fam\u00edlia e o bem-estar dos seus filhos"},"content":{"rendered":"\n<p>No cen\u00e1rio socioecon\u00f4mico do <strong>Brasil<\/strong>, o <strong>Bolsa Fam\u00edlia<\/strong> desempenha um papel fundamental ao oferecer suporte financeiro a milh\u00f5es de fam\u00edlias em situa\u00e7\u00e3o de vulnerabilidade. Recentemente, o <strong>Minist\u00e9rio do Desenvolvimento e Assist\u00eancia Social, Fam\u00edlia e Combate \u00e0 Fome<\/strong> divulgou as datas para os repasses do programa referentes ao m\u00eas de outubro de 2025. O calend\u00e1rio de pagamentos \u00e9 organizado conforme o \u00faltimo n\u00famero do <strong>NIS <\/strong>\u2013 <strong>N\u00famero de Identifica\u00e7\u00e3o Social<\/strong> \u2013 presente no cart\u00e3o do benefici\u00e1rio.<\/p>\n\n\n\n<p>Os dep\u00f3sitos do <strong>Bolsa Fam\u00edlia<\/strong> ocorrem nos \u00faltimos dez dias \u00fateis de cada m\u00eas. Contudo, no m\u00eas de dezembro, h\u00e1 uma exce\u00e7\u00e3o; as datas s\u00e3o antecipadas para que todas as fam\u00edlias recebam antes do <strong>Natal<\/strong>, finalizando o ciclo de pagamentos at\u00e9 o dia 10. Este ajuste \u00e9 importante para que os benefici\u00e1rios possam planejar melhor suas despesas durante o per\u00edodo festivo do final de ano.<\/p>\n\n\n\n<h2 class=\"wp-block-heading\">Quais s\u00e3o os benef\u00edcios complementares do Bolsa Fam\u00edlia?<\/h2>\n\n\n<div class=\"wp-block-image\">\n<figure class=\"aligncenter size-large\"><img loading=\"lazy\" decoding=\"async\" width=\"1024\" height=\"576\" src=\"https:\/\/www.em.com.br\/emfoco\/wp-content\/uploads\/2025\/06\/dinheiro-reais_1748976543502-1024x576.jpg\" alt=\"Liberados sal\u00e1rios de at\u00e9 R$ 5.281 em concurso p\u00fablico\" class=\"wp-image-55002\" srcset=\"https:\/\/www.em.com.br\/emfoco\/wp-content\/uploads\/2025\/06\/dinheiro-reais_1748976543502-1024x576.jpg 1024w, https:\/\/www.em.com.br\/emfoco\/wp-content\/uploads\/2025\/06\/dinheiro-reais_1748976543502-300x169.jpg 300w, https:\/\/www.em.com.br\/emfoco\/wp-content\/uploads\/2025\/06\/dinheiro-reais_1748976543502-768x432.jpg 768w, https:\/\/www.em.com.br\/emfoco\/wp-content\/uploads\/2025\/06\/dinheiro-reais_1748976543502-750x422.jpg 750w, https:\/\/www.em.com.br\/emfoco\/wp-content\/uploads\/2025\/06\/dinheiro-reais_1748976543502-1140x641.jpg 1140w, https:\/\/www.em.com.br\/emfoco\/wp-content\/uploads\/2025\/06\/dinheiro-reais_1748976543502.jpg 1280w\" sizes=\"auto, (max-width: 1024px) 100vw, 1024px\" \/><figcaption class=\"wp-element-caption\">Notas de dinheiro; reais &#8211; Cr\u00e9ditos: depositphotos.com \/ rmcarvalhobsb<\/figcaption><\/figure><\/div>\n\n\n<p>Al\u00e9m do benef\u00edcio b\u00e1sico, o programa oferece uma s\u00e9rie de <strong>benef\u00edcios complementares<\/strong> que visam assegurar uma renda m\u00ednima e oferecer suporte adicional a fam\u00edlias com necessidades espec\u00edficas. Destacam-se os seguintes benef\u00edcios:<\/p>\n\n\n\n<ul class=\"wp-block-list\">\n<li><strong>Benef\u00edcio Complementar (BCO):<\/strong> Este acr\u00e9scimo garante uma renda m\u00ednima de R$ 600 por fam\u00edlia, servindo como um apoio extra.<\/li>\n\n\n\n<li><strong>Benef\u00edcio Primeira Inf\u00e2ncia (BPI):<\/strong> Oferece R$ 150 para cada crian\u00e7a de at\u00e9 6 anos, promovendo o desenvolvimento infantil.<\/li>\n\n\n\n<li><strong>Benef\u00edcio Vari\u00e1vel Familiar (BVF):<\/strong> Destinado \u00e0s gestantes e jovens de 7 a 17 anos, este benef\u00edcio soma R$ 50 ao valor recebido.<\/li>\n\n\n\n<li><strong>Benef\u00edcio Vari\u00e1vel Nutriz (BVN):<\/strong> Inclus\u00e3o desde setembro, este benef\u00edcio oferece R$ 50 para beb\u00eas de at\u00e9 7 meses.<\/li>\n<\/ul>\n\n\n\n<h2 class=\"wp-block-heading\">Quais s\u00e3o as exig\u00eancias para continuar recebendo o aux\u00edlio?<\/h2>\n\n\n\n<p>Para assegurar a continuidade do aux\u00edlio, as fam\u00edlias devem cumprir algumas condi\u00e7\u00f5es em \u00e1reas essenciais como sa\u00fade e educa\u00e7\u00e3o. Tais exig\u00eancias visam promover o desenvolvimento sustent\u00e1vel dos benefici\u00e1rios e suas fam\u00edlias, contribuindo para a melhoria das condi\u00e7\u00f5es de vida. As principais obriga\u00e7\u00f5es incluem:<\/p>\n\n\n\n<ol class=\"wp-block-list\">\n<li><strong>Frequ\u00eancia escolar:<\/strong> Crian\u00e7as e adolescentes entre 4 e 17 anos devem frequentar regularmente a escola.<\/li>\n\n\n\n<li><strong>Monitoramento da sa\u00fade:<\/strong> \u00c9 necess\u00e1rio acompanhar o crescimento e a nutri\u00e7\u00e3o das crian\u00e7as menores de 7 anos.<\/li>\n\n\n\n<li><strong>Vacina\u00e7\u00e3o:<\/strong> Manter o cart\u00e3o de vacina\u00e7\u00e3o atualizado, conforme o calend\u00e1rio do <strong>Minist\u00e9rio da Sa\u00fade<\/strong>, \u00e9 essencial.<\/li>\n<\/ol>\n\n\n\n<p>Leia mais: <a href=\"https:\/\/www.em.com.br\/emfoco\/2025\/10\/10\/o-que-voce-precisa-fazer-para-garantir-os-r-600-do-bolsa-familia\/\" target=\"_blank\" rel=\"noreferrer noopener\">O que voc\u00ea precisa fazer para garantir os R$ 600 do Bolsa Fam\u00edlia<\/a><\/p>\n\n\n\n<h2 class=\"wp-block-heading\">O que acontece em caso de descumprimento das exig\u00eancias?<\/h2>\n\n\n\n<p>O n\u00e3o cumprimento dessas condi\u00e7\u00f5es, como aus\u00eancias escolares ou atrasos na vacina\u00e7\u00e3o, pode resultar em <strong>bloqueio tempor\u00e1rio<\/strong> do pagamento. Portanto, \u00e9 crucial que as fam\u00edlias estejam atentas a todas as exig\u00eancias para garantir a continuidade do aux\u00edlio. A manuten\u00e7\u00e3o dessas obriga\u00e7\u00f5es n\u00e3o s\u00f3 assegura o benef\u00edcio financeiro, mas tamb\u00e9m ajuda a melhorar o bem-estar geral dos benefici\u00e1rios.<\/p>\n\n\n\n<p>Em resumo, o <strong><a href=\"https:\/\/www.gov.br\/mds\/pt-br\/acoes-e-programas\/bolsa-familia\" target=\"_blank\" rel=\"noreferrer noopener\">Bolsa Fam\u00edlia<\/a><\/strong>, al\u00e9m de oferecer um suporte financeiro vital, exige contrapartidas que promovem o desenvolvimento social e a sa\u00fade dos benefici\u00e1rios. O programa busca equilibrar a assist\u00eancia imediata com medidas que incentivam a inclus\u00e3o social e a melhoria das condi\u00e7\u00f5es de vida das fam\u00edlias cadastradas.<\/p>\n","protected":false},"excerpt":{"rendered":"<p>No cen\u00e1rio socioecon\u00f4mico do Brasil, o Bolsa Fam\u00edlia desempenha um papel fundamental ao oferecer suporte financeiro a milh\u00f5es de fam\u00edlias em situa\u00e7\u00e3o de vulnerabilidade. Recentemente, o Minist\u00e9rio do Desenvolvimento e Assist\u00eancia Social, Fam\u00edlia e Combate \u00e0 Fome divulgou as datas para os repasses do programa referentes ao m\u00eas de outubro de 2025. O calend\u00e1rio de [&hellip;]<\/p>\n","protected":false},"author":20,"featured_media":67039,"comment_status":"open","ping_status":"open","sticky":false,"template":"","format":"standard","meta":{"jnews-multi-image_gallery":[],"jnews_single_post":{"format":"standard"},"jnews_primary_category":[],"jnews_social_meta":[],"jnews_override_counter":[],"footnotes":""},"categories":[28,1],"tags":[12028,1114,345],"class_list":["post-114200","post","type-post","status-publish","format-standard","has-post-thumbnail","hentry","category-economia","category-noticias","tag-bolsa-familia-2","tag-mds","tag-nis"],"yoast_head":"<!-- This site is optimized with the Yoast SEO plugin v23.8 - https:\/\/yoast.com\/wordpress\/plugins\/seo\/ -->\n<title>Como garantir o Bolsa Fam\u00edlia e o bem-estar dos seus filhos - Estado de Minas - Em foco<\/title>\n<meta name=\"description\" content=\"Bolsa Fam\u00edlia de outubro tem datas definidas pelo final do NIS. Fam\u00edlias devem cumprir regras de frequ\u00eancia escolar e sa\u00fade para manter o aux\u00edlio.\" \/>\n<meta name=\"robots\" content=\"index, follow, max-snippet:-1, max-image-preview:large, max-video-preview:-1\" \/>\n<link rel=\"canonical\" href=\"https:\/\/www.em.com.br\/emfoco\/2025\/10\/12\/como-garantir-o-bolsa-familia-e-o-bem-estar-dos-seus-filhos\/\" \/>\n<meta property=\"og:locale\" content=\"pt_BR\" \/>\n<meta property=\"og:type\" content=\"article\" \/>\n<meta property=\"og:title\" content=\"Como garantir o Bolsa Fam\u00edlia e o bem-estar dos seus filhos - Estado de Minas - Em foco\" \/>\n<meta property=\"og:description\" content=\"Bolsa Fam\u00edlia de outubro tem datas definidas pelo final do NIS. Fam\u00edlias devem cumprir regras de frequ\u00eancia escolar e sa\u00fade para manter o aux\u00edlio.\" \/>\n<meta property=\"og:url\" content=\"https:\/\/www.em.com.br\/emfoco\/2025\/10\/12\/como-garantir-o-bolsa-familia-e-o-bem-estar-dos-seus-filhos\/\" \/>\n<meta property=\"og:site_name\" content=\"Estado de Minas - Em foco\" \/>\n<meta property=\"article:published_time\" content=\"2025-10-13T00:55:00+00:00\" \/>\n<meta property=\"article:modified_time\" content=\"2025-10-11T05:14:24+00:00\" \/>\n<meta property=\"og:image\" content=\"https:\/\/www.em.com.br\/emfoco\/wp-content\/uploads\/2025\/06\/beneficio-brasil_1750889236618.jpg\" \/>\n\t<meta property=\"og:image:width\" content=\"1280\" \/>\n\t<meta property=\"og:image:height\" content=\"720\" \/>\n\t<meta property=\"og:image:type\" content=\"image\/jpeg\" \/>\n<meta name=\"author\" content=\"Ingrid Diniz\" \/>\n<meta name=\"twitter:card\" content=\"summary_large_image\" \/>\n<meta name=\"twitter:label1\" content=\"Escrito por\" \/>\n\t<meta name=\"twitter:data1\" content=\"Ingrid Diniz\" \/>\n\t<meta name=\"twitter:label2\" content=\"Est. tempo de leitura\" \/>\n\t<meta name=\"twitter:data2\" content=\"4 minutos\" \/>\n<!-- \/ Yoast SEO plugin. -->","yoast_head_json":{"title":"Como garantir o Bolsa Fam\u00edlia e o bem-estar dos seus filhos - Estado de Minas - Em foco","description":"Bolsa Fam\u00edlia de outubro tem datas definidas pelo final do NIS. Fam\u00edlias devem cumprir regras de frequ\u00eancia escolar e sa\u00fade para manter o aux\u00edlio.","robots":{"index":"index","follow":"follow","max-snippet":"max-snippet:-1","max-image-preview":"max-image-preview:large","max-video-preview":"max-video-preview:-1"},"canonical":"https:\/\/www.em.com.br\/emfoco\/2025\/10\/12\/como-garantir-o-bolsa-familia-e-o-bem-estar-dos-seus-filhos\/","og_locale":"pt_BR","og_type":"article","og_title":"Como garantir o Bolsa Fam\u00edlia e o bem-estar dos seus filhos - Estado de Minas - Em foco","og_description":"Bolsa Fam\u00edlia de outubro tem datas definidas pelo final do NIS. Fam\u00edlias devem cumprir regras de frequ\u00eancia escolar e sa\u00fade para manter o aux\u00edlio.","og_url":"https:\/\/www.em.com.br\/emfoco\/2025\/10\/12\/como-garantir-o-bolsa-familia-e-o-bem-estar-dos-seus-filhos\/","og_site_name":"Estado de Minas - Em foco","article_published_time":"2025-10-13T00:55:00+00:00","article_modified_time":"2025-10-11T05:14:24+00:00","og_image":[{"width":1280,"height":720,"url":"https:\/\/www.em.com.br\/emfoco\/wp-content\/uploads\/2025\/06\/beneficio-brasil_1750889236618.jpg","type":"image\/jpeg"}],"author":"Ingrid Diniz","twitter_card":"summary_large_image","twitter_misc":{"Escrito por":"Ingrid Diniz","Est. tempo de leitura":"4 minutos"},"schema":{"@context":"https:\/\/schema.org","@graph":[{"@type":"WebPage","@id":"https:\/\/www.em.com.br\/emfoco\/2025\/10\/12\/como-garantir-o-bolsa-familia-e-o-bem-estar-dos-seus-filhos\/","url":"https:\/\/www.em.com.br\/emfoco\/2025\/10\/12\/como-garantir-o-bolsa-familia-e-o-bem-estar-dos-seus-filhos\/","name":"Como garantir o Bolsa Fam\u00edlia e o bem-estar dos seus filhos - Estado de Minas - Em foco","isPartOf":{"@id":"https:\/\/www.em.com.br\/emfoco\/#website"},"primaryImageOfPage":{"@id":"https:\/\/www.em.com.br\/emfoco\/2025\/10\/12\/como-garantir-o-bolsa-familia-e-o-bem-estar-dos-seus-filhos\/#primaryimage"},"image":{"@id":"https:\/\/www.em.com.br\/emfoco\/2025\/10\/12\/como-garantir-o-bolsa-familia-e-o-bem-estar-dos-seus-filhos\/#primaryimage"},"thumbnailUrl":"https:\/\/www.em.com.br\/emfoco\/wp-content\/uploads\/2025\/06\/beneficio-brasil_1750889236618.jpg","datePublished":"2025-10-13T00:55:00+00:00","dateModified":"2025-10-11T05:14:24+00:00","author":{"@id":"https:\/\/www.em.com.br\/emfoco\/#\/schema\/person\/649e610b4eb8fff87ff394e54fe17b2b"},"description":"Bolsa Fam\u00edlia de outubro tem datas definidas pelo final do NIS. Fam\u00edlias devem cumprir regras de frequ\u00eancia escolar e sa\u00fade para manter o aux\u00edlio.","breadcrumb":{"@id":"https:\/\/www.em.com.br\/emfoco\/2025\/10\/12\/como-garantir-o-bolsa-familia-e-o-bem-estar-dos-seus-filhos\/#breadcrumb"},"inLanguage":"pt-BR","potentialAction":[{"@type":"ReadAction","target":["https:\/\/www.em.com.br\/emfoco\/2025\/10\/12\/como-garantir-o-bolsa-familia-e-o-bem-estar-dos-seus-filhos\/"]}]},{"@type":"ImageObject","inLanguage":"pt-BR","@id":"https:\/\/www.em.com.br\/emfoco\/2025\/10\/12\/como-garantir-o-bolsa-familia-e-o-bem-estar-dos-seus-filhos\/#primaryimage","url":"https:\/\/www.em.com.br\/emfoco\/wp-content\/uploads\/2025\/06\/beneficio-brasil_1750889236618.jpg","contentUrl":"https:\/\/www.em.com.br\/emfoco\/wp-content\/uploads\/2025\/06\/beneficio-brasil_1750889236618.jpg","width":1280,"height":720,"caption":"Bolsa Fam\u00edlia de dezembro pode passar de R$ 900 - Cr\u00e9ditos: depositphotos.com \/ rafapress"},{"@type":"BreadcrumbList","@id":"https:\/\/www.em.com.br\/emfoco\/2025\/10\/12\/como-garantir-o-bolsa-familia-e-o-bem-estar-dos-seus-filhos\/#breadcrumb","itemListElement":[{"@type":"ListItem","position":1,"name":"In\u00edcio","item":"https:\/\/www.em.com.br\/emfoco\/"},{"@type":"ListItem","position":2,"name":"Como garantir o Bolsa Fam\u00edlia e o bem-estar dos seus filhos"}]},{"@type":"WebSite","@id":"https:\/\/www.em.com.br\/emfoco\/#website","url":"https:\/\/www.em.com.br\/emfoco\/","name":"Estado de Minas - Em foco","description":"Acompanhe as \u00faltimas not\u00edcias e fique bem informado sobre tudo o que acontece em Minas Gerais, Brasil e no mundo.","potentialAction":[{"@type":"SearchAction","target":{"@type":"EntryPoint","urlTemplate":"https:\/\/www.em.com.br\/emfoco\/?s={search_term_string}"},"query-input":{"@type":"PropertyValueSpecification","valueRequired":true,"valueName":"search_term_string"}}],"inLanguage":"pt-BR"},{"@type":"Person","@id":"https:\/\/www.em.com.br\/emfoco\/#\/schema\/person\/649e610b4eb8fff87ff394e54fe17b2b","name":"Ingrid Diniz","image":{"@type":"ImageObject","inLanguage":"pt-BR","@id":"https:\/\/www.em.com.br\/emfoco\/#\/schema\/person\/image\/","url":"https:\/\/secure.gravatar.com\/avatar\/a3baa1449ec5c39b4c42babc9d4f3951?s=96&d=mm&r=g","contentUrl":"https:\/\/secure.gravatar.com\/avatar\/a3baa1449ec5c39b4c42babc9d4f3951?s=96&d=mm&r=g","caption":"Ingrid Diniz"},"sameAs":["https:\/\/www.em.com.br\/"],"url":"https:\/\/www.em.com.br\/emfoco\/author\/ingridmyth\/"}]}},"_links":{"self":[{"href":"https:\/\/www.em.com.br\/emfoco\/wp-json\/wp\/v2\/posts\/114200","targetHints":{"allow":["GET"]}}],"collection":[{"href":"https:\/\/www.em.com.br\/emfoco\/wp-json\/wp\/v2\/posts"}],"about":[{"href":"https:\/\/www.em.com.br\/emfoco\/wp-json\/wp\/v2\/types\/post"}],"author":[{"embeddable":true,"href":"https:\/\/www.em.com.br\/emfoco\/wp-json\/wp\/v2\/users\/20"}],"replies":[{"embeddable":true,"href":"https:\/\/www.em.com.br\/emfoco\/wp-json\/wp\/v2\/comments?post=114200"}],"version-history":[{"count":1,"href":"https:\/\/www.em.com.br\/emfoco\/wp-json\/wp\/v2\/posts\/114200\/revisions"}],"predecessor-version":[{"id":114226,"href":"https:\/\/www.em.com.br\/emfoco\/wp-json\/wp\/v2\/posts\/114200\/revisions\/114226"}],"wp:featuredmedia":[{"embeddable":true,"href":"https:\/\/www.em.com.br\/emfoco\/wp-json\/wp\/v2\/media\/67039"}],"wp:attachment":[{"href":"https:\/\/www.em.com.br\/emfoco\/wp-json\/wp\/v2\/media?parent=114200"}],"wp:term":[{"taxonomy":"category","embeddable":true,"href":"https:\/\/www.em.com.br\/emfoco\/wp-json\/wp\/v2\/categories?post=114200"},{"taxonomy":"post_tag","embeddable":true,"href":"https:\/\/www.em.com.br\/emfoco\/wp-json\/wp\/v2\/tags?post=114200"}],"curies":[{"name":"wp","href":"https:\/\/api.w.org\/{rel}","templated":true}]}}