{"id":114096,"date":"2025-10-12T17:45:00","date_gmt":"2025-10-12T20:45:00","guid":{"rendered":"https:\/\/www.em.com.br\/emfoco\/?p=114096"},"modified":"2025-10-11T11:14:25","modified_gmt":"2025-10-11T14:14:25","slug":"o-que-significa-limpar-a-casa-o-tempo-todo-segundo-uma-psicologa","status":"publish","type":"post","link":"https:\/\/www.em.com.br\/emfoco\/2025\/10\/12\/o-que-significa-limpar-a-casa-o-tempo-todo-segundo-uma-psicologa\/","title":{"rendered":"O que significa limpar a casa o tempo todo, segundo uma psic\u00f3loga"},"content":{"rendered":"\n<p><strong>A psicologia<\/strong>&nbsp;estuda os fen\u00f4menos da vida dos indiv\u00edduos e busca significados profundos por tr\u00e1s de a\u00e7\u00f5es que parecem triviais. Cada gesto, decis\u00e3o ou rotina pode revelar aspectos ocultos da nossa personalidade, e um dos exemplos mais claros \u00e9 a&nbsp;<strong>limpeza constante do lar<\/strong>.<\/p>\n\n\n\n<ul class=\"wp-block-list\">\n<li>Por que limpar pode ser um sinal de ansiedade?<\/li>\n\n\n\n<li>Qual a rela\u00e7\u00e3o entre perfeccionismo e limpeza excessiva?<\/li>\n\n\n\n<li>A limpeza como uma estrat\u00e9gia de gest\u00e3o emocional<\/li>\n<\/ul>\n\n\n\n<h2 class=\"wp-block-heading\">Por que limpar pode indicar ansiedade?<\/h2>\n\n\n\n<p>Limpar pode ser uma atividade relaxante e saud\u00e1vel, mas quando se transforma em uma necessidade constante, psic\u00f3logos alertam que pode estar sinalizando algo mais profundo: uma forma de lidar com a\u00a0<a href=\"https:\/\/www.em.com.br\/emfoco\/2025\/10\/08\/por-que-tanta-gente-sente-ansiedade-quando-o-fim-de-semana-termina\/\" target=\"_blank\" rel=\"noreferrer noopener\"><strong>ansiedade<\/strong>\u00a0<\/a>e com a necessidade de controle. De acordo com a psic\u00f3loga\u00a0<strong>Leticia Mart\u00edn Enjuto<\/strong>, \u201ca\u00a0<strong>limpeza saud\u00e1vel<\/strong>\u00a0\u00e9 flex\u00edvel: responde a uma necessidade real de higiene ou conforto, mas n\u00e3o gera desconforto se um dia n\u00e3o for realizada\u201d.<\/p>\n\n\n\n<p>O problema aparece quando essa flexibilidade desaparece e a ordem se torna uma obriga\u00e7\u00e3o inescap\u00e1vel. Nesses casos, a limpeza funciona como uma estrat\u00e9gia diante da ansiedade. Quando as pessoas sentem que n\u00e3o podem controlar certos aspectos da vida, organizar e limpar proporciona uma ilus\u00e3o de seguran\u00e7a e dom\u00ednio. Contudo, essa sensa\u00e7\u00e3o de controle \u00e9 passageira, levando ao ciclo de repetir o ritual para recuperar a calma.<\/p>\n\n\n\n<figure class=\"wp-block-image\"><img decoding=\"async\" src=\"https:\/\/www.em.com.br\/emfoco\/wp-content\/uploads\/2025\/10\/limpando-a-casa_1759498704363-1024x576.jpg\" alt=\"\"\/><figcaption class=\"wp-element-caption\">Limpar a casa pode ser simples e r\u00e1pido &#8211; Cr\u00e9ditos: depositphotos.com \/ HayDmitriy<\/figcaption><\/figure>\n\n\n\n<h2 class=\"wp-block-heading\">Como o perfeccionismo se relaciona com a limpeza excessiva?<\/h2>\n\n\n\n<p>O perfeccionismo tamb\u00e9m exerce papel importante. Manter tudo impec\u00e1vel se transforma em meta, e qualquer pequena imperfei\u00e7\u00e3o provoca frustra\u00e7\u00e3o. Com o tempo, a <a href=\"https:\/\/contipsicologia.com.br\/perfeccionismo-e-autoexigencia-quando-a-busca-pela-excelencia-se-torna-um-fardo\/\" target=\"_blank\" rel=\"noreferrer noopener\">autoexig\u00eancia <\/a>acaba afetando o descanso, as\u00a0<strong>rela\u00e7\u00f5es sociais<\/strong>\u00a0e o prazer cotidiano: o lar deixa de ser um ref\u00fagio e passa a ser extens\u00e3o do conflito interno da pessoa.<\/p>\n\n\n\n<h2 class=\"wp-block-heading\">De que forma a limpeza pode ser uma estrat\u00e9gia de gest\u00e3o emocional?<\/h2>\n\n\n\n<p>Outro motivo pelo qual algumas pessoas limpam constantemente est\u00e1 ligado \u00e0 gest\u00e3o emocional. Ao focar em tarefas repetitivas, evita-se lidar com aquilo que de fato d\u00f3i. Limpar se torna uma distra\u00e7\u00e3o eficaz, por\u00e9m pouco saud\u00e1vel, de emo\u00e7\u00f5es como tristeza, ansiedade ou frustra\u00e7\u00e3o.<\/p>\n\n\n\n<p><strong>Leticia Mart\u00edn Enjuto<\/strong>&nbsp;recomenda parar e perguntar a si mesmo qual emo\u00e7\u00e3o se tenta acalmar ao limpar: \u201cA verdadeira ordem n\u00e3o est\u00e1 na casa, mas em aprender a&nbsp;<strong>ouvir o que sentimos<\/strong>&nbsp;sem nos escondermos atr\u00e1s do brilho dos m\u00f3veis\u201d.<\/p>\n\n\n\n<h2 class=\"wp-block-heading\">Quais s\u00e3o os principais aspectos da limpeza compulsiva?<\/h2>\n\n\n\n<ul class=\"wp-block-list\">\n<li>A limpeza como estrat\u00e9gia de controle pode aliviar temporariamente a ansiedade, mas n\u00e3o resolve o problema subjacente.<\/li>\n\n\n\n<li>O perfeccionismo relacionado \u00e0 limpeza excessiva pode afetar a qualidade de vida e os relacionamentos pessoais.<\/li>\n\n\n\n<li>Compreender as emo\u00e7\u00f5es por tr\u00e1s do impulso de limpar pode ser o primeiro passo rumo a um equil\u00edbrio mais saud\u00e1vel.<\/li>\n<\/ul>\n","protected":false},"excerpt":{"rendered":"<p>A psicologia&nbsp;estuda os fen\u00f4menos da vida dos indiv\u00edduos e busca significados profundos por tr\u00e1s de a\u00e7\u00f5es que parecem triviais. Cada gesto, decis\u00e3o ou rotina pode revelar aspectos ocultos da nossa personalidade, e um dos exemplos mais claros \u00e9 a&nbsp;limpeza constante do lar. Por que limpar pode indicar ansiedade? Limpar pode ser uma atividade relaxante e [&hellip;]<\/p>\n","protected":false},"author":11,"featured_media":112943,"comment_status":"open","ping_status":"open","sticky":false,"template":"","format":"standard","meta":{"jnews-multi-image_gallery":[],"jnews_single_post":{"format":"standard"},"jnews_primary_category":[],"jnews_social_meta":[],"jnews_override_counter":[],"footnotes":""},"categories":[1],"tags":[],"class_list":["post-114096","post","type-post","status-publish","format-standard","has-post-thumbnail","hentry","category-noticias"],"yoast_head":"<!-- This site is optimized with the Yoast SEO plugin v23.8 - https:\/\/yoast.com\/wordpress\/plugins\/seo\/ -->\n<title>O que significa limpar a casa o tempo todo, segundo uma psic\u00f3loga - Estado de Minas - Em foco<\/title>\n<meta name=\"robots\" content=\"index, follow, max-snippet:-1, max-image-preview:large, max-video-preview:-1\" \/>\n<link rel=\"canonical\" href=\"https:\/\/www.em.com.br\/emfoco\/2025\/10\/12\/o-que-significa-limpar-a-casa-o-tempo-todo-segundo-uma-psicologa\/\" \/>\n<meta property=\"og:locale\" content=\"pt_BR\" \/>\n<meta property=\"og:type\" content=\"article\" \/>\n<meta property=\"og:title\" content=\"O que significa limpar a casa o tempo todo, segundo uma psic\u00f3loga - Estado de Minas - Em foco\" \/>\n<meta property=\"og:description\" content=\"A psicologia&nbsp;estuda os fen\u00f4menos da vida dos indiv\u00edduos e busca significados profundos por tr\u00e1s de a\u00e7\u00f5es que parecem triviais. Cada gesto, decis\u00e3o ou rotina pode revelar aspectos ocultos da nossa personalidade, e um dos exemplos mais claros \u00e9 a&nbsp;limpeza constante do lar. Por que limpar pode indicar ansiedade? Limpar pode ser uma atividade relaxante e [&hellip;]\" \/>\n<meta property=\"og:url\" content=\"https:\/\/www.em.com.br\/emfoco\/2025\/10\/12\/o-que-significa-limpar-a-casa-o-tempo-todo-segundo-uma-psicologa\/\" \/>\n<meta property=\"og:site_name\" content=\"Estado de Minas - Em foco\" \/>\n<meta property=\"article:published_time\" content=\"2025-10-12T20:45:00+00:00\" \/>\n<meta property=\"article:modified_time\" content=\"2025-10-11T14:14:25+00:00\" \/>\n<meta property=\"og:image\" content=\"https:\/\/www.em.com.br\/emfoco\/wp-content\/uploads\/2025\/10\/limpeza_1759950849752.jpg\" \/>\n\t<meta property=\"og:image:width\" content=\"1280\" \/>\n\t<meta property=\"og:image:height\" content=\"720\" \/>\n\t<meta property=\"og:image:type\" content=\"image\/jpeg\" \/>\n<meta name=\"author\" content=\"Andre\u0301 Rangel\u00a0\" \/>\n<meta name=\"twitter:card\" content=\"summary_large_image\" \/>\n<meta name=\"twitter:label1\" content=\"Escrito por\" \/>\n\t<meta name=\"twitter:data1\" content=\"Andre\u0301 Rangel\u00a0\" \/>\n\t<meta name=\"twitter:label2\" content=\"Est. tempo de leitura\" \/>\n\t<meta name=\"twitter:data2\" content=\"3 minutos\" \/>\n<!-- \/ Yoast SEO plugin. -->","yoast_head_json":{"title":"O que significa limpar a casa o tempo todo, segundo uma psic\u00f3loga - Estado de Minas - Em foco","robots":{"index":"index","follow":"follow","max-snippet":"max-snippet:-1","max-image-preview":"max-image-preview:large","max-video-preview":"max-video-preview:-1"},"canonical":"https:\/\/www.em.com.br\/emfoco\/2025\/10\/12\/o-que-significa-limpar-a-casa-o-tempo-todo-segundo-uma-psicologa\/","og_locale":"pt_BR","og_type":"article","og_title":"O que significa limpar a casa o tempo todo, segundo uma psic\u00f3loga - Estado de Minas - Em foco","og_description":"A psicologia&nbsp;estuda os fen\u00f4menos da vida dos indiv\u00edduos e busca significados profundos por tr\u00e1s de a\u00e7\u00f5es que parecem triviais. Cada gesto, decis\u00e3o ou rotina pode revelar aspectos ocultos da nossa personalidade, e um dos exemplos mais claros \u00e9 a&nbsp;limpeza constante do lar. Por que limpar pode indicar ansiedade? Limpar pode ser uma atividade relaxante e [&hellip;]","og_url":"https:\/\/www.em.com.br\/emfoco\/2025\/10\/12\/o-que-significa-limpar-a-casa-o-tempo-todo-segundo-uma-psicologa\/","og_site_name":"Estado de Minas - Em foco","article_published_time":"2025-10-12T20:45:00+00:00","article_modified_time":"2025-10-11T14:14:25+00:00","og_image":[{"width":1280,"height":720,"url":"https:\/\/www.em.com.br\/emfoco\/wp-content\/uploads\/2025\/10\/limpeza_1759950849752.jpg","type":"image\/jpeg"}],"author":"Andre\u0301 Rangel\u00a0","twitter_card":"summary_large_image","twitter_misc":{"Escrito por":"Andre\u0301 Rangel\u00a0","Est. tempo de leitura":"3 minutos"},"schema":{"@context":"https:\/\/schema.org","@graph":[{"@type":"WebPage","@id":"https:\/\/www.em.com.br\/emfoco\/2025\/10\/12\/o-que-significa-limpar-a-casa-o-tempo-todo-segundo-uma-psicologa\/","url":"https:\/\/www.em.com.br\/emfoco\/2025\/10\/12\/o-que-significa-limpar-a-casa-o-tempo-todo-segundo-uma-psicologa\/","name":"O que significa limpar a casa o tempo todo, segundo uma psic\u00f3loga - Estado de Minas - Em foco","isPartOf":{"@id":"https:\/\/www.em.com.br\/emfoco\/#website"},"primaryImageOfPage":{"@id":"https:\/\/www.em.com.br\/emfoco\/2025\/10\/12\/o-que-significa-limpar-a-casa-o-tempo-todo-segundo-uma-psicologa\/#primaryimage"},"image":{"@id":"https:\/\/www.em.com.br\/emfoco\/2025\/10\/12\/o-que-significa-limpar-a-casa-o-tempo-todo-segundo-uma-psicologa\/#primaryimage"},"thumbnailUrl":"https:\/\/www.em.com.br\/emfoco\/wp-content\/uploads\/2025\/10\/limpeza_1759950849752.jpg","datePublished":"2025-10-12T20:45:00+00:00","dateModified":"2025-10-11T14:14:25+00:00","author":{"@id":"https:\/\/www.em.com.br\/emfoco\/#\/schema\/person\/60eda09c1fedf0d6891f4cef4b60b8b8"},"breadcrumb":{"@id":"https:\/\/www.em.com.br\/emfoco\/2025\/10\/12\/o-que-significa-limpar-a-casa-o-tempo-todo-segundo-uma-psicologa\/#breadcrumb"},"inLanguage":"pt-BR","potentialAction":[{"@type":"ReadAction","target":["https:\/\/www.em.com.br\/emfoco\/2025\/10\/12\/o-que-significa-limpar-a-casa-o-tempo-todo-segundo-uma-psicologa\/"]}]},{"@type":"ImageObject","inLanguage":"pt-BR","@id":"https:\/\/www.em.com.br\/emfoco\/2025\/10\/12\/o-que-significa-limpar-a-casa-o-tempo-todo-segundo-uma-psicologa\/#primaryimage","url":"https:\/\/www.em.com.br\/emfoco\/wp-content\/uploads\/2025\/10\/limpeza_1759950849752.jpg","contentUrl":"https:\/\/www.em.com.br\/emfoco\/wp-content\/uploads\/2025\/10\/limpeza_1759950849752.jpg","width":1280,"height":720,"caption":"Limpeza excessiva pode esconder sinais de ansiedade - Cr\u00e9ditos: depositphotos.com \/ AndrewLozovyi"},{"@type":"BreadcrumbList","@id":"https:\/\/www.em.com.br\/emfoco\/2025\/10\/12\/o-que-significa-limpar-a-casa-o-tempo-todo-segundo-uma-psicologa\/#breadcrumb","itemListElement":[{"@type":"ListItem","position":1,"name":"In\u00edcio","item":"https:\/\/www.em.com.br\/emfoco\/"},{"@type":"ListItem","position":2,"name":"O que significa limpar a casa o tempo todo, segundo uma psic\u00f3loga"}]},{"@type":"WebSite","@id":"https:\/\/www.em.com.br\/emfoco\/#website","url":"https:\/\/www.em.com.br\/emfoco\/","name":"Estado de Minas - Em foco","description":"Acompanhe as \u00faltimas not\u00edcias e fique bem informado sobre tudo o que acontece em Minas Gerais, Brasil e no mundo.","potentialAction":[{"@type":"SearchAction","target":{"@type":"EntryPoint","urlTemplate":"https:\/\/www.em.com.br\/emfoco\/?s={search_term_string}"},"query-input":{"@type":"PropertyValueSpecification","valueRequired":true,"valueName":"search_term_string"}}],"inLanguage":"pt-BR"},{"@type":"Person","@id":"https:\/\/www.em.com.br\/emfoco\/#\/schema\/person\/60eda09c1fedf0d6891f4cef4b60b8b8","name":"Andre\u0301 Rangel\u00a0","image":{"@type":"ImageObject","inLanguage":"pt-BR","@id":"https:\/\/www.em.com.br\/emfoco\/#\/schema\/person\/image\/","url":"https:\/\/secure.gravatar.com\/avatar\/6234dc814c77c8ef6d8bba622c787efc?s=96&d=mm&r=g","contentUrl":"https:\/\/secure.gravatar.com\/avatar\/6234dc814c77c8ef6d8bba622c787efc?s=96&d=mm&r=g","caption":"Andre\u0301 Rangel\u00a0"},"url":"https:\/\/www.em.com.br\/emfoco\/author\/luizmyth\/"}]}},"_links":{"self":[{"href":"https:\/\/www.em.com.br\/emfoco\/wp-json\/wp\/v2\/posts\/114096","targetHints":{"allow":["GET"]}}],"collection":[{"href":"https:\/\/www.em.com.br\/emfoco\/wp-json\/wp\/v2\/posts"}],"about":[{"href":"https:\/\/www.em.com.br\/emfoco\/wp-json\/wp\/v2\/types\/post"}],"author":[{"embeddable":true,"href":"https:\/\/www.em.com.br\/emfoco\/wp-json\/wp\/v2\/users\/11"}],"replies":[{"embeddable":true,"href":"https:\/\/www.em.com.br\/emfoco\/wp-json\/wp\/v2\/comments?post=114096"}],"version-history":[{"count":3,"href":"https:\/\/www.em.com.br\/emfoco\/wp-json\/wp\/v2\/posts\/114096\/revisions"}],"predecessor-version":[{"id":114310,"href":"https:\/\/www.em.com.br\/emfoco\/wp-json\/wp\/v2\/posts\/114096\/revisions\/114310"}],"wp:featuredmedia":[{"embeddable":true,"href":"https:\/\/www.em.com.br\/emfoco\/wp-json\/wp\/v2\/media\/112943"}],"wp:attachment":[{"href":"https:\/\/www.em.com.br\/emfoco\/wp-json\/wp\/v2\/media?parent=114096"}],"wp:term":[{"taxonomy":"category","embeddable":true,"href":"https:\/\/www.em.com.br\/emfoco\/wp-json\/wp\/v2\/categories?post=114096"},{"taxonomy":"post_tag","embeddable":true,"href":"https:\/\/www.em.com.br\/emfoco\/wp-json\/wp\/v2\/tags?post=114096"}],"curies":[{"name":"wp","href":"https:\/\/api.w.org\/{rel}","templated":true}]}}