{"id":114060,"date":"2025-10-12T09:35:00","date_gmt":"2025-10-12T12:35:00","guid":{"rendered":"https:\/\/www.em.com.br\/emfoco\/?p=114060"},"modified":"2025-10-11T16:58:49","modified_gmt":"2025-10-11T19:58:49","slug":"clima-instavel-marca-o-fim-de-semana-na-capital-mineira-diz-inmet","status":"publish","type":"post","link":"https:\/\/www.em.com.br\/emfoco\/2025\/10\/12\/clima-instavel-marca-o-fim-de-semana-na-capital-mineira-diz-inmet\/","title":{"rendered":"Clima inst\u00e1vel marca o fim de semana na capital mineira, diz Inmet"},"content":{"rendered":"\n<p>A cidade de <strong>Belo Horizonte<\/strong> est\u00e1 prestes a vivenciar um fim de semana marcado por varia\u00e7\u00f5es clim\u00e1ticas t\u00edpicas desta \u00e9poca do ano. De acordo com dados do<strong> Instituto Nacional de Meteorologia<\/strong> (Inmet), os habitantes podem se preparar para dias com c\u00e9u predominantemente encoberto e a possibilidade de pancadas de chuva isoladas. As temperaturas devem oscilar, com manh\u00e3s amenas e tardes mais quentes, trazendo aquele clima inst\u00e1vel caracter\u00edstico do per\u00edodo.<\/p>\n\n\n\n<p>Nesta sexta-feira, 10 de outubro, os term\u00f4metros registraram <strong>m\u00ednima de 15\u00b0C<\/strong>, com m\u00e1xima prevista de at\u00e9 29\u00b0C. O dia segue com muitas nuvens e chances de pancadas de chuva \u00e0 noite. A umidade varia consideravelmente, de <strong>80% a 30%<\/strong>, e os ventos podem ser fracos a moderados, com eventuais rajadas.<\/p>\n\n\n\n<h2 class=\"wp-block-heading\">Como estar\u00e1 o tempo no final de semana?<\/h2>\n\n\n<div class=\"wp-block-image\">\n<figure class=\"aligncenter size-large\"><img loading=\"lazy\" decoding=\"async\" width=\"1024\" height=\"576\" src=\"https:\/\/www.em.com.br\/emfoco\/wp-content\/uploads\/2025\/10\/tempo-nublado_1757132471598-1024x576.jpg\" alt=\"\" class=\"wp-image-114118\" srcset=\"https:\/\/www.em.com.br\/emfoco\/wp-content\/uploads\/2025\/10\/tempo-nublado_1757132471598-1024x576.jpg 1024w, https:\/\/www.em.com.br\/emfoco\/wp-content\/uploads\/2025\/10\/tempo-nublado_1757132471598-300x169.jpg 300w, https:\/\/www.em.com.br\/emfoco\/wp-content\/uploads\/2025\/10\/tempo-nublado_1757132471598-768x432.jpg 768w, https:\/\/www.em.com.br\/emfoco\/wp-content\/uploads\/2025\/10\/tempo-nublado_1757132471598-750x422.jpg 750w, https:\/\/www.em.com.br\/emfoco\/wp-content\/uploads\/2025\/10\/tempo-nublado_1757132471598-1140x641.jpg 1140w, https:\/\/www.em.com.br\/emfoco\/wp-content\/uploads\/2025\/10\/tempo-nublado_1757132471598.jpg 1280w\" sizes=\"auto, (max-width: 1024px) 100vw, 1024px\" \/><figcaption class=\"wp-element-caption\">Mulher caminhando em cidade nublada usando um guarda-chuva &#8211; Cr\u00e9ditos: depositphotos.com \/ zanuckcalilus<\/figcaption><\/figure><\/div>\n\n\n<p>Hoje, no domingo, 12 de outubro, o tempo come\u00e7a a se abrir aos poucos, com a presen\u00e7a mais t\u00edmida do sol entre nuvens. As temperaturas sobem um pouco, <strong>variando de 18\u00b0C a 30\u00b0C<\/strong>, criando um cen\u00e1rio favor\u00e1vel para atividades ao ar livre, especialmente durante as primeiras horas do dia. Parques municipais e \u00e1reas verdes devem receber um maior movimento, segundo estimativas da prefeitura.<\/p>\n\n\n\n<h2 class=\"wp-block-heading\">Que cuidados devo ter na rotina?<\/h2>\n\n\n\n<p>As varia\u00e7\u00f5es meteorol\u00f3gicas impactam diretamente a rotina dos moradores e visitantes. \u00c9 essencial redobrar a aten\u00e7\u00e3o na organiza\u00e7\u00e3o de eventos ao ar livre, visto que r\u00e1pidas mudan\u00e7as no tempo podem ocorrer, exigindo adapta\u00e7\u00f5es de \u00faltima hora.<\/p>\n\n\n\n<p>Recomenda-se portar sempre um guarda-chuva e se manter hidratado, principalmente durante as tardes mais quentes. Verificar as condi\u00e7\u00f5es clim\u00e1ticas antes de sair e estar atento \u00e0s condi\u00e7\u00f5es das vias, que podem ficar escorregadias, ajudam a garantir mais seguran\u00e7a e conforto.<\/p>\n\n\n\n<h2 class=\"wp-block-heading\">Quais riscos \u00e0 sa\u00fade est\u00e3o envolvidos?<\/h2>\n\n\n\n<p><strong>Belo Horizonte<\/strong>, por estar localizada em regi\u00e3o de clima tropical de altitude, frequentemente enfrenta oscila\u00e7\u00f5es bruscas de temperatura e chuvas esparsas nesta transi\u00e7\u00e3o entre inverno e primavera. Essas condi\u00e7\u00f5es imp\u00f5em desafios \u00e0 sa\u00fade coletiva, aumentando a incid\u00eancia de alergias e complica\u00e7\u00f5es respirat\u00f3rias.<\/p>\n\n\n\n<p>\u00c9 fundamental que a popula\u00e7\u00e3o acompanhe as atualiza\u00e7\u00f5es meteorol\u00f3gicas e adeque sua rotina de modo preventivo. Manter ambientes ventilados e cuidar da hidrata\u00e7\u00e3o s\u00e3o atitudes simples que ajudam no bem-estar durante essas mudan\u00e7as frequentes. M\u00e9dicos alertam ainda para o cuidado com crises de asma e recomendam conferir medicamentos com anteced\u00eancia.<\/p>\n\n\n\n<p>Leia mais: <a href=\"https:\/\/www.em.com.br\/emfoco\/2025\/10\/10\/o-que-a-chuva-no-sudeste-e-o-calor-no-norte-significam-para-voce\/\" target=\"_blank\" rel=\"noreferrer noopener\">O que a chuva no Sudeste e o calor no Norte significam para voc\u00ea<\/a><\/p>\n\n\n\n<h2 class=\"wp-block-heading\">Como se preparar para o clima local?<\/h2>\n\n\n\n<p>Entender o clima de <strong><a href=\"https:\/\/prefeitura.pbh.gov.br\/\" target=\"_blank\" rel=\"noreferrer noopener\">Belo Horizonte<\/a><\/strong> \u00e9 um diferencial para agendar compromissos e planejar passeios pela capital. A aten\u00e7\u00e3o com os boletins meteorol\u00f3gicos permite decis\u00f5es mais assertivas, minimizando imprevistos e otimizando o conv\u00edvio com o clima local.<\/p>\n\n\n\n<p>A din\u00e2mica clim\u00e1tica da cidade afeta n\u00e3o s\u00f3 o cotidiano, mas tamb\u00e9m o humor e a disposi\u00e7\u00e3o dos moradores. Estar preparado para as varia\u00e7\u00f5es traz praticidade e contribui para uma experi\u00eancia mais tranquila durante a estadia ou a vida em <strong>Belo Horizonte<\/strong>.<\/p>\n\n\n\n<p><\/p>\n","protected":false},"excerpt":{"rendered":"<p>A cidade de Belo Horizonte est\u00e1 prestes a vivenciar um fim de semana marcado por varia\u00e7\u00f5es clim\u00e1ticas t\u00edpicas desta \u00e9poca do ano. De acordo com dados do Instituto Nacional de Meteorologia (Inmet), os habitantes podem se preparar para dias com c\u00e9u predominantemente encoberto e a possibilidade de pancadas de chuva isoladas. As temperaturas devem oscilar, [&hellip;]<\/p>\n","protected":false},"author":20,"featured_media":113808,"comment_status":"open","ping_status":"open","sticky":false,"template":"","format":"standard","meta":{"jnews-multi-image_gallery":[],"jnews_single_post":{"format":"standard"},"jnews_primary_category":[],"jnews_social_meta":[],"jnews_override_counter":[],"footnotes":""},"categories":[30,1],"tags":[154,152,492,155],"class_list":["post-114060","post","type-post","status-publish","format-standard","has-post-thumbnail","hentry","category-clima","category-noticias","tag-belo-horizonte","tag-clima","tag-inmet","tag-tempo"],"yoast_head":"<!-- This site is optimized with the Yoast SEO plugin v23.8 - https:\/\/yoast.com\/wordpress\/plugins\/seo\/ -->\n<title>Clima inst\u00e1vel marca o fim de semana na capital mineira, diz Inmet - Estado de Minas - Em foco<\/title>\n<meta name=\"description\" content=\"Garanta o bem-estar da sua fam\u00edlia! Saiba como se organizar para as varia\u00e7\u00f5es de temperatura e evite problemas respirat\u00f3rios.\" \/>\n<meta name=\"robots\" content=\"index, follow, max-snippet:-1, max-image-preview:large, max-video-preview:-1\" \/>\n<link rel=\"canonical\" href=\"https:\/\/www.em.com.br\/emfoco\/2025\/10\/12\/clima-instavel-marca-o-fim-de-semana-na-capital-mineira-diz-inmet\/\" \/>\n<meta property=\"og:locale\" content=\"pt_BR\" \/>\n<meta property=\"og:type\" content=\"article\" \/>\n<meta property=\"og:title\" content=\"Clima inst\u00e1vel marca o fim de semana na capital mineira, diz Inmet - Estado de Minas - Em foco\" \/>\n<meta property=\"og:description\" content=\"Garanta o bem-estar da sua fam\u00edlia! Saiba como se organizar para as varia\u00e7\u00f5es de temperatura e evite problemas respirat\u00f3rios.\" \/>\n<meta property=\"og:url\" content=\"https:\/\/www.em.com.br\/emfoco\/2025\/10\/12\/clima-instavel-marca-o-fim-de-semana-na-capital-mineira-diz-inmet\/\" \/>\n<meta property=\"og:site_name\" content=\"Estado de Minas - Em foco\" \/>\n<meta property=\"article:published_time\" content=\"2025-10-12T12:35:00+00:00\" \/>\n<meta property=\"article:modified_time\" content=\"2025-10-11T19:58:49+00:00\" \/>\n<meta property=\"og:image\" content=\"https:\/\/www.em.com.br\/emfoco\/wp-content\/uploads\/2025\/10\/clima-chuva_1757112362949.jpg\" \/>\n\t<meta property=\"og:image:width\" content=\"1280\" \/>\n\t<meta property=\"og:image:height\" content=\"720\" \/>\n\t<meta property=\"og:image:type\" content=\"image\/jpeg\" \/>\n<meta name=\"author\" content=\"Ingrid Diniz\" \/>\n<meta name=\"twitter:card\" content=\"summary_large_image\" \/>\n<meta name=\"twitter:label1\" content=\"Escrito por\" \/>\n\t<meta name=\"twitter:data1\" content=\"Ingrid Diniz\" \/>\n\t<meta name=\"twitter:label2\" content=\"Est. tempo de leitura\" \/>\n\t<meta name=\"twitter:data2\" content=\"4 minutos\" \/>\n<!-- \/ Yoast SEO plugin. -->","yoast_head_json":{"title":"Clima inst\u00e1vel marca o fim de semana na capital mineira, diz Inmet - Estado de Minas - Em foco","description":"Garanta o bem-estar da sua fam\u00edlia! Saiba como se organizar para as varia\u00e7\u00f5es de temperatura e evite problemas respirat\u00f3rios.","robots":{"index":"index","follow":"follow","max-snippet":"max-snippet:-1","max-image-preview":"max-image-preview:large","max-video-preview":"max-video-preview:-1"},"canonical":"https:\/\/www.em.com.br\/emfoco\/2025\/10\/12\/clima-instavel-marca-o-fim-de-semana-na-capital-mineira-diz-inmet\/","og_locale":"pt_BR","og_type":"article","og_title":"Clima inst\u00e1vel marca o fim de semana na capital mineira, diz Inmet - Estado de Minas - Em foco","og_description":"Garanta o bem-estar da sua fam\u00edlia! Saiba como se organizar para as varia\u00e7\u00f5es de temperatura e evite problemas respirat\u00f3rios.","og_url":"https:\/\/www.em.com.br\/emfoco\/2025\/10\/12\/clima-instavel-marca-o-fim-de-semana-na-capital-mineira-diz-inmet\/","og_site_name":"Estado de Minas - Em foco","article_published_time":"2025-10-12T12:35:00+00:00","article_modified_time":"2025-10-11T19:58:49+00:00","og_image":[{"width":1280,"height":720,"url":"https:\/\/www.em.com.br\/emfoco\/wp-content\/uploads\/2025\/10\/clima-chuva_1757112362949.jpg","type":"image\/jpeg"}],"author":"Ingrid Diniz","twitter_card":"summary_large_image","twitter_misc":{"Escrito por":"Ingrid Diniz","Est. tempo de leitura":"4 minutos"},"schema":{"@context":"https:\/\/schema.org","@graph":[{"@type":"WebPage","@id":"https:\/\/www.em.com.br\/emfoco\/2025\/10\/12\/clima-instavel-marca-o-fim-de-semana-na-capital-mineira-diz-inmet\/","url":"https:\/\/www.em.com.br\/emfoco\/2025\/10\/12\/clima-instavel-marca-o-fim-de-semana-na-capital-mineira-diz-inmet\/","name":"Clima inst\u00e1vel marca o fim de semana na capital mineira, diz Inmet - Estado de Minas - Em foco","isPartOf":{"@id":"https:\/\/www.em.com.br\/emfoco\/#website"},"primaryImageOfPage":{"@id":"https:\/\/www.em.com.br\/emfoco\/2025\/10\/12\/clima-instavel-marca-o-fim-de-semana-na-capital-mineira-diz-inmet\/#primaryimage"},"image":{"@id":"https:\/\/www.em.com.br\/emfoco\/2025\/10\/12\/clima-instavel-marca-o-fim-de-semana-na-capital-mineira-diz-inmet\/#primaryimage"},"thumbnailUrl":"https:\/\/www.em.com.br\/emfoco\/wp-content\/uploads\/2025\/10\/clima-chuva_1757112362949.jpg","datePublished":"2025-10-12T12:35:00+00:00","dateModified":"2025-10-11T19:58:49+00:00","author":{"@id":"https:\/\/www.em.com.br\/emfoco\/#\/schema\/person\/649e610b4eb8fff87ff394e54fe17b2b"},"description":"Garanta o bem-estar da sua fam\u00edlia! Saiba como se organizar para as varia\u00e7\u00f5es de temperatura e evite problemas respirat\u00f3rios.","breadcrumb":{"@id":"https:\/\/www.em.com.br\/emfoco\/2025\/10\/12\/clima-instavel-marca-o-fim-de-semana-na-capital-mineira-diz-inmet\/#breadcrumb"},"inLanguage":"pt-BR","potentialAction":[{"@type":"ReadAction","target":["https:\/\/www.em.com.br\/emfoco\/2025\/10\/12\/clima-instavel-marca-o-fim-de-semana-na-capital-mineira-diz-inmet\/"]}]},{"@type":"ImageObject","inLanguage":"pt-BR","@id":"https:\/\/www.em.com.br\/emfoco\/2025\/10\/12\/clima-instavel-marca-o-fim-de-semana-na-capital-mineira-diz-inmet\/#primaryimage","url":"https:\/\/www.em.com.br\/emfoco\/wp-content\/uploads\/2025\/10\/clima-chuva_1757112362949.jpg","contentUrl":"https:\/\/www.em.com.br\/emfoco\/wp-content\/uploads\/2025\/10\/clima-chuva_1757112362949.jpg","width":1280,"height":720,"caption":"Frente fria traz chuva e queda de temperatura em S\u00e3o Paulo - Cr\u00e9ditos: depositphotos.com \/ EdZbarzhyvetsky"},{"@type":"BreadcrumbList","@id":"https:\/\/www.em.com.br\/emfoco\/2025\/10\/12\/clima-instavel-marca-o-fim-de-semana-na-capital-mineira-diz-inmet\/#breadcrumb","itemListElement":[{"@type":"ListItem","position":1,"name":"In\u00edcio","item":"https:\/\/www.em.com.br\/emfoco\/"},{"@type":"ListItem","position":2,"name":"Clima inst\u00e1vel marca o fim de semana na capital mineira, diz Inmet"}]},{"@type":"WebSite","@id":"https:\/\/www.em.com.br\/emfoco\/#website","url":"https:\/\/www.em.com.br\/emfoco\/","name":"Estado de Minas - Em foco","description":"Acompanhe as \u00faltimas not\u00edcias e fique bem informado sobre tudo o que acontece em Minas Gerais, Brasil e no mundo.","potentialAction":[{"@type":"SearchAction","target":{"@type":"EntryPoint","urlTemplate":"https:\/\/www.em.com.br\/emfoco\/?s={search_term_string}"},"query-input":{"@type":"PropertyValueSpecification","valueRequired":true,"valueName":"search_term_string"}}],"inLanguage":"pt-BR"},{"@type":"Person","@id":"https:\/\/www.em.com.br\/emfoco\/#\/schema\/person\/649e610b4eb8fff87ff394e54fe17b2b","name":"Ingrid Diniz","image":{"@type":"ImageObject","inLanguage":"pt-BR","@id":"https:\/\/www.em.com.br\/emfoco\/#\/schema\/person\/image\/","url":"https:\/\/secure.gravatar.com\/avatar\/a3baa1449ec5c39b4c42babc9d4f3951?s=96&d=mm&r=g","contentUrl":"https:\/\/secure.gravatar.com\/avatar\/a3baa1449ec5c39b4c42babc9d4f3951?s=96&d=mm&r=g","caption":"Ingrid Diniz"},"sameAs":["https:\/\/www.em.com.br\/"],"url":"https:\/\/www.em.com.br\/emfoco\/author\/ingridmyth\/"}]}},"_links":{"self":[{"href":"https:\/\/www.em.com.br\/emfoco\/wp-json\/wp\/v2\/posts\/114060","targetHints":{"allow":["GET"]}}],"collection":[{"href":"https:\/\/www.em.com.br\/emfoco\/wp-json\/wp\/v2\/posts"}],"about":[{"href":"https:\/\/www.em.com.br\/emfoco\/wp-json\/wp\/v2\/types\/post"}],"author":[{"embeddable":true,"href":"https:\/\/www.em.com.br\/emfoco\/wp-json\/wp\/v2\/users\/20"}],"replies":[{"embeddable":true,"href":"https:\/\/www.em.com.br\/emfoco\/wp-json\/wp\/v2\/comments?post=114060"}],"version-history":[{"count":2,"href":"https:\/\/www.em.com.br\/emfoco\/wp-json\/wp\/v2\/posts\/114060\/revisions"}],"predecessor-version":[{"id":114385,"href":"https:\/\/www.em.com.br\/emfoco\/wp-json\/wp\/v2\/posts\/114060\/revisions\/114385"}],"wp:featuredmedia":[{"embeddable":true,"href":"https:\/\/www.em.com.br\/emfoco\/wp-json\/wp\/v2\/media\/113808"}],"wp:attachment":[{"href":"https:\/\/www.em.com.br\/emfoco\/wp-json\/wp\/v2\/media?parent=114060"}],"wp:term":[{"taxonomy":"category","embeddable":true,"href":"https:\/\/www.em.com.br\/emfoco\/wp-json\/wp\/v2\/categories?post=114060"},{"taxonomy":"post_tag","embeddable":true,"href":"https:\/\/www.em.com.br\/emfoco\/wp-json\/wp\/v2\/tags?post=114060"}],"curies":[{"name":"wp","href":"https:\/\/api.w.org\/{rel}","templated":true}]}}