{"id":113933,"date":"2025-10-11T21:55:00","date_gmt":"2025-10-12T00:55:00","guid":{"rendered":"https:\/\/www.em.com.br\/emfoco\/?p=113933"},"modified":"2025-10-10T18:17:56","modified_gmt":"2025-10-10T21:17:56","slug":"seguranca-no-inss-o-prazo-de-120-dias-e-seus-direitos","status":"publish","type":"post","link":"https:\/\/www.em.com.br\/emfoco\/2025\/10\/11\/seguranca-no-inss-o-prazo-de-120-dias-e-seus-direitos\/","title":{"rendered":"Decis\u00e3o do STF muda tudo para quem recebe aux\u00edlio-doen\u00e7a"},"content":{"rendered":"\n<p>O <strong>Supremo Tribunal Federal<\/strong> (STF) tomou uma decis\u00e3o importante ao decidir, por unanimidade, validar a regra que permite a cessa\u00e7\u00e3o autom\u00e1tica do aux\u00edlio-doen\u00e7a concedido pelo <strong>Instituto Nacional do Seguro Social<\/strong> (INSS) no prazo de 120 dias. Este benef\u00edcio pode ter seu t\u00e9rmino sem uma nova per\u00edcia m\u00e9dica, a menos que o benefici\u00e1rio solicite a prorroga\u00e7\u00e3o dentro do prazo adequado. Al\u00e9m disso, a decis\u00e3o do <strong>STF <\/strong>permite que o <strong>INSS <\/strong>defina uma data anterior aos 120 dias para o encerramento do benef\u00edcio, sem necessidade de nova avalia\u00e7\u00e3o m\u00e9dica.<\/p>\n\n\n\n<p>Essa medida foi originalmente adotada por meio de duas medidas provis\u00f3rias transformadas em lei em 2017. No entanto, elas foram alvo de contesta\u00e7\u00e3o por uma segurada que obteve sucesso na <strong>Turma Recursal dos Juizados<\/strong> <strong>Especiais Federais de Sergipe<\/strong>. A Justi\u00e7a sergipana havia determinado que tal altera\u00e7\u00e3o n\u00e3o poderia ser realizada por medida provis\u00f3ria, argumentando que um exame m\u00e9dico seria necess\u00e1rio para confirmar a capacidade de um benefici\u00e1rio retornar ao trabalho. Em resposta, o <strong>INSS <\/strong>recorreu ao Supremo, defendendo a constitucionalidade das normas e alegando que estas n\u00e3o limitam os direitos ao benef\u00edcio, desde que o segurado pe\u00e7a a prorroga\u00e7\u00e3o no prazo adequado.<\/p>\n\n\n\n<h2 class=\"wp-block-heading\">Qual foi a justificativa do STF para a decis\u00e3o?<\/h2>\n\n\n<div class=\"wp-block-image\">\n<figure class=\"aligncenter size-large\"><img loading=\"lazy\" decoding=\"async\" width=\"1024\" height=\"576\" src=\"https:\/\/www.em.com.br\/emfoco\/wp-content\/uploads\/2025\/07\/stf_1751534488335-1024x576.jpg\" alt=\"Aux\u00edlio-doen\u00e7a pode terminar automaticamente com alta programada, decide STF\" class=\"wp-image-70848\" srcset=\"https:\/\/www.em.com.br\/emfoco\/wp-content\/uploads\/2025\/07\/stf_1751534488335-1024x576.jpg 1024w, https:\/\/www.em.com.br\/emfoco\/wp-content\/uploads\/2025\/07\/stf_1751534488335-300x169.jpg 300w, https:\/\/www.em.com.br\/emfoco\/wp-content\/uploads\/2025\/07\/stf_1751534488335-768x432.jpg 768w, https:\/\/www.em.com.br\/emfoco\/wp-content\/uploads\/2025\/07\/stf_1751534488335-750x422.jpg 750w, https:\/\/www.em.com.br\/emfoco\/wp-content\/uploads\/2025\/07\/stf_1751534488335-1140x641.jpg 1140w, https:\/\/www.em.com.br\/emfoco\/wp-content\/uploads\/2025\/07\/stf_1751534488335.jpg 1280w\" sizes=\"auto, (max-width: 1024px) 100vw, 1024px\" \/><figcaption class=\"wp-element-caption\">STF &#8211; Cr\u00e9ditos: depositphotos.com \/ diegograndi<\/figcaption><\/figure><\/div>\n\n\n<p>O plen\u00e1rio do <strong>STF<\/strong>, sob o voto do ministro <strong>Cristiano Zanin<\/strong>, decidiu que as normas sobre a cessa\u00e7\u00e3o autom\u00e1tica do aux\u00edlio-doen\u00e7a n\u00e3o violam a prote\u00e7\u00e3o determinada pela constitui\u00e7\u00e3o aos trabalhadores segurados. Segundo afirmou o ministro, n\u00e3o houve uma mudan\u00e7a substancial nas disposi\u00e7\u00f5es constitucionais acerca da cobertura previdenci\u00e1ria para casos de doen\u00e7a ou invalidez tempor\u00e1ria. Com essa decis\u00e3o, que possui repercuss\u00e3o geral, o <strong><a href=\"https:\/\/portal.stf.jus.br\/\" target=\"_blank\" rel=\"noreferrer noopener\">STF <\/a><\/strong>estabelece um padr\u00e3o que agora vale para todos os processos semelhantes no <strong>Brasil<\/strong>.<\/p>\n\n\n\n<ul class=\"wp-block-list\">\n<li>O <strong>STF <\/strong>entendeu que a cessa\u00e7\u00e3o autom\u00e1tica respeita a prote\u00e7\u00e3o constitucional ao trabalhador.<\/li>\n\n\n\n<li>O benef\u00edcio pode ser prorrogado, desde que o segurado fa\u00e7a o pedido dentro do prazo e siga os procedimentos do <strong>INSS<\/strong>.<\/li>\n\n\n\n<li>A decis\u00e3o busca otimizar a administra\u00e7\u00e3o dos benef\u00edcios, evitando sobrecarga no sistema.<\/li>\n<\/ul>\n\n\n\n<h2 class=\"wp-block-heading\">Como o novo procedimento do INSS afeta o trabalhador?<\/h2>\n\n\n\n<p>O procedimento introduzido permite que o <strong>INSS <\/strong>encerre automaticamente o <strong>aux\u00edlio-doen\u00e7a<\/strong>, denominado oficialmente como <strong>Benef\u00edcio por Incapacidade Tempor\u00e1ria<\/strong>, <strong>ap\u00f3s 120 dias ou antes<\/strong>, se o \u00f3rg\u00e3o determinar uma data antecipada, dispensando nova per\u00edcia m\u00e9dica. O <strong>INSS <\/strong>implementou essa medida para tornar o sistema mais eficiente e evitar atrasos na an\u00e1lise de novos pedidos. Ainda assim, o segurado mant\u00e9m alguns direitos importantes.<\/p>\n\n\n\n<ul class=\"wp-block-list\">\n<li>O trabalhador pode solicitar a prorroga\u00e7\u00e3o do benef\u00edcio se ainda estiver incapaz de trabalhar.<\/li>\n\n\n\n<li>Se n\u00e3o houver pedido de extens\u00e3o dentro do prazo, o benef\u00edcio ser\u00e1 encerrado automaticamente na data prevista.<\/li>\n\n\n\n<li>A aten\u00e7\u00e3o aos prazos se torna fundamental para assegurar a continuidade do pagamento.<\/li>\n<\/ul>\n\n\n\n<p>Leia mais: <a href=\"https:\/\/www.em.com.br\/emfoco\/2025\/10\/09\/a-nova-lei-que-garante-prioridade-ao-seu-processo-do-inss\/\" target=\"_blank\" rel=\"noreferrer noopener\">A nova lei que garante prioridade ao seu processo do INSS<\/a><\/p>\n\n\n\n<h2 class=\"wp-block-heading\">Quais s\u00e3o os direitos do trabalhador ao aux\u00edlio-doen\u00e7a?<\/h2>\n\n\n\n<p>O <strong>aux\u00edlio-doen\u00e7a<\/strong> \u00e9 um direito do trabalhador que contribui regularmente com a previd\u00eancia social e que se encontre temporariamente incapaz de realizar suas atividades laborais devido a uma condi\u00e7\u00e3o de sa\u00fade. O benef\u00edcio oferece suporte financeiro durante o per\u00edodo em que o trabalhador n\u00e3o pode desempenhar suas fun\u00e7\u00f5es habituais no emprego. Para manter esse direito, o trabalhador precisa cumprir algumas obriga\u00e7\u00f5es:<\/p>\n\n\n\n<ul class=\"wp-block-list\">\n<li>Solicitar a prorroga\u00e7\u00e3o do benef\u00edcio, caso ainda n\u00e3o esteja apto a retornar ao trabalho ap\u00f3s 120 dias.<\/li>\n\n\n\n<li>Apresentar laudos m\u00e9dicos e seguir as orienta\u00e7\u00f5es do <strong>INSS<\/strong> para comprova\u00e7\u00e3o da incapacidade.<\/li>\n\n\n\n<li>Acompanhar as comunica\u00e7\u00f5es e prazos definidos pelo instituto.<\/li>\n<\/ul>\n\n\n\n<p>Com a decis\u00e3o do <strong>STF<\/strong>, as regras est\u00e3o agora mais claras quanto ao processo de cessa\u00e7\u00e3o deste benef\u00edcio. \u00c9 fundamental que os trabalhadores conhe\u00e7am seus direitos e deveres, mantenham di\u00e1logo aberto com o <strong>INSS <\/strong>e acompanhem regularmente a situa\u00e7\u00e3o do benef\u00edcio. O objetivo da medida \u00e9 equilibrar a prote\u00e7\u00e3o ao segurado com a efici\u00eancia administrativa, promovendo mais agilidade no sistema previdenci\u00e1rio sem prejudicar o acesso ao benef\u00edcio por parte dos que realmente necessitam.<\/p>\n","protected":false},"excerpt":{"rendered":"<p>O Supremo Tribunal Federal (STF) tomou uma decis\u00e3o importante ao decidir, por unanimidade, validar a regra que permite a cessa\u00e7\u00e3o autom\u00e1tica do aux\u00edlio-doen\u00e7a concedido pelo Instituto Nacional do Seguro Social (INSS) no prazo de 120 dias. Este benef\u00edcio pode ter seu t\u00e9rmino sem uma nova per\u00edcia m\u00e9dica, a menos que o benefici\u00e1rio solicite a prorroga\u00e7\u00e3o [&hellip;]<\/p>\n","protected":false},"author":20,"featured_media":55205,"comment_status":"open","ping_status":"open","sticky":false,"template":"","format":"standard","meta":{"jnews-multi-image_gallery":[],"jnews_single_post":{"format":"standard"},"jnews_primary_category":[],"jnews_social_meta":[],"jnews_override_counter":[],"footnotes":""},"categories":[28,1],"tags":[15280,174,173],"class_list":["post-113933","post","type-post","status-publish","format-standard","has-post-thumbnail","hentry","category-economia","category-noticias","tag-auxilio-doenca-2","tag-inss","tag-stf"],"yoast_head":"<!-- This site is optimized with the Yoast SEO plugin v23.8 - https:\/\/yoast.com\/wordpress\/plugins\/seo\/ -->\n<title>Decis\u00e3o do STF muda tudo para quem recebe aux\u00edlio-doen\u00e7a - Estado de Minas - Em foco<\/title>\n<meta name=\"description\" content=\"STF valida nova regra do INSS que encerra automaticamente o aux\u00edlio-doen\u00e7a. Veja o que muda e como se proteger.\" \/>\n<meta name=\"robots\" content=\"index, follow, max-snippet:-1, max-image-preview:large, max-video-preview:-1\" \/>\n<link rel=\"canonical\" href=\"https:\/\/www.em.com.br\/emfoco\/2025\/10\/11\/seguranca-no-inss-o-prazo-de-120-dias-e-seus-direitos\/\" \/>\n<meta property=\"og:locale\" content=\"pt_BR\" \/>\n<meta property=\"og:type\" content=\"article\" \/>\n<meta property=\"og:title\" content=\"Decis\u00e3o do STF muda tudo para quem recebe aux\u00edlio-doen\u00e7a - Estado de Minas - Em foco\" \/>\n<meta property=\"og:description\" content=\"STF valida nova regra do INSS que encerra automaticamente o aux\u00edlio-doen\u00e7a. Veja o que muda e como se proteger.\" \/>\n<meta property=\"og:url\" content=\"https:\/\/www.em.com.br\/emfoco\/2025\/10\/11\/seguranca-no-inss-o-prazo-de-120-dias-e-seus-direitos\/\" \/>\n<meta property=\"og:site_name\" content=\"Estado de Minas - Em foco\" \/>\n<meta property=\"article:published_time\" content=\"2025-10-12T00:55:00+00:00\" \/>\n<meta property=\"article:modified_time\" content=\"2025-10-10T21:17:56+00:00\" \/>\n<meta property=\"og:image\" content=\"https:\/\/www.em.com.br\/emfoco\/wp-content\/uploads\/2025\/06\/inss_1748997203588.jpg\" \/>\n\t<meta property=\"og:image:width\" content=\"1280\" \/>\n\t<meta property=\"og:image:height\" content=\"720\" \/>\n\t<meta property=\"og:image:type\" content=\"image\/jpeg\" \/>\n<meta name=\"author\" content=\"Ingrid Diniz\" \/>\n<meta name=\"twitter:card\" content=\"summary_large_image\" \/>\n<meta name=\"twitter:label1\" content=\"Escrito por\" \/>\n\t<meta name=\"twitter:data1\" content=\"Ingrid Diniz\" \/>\n\t<meta name=\"twitter:label2\" content=\"Est. tempo de leitura\" \/>\n\t<meta name=\"twitter:data2\" content=\"4 minutos\" \/>\n<!-- \/ Yoast SEO plugin. -->","yoast_head_json":{"title":"Decis\u00e3o do STF muda tudo para quem recebe aux\u00edlio-doen\u00e7a - Estado de Minas - Em foco","description":"STF valida nova regra do INSS que encerra automaticamente o aux\u00edlio-doen\u00e7a. Veja o que muda e como se proteger.","robots":{"index":"index","follow":"follow","max-snippet":"max-snippet:-1","max-image-preview":"max-image-preview:large","max-video-preview":"max-video-preview:-1"},"canonical":"https:\/\/www.em.com.br\/emfoco\/2025\/10\/11\/seguranca-no-inss-o-prazo-de-120-dias-e-seus-direitos\/","og_locale":"pt_BR","og_type":"article","og_title":"Decis\u00e3o do STF muda tudo para quem recebe aux\u00edlio-doen\u00e7a - Estado de Minas - Em foco","og_description":"STF valida nova regra do INSS que encerra automaticamente o aux\u00edlio-doen\u00e7a. Veja o que muda e como se proteger.","og_url":"https:\/\/www.em.com.br\/emfoco\/2025\/10\/11\/seguranca-no-inss-o-prazo-de-120-dias-e-seus-direitos\/","og_site_name":"Estado de Minas - Em foco","article_published_time":"2025-10-12T00:55:00+00:00","article_modified_time":"2025-10-10T21:17:56+00:00","og_image":[{"width":1280,"height":720,"url":"https:\/\/www.em.com.br\/emfoco\/wp-content\/uploads\/2025\/06\/inss_1748997203588.jpg","type":"image\/jpeg"}],"author":"Ingrid Diniz","twitter_card":"summary_large_image","twitter_misc":{"Escrito por":"Ingrid Diniz","Est. tempo de leitura":"4 minutos"},"schema":{"@context":"https:\/\/schema.org","@graph":[{"@type":"WebPage","@id":"https:\/\/www.em.com.br\/emfoco\/2025\/10\/11\/seguranca-no-inss-o-prazo-de-120-dias-e-seus-direitos\/","url":"https:\/\/www.em.com.br\/emfoco\/2025\/10\/11\/seguranca-no-inss-o-prazo-de-120-dias-e-seus-direitos\/","name":"Decis\u00e3o do STF muda tudo para quem recebe aux\u00edlio-doen\u00e7a - Estado de Minas - Em foco","isPartOf":{"@id":"https:\/\/www.em.com.br\/emfoco\/#website"},"primaryImageOfPage":{"@id":"https:\/\/www.em.com.br\/emfoco\/2025\/10\/11\/seguranca-no-inss-o-prazo-de-120-dias-e-seus-direitos\/#primaryimage"},"image":{"@id":"https:\/\/www.em.com.br\/emfoco\/2025\/10\/11\/seguranca-no-inss-o-prazo-de-120-dias-e-seus-direitos\/#primaryimage"},"thumbnailUrl":"https:\/\/www.em.com.br\/emfoco\/wp-content\/uploads\/2025\/06\/inss_1748997203588.jpg","datePublished":"2025-10-12T00:55:00+00:00","dateModified":"2025-10-10T21:17:56+00:00","author":{"@id":"https:\/\/www.em.com.br\/emfoco\/#\/schema\/person\/649e610b4eb8fff87ff394e54fe17b2b"},"description":"STF valida nova regra do INSS que encerra automaticamente o aux\u00edlio-doen\u00e7a. Veja o que muda e como se proteger.","breadcrumb":{"@id":"https:\/\/www.em.com.br\/emfoco\/2025\/10\/11\/seguranca-no-inss-o-prazo-de-120-dias-e-seus-direitos\/#breadcrumb"},"inLanguage":"pt-BR","potentialAction":[{"@type":"ReadAction","target":["https:\/\/www.em.com.br\/emfoco\/2025\/10\/11\/seguranca-no-inss-o-prazo-de-120-dias-e-seus-direitos\/"]}]},{"@type":"ImageObject","inLanguage":"pt-BR","@id":"https:\/\/www.em.com.br\/emfoco\/2025\/10\/11\/seguranca-no-inss-o-prazo-de-120-dias-e-seus-direitos\/#primaryimage","url":"https:\/\/www.em.com.br\/emfoco\/wp-content\/uploads\/2025\/06\/inss_1748997203588.jpg","contentUrl":"https:\/\/www.em.com.br\/emfoco\/wp-content\/uploads\/2025\/06\/inss_1748997203588.jpg","width":1280,"height":720,"caption":"Suspens\u00e3o de bancos por ass\u00e9dio financeiro no consignado - Cr\u00e9ditos: depositphotos.com \/ AngelaMacario"},{"@type":"BreadcrumbList","@id":"https:\/\/www.em.com.br\/emfoco\/2025\/10\/11\/seguranca-no-inss-o-prazo-de-120-dias-e-seus-direitos\/#breadcrumb","itemListElement":[{"@type":"ListItem","position":1,"name":"In\u00edcio","item":"https:\/\/www.em.com.br\/emfoco\/"},{"@type":"ListItem","position":2,"name":"Decis\u00e3o do STF muda tudo para quem recebe aux\u00edlio-doen\u00e7a"}]},{"@type":"WebSite","@id":"https:\/\/www.em.com.br\/emfoco\/#website","url":"https:\/\/www.em.com.br\/emfoco\/","name":"Estado de Minas - Em foco","description":"Acompanhe as \u00faltimas not\u00edcias e fique bem informado sobre tudo o que acontece em Minas Gerais, Brasil e no mundo.","potentialAction":[{"@type":"SearchAction","target":{"@type":"EntryPoint","urlTemplate":"https:\/\/www.em.com.br\/emfoco\/?s={search_term_string}"},"query-input":{"@type":"PropertyValueSpecification","valueRequired":true,"valueName":"search_term_string"}}],"inLanguage":"pt-BR"},{"@type":"Person","@id":"https:\/\/www.em.com.br\/emfoco\/#\/schema\/person\/649e610b4eb8fff87ff394e54fe17b2b","name":"Ingrid Diniz","image":{"@type":"ImageObject","inLanguage":"pt-BR","@id":"https:\/\/www.em.com.br\/emfoco\/#\/schema\/person\/image\/","url":"https:\/\/secure.gravatar.com\/avatar\/a3baa1449ec5c39b4c42babc9d4f3951?s=96&d=mm&r=g","contentUrl":"https:\/\/secure.gravatar.com\/avatar\/a3baa1449ec5c39b4c42babc9d4f3951?s=96&d=mm&r=g","caption":"Ingrid Diniz"},"sameAs":["https:\/\/www.em.com.br\/"],"url":"https:\/\/www.em.com.br\/emfoco\/author\/ingridmyth\/"}]}},"_links":{"self":[{"href":"https:\/\/www.em.com.br\/emfoco\/wp-json\/wp\/v2\/posts\/113933","targetHints":{"allow":["GET"]}}],"collection":[{"href":"https:\/\/www.em.com.br\/emfoco\/wp-json\/wp\/v2\/posts"}],"about":[{"href":"https:\/\/www.em.com.br\/emfoco\/wp-json\/wp\/v2\/types\/post"}],"author":[{"embeddable":true,"href":"https:\/\/www.em.com.br\/emfoco\/wp-json\/wp\/v2\/users\/20"}],"replies":[{"embeddable":true,"href":"https:\/\/www.em.com.br\/emfoco\/wp-json\/wp\/v2\/comments?post=113933"}],"version-history":[{"count":2,"href":"https:\/\/www.em.com.br\/emfoco\/wp-json\/wp\/v2\/posts\/113933\/revisions"}],"predecessor-version":[{"id":114037,"href":"https:\/\/www.em.com.br\/emfoco\/wp-json\/wp\/v2\/posts\/113933\/revisions\/114037"}],"wp:featuredmedia":[{"embeddable":true,"href":"https:\/\/www.em.com.br\/emfoco\/wp-json\/wp\/v2\/media\/55205"}],"wp:attachment":[{"href":"https:\/\/www.em.com.br\/emfoco\/wp-json\/wp\/v2\/media?parent=113933"}],"wp:term":[{"taxonomy":"category","embeddable":true,"href":"https:\/\/www.em.com.br\/emfoco\/wp-json\/wp\/v2\/categories?post=113933"},{"taxonomy":"post_tag","embeddable":true,"href":"https:\/\/www.em.com.br\/emfoco\/wp-json\/wp\/v2\/tags?post=113933"}],"curies":[{"name":"wp","href":"https:\/\/api.w.org\/{rel}","templated":true}]}}