{"id":113901,"date":"2025-10-13T20:45:00","date_gmt":"2025-10-13T23:45:00","guid":{"rendered":"https:\/\/www.em.com.br\/emfoco\/?p=113901"},"modified":"2025-10-10T14:18:38","modified_gmt":"2025-10-10T17:18:38","slug":"como-escolher-o-oleo-vegetal-ideal-para-seu-tipo-de-pele-e-cabelo","status":"publish","type":"post","link":"https:\/\/www.em.com.br\/emfoco\/2025\/10\/13\/como-escolher-o-oleo-vegetal-ideal-para-seu-tipo-de-pele-e-cabelo\/","title":{"rendered":"Como escolher o \u00f3leo vegetal ideal para seu tipo de pele e cabelo"},"content":{"rendered":"\n<p>Escolher o <strong>\u00f3leo vegetal ideal<\/strong> faz toda a diferen\u00e7a para a sa\u00fade da pele e dos cabelos. Cada tipo \u2014 como <strong>jojoba<\/strong>, <strong>pracaxi<\/strong> ou <strong>maracuj\u00e1<\/strong> \u2014 tem propriedades \u00fanicas de absor\u00e7\u00e3o, textura e nutri\u00e7\u00e3o. Entenda qual combina melhor com voc\u00ea.<\/p>\n\n\n\n<ul class=\"wp-block-list\">\n<li>Comparativo entre os principais \u00f3leos vegetais e suas texturas<\/li>\n\n\n\n<li>Indica\u00e7\u00f5es para cada tipo de pele e cabelo<\/li>\n\n\n\n<li>Dicas de uso, misturas e conserva\u00e7\u00e3o<\/li>\n<\/ul>\n\n\n\n<h2 class=\"wp-block-heading\">Como entender a textura e absor\u00e7\u00e3o dos \u00f3leos vegetais?<\/h2>\n\n\n\n<p>A textura de um <strong>\u00f3leo vegetal<\/strong> determina como ele interage com a pele e os fios. \u00d3leos mais leves, como o de <strong>jojoba<\/strong> e maracuj\u00e1, absorvem rapidamente e deixam toque seco, ideais para quem busca hidrata\u00e7\u00e3o sem sensa\u00e7\u00e3o oleosa.<\/p>\n\n\n\n<p>J\u00e1 os \u00f3leos mais densos, como o de <strong>pracaxi<\/strong> ou <strong>r\u00edcino<\/strong>, criam uma pel\u00edcula protetora que ret\u00e9m a umidade. S\u00e3o \u00f3timos para cabelos crespos e peles secas, mas podem ser pesados para quem tem tend\u00eancia \u00e0 <strong>oleosidade<\/strong>.<\/p>\n\n\n\n<figure class=\"wp-block-image size-large\"><img loading=\"lazy\" decoding=\"async\" width=\"1024\" height=\"576\" src=\"https:\/\/www.em.com.br\/emfoco\/wp-content\/uploads\/2025\/10\/oleo-vegetal_1760116358993-1024x576.jpg\" alt=\"Como escolher o \u00f3leo vegetal ideal para seu tipo de pele e cabelo\" class=\"wp-image-113956\" srcset=\"https:\/\/www.em.com.br\/emfoco\/wp-content\/uploads\/2025\/10\/oleo-vegetal_1760116358993-1024x576.jpg 1024w, https:\/\/www.em.com.br\/emfoco\/wp-content\/uploads\/2025\/10\/oleo-vegetal_1760116358993-300x169.jpg 300w, https:\/\/www.em.com.br\/emfoco\/wp-content\/uploads\/2025\/10\/oleo-vegetal_1760116358993-768x432.jpg 768w, https:\/\/www.em.com.br\/emfoco\/wp-content\/uploads\/2025\/10\/oleo-vegetal_1760116358993-750x422.jpg 750w, https:\/\/www.em.com.br\/emfoco\/wp-content\/uploads\/2025\/10\/oleo-vegetal_1760116358993-1140x641.jpg 1140w, https:\/\/www.em.com.br\/emfoco\/wp-content\/uploads\/2025\/10\/oleo-vegetal_1760116358993.jpg 1280w\" sizes=\"auto, (max-width: 1024px) 100vw, 1024px\" \/><figcaption class=\"wp-element-caption\">Propriedades de penetra\u00e7\u00e3o que definem leveza e efeito na pele &#8211; Cr\u00e9ditos: depositphotos.com \/ VitalikRadko<\/figcaption><\/figure>\n\n\n\n<h2 class=\"wp-block-heading\">Quais s\u00e3o as propriedades e benef\u00edcios de cada tipo?<\/h2>\n\n\n\n<p>Cada \u00f3leo possui nutrientes espec\u00edficos que atendem necessidades diferentes da pele e dos fios. Veja quais benef\u00edcios se destacam entre os principais \u00f3leos usados em cuidados naturais.<\/p>\n\n\n\n<ul class=\"wp-block-list\">\n<li><strong>Jojoba:<\/strong> equil\u00edbrio da oleosidade e alta compatibilidade com o sebo natural.<\/li>\n\n\n\n<li><strong>Pracaxi:<\/strong> brilho intenso e a\u00e7\u00e3o antifrizz para cabelos ressecados.<\/li>\n\n\n\n<li><strong>Maracuj\u00e1:<\/strong> efeito calmante e textura leve para peles mistas e sens\u00edveis.<\/li>\n\n\n\n<li><strong>R\u00edcino:<\/strong> est\u00edmulo ao crescimento capilar e hidrata\u00e7\u00e3o profunda.<\/li>\n<\/ul>\n\n\n\n<p><em>Leia mais: <a href=\"https:\/\/www.em.com.br\/emfoco\/2025\/10\/06\/transforme-sua-pele-com-a-nova-tendencia-coreana-de-skincare\/\" target=\"_blank\" rel=\"noreferrer noopener\">Transforme sua pele com a nova tend\u00eancia coreana de skincare<\/a><\/em><\/p>\n\n\n\n<h2 class=\"wp-block-heading\">Como escolher o \u00f3leo certo para o seu tipo de pele e cabelo?<\/h2>\n\n\n\n<p>Para peles oleosas, opte por \u00f3leos de <strong>absor\u00e7\u00e3o r\u00e1pida<\/strong> e baixa comedogenicidade, como jojoba ou maracuj\u00e1. J\u00e1 as peles secas se beneficiam de \u00f3leos mais nutritivos, como pracaxi e abacate, que formam uma barreira protetora natural.<\/p>\n\n\n\n<p>Nos cabelos, o ideal \u00e9 adaptar o uso: fios finos pedem \u00f3leos leves, enquanto os espessos e cacheados aceitam melhor f\u00f3rmulas densas. Assim, o equil\u00edbrio entre <strong>hidrata\u00e7\u00e3o e peso<\/strong> \u00e9 mantido sem ac\u00famulo de res\u00edduos.<\/p>\n\n\n\n<figure class=\"wp-block-image size-large\"><img loading=\"lazy\" decoding=\"async\" width=\"1024\" height=\"576\" src=\"https:\/\/www.em.com.br\/emfoco\/wp-content\/uploads\/2025\/10\/oleo-para-cabelo_1760116464046-1024x576.jpg\" alt=\"Como escolher o \u00f3leo vegetal ideal para seu tipo de pele e cabelo\" class=\"wp-image-113960\" srcset=\"https:\/\/www.em.com.br\/emfoco\/wp-content\/uploads\/2025\/10\/oleo-para-cabelo_1760116464046-1024x576.jpg 1024w, https:\/\/www.em.com.br\/emfoco\/wp-content\/uploads\/2025\/10\/oleo-para-cabelo_1760116464046-300x169.jpg 300w, https:\/\/www.em.com.br\/emfoco\/wp-content\/uploads\/2025\/10\/oleo-para-cabelo_1760116464046-768x432.jpg 768w, https:\/\/www.em.com.br\/emfoco\/wp-content\/uploads\/2025\/10\/oleo-para-cabelo_1760116464046-750x422.jpg 750w, https:\/\/www.em.com.br\/emfoco\/wp-content\/uploads\/2025\/10\/oleo-para-cabelo_1760116464046-1140x641.jpg 1140w, https:\/\/www.em.com.br\/emfoco\/wp-content\/uploads\/2025\/10\/oleo-para-cabelo_1760116464046.jpg 1280w\" sizes=\"auto, (max-width: 1024px) 100vw, 1024px\" \/><figcaption class=\"wp-element-caption\">Adequa\u00e7\u00e3o personalizada que garante equil\u00edbrio sem oleosidade excessiva &#8211; Cr\u00e9ditos: depositphotos.com \/ EdZbarzhyvetsky<\/figcaption><\/figure>\n\n\n\n<h2 class=\"wp-block-heading\">Como testar e combinar diferentes \u00f3leos vegetais?<\/h2>\n\n\n\n<p>Sempre fa\u00e7a um <strong>teste de sensibilidade<\/strong> antes de aplicar novos \u00f3leos. Aplique uma pequena quantidade no antebra\u00e7o e aguarde 24 horas. Isso ajuda a evitar irrita\u00e7\u00f5es e garante uma experi\u00eancia mais segura e personalizada.<\/p>\n\n\n\n<ul class=\"wp-block-list\">\n<li>Misture \u00f3leos leves com densos para resultados equilibrados.<\/li>\n\n\n\n<li>Adicione gotas de \u00f3leo essencial para benef\u00edcios arom\u00e1ticos.<\/li>\n\n\n\n<li>Evite misturar muitos tipos ao mesmo tempo para n\u00e3o alterar o pH.<\/li>\n<\/ul>\n\n\n\n<h2 class=\"wp-block-heading\">Como conservar e aproveitar melhor os \u00f3leos naturais?<\/h2>\n\n\n\n<p>Os <strong>\u00f3leos vegetais puros<\/strong> devem ser armazenados em frascos escuros, longe da luz e do calor. Assim, preservam suas <a href=\"https:\/\/www.onodera.com.br\/blog-onodera\/oleos-vegetais-descubra-seu-tipo-certo?srsltid=AfmBOooyjSCbsYc-_LlGvkgl-l4ciSEwGFe-aF6wEUglYbNwMuXQjoN4\" target=\"_blank\" rel=\"noreferrer noopener\">propriedades <\/a>por mais tempo, evitando oxida\u00e7\u00e3o e perda de nutrientes essenciais.<\/p>\n\n\n\n<ul class=\"wp-block-list\">\n<li>Guarde em local fresco, de prefer\u00eancia abaixo de 25 \u00b0C.<\/li>\n\n\n\n<li>Use conta-gotas para evitar contamina\u00e7\u00e3o.<\/li>\n\n\n\n<li>Evite exposi\u00e7\u00e3o direta ao sol ou umidade.<\/li>\n<\/ul>\n","protected":false},"excerpt":{"rendered":"<p>Escolher o \u00f3leo vegetal ideal faz toda a diferen\u00e7a para a sa\u00fade da pele e dos cabelos. Cada tipo \u2014 como jojoba, pracaxi ou maracuj\u00e1 \u2014 tem propriedades \u00fanicas de absor\u00e7\u00e3o, textura e nutri\u00e7\u00e3o. Entenda qual combina melhor com voc\u00ea. Como entender a textura e absor\u00e7\u00e3o dos \u00f3leos vegetais? A textura de um \u00f3leo vegetal [&hellip;]<\/p>\n","protected":false},"author":13,"featured_media":113958,"comment_status":"open","ping_status":"open","sticky":false,"template":"","format":"standard","meta":{"jnews-multi-image_gallery":[],"jnews_single_post":{"format":"standard"},"jnews_primary_category":[],"jnews_social_meta":[],"jnews_override_counter":[],"footnotes":""},"categories":[8819],"tags":[712,4939,17276],"class_list":["post-113901","post","type-post","status-publish","format-standard","has-post-thumbnail","hentry","category-curiosidades","tag-autocuidado","tag-cuidados-com-a-pele","tag-oleo-vegetal"],"yoast_head":"<!-- This site is optimized with the Yoast SEO plugin v23.8 - https:\/\/yoast.com\/wordpress\/plugins\/seo\/ -->\n<title>Como escolher o \u00f3leo vegetal ideal para seu tipo de pele e cabelo - Estado de Minas - Em foco<\/title>\n<meta name=\"description\" content=\"Escolher o \u00f3leo certo pode transformar sua rotina de beleza. Veja os principais tipos, texturas e como us\u00e1-los no cuidado natural.\" \/>\n<meta name=\"robots\" content=\"index, follow, max-snippet:-1, max-image-preview:large, max-video-preview:-1\" \/>\n<link rel=\"canonical\" href=\"https:\/\/www.em.com.br\/emfoco\/2025\/10\/13\/como-escolher-o-oleo-vegetal-ideal-para-seu-tipo-de-pele-e-cabelo\/\" \/>\n<meta property=\"og:locale\" content=\"pt_BR\" \/>\n<meta property=\"og:type\" content=\"article\" \/>\n<meta property=\"og:title\" content=\"Como escolher o \u00f3leo vegetal ideal para seu tipo de pele e cabelo - Estado de Minas - Em foco\" \/>\n<meta property=\"og:description\" content=\"Escolher o \u00f3leo certo pode transformar sua rotina de beleza. Veja os principais tipos, texturas e como us\u00e1-los no cuidado natural.\" \/>\n<meta property=\"og:url\" content=\"https:\/\/www.em.com.br\/emfoco\/2025\/10\/13\/como-escolher-o-oleo-vegetal-ideal-para-seu-tipo-de-pele-e-cabelo\/\" \/>\n<meta property=\"og:site_name\" content=\"Estado de Minas - Em foco\" \/>\n<meta property=\"article:published_time\" content=\"2025-10-13T23:45:00+00:00\" \/>\n<meta property=\"article:modified_time\" content=\"2025-10-10T17:18:38+00:00\" \/>\n<meta property=\"og:image\" content=\"https:\/\/www.em.com.br\/emfoco\/wp-content\/uploads\/2025\/10\/oleo-jojoba_1760116414800.jpg\" \/>\n\t<meta property=\"og:image:width\" content=\"1280\" \/>\n\t<meta property=\"og:image:height\" content=\"720\" \/>\n\t<meta property=\"og:image:type\" content=\"image\/jpeg\" \/>\n<meta name=\"author\" content=\"Gabriel Martins\" \/>\n<meta name=\"twitter:card\" content=\"summary_large_image\" \/>\n<meta name=\"twitter:label1\" content=\"Escrito por\" \/>\n\t<meta name=\"twitter:data1\" content=\"Gabriel Martins\" \/>\n\t<meta name=\"twitter:label2\" content=\"Est. tempo de leitura\" \/>\n\t<meta name=\"twitter:data2\" content=\"4 minutos\" \/>\n<!-- \/ Yoast SEO plugin. -->","yoast_head_json":{"title":"Como escolher o \u00f3leo vegetal ideal para seu tipo de pele e cabelo - Estado de Minas - Em foco","description":"Escolher o \u00f3leo certo pode transformar sua rotina de beleza. Veja os principais tipos, texturas e como us\u00e1-los no cuidado natural.","robots":{"index":"index","follow":"follow","max-snippet":"max-snippet:-1","max-image-preview":"max-image-preview:large","max-video-preview":"max-video-preview:-1"},"canonical":"https:\/\/www.em.com.br\/emfoco\/2025\/10\/13\/como-escolher-o-oleo-vegetal-ideal-para-seu-tipo-de-pele-e-cabelo\/","og_locale":"pt_BR","og_type":"article","og_title":"Como escolher o \u00f3leo vegetal ideal para seu tipo de pele e cabelo - Estado de Minas - Em foco","og_description":"Escolher o \u00f3leo certo pode transformar sua rotina de beleza. Veja os principais tipos, texturas e como us\u00e1-los no cuidado natural.","og_url":"https:\/\/www.em.com.br\/emfoco\/2025\/10\/13\/como-escolher-o-oleo-vegetal-ideal-para-seu-tipo-de-pele-e-cabelo\/","og_site_name":"Estado de Minas - Em foco","article_published_time":"2025-10-13T23:45:00+00:00","article_modified_time":"2025-10-10T17:18:38+00:00","og_image":[{"width":1280,"height":720,"url":"https:\/\/www.em.com.br\/emfoco\/wp-content\/uploads\/2025\/10\/oleo-jojoba_1760116414800.jpg","type":"image\/jpeg"}],"author":"Gabriel Martins","twitter_card":"summary_large_image","twitter_misc":{"Escrito por":"Gabriel Martins","Est. tempo de leitura":"4 minutos"},"schema":{"@context":"https:\/\/schema.org","@graph":[{"@type":"WebPage","@id":"https:\/\/www.em.com.br\/emfoco\/2025\/10\/13\/como-escolher-o-oleo-vegetal-ideal-para-seu-tipo-de-pele-e-cabelo\/","url":"https:\/\/www.em.com.br\/emfoco\/2025\/10\/13\/como-escolher-o-oleo-vegetal-ideal-para-seu-tipo-de-pele-e-cabelo\/","name":"Como escolher o \u00f3leo vegetal ideal para seu tipo de pele e cabelo - Estado de Minas - Em foco","isPartOf":{"@id":"https:\/\/www.em.com.br\/emfoco\/#website"},"primaryImageOfPage":{"@id":"https:\/\/www.em.com.br\/emfoco\/2025\/10\/13\/como-escolher-o-oleo-vegetal-ideal-para-seu-tipo-de-pele-e-cabelo\/#primaryimage"},"image":{"@id":"https:\/\/www.em.com.br\/emfoco\/2025\/10\/13\/como-escolher-o-oleo-vegetal-ideal-para-seu-tipo-de-pele-e-cabelo\/#primaryimage"},"thumbnailUrl":"https:\/\/www.em.com.br\/emfoco\/wp-content\/uploads\/2025\/10\/oleo-jojoba_1760116414800.jpg","datePublished":"2025-10-13T23:45:00+00:00","dateModified":"2025-10-10T17:18:38+00:00","author":{"@id":"https:\/\/www.em.com.br\/emfoco\/#\/schema\/person\/1c9ddeab18b98abeffef834667bcf08a"},"description":"Escolher o \u00f3leo certo pode transformar sua rotina de beleza. Veja os principais tipos, texturas e como us\u00e1-los no cuidado natural.","breadcrumb":{"@id":"https:\/\/www.em.com.br\/emfoco\/2025\/10\/13\/como-escolher-o-oleo-vegetal-ideal-para-seu-tipo-de-pele-e-cabelo\/#breadcrumb"},"inLanguage":"pt-BR","potentialAction":[{"@type":"ReadAction","target":["https:\/\/www.em.com.br\/emfoco\/2025\/10\/13\/como-escolher-o-oleo-vegetal-ideal-para-seu-tipo-de-pele-e-cabelo\/"]}]},{"@type":"ImageObject","inLanguage":"pt-BR","@id":"https:\/\/www.em.com.br\/emfoco\/2025\/10\/13\/como-escolher-o-oleo-vegetal-ideal-para-seu-tipo-de-pele-e-cabelo\/#primaryimage","url":"https:\/\/www.em.com.br\/emfoco\/wp-content\/uploads\/2025\/10\/oleo-jojoba_1760116414800.jpg","contentUrl":"https:\/\/www.em.com.br\/emfoco\/wp-content\/uploads\/2025\/10\/oleo-jojoba_1760116414800.jpg","width":1280,"height":720,"caption":"Armazenamento correto que preserva ativos e prolonga a durabilidade - Cr\u00e9ditos: depositphotos.com \/ ParStud"},{"@type":"BreadcrumbList","@id":"https:\/\/www.em.com.br\/emfoco\/2025\/10\/13\/como-escolher-o-oleo-vegetal-ideal-para-seu-tipo-de-pele-e-cabelo\/#breadcrumb","itemListElement":[{"@type":"ListItem","position":1,"name":"In\u00edcio","item":"https:\/\/www.em.com.br\/emfoco\/"},{"@type":"ListItem","position":2,"name":"Como escolher o \u00f3leo vegetal ideal para seu tipo de pele e cabelo"}]},{"@type":"WebSite","@id":"https:\/\/www.em.com.br\/emfoco\/#website","url":"https:\/\/www.em.com.br\/emfoco\/","name":"Estado de Minas - Em foco","description":"Acompanhe as \u00faltimas not\u00edcias e fique bem informado sobre tudo o que acontece em Minas Gerais, Brasil e no mundo.","potentialAction":[{"@type":"SearchAction","target":{"@type":"EntryPoint","urlTemplate":"https:\/\/www.em.com.br\/emfoco\/?s={search_term_string}"},"query-input":{"@type":"PropertyValueSpecification","valueRequired":true,"valueName":"search_term_string"}}],"inLanguage":"pt-BR"},{"@type":"Person","@id":"https:\/\/www.em.com.br\/emfoco\/#\/schema\/person\/1c9ddeab18b98abeffef834667bcf08a","name":"Gabriel Martins","image":{"@type":"ImageObject","inLanguage":"pt-BR","@id":"https:\/\/www.em.com.br\/emfoco\/#\/schema\/person\/image\/","url":"https:\/\/secure.gravatar.com\/avatar\/f0f1e2efdfd88f1ad2cb08c5c2731e50?s=96&d=mm&r=g","contentUrl":"https:\/\/secure.gravatar.com\/avatar\/f0f1e2efdfd88f1ad2cb08c5c2731e50?s=96&d=mm&r=g","caption":"Gabriel Martins"},"sameAs":["https:\/\/www.em.com.br\/emfoco\/"],"url":"https:\/\/www.em.com.br\/emfoco\/author\/gabrielmartinsmyth\/"}]}},"_links":{"self":[{"href":"https:\/\/www.em.com.br\/emfoco\/wp-json\/wp\/v2\/posts\/113901","targetHints":{"allow":["GET"]}}],"collection":[{"href":"https:\/\/www.em.com.br\/emfoco\/wp-json\/wp\/v2\/posts"}],"about":[{"href":"https:\/\/www.em.com.br\/emfoco\/wp-json\/wp\/v2\/types\/post"}],"author":[{"embeddable":true,"href":"https:\/\/www.em.com.br\/emfoco\/wp-json\/wp\/v2\/users\/13"}],"replies":[{"embeddable":true,"href":"https:\/\/www.em.com.br\/emfoco\/wp-json\/wp\/v2\/comments?post=113901"}],"version-history":[{"count":1,"href":"https:\/\/www.em.com.br\/emfoco\/wp-json\/wp\/v2\/posts\/113901\/revisions"}],"predecessor-version":[{"id":113962,"href":"https:\/\/www.em.com.br\/emfoco\/wp-json\/wp\/v2\/posts\/113901\/revisions\/113962"}],"wp:featuredmedia":[{"embeddable":true,"href":"https:\/\/www.em.com.br\/emfoco\/wp-json\/wp\/v2\/media\/113958"}],"wp:attachment":[{"href":"https:\/\/www.em.com.br\/emfoco\/wp-json\/wp\/v2\/media?parent=113901"}],"wp:term":[{"taxonomy":"category","embeddable":true,"href":"https:\/\/www.em.com.br\/emfoco\/wp-json\/wp\/v2\/categories?post=113901"},{"taxonomy":"post_tag","embeddable":true,"href":"https:\/\/www.em.com.br\/emfoco\/wp-json\/wp\/v2\/tags?post=113901"}],"curies":[{"name":"wp","href":"https:\/\/api.w.org\/{rel}","templated":true}]}}