{"id":11379,"date":"2025-01-17T18:40:00","date_gmt":"2025-01-17T21:40:00","guid":{"rendered":"https:\/\/www.em.com.br\/emfoco\/?p=11379"},"modified":"2025-01-17T01:45:39","modified_gmt":"2025-01-17T04:45:39","slug":"quais-segredos-esconde-o-sol-de-inverno","status":"publish","type":"post","link":"https:\/\/www.em.com.br\/emfoco\/2025\/01\/17\/quais-segredos-esconde-o-sol-de-inverno\/","title":{"rendered":"Quais segredos esconde o &#8220;Sol de Inverno&#8221;?"},"content":{"rendered":"\n<p>A jornada de um garoto que desafia estere\u00f3tipos e <a href=\"https:\/\/www.em.com.br\/emfoco\/2025\/01\/16\/qual-filme-voce-nao-pode-perder-nos-cinemas-em-fevereiro\/\" target=\"_blank\" rel=\"noreferrer noopener\">descobre <\/a>sua paix\u00e3o pela <strong>patina\u00e7\u00e3o art\u00edstica<\/strong> \u00e9 o enredo do filme &#8216;Sol de Inverno&#8217;, dirigido por Hiroshi Okuyama. Este filme atraiu a aten\u00e7\u00e3o de <em>cin\u00e9filos<\/em> como Chico Fireman e Michel Sim\u00f5es, que decidiram adquirir os direitos de exibi\u00e7\u00e3o da obra no Brasil ap\u00f3s se encantarem com a narrativa no Festival de Cannes de 2024.<\/p>\n\n\n\n<figure class=\"wp-block-embed is-type-video is-provider-youtube wp-block-embed-youtube wp-embed-aspect-16-9 wp-has-aspect-ratio\"><div class=\"wp-block-embed__wrapper\">\n<div class=\"jeg_video_container jeg_video_content\"><iframe loading=\"lazy\" title=\"SOL DE INVERNO | Trailer Legendado\" width=\"500\" height=\"281\" src=\"https:\/\/www.youtube.com\/embed\/8zhkxzJY2Io?feature=oembed\" frameborder=\"0\" allow=\"accelerometer; autoplay; clipboard-write; encrypted-media; gyroscope; picture-in-picture; web-share\" referrerpolicy=\"strict-origin-when-cross-origin\" allowfullscreen><\/iframe><\/div>\n<\/div><\/figure>\n\n\n\n<p>&#8216;Sol de Inverno&#8217; narra a hist\u00f3ria do jovem <strong>Takuya<\/strong>, que enfrenta diversos obst\u00e1culos para seguir sua paix\u00e3o em um ambiente onde a patina\u00e7\u00e3o \u00e9 vista como um &#8220;esporte de garotas&#8221;. A dedica\u00e7\u00e3o do garoto reflete uma intensa busca por identidade e realiza\u00e7\u00e3o pessoal, temas que ressoaram tanto com cr\u00edticos especializados quanto com o p\u00fablico geral.<\/p>\n\n\n\n<h2 class=\"wp-block-heading\">O Impacto da Amizade Atrav\u00e9s do Cinema<\/h2>\n\n\n\n<p>Foi no ic\u00f4nico Festival de <strong>Cannes<\/strong> que Chico e Michel, movidos por sua paix\u00e3o compartilhada pelo cinema, cruzaram o caminho de &#8216;Sol de Inverno&#8217;. A amizade dos dois come\u00e7ou a partir de um interesse comum pela s\u00e9tima arte, alimentado pela participa\u00e7\u00e3o ativa em blogs de cr\u00edticas e pelo podcast <em>Cinema na Varanda<\/em>. Unidos pelo amor ao cinema, eles decidiram enfrentar o desafio de distribuir filmes que acreditavam merecer mais aten\u00e7\u00e3o nas telas brasileiras.<\/p>\n\n\n\n<p>Al\u00e9m das cr\u00edticas, a dupla percebeu a falta de diversidade nas produ\u00e7\u00f5es exibidas no Brasil. Assim, sentiram que valeria a pena arriscar e trazer filmes especiais que poderiam n\u00e3o chegar ao p\u00fablico brasileiro de outra forma. Essa motiva\u00e7\u00e3o culminou na cria\u00e7\u00e3o da Michiko Filmes, a distribuidora respons\u00e1vel por introduzir &#8216;Sol de Inverno&#8217; no mercado nacional e compartilhar esse valioso conte\u00fado com o p\u00fablico local.<\/p>\n\n\n\n<h2 class=\"wp-block-heading\">O Processo de Distribui\u00e7\u00e3o Cinematogr\u00e1fica<\/h2>\n\n\n\n<p>Mas, como funciona a distribui\u00e7\u00e3o de filmes como &#8216;Sol de Inverno&#8217;? O processo envolve a negocia\u00e7\u00e3o entre produtores e distribuidoras, que adquirem os direitos de exibi\u00e7\u00e3o em determinadas regi\u00f5es. No caso de &#8216;Sol de Inverno&#8217;, a Michiko Filmes garantiu esses direitos para o Brasil por um per\u00edodo de sete anos. Durante esse tempo, a distribuidora tem a tarefa de negociar exibi\u00e7\u00f5es em cinemas e plataformas de streaming.<\/p>\n\n\n\n<p>No princ\u00edpio, o filme come\u00e7ou a ser exibido em festivais nacionais, como a <strong>Mostra Internacional de Cinema de S\u00e3o Paulo<\/strong>. Esse evento itinerante permitiu que a obra fosse vista em diversas cidades, ampliando seu alcance. Agora, o desafio \u00e9 garantir que o filme continue atraindo o p\u00fablico nas <em>sala de arte<\/em> e consiga se manter em cartaz por v\u00e1rias semanas.<\/p>\n\n\n\n<h2 class=\"wp-block-heading\">Por que &#8216;Sol de Inverno&#8217; \u00e9 Especial?<\/h2>\n\n\n\n<p>&#8216;Sol de Inverno&#8217; se destaca n\u00e3o apenas por seu enredo cativante, mas tamb\u00e9m pela beleza est\u00e9tica e a sensibilidade com que aborda temas universais. Al\u00e9m de contar a hist\u00f3ria de Takuya, o filme explora sua rela\u00e7\u00e3o com a jovem <strong>Sakura<\/strong>, trazendo \u00e0 tona as nuances do primeiro amor e das escolhas que moldam nossas vidas.<\/p>\n\n\n\n<p>O sucesso inicial nas exibi\u00e7\u00f5es e a recep\u00e7\u00e3o calorosa indicam que o filme encontrou seu p\u00fablico. Amigos, cr\u00edticos e espectadores t\u00eam elogiado a obra, revelando um potente potencial para conquistar ainda mais cora\u00e7\u00f5es ao redor do mundo. Chico e Michel continuam otimistas quanto ao futuro de &#8216;Sol de Inverno&#8217; no cen\u00e1rio cinematogr\u00e1fico brasileiro, na expectativa de que muitos outros se identifiquem com a tocante experi\u00eancia de Takuya.<\/p>\n\n\n\n<h2 class=\"wp-block-heading\">Qual o Futuro de &#8216;Sol de Inverno&#8217; no Brasil?<\/h2>\n\n\n\n<p>Com o filme agora em cartaz, Chico e Michel continuam a trabalhar incansavelmente para aumentar sua visibilidade e sucesso nas bilheterias. Eles acreditam que as exibi\u00e7\u00f5es cont\u00ednuas e a presen\u00e7a em festivais ajudar\u00e3o a construir um p\u00fablico fiel, garantindo ao filme mais semanas de exibi\u00e7\u00e3o. O objetivo \u00e9 que &#8216;Sol de Inverno&#8217; inspire e emocione cada vez mais pessoas, mostrando o poder transformador da arte.<\/p>\n\n\n\n<p>Esta jornada extraordin\u00e1ria de um jovem apaixonado pela patina\u00e7\u00e3o art\u00edstica \u00e9 uma prova de como o cinema pode conectar culturas e cora\u00e7\u00f5es, trazendo hist\u00f3rias comoventes do outro lado do mundo para espectadores em todas as partes do Brasil.<\/p>\n","protected":false},"excerpt":{"rendered":"<p>A jornada de um garoto que desafia estere\u00f3tipos e descobre sua paix\u00e3o pela patina\u00e7\u00e3o art\u00edstica \u00e9 o enredo do filme &#8216;Sol de Inverno&#8217;, dirigido por Hiroshi Okuyama. Este filme atraiu a aten\u00e7\u00e3o de cin\u00e9filos como Chico Fireman e Michel Sim\u00f5es, que decidiram adquirir os direitos de exibi\u00e7\u00e3o da obra no Brasil ap\u00f3s se encantarem com [&hellip;]<\/p>\n","protected":false},"author":7,"featured_media":11382,"comment_status":"open","ping_status":"open","sticky":false,"template":"","format":"standard","meta":{"jnews-multi-image_gallery":[],"jnews_single_post":{"format":"standard"},"jnews_primary_category":[],"jnews_social_meta":[],"jnews_override_counter":[],"footnotes":""},"categories":[29,137],"tags":[3641,637,3639,3638,3640],"class_list":["post-11379","post","type-post","status-publish","format-standard","has-post-thumbnail","hentry","category-entretenimento","category-filmes","tag-amizade","tag-cinema","tag-jovem","tag-patinacao-artistica","tag-takuya"],"yoast_head":"<!-- This site is optimized with the Yoast SEO plugin v23.8 - https:\/\/yoast.com\/wordpress\/plugins\/seo\/ -->\n<title>Quais segredos esconde o &quot;Sol de Inverno&quot;? - Estado de Minas - Em foco<\/title>\n<meta name=\"description\" content=\"Descubra a hist\u00f3ria de Takuya, um jovem patinador art\u00edstico, no filme &#039;Sol de Inverno&#039;. Dirigido por Hiroshi Okuyama, o filme encanta cr\u00edticos e p\u00fablico com sua jornada de desafio a estere\u00f3tipos.\" \/>\n<meta name=\"robots\" content=\"index, follow, max-snippet:-1, max-image-preview:large, max-video-preview:-1\" \/>\n<link rel=\"canonical\" href=\"https:\/\/www.em.com.br\/emfoco\/2025\/01\/17\/quais-segredos-esconde-o-sol-de-inverno\/\" \/>\n<meta property=\"og:locale\" content=\"pt_BR\" \/>\n<meta property=\"og:type\" content=\"article\" \/>\n<meta property=\"og:title\" content=\"Quais segredos esconde o &quot;Sol de Inverno&quot;? - Estado de Minas - Em foco\" \/>\n<meta property=\"og:description\" content=\"Descubra a hist\u00f3ria de Takuya, um jovem patinador art\u00edstico, no filme &#039;Sol de Inverno&#039;. Dirigido por Hiroshi Okuyama, o filme encanta cr\u00edticos e p\u00fablico com sua jornada de desafio a estere\u00f3tipos.\" \/>\n<meta property=\"og:url\" content=\"https:\/\/www.em.com.br\/emfoco\/2025\/01\/17\/quais-segredos-esconde-o-sol-de-inverno\/\" \/>\n<meta property=\"og:site_name\" content=\"Estado de Minas - Em foco\" \/>\n<meta property=\"article:published_time\" content=\"2025-01-17T21:40:00+00:00\" \/>\n<meta property=\"article:modified_time\" content=\"2025-01-17T04:45:39+00:00\" \/>\n<meta property=\"og:image\" content=\"https:\/\/www.em.com.br\/emfoco\/wp-content\/uploads\/2025\/01\/Screenshot_21.jpg\" \/>\n\t<meta property=\"og:image:width\" content=\"1200\" \/>\n\t<meta property=\"og:image:height\" content=\"775\" \/>\n\t<meta property=\"og:image:type\" content=\"image\/jpeg\" \/>\n<meta name=\"author\" content=\"Kelvin\" \/>\n<meta name=\"twitter:card\" content=\"summary_large_image\" \/>\n<meta name=\"twitter:label1\" content=\"Escrito por\" \/>\n\t<meta name=\"twitter:data1\" content=\"Kelvin\" \/>\n\t<meta name=\"twitter:label2\" content=\"Est. tempo de leitura\" \/>\n\t<meta name=\"twitter:data2\" content=\"4 minutos\" \/>\n<!-- \/ Yoast SEO plugin. -->","yoast_head_json":{"title":"Quais segredos esconde o \"Sol de Inverno\"? - Estado de Minas - Em foco","description":"Descubra a hist\u00f3ria de Takuya, um jovem patinador art\u00edstico, no filme 'Sol de Inverno'. Dirigido por Hiroshi Okuyama, o filme encanta cr\u00edticos e p\u00fablico com sua jornada de desafio a estere\u00f3tipos.","robots":{"index":"index","follow":"follow","max-snippet":"max-snippet:-1","max-image-preview":"max-image-preview:large","max-video-preview":"max-video-preview:-1"},"canonical":"https:\/\/www.em.com.br\/emfoco\/2025\/01\/17\/quais-segredos-esconde-o-sol-de-inverno\/","og_locale":"pt_BR","og_type":"article","og_title":"Quais segredos esconde o \"Sol de Inverno\"? - Estado de Minas - Em foco","og_description":"Descubra a hist\u00f3ria de Takuya, um jovem patinador art\u00edstico, no filme 'Sol de Inverno'. Dirigido por Hiroshi Okuyama, o filme encanta cr\u00edticos e p\u00fablico com sua jornada de desafio a estere\u00f3tipos.","og_url":"https:\/\/www.em.com.br\/emfoco\/2025\/01\/17\/quais-segredos-esconde-o-sol-de-inverno\/","og_site_name":"Estado de Minas - Em foco","article_published_time":"2025-01-17T21:40:00+00:00","article_modified_time":"2025-01-17T04:45:39+00:00","og_image":[{"width":1200,"height":775,"url":"https:\/\/www.em.com.br\/emfoco\/wp-content\/uploads\/2025\/01\/Screenshot_21.jpg","type":"image\/jpeg"}],"author":"Kelvin","twitter_card":"summary_large_image","twitter_misc":{"Escrito por":"Kelvin","Est. tempo de leitura":"4 minutos"},"schema":{"@context":"https:\/\/schema.org","@graph":[{"@type":"WebPage","@id":"https:\/\/www.em.com.br\/emfoco\/2025\/01\/17\/quais-segredos-esconde-o-sol-de-inverno\/","url":"https:\/\/www.em.com.br\/emfoco\/2025\/01\/17\/quais-segredos-esconde-o-sol-de-inverno\/","name":"Quais segredos esconde o \"Sol de Inverno\"? - Estado de Minas - Em foco","isPartOf":{"@id":"https:\/\/www.em.com.br\/emfoco\/#website"},"primaryImageOfPage":{"@id":"https:\/\/www.em.com.br\/emfoco\/2025\/01\/17\/quais-segredos-esconde-o-sol-de-inverno\/#primaryimage"},"image":{"@id":"https:\/\/www.em.com.br\/emfoco\/2025\/01\/17\/quais-segredos-esconde-o-sol-de-inverno\/#primaryimage"},"thumbnailUrl":"https:\/\/www.em.com.br\/emfoco\/wp-content\/uploads\/2025\/01\/Screenshot_21.jpg","datePublished":"2025-01-17T21:40:00+00:00","dateModified":"2025-01-17T04:45:39+00:00","author":{"@id":"https:\/\/www.em.com.br\/emfoco\/#\/schema\/person\/fb0a7f48c6fbb94b83f413a80f61917d"},"description":"Descubra a hist\u00f3ria de Takuya, um jovem patinador art\u00edstico, no filme 'Sol de Inverno'. Dirigido por Hiroshi Okuyama, o filme encanta cr\u00edticos e p\u00fablico com sua jornada de desafio a estere\u00f3tipos.","breadcrumb":{"@id":"https:\/\/www.em.com.br\/emfoco\/2025\/01\/17\/quais-segredos-esconde-o-sol-de-inverno\/#breadcrumb"},"inLanguage":"pt-BR","potentialAction":[{"@type":"ReadAction","target":["https:\/\/www.em.com.br\/emfoco\/2025\/01\/17\/quais-segredos-esconde-o-sol-de-inverno\/"]}]},{"@type":"ImageObject","inLanguage":"pt-BR","@id":"https:\/\/www.em.com.br\/emfoco\/2025\/01\/17\/quais-segredos-esconde-o-sol-de-inverno\/#primaryimage","url":"https:\/\/www.em.com.br\/emfoco\/wp-content\/uploads\/2025\/01\/Screenshot_21.jpg","contentUrl":"https:\/\/www.em.com.br\/emfoco\/wp-content\/uploads\/2025\/01\/Screenshot_21.jpg","width":1200,"height":775,"caption":"Sol de Inverno - Trailer"},{"@type":"BreadcrumbList","@id":"https:\/\/www.em.com.br\/emfoco\/2025\/01\/17\/quais-segredos-esconde-o-sol-de-inverno\/#breadcrumb","itemListElement":[{"@type":"ListItem","position":1,"name":"In\u00edcio","item":"https:\/\/www.em.com.br\/emfoco\/"},{"@type":"ListItem","position":2,"name":"Quais segredos esconde o &#8220;Sol de Inverno&#8221;?"}]},{"@type":"WebSite","@id":"https:\/\/www.em.com.br\/emfoco\/#website","url":"https:\/\/www.em.com.br\/emfoco\/","name":"Estado de Minas - Em foco","description":"Acompanhe as \u00faltimas not\u00edcias e fique bem informado sobre tudo o que acontece em Minas Gerais, Brasil e no mundo.","potentialAction":[{"@type":"SearchAction","target":{"@type":"EntryPoint","urlTemplate":"https:\/\/www.em.com.br\/emfoco\/?s={search_term_string}"},"query-input":{"@type":"PropertyValueSpecification","valueRequired":true,"valueName":"search_term_string"}}],"inLanguage":"pt-BR"},{"@type":"Person","@id":"https:\/\/www.em.com.br\/emfoco\/#\/schema\/person\/fb0a7f48c6fbb94b83f413a80f61917d","name":"Kelvin","image":{"@type":"ImageObject","inLanguage":"pt-BR","@id":"https:\/\/www.em.com.br\/emfoco\/#\/schema\/person\/image\/","url":"https:\/\/secure.gravatar.com\/avatar\/e74f84337e6bf6c4c5e88fbdffa05270?s=96&d=mm&r=g","contentUrl":"https:\/\/secure.gravatar.com\/avatar\/e74f84337e6bf6c4c5e88fbdffa05270?s=96&d=mm&r=g","caption":"Kelvin"},"sameAs":["https:\/\/www.em.com.br\/emfoco"],"url":"https:\/\/www.em.com.br\/emfoco\/author\/kelvinmyth\/"}]}},"_links":{"self":[{"href":"https:\/\/www.em.com.br\/emfoco\/wp-json\/wp\/v2\/posts\/11379","targetHints":{"allow":["GET"]}}],"collection":[{"href":"https:\/\/www.em.com.br\/emfoco\/wp-json\/wp\/v2\/posts"}],"about":[{"href":"https:\/\/www.em.com.br\/emfoco\/wp-json\/wp\/v2\/types\/post"}],"author":[{"embeddable":true,"href":"https:\/\/www.em.com.br\/emfoco\/wp-json\/wp\/v2\/users\/7"}],"replies":[{"embeddable":true,"href":"https:\/\/www.em.com.br\/emfoco\/wp-json\/wp\/v2\/comments?post=11379"}],"version-history":[{"count":2,"href":"https:\/\/www.em.com.br\/emfoco\/wp-json\/wp\/v2\/posts\/11379\/revisions"}],"predecessor-version":[{"id":11383,"href":"https:\/\/www.em.com.br\/emfoco\/wp-json\/wp\/v2\/posts\/11379\/revisions\/11383"}],"wp:featuredmedia":[{"embeddable":true,"href":"https:\/\/www.em.com.br\/emfoco\/wp-json\/wp\/v2\/media\/11382"}],"wp:attachment":[{"href":"https:\/\/www.em.com.br\/emfoco\/wp-json\/wp\/v2\/media?parent=11379"}],"wp:term":[{"taxonomy":"category","embeddable":true,"href":"https:\/\/www.em.com.br\/emfoco\/wp-json\/wp\/v2\/categories?post=11379"},{"taxonomy":"post_tag","embeddable":true,"href":"https:\/\/www.em.com.br\/emfoco\/wp-json\/wp\/v2\/tags?post=11379"}],"curies":[{"name":"wp","href":"https:\/\/api.w.org\/{rel}","templated":true}]}}