{"id":113784,"date":"2025-10-13T20:25:00","date_gmt":"2025-10-13T23:25:00","guid":{"rendered":"https:\/\/www.em.com.br\/emfoco\/?p=113784"},"modified":"2025-10-11T19:01:34","modified_gmt":"2025-10-11T22:01:34","slug":"garanta-uma-limpeza-completa-das-frutas-e-verduras-com-esses-3-ingredientes","status":"publish","type":"post","link":"https:\/\/www.em.com.br\/emfoco\/2025\/10\/13\/garanta-uma-limpeza-completa-das-frutas-e-verduras-com-esses-3-ingredientes\/","title":{"rendered":"Garanta uma limpeza completa das frutas e verduras com esses 3 ingredientes"},"content":{"rendered":"\n<p>Manter frutas e verduras livres de impurezas \u00e9 essencial para a sa\u00fade. Lavar corretamente ajuda a eliminar <strong>agrot\u00f3xicos<\/strong>, bact\u00e9rias e fungos que podem causar intoxica\u00e7\u00f5es e doen\u00e7as.<\/p>\n\n\n\n<ul class=\"wp-block-list\">\n<li>Aprenda uma receita natural e eficaz de higieniza\u00e7\u00e3o.<\/li>\n\n\n\n<li>Descubra o tempo ideal de molho e aplica\u00e7\u00e3o.<\/li>\n\n\n\n<li>Veja como armazenar os alimentos limpos corretamente.<\/li>\n<\/ul>\n\n\n\n<h2 class=\"wp-block-heading\">Por que \u00e9 t\u00e3o importante higienizar frutas e verduras?<\/h2>\n\n\n\n<p>Os <a href=\"https:\/\/www.gov.br\/anvisa\/pt-br\/assuntos\/noticias-anvisa\/2024\/anvisa-divulga-resultado-de-monitoramento-de-agrotoxicos-em-alimentos\" target=\"_blank\" rel=\"noreferrer noopener\"><strong>agrot\u00f3xicos<\/strong> <\/a>usados na agricultura podem deixar res\u00edduos na superf\u00edcie dos alimentos, representando riscos \u00e0 sa\u00fade. Al\u00e9m disso, o contato com solo e transporte aumenta a chance de contamina\u00e7\u00e3o por <strong>bact\u00e9rias e fungos<\/strong>.<\/p>\n\n\n\n<p>Ao realizar a <strong>higieniza\u00e7\u00e3o correta<\/strong>, voc\u00ea reduz significativamente a presen\u00e7a de microrganismos e subst\u00e2ncias qu\u00edmicas. Isso garante alimentos mais seguros e prolonga a durabilidade dos produtos na geladeira.<\/p>\n\n\n\n<figure class=\"wp-block-image size-large\"><img loading=\"lazy\" decoding=\"async\" width=\"1024\" height=\"576\" src=\"https:\/\/www.em.com.br\/emfoco\/wp-content\/uploads\/2025\/10\/Lavando-verduras_1760106397918-1024x576.jpg\" alt=\"Garanta uma limpeza completa das frutas e verduras com esses 3 ingredientes\" class=\"wp-image-113825\" srcset=\"https:\/\/www.em.com.br\/emfoco\/wp-content\/uploads\/2025\/10\/Lavando-verduras_1760106397918-1024x576.jpg 1024w, https:\/\/www.em.com.br\/emfoco\/wp-content\/uploads\/2025\/10\/Lavando-verduras_1760106397918-300x169.jpg 300w, https:\/\/www.em.com.br\/emfoco\/wp-content\/uploads\/2025\/10\/Lavando-verduras_1760106397918-768x432.jpg 768w, https:\/\/www.em.com.br\/emfoco\/wp-content\/uploads\/2025\/10\/Lavando-verduras_1760106397918-750x422.jpg 750w, https:\/\/www.em.com.br\/emfoco\/wp-content\/uploads\/2025\/10\/Lavando-verduras_1760106397918-1140x641.jpg 1140w, https:\/\/www.em.com.br\/emfoco\/wp-content\/uploads\/2025\/10\/Lavando-verduras_1760106397918.jpg 1280w\" sizes=\"auto, (max-width: 1024px) 100vw, 1024px\" \/><figcaption class=\"wp-element-caption\">Elimina\u00e7\u00e3o eficaz de pesticidas e bact\u00e9rias que podem causar intoxica\u00e7\u00f5es &#8211; Cr\u00e9ditos: depositphotos.com \/ HayDmitriy<\/figcaption><\/figure>\n\n\n\n<h2 class=\"wp-block-heading\">Quais ingredientes naturais funcionam melhor na limpeza?<\/h2>\n\n\n\n<p>Alguns ingredientes simples e acess\u00edveis s\u00e3o extremamente eficazes para remover impurezas de forma natural. Eles ajudam a eliminar res\u00edduos sem interferir no sabor ou valor nutricional dos alimentos.<\/p>\n\n\n\n<ul class=\"wp-block-list\">\n<li><strong>Vinagre branco:<\/strong> possui a\u00e7\u00e3o antibacteriana e ajuda a remover sujeiras e pesticidas.<\/li>\n\n\n\n<li><strong>Bicarbonato de s\u00f3dio:<\/strong> eficiente para neutralizar res\u00edduos qu\u00edmicos e micro-organismos.<\/li>\n\n\n\n<li><strong>Lim\u00e3o:<\/strong> tem propriedades desinfetantes e contribui para a limpeza profunda.<\/li>\n<\/ul>\n\n\n\n<h2 class=\"wp-block-heading\">Como preparar e aplicar a mistura de higieniza\u00e7\u00e3o?<\/h2>\n\n\n\n<p>Para fazer a solu\u00e7\u00e3o, misture uma colher de sopa de <strong>bicarbonato de s\u00f3dio<\/strong> e meia x\u00edcara de <strong>vinagre branco<\/strong> em um litro de \u00e1gua. Acrescente o suco de meio <strong>lim\u00e3o<\/strong> e mexa bem at\u00e9 dissolver completamente.<\/p>\n\n\n\n<p>Coloque as frutas e verduras em um recipiente grande, cubra com a solu\u00e7\u00e3o e deixe de molho por cerca de 15 minutos. Depois, enx\u00e1gue com \u00e1gua corrente para remover qualquer res\u00edduo da mistura antes de armazenar.<\/p>\n\n\n\n<figure class=\"wp-block-image size-large\"><img loading=\"lazy\" decoding=\"async\" width=\"1024\" height=\"576\" src=\"https:\/\/www.em.com.br\/emfoco\/wp-content\/uploads\/2025\/10\/Vinagre-e-bicarbonato-de-sodio_1760106432170-1024x576.jpg\" alt=\"Garanta uma limpeza completa das frutas e verduras com esses 3 ingredientes\" class=\"wp-image-113827\" srcset=\"https:\/\/www.em.com.br\/emfoco\/wp-content\/uploads\/2025\/10\/Vinagre-e-bicarbonato-de-sodio_1760106432170-1024x576.jpg 1024w, https:\/\/www.em.com.br\/emfoco\/wp-content\/uploads\/2025\/10\/Vinagre-e-bicarbonato-de-sodio_1760106432170-300x169.jpg 300w, https:\/\/www.em.com.br\/emfoco\/wp-content\/uploads\/2025\/10\/Vinagre-e-bicarbonato-de-sodio_1760106432170-768x432.jpg 768w, https:\/\/www.em.com.br\/emfoco\/wp-content\/uploads\/2025\/10\/Vinagre-e-bicarbonato-de-sodio_1760106432170-750x422.jpg 750w, https:\/\/www.em.com.br\/emfoco\/wp-content\/uploads\/2025\/10\/Vinagre-e-bicarbonato-de-sodio_1760106432170-1140x641.jpg 1140w, https:\/\/www.em.com.br\/emfoco\/wp-content\/uploads\/2025\/10\/Vinagre-e-bicarbonato-de-sodio_1760106432170.jpg 1280w\" sizes=\"auto, (max-width: 1024px) 100vw, 1024px\" \/><figcaption class=\"wp-element-caption\">F\u00f3rmula caseira que combina acidez e a\u00e7\u00e3o desinfetante suave &#8211; Cr\u00e9ditos: depositphotos.com \/ geo-grafika<\/figcaption><\/figure>\n\n\n\n<p><em>Leia mais: <a href=\"https:\/\/www.em.com.br\/emfoco\/2025\/10\/09\/essa-verdura-reduz-inflamacoes-e-fortalece-o-sistema-imunologico\/\" target=\"_blank\" rel=\"noreferrer noopener\">Essa verdura reduz inflama\u00e7\u00f5es e fortalece o sistema imunol\u00f3gico<\/a><\/em><\/p>\n\n\n\n<h2 class=\"wp-block-heading\">Com que frequ\u00eancia devo realizar essa higieniza\u00e7\u00e3o?<\/h2>\n\n\n\n<p>A <strong>higieniza\u00e7\u00e3o caseira<\/strong> deve ser feita sempre antes do consumo ou preparo dos alimentos. Idealmente, lave as frutas e verduras assim que chegar do mercado, garantindo mais praticidade no dia a dia.<\/p>\n\n\n\n<ul class=\"wp-block-list\">\n<li>Evite deixar os alimentos de molho por tempo excessivo para n\u00e3o alterar textura e sabor.<\/li>\n\n\n\n<li>Ap\u00f3s a limpeza, seque bem antes de guardar para evitar prolifera\u00e7\u00e3o de fungos.<\/li>\n\n\n\n<li>Repita o processo toda vez que comprar novos produtos frescos.<\/li>\n<\/ul>\n\n\n\n<h2 class=\"wp-block-heading\">Quais s\u00e3o as melhores formas de armazenar alimentos limpos?<\/h2>\n\n\n\n<p>Ap\u00f3s higienizar, \u00e9 essencial armazenar corretamente para preservar a qualidade. O ideal \u00e9 utilizar potes herm\u00e9ticos ou saquinhos com fechamento ziplock, mantendo-os na geladeira por at\u00e9 cinco dias.<\/p>\n\n\n\n<ul class=\"wp-block-list\">\n<li>Coloque um papel toalha no fundo do recipiente para absorver a umidade.<\/li>\n\n\n\n<li>Separe por tipo de alimento para evitar contamina\u00e7\u00e3o cruzada.<\/li>\n\n\n\n<li>Evite guardar frutas e verduras molhadas, pois isso acelera o apodrecimento.<\/li>\n<\/ul>\n","protected":false},"excerpt":{"rendered":"<p>Manter frutas e verduras livres de impurezas \u00e9 essencial para a sa\u00fade. Lavar corretamente ajuda a eliminar agrot\u00f3xicos, bact\u00e9rias e fungos que podem causar intoxica\u00e7\u00f5es e doen\u00e7as. Por que \u00e9 t\u00e3o importante higienizar frutas e verduras? Os agrot\u00f3xicos usados na agricultura podem deixar res\u00edduos na superf\u00edcie dos alimentos, representando riscos \u00e0 sa\u00fade. Al\u00e9m disso, o [&hellip;]<\/p>\n","protected":false},"author":13,"featured_media":113824,"comment_status":"open","ping_status":"open","sticky":false,"template":"","format":"standard","meta":{"jnews-multi-image_gallery":[],"jnews_single_post":{"format":"standard"},"jnews_primary_category":[],"jnews_social_meta":[],"jnews_override_counter":[],"footnotes":""},"categories":[8819,1],"tags":[5664,3081,12756],"class_list":["post-113784","post","type-post","status-publish","format-standard","has-post-thumbnail","hentry","category-curiosidades","category-noticias","tag-agrotoxicos","tag-alimentos","tag-saude-2"],"yoast_head":"<!-- This site is optimized with the Yoast SEO plugin v23.8 - https:\/\/yoast.com\/wordpress\/plugins\/seo\/ -->\n<title>Garanta uma limpeza completa das frutas e verduras com esses 3 ingredientes - Estado de Minas - Em foco<\/title>\n<meta name=\"description\" content=\"Saiba como preparar uma solu\u00e7\u00e3o caseira que remove res\u00edduos e protege sua sa\u00fade ao consumir frutas e hortali\u00e7as fresquinhas.\" \/>\n<meta name=\"robots\" content=\"index, follow, max-snippet:-1, max-image-preview:large, max-video-preview:-1\" \/>\n<link rel=\"canonical\" href=\"https:\/\/www.em.com.br\/emfoco\/2025\/10\/13\/garanta-uma-limpeza-completa-das-frutas-e-verduras-com-esses-3-ingredientes\/\" \/>\n<meta property=\"og:locale\" content=\"pt_BR\" \/>\n<meta property=\"og:type\" content=\"article\" \/>\n<meta property=\"og:title\" content=\"Garanta uma limpeza completa das frutas e verduras com esses 3 ingredientes - Estado de Minas - Em foco\" \/>\n<meta property=\"og:description\" content=\"Saiba como preparar uma solu\u00e7\u00e3o caseira que remove res\u00edduos e protege sua sa\u00fade ao consumir frutas e hortali\u00e7as fresquinhas.\" \/>\n<meta property=\"og:url\" content=\"https:\/\/www.em.com.br\/emfoco\/2025\/10\/13\/garanta-uma-limpeza-completa-das-frutas-e-verduras-com-esses-3-ingredientes\/\" \/>\n<meta property=\"og:site_name\" content=\"Estado de Minas - Em foco\" \/>\n<meta property=\"article:published_time\" content=\"2025-10-13T23:25:00+00:00\" \/>\n<meta property=\"article:modified_time\" content=\"2025-10-11T22:01:34+00:00\" \/>\n<meta property=\"og:image\" content=\"https:\/\/www.em.com.br\/emfoco\/wp-content\/uploads\/2025\/10\/Lavando-verduras_1760106368100.jpg\" \/>\n\t<meta property=\"og:image:width\" content=\"1280\" \/>\n\t<meta property=\"og:image:height\" content=\"720\" \/>\n\t<meta property=\"og:image:type\" content=\"image\/jpeg\" \/>\n<meta name=\"author\" content=\"Gabriel Martins\" \/>\n<meta name=\"twitter:card\" content=\"summary_large_image\" \/>\n<meta name=\"twitter:label1\" content=\"Escrito por\" \/>\n\t<meta name=\"twitter:data1\" content=\"Gabriel Martins\" \/>\n\t<meta name=\"twitter:label2\" content=\"Est. tempo de leitura\" \/>\n\t<meta name=\"twitter:data2\" content=\"4 minutos\" \/>\n<!-- \/ Yoast SEO plugin. -->","yoast_head_json":{"title":"Garanta uma limpeza completa das frutas e verduras com esses 3 ingredientes - Estado de Minas - Em foco","description":"Saiba como preparar uma solu\u00e7\u00e3o caseira que remove res\u00edduos e protege sua sa\u00fade ao consumir frutas e hortali\u00e7as fresquinhas.","robots":{"index":"index","follow":"follow","max-snippet":"max-snippet:-1","max-image-preview":"max-image-preview:large","max-video-preview":"max-video-preview:-1"},"canonical":"https:\/\/www.em.com.br\/emfoco\/2025\/10\/13\/garanta-uma-limpeza-completa-das-frutas-e-verduras-com-esses-3-ingredientes\/","og_locale":"pt_BR","og_type":"article","og_title":"Garanta uma limpeza completa das frutas e verduras com esses 3 ingredientes - Estado de Minas - Em foco","og_description":"Saiba como preparar uma solu\u00e7\u00e3o caseira que remove res\u00edduos e protege sua sa\u00fade ao consumir frutas e hortali\u00e7as fresquinhas.","og_url":"https:\/\/www.em.com.br\/emfoco\/2025\/10\/13\/garanta-uma-limpeza-completa-das-frutas-e-verduras-com-esses-3-ingredientes\/","og_site_name":"Estado de Minas - Em foco","article_published_time":"2025-10-13T23:25:00+00:00","article_modified_time":"2025-10-11T22:01:34+00:00","og_image":[{"width":1280,"height":720,"url":"https:\/\/www.em.com.br\/emfoco\/wp-content\/uploads\/2025\/10\/Lavando-verduras_1760106368100.jpg","type":"image\/jpeg"}],"author":"Gabriel Martins","twitter_card":"summary_large_image","twitter_misc":{"Escrito por":"Gabriel Martins","Est. tempo de leitura":"4 minutos"},"schema":{"@context":"https:\/\/schema.org","@graph":[{"@type":"WebPage","@id":"https:\/\/www.em.com.br\/emfoco\/2025\/10\/13\/garanta-uma-limpeza-completa-das-frutas-e-verduras-com-esses-3-ingredientes\/","url":"https:\/\/www.em.com.br\/emfoco\/2025\/10\/13\/garanta-uma-limpeza-completa-das-frutas-e-verduras-com-esses-3-ingredientes\/","name":"Garanta uma limpeza completa das frutas e verduras com esses 3 ingredientes - Estado de Minas - Em foco","isPartOf":{"@id":"https:\/\/www.em.com.br\/emfoco\/#website"},"primaryImageOfPage":{"@id":"https:\/\/www.em.com.br\/emfoco\/2025\/10\/13\/garanta-uma-limpeza-completa-das-frutas-e-verduras-com-esses-3-ingredientes\/#primaryimage"},"image":{"@id":"https:\/\/www.em.com.br\/emfoco\/2025\/10\/13\/garanta-uma-limpeza-completa-das-frutas-e-verduras-com-esses-3-ingredientes\/#primaryimage"},"thumbnailUrl":"https:\/\/www.em.com.br\/emfoco\/wp-content\/uploads\/2025\/10\/Lavando-verduras_1760106368100.jpg","datePublished":"2025-10-13T23:25:00+00:00","dateModified":"2025-10-11T22:01:34+00:00","author":{"@id":"https:\/\/www.em.com.br\/emfoco\/#\/schema\/person\/1c9ddeab18b98abeffef834667bcf08a"},"description":"Saiba como preparar uma solu\u00e7\u00e3o caseira que remove res\u00edduos e protege sua sa\u00fade ao consumir frutas e hortali\u00e7as fresquinhas.","breadcrumb":{"@id":"https:\/\/www.em.com.br\/emfoco\/2025\/10\/13\/garanta-uma-limpeza-completa-das-frutas-e-verduras-com-esses-3-ingredientes\/#breadcrumb"},"inLanguage":"pt-BR","potentialAction":[{"@type":"ReadAction","target":["https:\/\/www.em.com.br\/emfoco\/2025\/10\/13\/garanta-uma-limpeza-completa-das-frutas-e-verduras-com-esses-3-ingredientes\/"]}]},{"@type":"ImageObject","inLanguage":"pt-BR","@id":"https:\/\/www.em.com.br\/emfoco\/2025\/10\/13\/garanta-uma-limpeza-completa-das-frutas-e-verduras-com-esses-3-ingredientes\/#primaryimage","url":"https:\/\/www.em.com.br\/emfoco\/wp-content\/uploads\/2025\/10\/Lavando-verduras_1760106368100.jpg","contentUrl":"https:\/\/www.em.com.br\/emfoco\/wp-content\/uploads\/2025\/10\/Lavando-verduras_1760106368100.jpg","width":1280,"height":720,"caption":"Alimentos antioxidantes favorecem a regenera\u00e7\u00e3o celular - Cr\u00e9ditos: depositphotos.com \/ ArturVerkhovetskiy"},{"@type":"BreadcrumbList","@id":"https:\/\/www.em.com.br\/emfoco\/2025\/10\/13\/garanta-uma-limpeza-completa-das-frutas-e-verduras-com-esses-3-ingredientes\/#breadcrumb","itemListElement":[{"@type":"ListItem","position":1,"name":"In\u00edcio","item":"https:\/\/www.em.com.br\/emfoco\/"},{"@type":"ListItem","position":2,"name":"Garanta uma limpeza completa das frutas e verduras com esses 3 ingredientes"}]},{"@type":"WebSite","@id":"https:\/\/www.em.com.br\/emfoco\/#website","url":"https:\/\/www.em.com.br\/emfoco\/","name":"Estado de Minas - Em foco","description":"Acompanhe as \u00faltimas not\u00edcias e fique bem informado sobre tudo o que acontece em Minas Gerais, Brasil e no mundo.","potentialAction":[{"@type":"SearchAction","target":{"@type":"EntryPoint","urlTemplate":"https:\/\/www.em.com.br\/emfoco\/?s={search_term_string}"},"query-input":{"@type":"PropertyValueSpecification","valueRequired":true,"valueName":"search_term_string"}}],"inLanguage":"pt-BR"},{"@type":"Person","@id":"https:\/\/www.em.com.br\/emfoco\/#\/schema\/person\/1c9ddeab18b98abeffef834667bcf08a","name":"Gabriel Martins","image":{"@type":"ImageObject","inLanguage":"pt-BR","@id":"https:\/\/www.em.com.br\/emfoco\/#\/schema\/person\/image\/","url":"https:\/\/secure.gravatar.com\/avatar\/f0f1e2efdfd88f1ad2cb08c5c2731e50?s=96&d=mm&r=g","contentUrl":"https:\/\/secure.gravatar.com\/avatar\/f0f1e2efdfd88f1ad2cb08c5c2731e50?s=96&d=mm&r=g","caption":"Gabriel Martins"},"sameAs":["https:\/\/www.em.com.br\/emfoco\/"],"url":"https:\/\/www.em.com.br\/emfoco\/author\/gabrielmartinsmyth\/"}]}},"_links":{"self":[{"href":"https:\/\/www.em.com.br\/emfoco\/wp-json\/wp\/v2\/posts\/113784","targetHints":{"allow":["GET"]}}],"collection":[{"href":"https:\/\/www.em.com.br\/emfoco\/wp-json\/wp\/v2\/posts"}],"about":[{"href":"https:\/\/www.em.com.br\/emfoco\/wp-json\/wp\/v2\/types\/post"}],"author":[{"embeddable":true,"href":"https:\/\/www.em.com.br\/emfoco\/wp-json\/wp\/v2\/users\/13"}],"replies":[{"embeddable":true,"href":"https:\/\/www.em.com.br\/emfoco\/wp-json\/wp\/v2\/comments?post=113784"}],"version-history":[{"count":1,"href":"https:\/\/www.em.com.br\/emfoco\/wp-json\/wp\/v2\/posts\/113784\/revisions"}],"predecessor-version":[{"id":113828,"href":"https:\/\/www.em.com.br\/emfoco\/wp-json\/wp\/v2\/posts\/113784\/revisions\/113828"}],"wp:featuredmedia":[{"embeddable":true,"href":"https:\/\/www.em.com.br\/emfoco\/wp-json\/wp\/v2\/media\/113824"}],"wp:attachment":[{"href":"https:\/\/www.em.com.br\/emfoco\/wp-json\/wp\/v2\/media?parent=113784"}],"wp:term":[{"taxonomy":"category","embeddable":true,"href":"https:\/\/www.em.com.br\/emfoco\/wp-json\/wp\/v2\/categories?post=113784"},{"taxonomy":"post_tag","embeddable":true,"href":"https:\/\/www.em.com.br\/emfoco\/wp-json\/wp\/v2\/tags?post=113784"}],"curies":[{"name":"wp","href":"https:\/\/api.w.org\/{rel}","templated":true}]}}