{"id":113782,"date":"2025-10-13T17:15:00","date_gmt":"2025-10-13T20:15:00","guid":{"rendered":"https:\/\/www.em.com.br\/emfoco\/?p=113782"},"modified":"2025-10-11T18:52:14","modified_gmt":"2025-10-11T21:52:14","slug":"como-transformar-um-ape-minusculo-em-um-espaco-pratico-e-estiloso","status":"publish","type":"post","link":"https:\/\/www.em.com.br\/emfoco\/2025\/10\/13\/como-transformar-um-ape-minusculo-em-um-espaco-pratico-e-estiloso\/","title":{"rendered":"Como transformar um ap\u00ea min\u00fasculo em um espa\u00e7o pr\u00e1tico e estiloso"},"content":{"rendered":"\n<p>Viver em ambientes compactos \u00e9 um desafio, mas com boas estrat\u00e9gias de <strong>organiza\u00e7\u00e3o funcional<\/strong> \u00e9 poss\u00edvel aproveitar cada cent\u00edmetro. Pequenos espa\u00e7os podem se transformar em \u00e1reas pr\u00e1ticas, confort\u00e1veis e com muito estilo.<\/p>\n\n\n\n<ul class=\"wp-block-list\">\n<li>Ideias inteligentes para otimizar ambientes reduzidos<\/li>\n\n\n\n<li>M\u00f3veis multifuncionais e aproveitamento vertical<\/li>\n\n\n\n<li>Rotina pr\u00e1tica para manter tudo em ordem<\/li>\n<\/ul>\n\n\n\n<h2 class=\"wp-block-heading\">Como transformar espa\u00e7os pequenos em \u00e1reas pr\u00e1ticas e agrad\u00e1veis?<\/h2>\n\n\n\n<p>Viver em um local compacto exige planejamento e criatividade. O segredo est\u00e1 em <strong>otimizar o espa\u00e7o<\/strong> com solu\u00e7\u00f5es que tragam funcionalidade sem comprometer o conforto. Cada item deve ter um prop\u00f3sito e estar posicionado estrategicamente.<\/p>\n\n\n\n<p>Ambientes bem organizados proporcionam uma sensa\u00e7\u00e3o de amplitude e <a href=\"https:\/\/www.saudebemestar.pt\/pt\/blog-saude\/qualidade-de-vida\/\" target=\"_blank\" rel=\"noreferrer noopener\">bem-estar<\/a>. Apostar em <strong>decora\u00e7\u00e3o minimalista<\/strong> ajuda a reduzir o ac\u00famulo de objetos e valoriza a circula\u00e7\u00e3o. O foco deve ser sempre em criar fluidez e equil\u00edbrio visual.<\/p>\n\n\n\n<figure class=\"wp-block-image size-large\"><img loading=\"lazy\" decoding=\"async\" width=\"1024\" height=\"576\" src=\"https:\/\/www.em.com.br\/emfoco\/wp-content\/uploads\/2025\/10\/decoracao-minimalista_1759601875171-1024x576.jpg\" alt=\"A volta da tend\u00eancia minimalista que est\u00e1 transformando lares\" class=\"wp-image-111659\" srcset=\"https:\/\/www.em.com.br\/emfoco\/wp-content\/uploads\/2025\/10\/decoracao-minimalista_1759601875171-1024x576.jpg 1024w, https:\/\/www.em.com.br\/emfoco\/wp-content\/uploads\/2025\/10\/decoracao-minimalista_1759601875171-300x169.jpg 300w, https:\/\/www.em.com.br\/emfoco\/wp-content\/uploads\/2025\/10\/decoracao-minimalista_1759601875171-768x432.jpg 768w, https:\/\/www.em.com.br\/emfoco\/wp-content\/uploads\/2025\/10\/decoracao-minimalista_1759601875171-750x422.jpg 750w, https:\/\/www.em.com.br\/emfoco\/wp-content\/uploads\/2025\/10\/decoracao-minimalista_1759601875171-1140x641.jpg 1140w, https:\/\/www.em.com.br\/emfoco\/wp-content\/uploads\/2025\/10\/decoracao-minimalista_1759601875171.jpg 1280w\" sizes=\"auto, (max-width: 1024px) 100vw, 1024px\" \/><figcaption class=\"wp-element-caption\">M\u00f3veis pr\u00e1ticos que otimizam espa\u00e7o sem perder conforto &#8211; Cr\u00e9ditos: depositphotos.com \/ vkovalcuk29@gmail.com<\/figcaption><\/figure>\n\n\n\n<h2 class=\"wp-block-heading\">Quais m\u00f3veis e acess\u00f3rios ajudam a otimizar ambientes reduzidos?<\/h2>\n\n\n\n<p>Antes de escolher a mob\u00edlia, pense na funcionalidade. Priorize pe\u00e7as que tenham mais de um uso, como sof\u00e1s com ba\u00fa, camas com gavetas ou mesas retr\u00e1teis. Esses itens ajudam a <strong>maximizar o espa\u00e7o \u00fatil<\/strong> e reduzem a necessidade de arm\u00e1rios extras.<\/p>\n\n\n\n<ul class=\"wp-block-list\">\n<li>Use <strong>m\u00f3veis multifuncionais<\/strong> com compartimentos internos.<\/li>\n\n\n\n<li>Invista em <strong>prateleiras<\/strong> e nichos nas paredes.<\/li>\n\n\n\n<li>Utilize <strong>caixas organizadoras<\/strong> para agrupar objetos pequenos.<\/li>\n<\/ul>\n\n\n\n<h2 class=\"wp-block-heading\">Por que o aproveitamento vertical faz tanta diferen\u00e7a?<\/h2>\n\n\n\n<p>Em locais compactos, o espa\u00e7o nas paredes \u00e9 um dos maiores aliados. Prateleiras altas, ganchos e suportes ajudam a manter o ch\u00e3o livre, criando uma sensa\u00e7\u00e3o de amplitude. O <strong>aproveitamento vertical<\/strong> transforma at\u00e9 \u00e1reas esquecidas em espa\u00e7os \u00fateis.<\/p>\n\n\n\n<p>Um exemplo pr\u00e1tico \u00e9 instalar prateleiras acima das portas ou usar o espa\u00e7o sob escadas. Esses pontos, muitas vezes ignorados, podem servir como <strong>armazenamento extra<\/strong> ou at\u00e9 como \u00e1reas decorativas, trazendo equil\u00edbrio e funcionalidade.<\/p>\n\n\n\n<figure class=\"wp-block-image size-large\"><img loading=\"lazy\" decoding=\"async\" width=\"1024\" height=\"576\" src=\"https:\/\/www.em.com.br\/emfoco\/wp-content\/uploads\/2025\/10\/prateleiras-verticais_1760105939849-1024x576.jpg\" alt=\"Pr\u00e1tica constante de desapego e revis\u00e3o de objetos que evita ac\u00famulo - Cr\u00e9ditos: depositphotos.com \/ vision.si\" class=\"wp-image-113814\" srcset=\"https:\/\/www.em.com.br\/emfoco\/wp-content\/uploads\/2025\/10\/prateleiras-verticais_1760105939849-1024x576.jpg 1024w, https:\/\/www.em.com.br\/emfoco\/wp-content\/uploads\/2025\/10\/prateleiras-verticais_1760105939849-300x169.jpg 300w, https:\/\/www.em.com.br\/emfoco\/wp-content\/uploads\/2025\/10\/prateleiras-verticais_1760105939849-768x432.jpg 768w, https:\/\/www.em.com.br\/emfoco\/wp-content\/uploads\/2025\/10\/prateleiras-verticais_1760105939849-750x422.jpg 750w, https:\/\/www.em.com.br\/emfoco\/wp-content\/uploads\/2025\/10\/prateleiras-verticais_1760105939849-1140x641.jpg 1140w, https:\/\/www.em.com.br\/emfoco\/wp-content\/uploads\/2025\/10\/prateleiras-verticais_1760105939849.jpg 1280w\" sizes=\"auto, (max-width: 1024px) 100vw, 1024px\" \/><figcaption class=\"wp-element-caption\">Organiza\u00e7\u00e3o funcional que amplia visualmente o ambiente sem reformas &#8211; Cr\u00e9ditos: depositphotos.com \/ Foto-Video-Studio<\/figcaption><\/figure>\n\n\n\n<p><em>Leia mais: <a href=\"https:\/\/www.em.com.br\/emfoco\/2025\/09\/07\/truques-de-iluminacao-que-ajudam-a-valorizar-qualquer-ambiente\/\" target=\"_blank\" rel=\"noreferrer noopener\">Truques de ilumina\u00e7\u00e3o que ajudam a valorizar qualquer ambiente<\/a><\/em><\/p>\n\n\n\n<h2 class=\"wp-block-heading\">Como manter a casa organizada com pouco esfor\u00e7o di\u00e1rio?<\/h2>\n\n\n\n<p>Manter a organiza\u00e7\u00e3o \u00e9 uma quest\u00e3o de h\u00e1bito. Reserve alguns minutos por dia para colocar cada objeto em seu devido lugar. A <strong>disciplina di\u00e1ria<\/strong> evita ac\u00famulos e torna o ambiente mais agrad\u00e1vel e f\u00e1cil de limpar.<\/p>\n\n\n\n<ul class=\"wp-block-list\">\n<li>Adote uma <strong>rotina r\u00e1pida<\/strong> de 10 minutos para ajustes di\u00e1rios.<\/li>\n\n\n\n<li>Reavalie objetos in\u00fateis e pratique o <strong>desapego<\/strong> regularmente.<\/li>\n\n\n\n<li>Crie zonas espec\u00edficas para cada categoria de itens.<\/li>\n<\/ul>\n\n\n\n<h2 class=\"wp-block-heading\">Quais h\u00e1bitos simples mant\u00eam pequenos espa\u00e7os sempre funcionais?<\/h2>\n\n\n\n<p>Mesmo em apartamentos menores, \u00e9 poss\u00edvel manter tudo em ordem com pr\u00e1ticas constantes. A chave est\u00e1 em aplicar solu\u00e7\u00f5es inteligentes e criar um <strong>ritual de manuten\u00e7\u00e3o<\/strong> que se encaixe na rotina. Pequenas atitudes fazem grande diferen\u00e7a no dia a dia.<\/p>\n\n\n\n<ul class=\"wp-block-list\">\n<li>Guarde imediatamente o que usar, evitando ac\u00famulos.<\/li>\n\n\n\n<li>Limpe e reorganize superf\u00edcies semanalmente.<\/li>\n\n\n\n<li>Revise periodicamente o que pode ser doado ou reciclado.<\/li>\n<\/ul>\n","protected":false},"excerpt":{"rendered":"<p>Viver em ambientes compactos \u00e9 um desafio, mas com boas estrat\u00e9gias de organiza\u00e7\u00e3o funcional \u00e9 poss\u00edvel aproveitar cada cent\u00edmetro. Pequenos espa\u00e7os podem se transformar em \u00e1reas pr\u00e1ticas, confort\u00e1veis e com muito estilo. Como transformar espa\u00e7os pequenos em \u00e1reas pr\u00e1ticas e agrad\u00e1veis? Viver em um local compacto exige planejamento e criatividade. O segredo est\u00e1 em otimizar [&hellip;]<\/p>\n","protected":false},"author":13,"featured_media":113813,"comment_status":"open","ping_status":"open","sticky":false,"template":"","format":"standard","meta":{"jnews-multi-image_gallery":[],"jnews_single_post":{"format":"standard"},"jnews_primary_category":[],"jnews_social_meta":[],"jnews_override_counter":[],"footnotes":""},"categories":[8819,1],"tags":[12314,11844,1706],"class_list":["post-113782","post","type-post","status-publish","format-standard","has-post-thumbnail","hentry","category-curiosidades","category-noticias","tag-ambientes-internos","tag-apartamento","tag-espaco"],"yoast_head":"<!-- This site is optimized with the Yoast SEO plugin v23.8 - https:\/\/yoast.com\/wordpress\/plugins\/seo\/ -->\n<title>Como transformar um ap\u00ea min\u00fasculo em um espa\u00e7o pr\u00e1tico e estiloso - Estado de Minas - Em foco<\/title>\n<meta name=\"description\" content=\"Ideias pr\u00e1ticas est\u00e3o transformando lares pequenos em espa\u00e7os confort\u00e1veis e estilosos. Veja como aproveitar cada cantinho com criatividade.\" \/>\n<meta name=\"robots\" content=\"index, follow, max-snippet:-1, max-image-preview:large, max-video-preview:-1\" \/>\n<link rel=\"canonical\" href=\"https:\/\/www.em.com.br\/emfoco\/2025\/10\/13\/como-transformar-um-ape-minusculo-em-um-espaco-pratico-e-estiloso\/\" \/>\n<meta property=\"og:locale\" content=\"pt_BR\" \/>\n<meta property=\"og:type\" content=\"article\" \/>\n<meta property=\"og:title\" content=\"Como transformar um ap\u00ea min\u00fasculo em um espa\u00e7o pr\u00e1tico e estiloso - Estado de Minas - Em foco\" \/>\n<meta property=\"og:description\" content=\"Ideias pr\u00e1ticas est\u00e3o transformando lares pequenos em espa\u00e7os confort\u00e1veis e estilosos. Veja como aproveitar cada cantinho com criatividade.\" \/>\n<meta property=\"og:url\" content=\"https:\/\/www.em.com.br\/emfoco\/2025\/10\/13\/como-transformar-um-ape-minusculo-em-um-espaco-pratico-e-estiloso\/\" \/>\n<meta property=\"og:site_name\" content=\"Estado de Minas - Em foco\" \/>\n<meta property=\"article:published_time\" content=\"2025-10-13T20:15:00+00:00\" \/>\n<meta property=\"article:modified_time\" content=\"2025-10-11T21:52:14+00:00\" \/>\n<meta property=\"og:image\" content=\"https:\/\/www.em.com.br\/emfoco\/wp-content\/uploads\/2025\/10\/Apartamento-pequeno_1760105884578.jpg\" \/>\n\t<meta property=\"og:image:width\" content=\"1280\" \/>\n\t<meta property=\"og:image:height\" content=\"720\" \/>\n\t<meta property=\"og:image:type\" content=\"image\/jpeg\" \/>\n<meta name=\"author\" content=\"Gabriel Martins\" \/>\n<meta name=\"twitter:card\" content=\"summary_large_image\" \/>\n<meta name=\"twitter:label1\" content=\"Escrito por\" \/>\n\t<meta name=\"twitter:data1\" content=\"Gabriel Martins\" \/>\n\t<meta name=\"twitter:label2\" content=\"Est. tempo de leitura\" \/>\n\t<meta name=\"twitter:data2\" content=\"4 minutos\" \/>\n<!-- \/ Yoast SEO plugin. -->","yoast_head_json":{"title":"Como transformar um ap\u00ea min\u00fasculo em um espa\u00e7o pr\u00e1tico e estiloso - Estado de Minas - Em foco","description":"Ideias pr\u00e1ticas est\u00e3o transformando lares pequenos em espa\u00e7os confort\u00e1veis e estilosos. Veja como aproveitar cada cantinho com criatividade.","robots":{"index":"index","follow":"follow","max-snippet":"max-snippet:-1","max-image-preview":"max-image-preview:large","max-video-preview":"max-video-preview:-1"},"canonical":"https:\/\/www.em.com.br\/emfoco\/2025\/10\/13\/como-transformar-um-ape-minusculo-em-um-espaco-pratico-e-estiloso\/","og_locale":"pt_BR","og_type":"article","og_title":"Como transformar um ap\u00ea min\u00fasculo em um espa\u00e7o pr\u00e1tico e estiloso - Estado de Minas - Em foco","og_description":"Ideias pr\u00e1ticas est\u00e3o transformando lares pequenos em espa\u00e7os confort\u00e1veis e estilosos. Veja como aproveitar cada cantinho com criatividade.","og_url":"https:\/\/www.em.com.br\/emfoco\/2025\/10\/13\/como-transformar-um-ape-minusculo-em-um-espaco-pratico-e-estiloso\/","og_site_name":"Estado de Minas - Em foco","article_published_time":"2025-10-13T20:15:00+00:00","article_modified_time":"2025-10-11T21:52:14+00:00","og_image":[{"width":1280,"height":720,"url":"https:\/\/www.em.com.br\/emfoco\/wp-content\/uploads\/2025\/10\/Apartamento-pequeno_1760105884578.jpg","type":"image\/jpeg"}],"author":"Gabriel Martins","twitter_card":"summary_large_image","twitter_misc":{"Escrito por":"Gabriel Martins","Est. tempo de leitura":"4 minutos"},"schema":{"@context":"https:\/\/schema.org","@graph":[{"@type":"WebPage","@id":"https:\/\/www.em.com.br\/emfoco\/2025\/10\/13\/como-transformar-um-ape-minusculo-em-um-espaco-pratico-e-estiloso\/","url":"https:\/\/www.em.com.br\/emfoco\/2025\/10\/13\/como-transformar-um-ape-minusculo-em-um-espaco-pratico-e-estiloso\/","name":"Como transformar um ap\u00ea min\u00fasculo em um espa\u00e7o pr\u00e1tico e estiloso - Estado de Minas - Em foco","isPartOf":{"@id":"https:\/\/www.em.com.br\/emfoco\/#website"},"primaryImageOfPage":{"@id":"https:\/\/www.em.com.br\/emfoco\/2025\/10\/13\/como-transformar-um-ape-minusculo-em-um-espaco-pratico-e-estiloso\/#primaryimage"},"image":{"@id":"https:\/\/www.em.com.br\/emfoco\/2025\/10\/13\/como-transformar-um-ape-minusculo-em-um-espaco-pratico-e-estiloso\/#primaryimage"},"thumbnailUrl":"https:\/\/www.em.com.br\/emfoco\/wp-content\/uploads\/2025\/10\/Apartamento-pequeno_1760105884578.jpg","datePublished":"2025-10-13T20:15:00+00:00","dateModified":"2025-10-11T21:52:14+00:00","author":{"@id":"https:\/\/www.em.com.br\/emfoco\/#\/schema\/person\/1c9ddeab18b98abeffef834667bcf08a"},"description":"Ideias pr\u00e1ticas est\u00e3o transformando lares pequenos em espa\u00e7os confort\u00e1veis e estilosos. Veja como aproveitar cada cantinho com criatividade.","breadcrumb":{"@id":"https:\/\/www.em.com.br\/emfoco\/2025\/10\/13\/como-transformar-um-ape-minusculo-em-um-espaco-pratico-e-estiloso\/#breadcrumb"},"inLanguage":"pt-BR","potentialAction":[{"@type":"ReadAction","target":["https:\/\/www.em.com.br\/emfoco\/2025\/10\/13\/como-transformar-um-ape-minusculo-em-um-espaco-pratico-e-estiloso\/"]}]},{"@type":"ImageObject","inLanguage":"pt-BR","@id":"https:\/\/www.em.com.br\/emfoco\/2025\/10\/13\/como-transformar-um-ape-minusculo-em-um-espaco-pratico-e-estiloso\/#primaryimage","url":"https:\/\/www.em.com.br\/emfoco\/wp-content\/uploads\/2025\/10\/Apartamento-pequeno_1760105884578.jpg","contentUrl":"https:\/\/www.em.com.br\/emfoco\/wp-content\/uploads\/2025\/10\/Apartamento-pequeno_1760105884578.jpg","width":1280,"height":720,"caption":"Pr\u00e1tica constante de desapego e revis\u00e3o de objetos que evita ac\u00famulo - Cr\u00e9ditos: depositphotos.com \/ vision.si"},{"@type":"BreadcrumbList","@id":"https:\/\/www.em.com.br\/emfoco\/2025\/10\/13\/como-transformar-um-ape-minusculo-em-um-espaco-pratico-e-estiloso\/#breadcrumb","itemListElement":[{"@type":"ListItem","position":1,"name":"In\u00edcio","item":"https:\/\/www.em.com.br\/emfoco\/"},{"@type":"ListItem","position":2,"name":"Como transformar um ap\u00ea min\u00fasculo em um espa\u00e7o pr\u00e1tico e estiloso"}]},{"@type":"WebSite","@id":"https:\/\/www.em.com.br\/emfoco\/#website","url":"https:\/\/www.em.com.br\/emfoco\/","name":"Estado de Minas - Em foco","description":"Acompanhe as \u00faltimas not\u00edcias e fique bem informado sobre tudo o que acontece em Minas Gerais, Brasil e no mundo.","potentialAction":[{"@type":"SearchAction","target":{"@type":"EntryPoint","urlTemplate":"https:\/\/www.em.com.br\/emfoco\/?s={search_term_string}"},"query-input":{"@type":"PropertyValueSpecification","valueRequired":true,"valueName":"search_term_string"}}],"inLanguage":"pt-BR"},{"@type":"Person","@id":"https:\/\/www.em.com.br\/emfoco\/#\/schema\/person\/1c9ddeab18b98abeffef834667bcf08a","name":"Gabriel Martins","image":{"@type":"ImageObject","inLanguage":"pt-BR","@id":"https:\/\/www.em.com.br\/emfoco\/#\/schema\/person\/image\/","url":"https:\/\/secure.gravatar.com\/avatar\/f0f1e2efdfd88f1ad2cb08c5c2731e50?s=96&d=mm&r=g","contentUrl":"https:\/\/secure.gravatar.com\/avatar\/f0f1e2efdfd88f1ad2cb08c5c2731e50?s=96&d=mm&r=g","caption":"Gabriel Martins"},"sameAs":["https:\/\/www.em.com.br\/emfoco\/"],"url":"https:\/\/www.em.com.br\/emfoco\/author\/gabrielmartinsmyth\/"}]}},"_links":{"self":[{"href":"https:\/\/www.em.com.br\/emfoco\/wp-json\/wp\/v2\/posts\/113782","targetHints":{"allow":["GET"]}}],"collection":[{"href":"https:\/\/www.em.com.br\/emfoco\/wp-json\/wp\/v2\/posts"}],"about":[{"href":"https:\/\/www.em.com.br\/emfoco\/wp-json\/wp\/v2\/types\/post"}],"author":[{"embeddable":true,"href":"https:\/\/www.em.com.br\/emfoco\/wp-json\/wp\/v2\/users\/13"}],"replies":[{"embeddable":true,"href":"https:\/\/www.em.com.br\/emfoco\/wp-json\/wp\/v2\/comments?post=113782"}],"version-history":[{"count":1,"href":"https:\/\/www.em.com.br\/emfoco\/wp-json\/wp\/v2\/posts\/113782\/revisions"}],"predecessor-version":[{"id":113815,"href":"https:\/\/www.em.com.br\/emfoco\/wp-json\/wp\/v2\/posts\/113782\/revisions\/113815"}],"wp:featuredmedia":[{"embeddable":true,"href":"https:\/\/www.em.com.br\/emfoco\/wp-json\/wp\/v2\/media\/113813"}],"wp:attachment":[{"href":"https:\/\/www.em.com.br\/emfoco\/wp-json\/wp\/v2\/media?parent=113782"}],"wp:term":[{"taxonomy":"category","embeddable":true,"href":"https:\/\/www.em.com.br\/emfoco\/wp-json\/wp\/v2\/categories?post=113782"},{"taxonomy":"post_tag","embeddable":true,"href":"https:\/\/www.em.com.br\/emfoco\/wp-json\/wp\/v2\/tags?post=113782"}],"curies":[{"name":"wp","href":"https:\/\/api.w.org\/{rel}","templated":true}]}}