{"id":113765,"date":"2025-10-11T14:15:00","date_gmt":"2025-10-11T17:15:00","guid":{"rendered":"https:\/\/www.em.com.br\/emfoco\/?p=113765"},"modified":"2025-10-10T17:55:25","modified_gmt":"2025-10-10T20:55:25","slug":"como-se-preparar-e-blindar-seu-lar-contra-fenomenos-climaticos","status":"publish","type":"post","link":"https:\/\/www.em.com.br\/emfoco\/2025\/10\/11\/como-se-preparar-e-blindar-seu-lar-contra-fenomenos-climaticos\/","title":{"rendered":"Como se preparar e blindar seu lar contra fen\u00f4menos clim\u00e1ticos"},"content":{"rendered":"\n<p>As chuvas intensas s\u00e3o fen\u00f4menos clim\u00e1ticos que muitas vezes provocam desdobramentos significativos no cotidiano das regi\u00f5es atingidas. No <strong>Brasil<\/strong>, eventos desse tipo ocorrem frequentemente e abrangem diversas regi\u00f5es ao longo do ano. Recentemente, o <strong>Sudeste e o Centro-Oeste<\/strong> do pa\u00eds v\u00eam enfrentando condi\u00e7\u00f5es meteorol\u00f3gicas severas, levantando preocupa\u00e7\u00f5es em rela\u00e7\u00e3o \u00e0 seguran\u00e7a e ao bem-estar das popula\u00e7\u00f5es locais.<\/p>\n\n\n\n<p>A situa\u00e7\u00e3o clim\u00e1tica \u00e9 influenciada por uma combina\u00e7\u00e3o de fatores, incluindo a presen\u00e7a de frentes frias no Sudeste e a umidade elevada no <strong>Centro-Oeste<\/strong>. Esses sistemas clim\u00e1ticos criam um cen\u00e1rio prop\u00edcio para chuvas intensas, especialmente em estados como <strong>Minas Gerais<\/strong>, <strong>Goi\u00e1s <\/strong>e <strong>Mato Grosso<\/strong>, onde a previs\u00e3o indica precipita\u00e7\u00f5es acompanhadas de raios e ventos fortes. Essas condi\u00e7\u00f5es meteorol\u00f3gicas exigem aten\u00e7\u00e3o especial por parte das autoridades e dos moradores das \u00e1reas afetadas, uma vez que podem resultar em inunda\u00e7\u00f5es, deslizamentos de terra e interrup\u00e7\u00f5es nos servi\u00e7os essenciais.<\/p>\n\n\n\n<h2 class=\"wp-block-heading\">O que est\u00e1 provocando as chuvas na regi\u00e3o sudeste?<\/h2>\n\n\n<div class=\"wp-block-image\">\n<figure class=\"aligncenter size-large\"><img loading=\"lazy\" decoding=\"async\" width=\"1024\" height=\"576\" src=\"https:\/\/www.em.com.br\/emfoco\/wp-content\/uploads\/2025\/10\/clima-chuva_1757112362949-1024x576.jpg\" alt=\"\" class=\"wp-image-113808\" srcset=\"https:\/\/www.em.com.br\/emfoco\/wp-content\/uploads\/2025\/10\/clima-chuva_1757112362949-1024x576.jpg 1024w, https:\/\/www.em.com.br\/emfoco\/wp-content\/uploads\/2025\/10\/clima-chuva_1757112362949-300x169.jpg 300w, https:\/\/www.em.com.br\/emfoco\/wp-content\/uploads\/2025\/10\/clima-chuva_1757112362949-768x432.jpg 768w, https:\/\/www.em.com.br\/emfoco\/wp-content\/uploads\/2025\/10\/clima-chuva_1757112362949-750x422.jpg 750w, https:\/\/www.em.com.br\/emfoco\/wp-content\/uploads\/2025\/10\/clima-chuva_1757112362949-1140x641.jpg 1140w, https:\/\/www.em.com.br\/emfoco\/wp-content\/uploads\/2025\/10\/clima-chuva_1757112362949.jpg 1280w\" sizes=\"auto, (max-width: 1024px) 100vw, 1024px\" \/><figcaption class=\"wp-element-caption\">Homem segurando guarda-chuva debaixo da chuva &#8211; Cr\u00e9ditos: depositphotos.com \/ EdZbarzhyvetsky<\/figcaption><\/figure><\/div>\n\n\n<p>No Sudeste brasileiro, a entrada de uma frente fria \u00e9 um dos principais fatores motivadores das chuvas intensas. Essa frente fria avan\u00e7a pelo litoral, favorecendo a instabilidade atmosf\u00e9rica. Como resultado, s\u00e3o esperadas precipita\u00e7\u00f5es volumosas, sobretudo em <strong>Minas Gerais<\/strong>, <strong>Esp\u00edrito Santo<\/strong> e <strong>Rio de Janeiro<\/strong>. A atua\u00e7\u00e3o dessa frente fria tamb\u00e9m induz a forma\u00e7\u00e3o de nuvens carregadas, as quais geram tempestades localizadas durante o per\u00edodo da tarde.<\/p>\n\n\n\n<p>Al\u00e9m disso, a combina\u00e7\u00e3o entre altas temperaturas e umidade relativa do ar tem potencializado ainda mais a forma\u00e7\u00e3o de temporais na regi\u00e3o. A presen\u00e7a de corredores de umidade vindos da Amaz\u00f4nia intensifica a converg\u00eancia de ar, criando condi\u00e7\u00f5es ainda mais prop\u00edcias para chuvas fortes e continuadas. Esse padr\u00e3o deve continuar nos pr\u00f3ximos dias, exigindo monitoramento constante dos institutos de meteorologia e aten\u00e7\u00e3o redobrada da popula\u00e7\u00e3o local.<\/p>\n\n\n\n<h2 class=\"wp-block-heading\">Quais regi\u00f5es do Brasil est\u00e3o sob alerta meteorol\u00f3gico?<\/h2>\n\n\n\n<p>O <strong>Instituto Nacional de Meteorologia<\/strong> (<a href=\"https:\/\/portal.inmet.gov.br\/\" target=\"_blank\" rel=\"noreferrer noopener\">Inmet<\/a>) emitiu alertas de perigo para v\u00e1rias regi\u00f5es do <strong>Brasil<\/strong>, em particular para partes do <strong>Acre, Amazonas, Goi\u00e1s e Mato Grosso<\/strong>. No <strong>Amazonas e Acre<\/strong>, por exemplo, a severidade dos temporais foi classificada com o grau de &#8220;<strong>Perigo<\/strong>&#8220;, indicando riscos elevados \u00e0 seguran\u00e7a. Esses alertas s\u00e3o essenciais para que as popula\u00e7\u00f5es locais tomem medidas preventivas adequadas e se mantenham informadas sobre poss\u00edveis mudan\u00e7as nas condi\u00e7\u00f5es clim\u00e1ticas.<\/p>\n\n\n\n<p>Al\u00e9m dessas \u00e1reas, cidades do <strong>Norte do pa\u00eds<\/strong>, como <strong>Bel\u00e9m e Porto Velho<\/strong>, tamb\u00e9m est\u00e3o sob monitoramento devido ao aumento consider\u00e1vel dos \u00edndices pluviom\u00e9tricos. Nessas localidades, as tempestades v\u00eam acompanhadas de rajadas de vento e descargas el\u00e9tricas, o que pode acarretar quedas de energia e danos \u00e0 infraestrutura urbana. <\/p>\n\n\n\n<h2 class=\"wp-block-heading\">Como as chuvas afetam a vida cotidiana nas regi\u00f5es atingidas?<\/h2>\n\n\n\n<p>As chuvas intensas impactam diretamente o cotidiano das regi\u00f5es atingidas, gerando uma s\u00e9rie de desafios para a popula\u00e7\u00e3o. As inunda\u00e7\u00f5es urbanas s\u00e3o uma das principais preocupa\u00e7\u00f5es, pois podem danificar infraestruturas, inviabilizar o tr\u00e2nsito e causar preju\u00edzos econ\u00f4micos significativos. Al\u00e9m disso, \u00e1reas rurais tamb\u00e9m enfrentam dificuldades devido ao alagamento de planta\u00e7\u00f5es e estradas vicinais, o que pode comprometer o transporte de alimentos e produtos.<\/p>\n\n\n\n<p>Em muitos casos, escolas e estabelecimentos de sa\u00fade t\u00eam as atividades interrompidas por conta do risco de alagamentos ou dificuldades de acesso. O ac\u00famulo de \u00e1gua nas cidades tamb\u00e9m favorece a prolifera\u00e7\u00e3o de doen\u00e7as transmitidas por mosquitos, como a dengue, aumentando o alerta para a vigil\u00e2ncia sanit\u00e1ria. As rotinas das fam\u00edlias, especialmente das que vivem em \u00e1reas de risco, s\u00e3o profundamente afetadas, com necessidade de adapta\u00e7\u00f5es diante de emerg\u00eancias e poss\u00edveis deslocamentos tempor\u00e1rios.<\/p>\n\n\n\n<p>Leia mais: <a href=\"https:\/\/www.em.com.br\/emfoco\/2025\/10\/06\/tecnicas-de-relaxamento-em-ate-5-minutos-para-fazer-em-casa\/\" target=\"_blank\" rel=\"noreferrer noopener\">T\u00e9cnicas de relaxamento em at\u00e9 5 minutos para fazer em casa<\/a><\/p>\n\n\n\n<h2 class=\"wp-block-heading\">Quais medidas preventivas s\u00e3o recomendadas pelo Inmet?<\/h2>\n\n\n\n<p>Para mitigar os efeitos das chuvas intensas, o <strong>Instituto Nacional de Meteorologia<\/strong> sugere uma s\u00e9rie de medidas preventivas para a popula\u00e7\u00e3o. Entre as recomenda\u00e7\u00f5es, est\u00e3o evitar transitar em zonas de alagamento, monitorar atentamente as condi\u00e7\u00f5es das encostas e, se necess\u00e1rio, desligar aparelhos el\u00e9tricos para prevenir acidentes el\u00e9tricos. A precau\u00e7\u00e3o \u00e9 crucial para resguardar vidas e minimizar os danos materiais durante as tempestades.<\/p>\n\n\n\n<p>O Inmet tamb\u00e9m orienta que a popula\u00e7\u00e3o acompanhe continuamente os boletins meteorol\u00f3gicos e tenha um plano de evacua\u00e7\u00e3o caso necess\u00e1rio. Outra recomenda\u00e7\u00e3o importante \u00e9 manter documentos e objetos de valor em locais elevados, al\u00e9m de preparar kits de emerg\u00eancia contendo itens b\u00e1sicos, como lanternas, \u00e1gua pot\u00e1vel e medicamentos. A ado\u00e7\u00e3o dessas medidas pode fazer a diferen\u00e7a em situa\u00e7\u00f5es de risco, protegendo as fam\u00edlias e facilitando o trabalho dos \u00f3rg\u00e3os de defesa civil.<\/p>\n\n\n\n<p>Desta forma, a compreens\u00e3o dos fatores meteorol\u00f3gicos e a ado\u00e7\u00e3o de medidas preventivas s\u00e3o cruciais para enfrentar as chuvas intensas com seguran\u00e7a. A colabora\u00e7\u00e3o entre as autoridades, a m\u00eddia e a popula\u00e7\u00e3o \u00e9 essencial para garantir uma resposta eficaz a esses eventos clim\u00e1ticos, reduzindo o potencial de danos e promovendo o bem-estar da comunidade.<\/p>\n","protected":false},"excerpt":{"rendered":"<p>As chuvas intensas s\u00e3o fen\u00f4menos clim\u00e1ticos que muitas vezes provocam desdobramentos significativos no cotidiano das regi\u00f5es atingidas. No Brasil, eventos desse tipo ocorrem frequentemente e abrangem diversas regi\u00f5es ao longo do ano. Recentemente, o Sudeste e o Centro-Oeste do pa\u00eds v\u00eam enfrentando condi\u00e7\u00f5es meteorol\u00f3gicas severas, levantando preocupa\u00e7\u00f5es em rela\u00e7\u00e3o \u00e0 seguran\u00e7a e ao bem-estar das [&hellip;]<\/p>\n","protected":false},"author":20,"featured_media":54994,"comment_status":"open","ping_status":"open","sticky":false,"template":"","format":"standard","meta":{"jnews-multi-image_gallery":[],"jnews_single_post":{"format":"standard"},"jnews_primary_category":[],"jnews_social_meta":[],"jnews_override_counter":[],"footnotes":""},"categories":[30,1],"tags":[17267,152,1192],"class_list":["post-113765","post","type-post","status-publish","format-standard","has-post-thumbnail","hentry","category-clima","category-noticias","tag-centro-oeste-2","tag-clima","tag-sudeste"],"yoast_head":"<!-- This site is optimized with the Yoast SEO plugin v23.8 - https:\/\/yoast.com\/wordpress\/plugins\/seo\/ -->\n<title>Como se preparar e blindar seu lar contra fen\u00f4menos clim\u00e1ticos - Estado de Minas - Em foco<\/title>\n<meta name=\"description\" content=\"Aprenda medidas pr\u00e1ticas para proteger sua casa e fam\u00edlia das chuvas intensas. Garanta sua seguran\u00e7a e evite preju\u00edzos!\" \/>\n<meta name=\"robots\" content=\"index, follow, max-snippet:-1, max-image-preview:large, max-video-preview:-1\" \/>\n<link rel=\"canonical\" href=\"https:\/\/www.em.com.br\/emfoco\/2025\/10\/11\/como-se-preparar-e-blindar-seu-lar-contra-fenomenos-climaticos\/\" \/>\n<meta property=\"og:locale\" content=\"pt_BR\" \/>\n<meta property=\"og:type\" content=\"article\" \/>\n<meta property=\"og:title\" content=\"Como se preparar e blindar seu lar contra fen\u00f4menos clim\u00e1ticos - Estado de Minas - Em foco\" \/>\n<meta property=\"og:description\" content=\"Aprenda medidas pr\u00e1ticas para proteger sua casa e fam\u00edlia das chuvas intensas. Garanta sua seguran\u00e7a e evite preju\u00edzos!\" \/>\n<meta property=\"og:url\" content=\"https:\/\/www.em.com.br\/emfoco\/2025\/10\/11\/como-se-preparar-e-blindar-seu-lar-contra-fenomenos-climaticos\/\" \/>\n<meta property=\"og:site_name\" content=\"Estado de Minas - Em foco\" \/>\n<meta property=\"article:published_time\" content=\"2025-10-11T17:15:00+00:00\" \/>\n<meta property=\"article:modified_time\" content=\"2025-10-10T20:55:25+00:00\" \/>\n<meta property=\"og:image\" content=\"https:\/\/www.em.com.br\/emfoco\/wp-content\/uploads\/2025\/06\/idoso-tecnologia_1745341129302.jpg\" \/>\n\t<meta property=\"og:image:width\" content=\"1280\" \/>\n\t<meta property=\"og:image:height\" content=\"720\" \/>\n\t<meta property=\"og:image:type\" content=\"image\/jpeg\" \/>\n<meta name=\"author\" content=\"Ingrid Diniz\" \/>\n<meta name=\"twitter:card\" content=\"summary_large_image\" \/>\n<meta name=\"twitter:label1\" content=\"Escrito por\" \/>\n\t<meta name=\"twitter:data1\" content=\"Ingrid Diniz\" \/>\n\t<meta name=\"twitter:label2\" content=\"Est. tempo de leitura\" \/>\n\t<meta name=\"twitter:data2\" content=\"5 minutos\" \/>\n<!-- \/ Yoast SEO plugin. -->","yoast_head_json":{"title":"Como se preparar e blindar seu lar contra fen\u00f4menos clim\u00e1ticos - Estado de Minas - Em foco","description":"Aprenda medidas pr\u00e1ticas para proteger sua casa e fam\u00edlia das chuvas intensas. Garanta sua seguran\u00e7a e evite preju\u00edzos!","robots":{"index":"index","follow":"follow","max-snippet":"max-snippet:-1","max-image-preview":"max-image-preview:large","max-video-preview":"max-video-preview:-1"},"canonical":"https:\/\/www.em.com.br\/emfoco\/2025\/10\/11\/como-se-preparar-e-blindar-seu-lar-contra-fenomenos-climaticos\/","og_locale":"pt_BR","og_type":"article","og_title":"Como se preparar e blindar seu lar contra fen\u00f4menos clim\u00e1ticos - Estado de Minas - Em foco","og_description":"Aprenda medidas pr\u00e1ticas para proteger sua casa e fam\u00edlia das chuvas intensas. Garanta sua seguran\u00e7a e evite preju\u00edzos!","og_url":"https:\/\/www.em.com.br\/emfoco\/2025\/10\/11\/como-se-preparar-e-blindar-seu-lar-contra-fenomenos-climaticos\/","og_site_name":"Estado de Minas - Em foco","article_published_time":"2025-10-11T17:15:00+00:00","article_modified_time":"2025-10-10T20:55:25+00:00","og_image":[{"width":1280,"height":720,"url":"https:\/\/www.em.com.br\/emfoco\/wp-content\/uploads\/2025\/06\/idoso-tecnologia_1745341129302.jpg","type":"image\/jpeg"}],"author":"Ingrid Diniz","twitter_card":"summary_large_image","twitter_misc":{"Escrito por":"Ingrid Diniz","Est. tempo de leitura":"5 minutos"},"schema":{"@context":"https:\/\/schema.org","@graph":[{"@type":"WebPage","@id":"https:\/\/www.em.com.br\/emfoco\/2025\/10\/11\/como-se-preparar-e-blindar-seu-lar-contra-fenomenos-climaticos\/","url":"https:\/\/www.em.com.br\/emfoco\/2025\/10\/11\/como-se-preparar-e-blindar-seu-lar-contra-fenomenos-climaticos\/","name":"Como se preparar e blindar seu lar contra fen\u00f4menos clim\u00e1ticos - Estado de Minas - Em foco","isPartOf":{"@id":"https:\/\/www.em.com.br\/emfoco\/#website"},"primaryImageOfPage":{"@id":"https:\/\/www.em.com.br\/emfoco\/2025\/10\/11\/como-se-preparar-e-blindar-seu-lar-contra-fenomenos-climaticos\/#primaryimage"},"image":{"@id":"https:\/\/www.em.com.br\/emfoco\/2025\/10\/11\/como-se-preparar-e-blindar-seu-lar-contra-fenomenos-climaticos\/#primaryimage"},"thumbnailUrl":"https:\/\/www.em.com.br\/emfoco\/wp-content\/uploads\/2025\/06\/idoso-tecnologia_1745341129302.jpg","datePublished":"2025-10-11T17:15:00+00:00","dateModified":"2025-10-10T20:55:25+00:00","author":{"@id":"https:\/\/www.em.com.br\/emfoco\/#\/schema\/person\/649e610b4eb8fff87ff394e54fe17b2b"},"description":"Aprenda medidas pr\u00e1ticas para proteger sua casa e fam\u00edlia das chuvas intensas. Garanta sua seguran\u00e7a e evite preju\u00edzos!","breadcrumb":{"@id":"https:\/\/www.em.com.br\/emfoco\/2025\/10\/11\/como-se-preparar-e-blindar-seu-lar-contra-fenomenos-climaticos\/#breadcrumb"},"inLanguage":"pt-BR","potentialAction":[{"@type":"ReadAction","target":["https:\/\/www.em.com.br\/emfoco\/2025\/10\/11\/como-se-preparar-e-blindar-seu-lar-contra-fenomenos-climaticos\/"]}]},{"@type":"ImageObject","inLanguage":"pt-BR","@id":"https:\/\/www.em.com.br\/emfoco\/2025\/10\/11\/como-se-preparar-e-blindar-seu-lar-contra-fenomenos-climaticos\/#primaryimage","url":"https:\/\/www.em.com.br\/emfoco\/wp-content\/uploads\/2025\/06\/idoso-tecnologia_1745341129302.jpg","contentUrl":"https:\/\/www.em.com.br\/emfoco\/wp-content\/uploads\/2025\/06\/idoso-tecnologia_1745341129302.jpg","width":1280,"height":720,"caption":"Benef\u00edcios do Estatuto 2025 para quem tem 60+ - Cr\u00e9ditos: depositphotos.com \/ HayDmitriy"},{"@type":"BreadcrumbList","@id":"https:\/\/www.em.com.br\/emfoco\/2025\/10\/11\/como-se-preparar-e-blindar-seu-lar-contra-fenomenos-climaticos\/#breadcrumb","itemListElement":[{"@type":"ListItem","position":1,"name":"In\u00edcio","item":"https:\/\/www.em.com.br\/emfoco\/"},{"@type":"ListItem","position":2,"name":"Como se preparar e blindar seu lar contra fen\u00f4menos clim\u00e1ticos"}]},{"@type":"WebSite","@id":"https:\/\/www.em.com.br\/emfoco\/#website","url":"https:\/\/www.em.com.br\/emfoco\/","name":"Estado de Minas - Em foco","description":"Acompanhe as \u00faltimas not\u00edcias e fique bem informado sobre tudo o que acontece em Minas Gerais, Brasil e no mundo.","potentialAction":[{"@type":"SearchAction","target":{"@type":"EntryPoint","urlTemplate":"https:\/\/www.em.com.br\/emfoco\/?s={search_term_string}"},"query-input":{"@type":"PropertyValueSpecification","valueRequired":true,"valueName":"search_term_string"}}],"inLanguage":"pt-BR"},{"@type":"Person","@id":"https:\/\/www.em.com.br\/emfoco\/#\/schema\/person\/649e610b4eb8fff87ff394e54fe17b2b","name":"Ingrid Diniz","image":{"@type":"ImageObject","inLanguage":"pt-BR","@id":"https:\/\/www.em.com.br\/emfoco\/#\/schema\/person\/image\/","url":"https:\/\/secure.gravatar.com\/avatar\/a3baa1449ec5c39b4c42babc9d4f3951?s=96&d=mm&r=g","contentUrl":"https:\/\/secure.gravatar.com\/avatar\/a3baa1449ec5c39b4c42babc9d4f3951?s=96&d=mm&r=g","caption":"Ingrid Diniz"},"sameAs":["https:\/\/www.em.com.br\/"],"url":"https:\/\/www.em.com.br\/emfoco\/author\/ingridmyth\/"}]}},"_links":{"self":[{"href":"https:\/\/www.em.com.br\/emfoco\/wp-json\/wp\/v2\/posts\/113765","targetHints":{"allow":["GET"]}}],"collection":[{"href":"https:\/\/www.em.com.br\/emfoco\/wp-json\/wp\/v2\/posts"}],"about":[{"href":"https:\/\/www.em.com.br\/emfoco\/wp-json\/wp\/v2\/types\/post"}],"author":[{"embeddable":true,"href":"https:\/\/www.em.com.br\/emfoco\/wp-json\/wp\/v2\/users\/20"}],"replies":[{"embeddable":true,"href":"https:\/\/www.em.com.br\/emfoco\/wp-json\/wp\/v2\/comments?post=113765"}],"version-history":[{"count":2,"href":"https:\/\/www.em.com.br\/emfoco\/wp-json\/wp\/v2\/posts\/113765\/revisions"}],"predecessor-version":[{"id":114020,"href":"https:\/\/www.em.com.br\/emfoco\/wp-json\/wp\/v2\/posts\/113765\/revisions\/114020"}],"wp:featuredmedia":[{"embeddable":true,"href":"https:\/\/www.em.com.br\/emfoco\/wp-json\/wp\/v2\/media\/54994"}],"wp:attachment":[{"href":"https:\/\/www.em.com.br\/emfoco\/wp-json\/wp\/v2\/media?parent=113765"}],"wp:term":[{"taxonomy":"category","embeddable":true,"href":"https:\/\/www.em.com.br\/emfoco\/wp-json\/wp\/v2\/categories?post=113765"},{"taxonomy":"post_tag","embeddable":true,"href":"https:\/\/www.em.com.br\/emfoco\/wp-json\/wp\/v2\/tags?post=113765"}],"curies":[{"name":"wp","href":"https:\/\/api.w.org\/{rel}","templated":true}]}}