{"id":113760,"date":"2025-10-11T09:35:00","date_gmt":"2025-10-11T12:35:00","guid":{"rendered":"https:\/\/www.em.com.br\/emfoco\/?p=113760"},"modified":"2025-10-10T11:24:30","modified_gmt":"2025-10-10T14:24:30","slug":"dicas-para-proteger-sua-familia-da-seca-extrema-de-minas","status":"publish","type":"post","link":"https:\/\/www.em.com.br\/emfoco\/2025\/10\/11\/dicas-para-proteger-sua-familia-da-seca-extrema-de-minas\/","title":{"rendered":"Dicas para proteger sua fam\u00edlia da seca extrema de Minas"},"content":{"rendered":"\n<p>Ap\u00f3s um longo per\u00edodo de estiagem e baixa umidade relativa do ar, <strong>Minas Gerais<\/strong> pode finalmente vivenciar um retorno parcial das chuvas nos pr\u00f3ximos dias. O <strong>Climatempo <\/strong>indica que, no in\u00edcio da segunda quinzena de setembro, uma frente fria mais intensa poder\u00e1 chegar ao <strong>Sudeste<\/strong>, favorecendo a forma\u00e7\u00e3o de chuvas em diversas regi\u00f5es do estado. Embora exista essa perspectiva de precipita\u00e7\u00f5es, ainda n\u00e3o se pode garantir o reestabelecimento pleno do regime de chuvas.<\/p>\n\n\n\n<p>De acordo com previs\u00f5es meteorol\u00f3gicas, o fim de setembro e o come\u00e7o de outubro trar\u00e3o mudan\u00e7as no padr\u00e3o clim\u00e1tico. Movimentos na circula\u00e7\u00e3o de ventos, especialmente entre as regi\u00f5es <strong>Norte e Sudeste<\/strong>, s\u00e3o esperados para gerar umidade, resultando em \u00e1reas propensas \u00e0 instabilidade e ocasionais pancadas de chuva. Cidades como <strong>Montes Claros<\/strong>, que recentemente enfrentaram condi\u00e7\u00f5es \u00e1ridas com umidade relativa alcan\u00e7ando 13%, podem receber algum al\u00edvio com essas mudan\u00e7as.<\/p>\n\n\n\n<h2 class=\"wp-block-heading\">O que esperar das pr\u00f3ximas chuvas em Minas Gerais?<\/h2>\n\n\n<div class=\"wp-block-image\">\n<figure class=\"aligncenter size-large\"><img loading=\"lazy\" decoding=\"async\" width=\"1024\" height=\"576\" src=\"https:\/\/www.em.com.br\/emfoco\/wp-content\/uploads\/2025\/10\/clima-chuva_1757112349143-1024x576.jpg\" alt=\"\" class=\"wp-image-113807\" srcset=\"https:\/\/www.em.com.br\/emfoco\/wp-content\/uploads\/2025\/10\/clima-chuva_1757112349143-1024x576.jpg 1024w, https:\/\/www.em.com.br\/emfoco\/wp-content\/uploads\/2025\/10\/clima-chuva_1757112349143-300x169.jpg 300w, https:\/\/www.em.com.br\/emfoco\/wp-content\/uploads\/2025\/10\/clima-chuva_1757112349143-768x432.jpg 768w, https:\/\/www.em.com.br\/emfoco\/wp-content\/uploads\/2025\/10\/clima-chuva_1757112349143-750x422.jpg 750w, https:\/\/www.em.com.br\/emfoco\/wp-content\/uploads\/2025\/10\/clima-chuva_1757112349143-1140x641.jpg 1140w, https:\/\/www.em.com.br\/emfoco\/wp-content\/uploads\/2025\/10\/clima-chuva_1757112349143.jpg 1280w\" sizes=\"auto, (max-width: 1024px) 100vw, 1024px\" \/><figcaption class=\"wp-element-caption\">Chuva caindo no guarda-chuva &#8211; Cr\u00e9ditos: depositphotos.com \/ rfphoto<\/figcaption><\/figure><\/div>\n\n\n<p>A fim de lidar com a previs\u00e3o de chuvas esparsas, os munic\u00edpios devem se preparar para <strong>per\u00edodos de instabilidade<\/strong>, ainda que breves. <strong>Montes Claros<\/strong>, que n\u00e3o registra chuvas significativas desde julho, pode ver mudan\u00e7as \u00e0 medida que as condi\u00e7\u00f5es meteorol\u00f3gicas evoluem. A previs\u00e3o para <strong><a href=\"https:\/\/prefeitura.pbh.gov.br\/\" target=\"_blank\" rel=\"noreferrer noopener\">Belo Horizonte<\/a><\/strong> tamb\u00e9m promete pancadas de chuva, embora limitadas e em poucas ocasi\u00f5es.<\/p>\n\n\n\n<p>Segundo especialistas, apesar das precipita\u00e7\u00f5es previstas, o volume de \u00e1gua n\u00e3o deve ser suficiente para reverter o d\u00e9ficit h\u00eddrico acumulado nos \u00faltimos meses, exigindo aten\u00e7\u00e3o cont\u00ednua por parte dos \u00f3rg\u00e3os de defesa civil e da popula\u00e7\u00e3o. Al\u00e9m disso, as chuvas podem chegar de maneira irregular, com eventos localizados e de curta dura\u00e7\u00e3o, sem atingir todas as regi\u00f5es de maneira uniforme. Recomenda-se monitoramento atento das atualiza\u00e7\u00f5es meteorol\u00f3gicas.<\/p>\n\n\n\n<h2 class=\"wp-block-heading\">Desafios impostos pelo clima seco<\/h2>\n\n\n\n<p>Apesar da expectativa por chuvas, o cen\u00e1rio revela uma persist\u00eancia do clima predominantemente seco e quente. <strong>Belo Horizonte<\/strong>, por exemplo, est\u00e1 propensa a registrar temperaturas superiores a 30\u00b0C, enquanto \u00e1reas no oeste e norte de <strong>Minas Gerais<\/strong> podem enfrentar picos <strong>entre 35\u00b0C e 37\u00b0C<\/strong>. Este clima quente e seco imp\u00f5e desafios significativos \u00e0 popula\u00e7\u00e3o, especialmente em cidades que j\u00e1 sofrem com baixos n\u00edveis de umidade.<\/p>\n\n\n\n<p>Al\u00e9m do desconforto para a popula\u00e7\u00e3o, o clima seco pode favorecer o aumento de focos de inc\u00eandio em \u00e1reas de vegeta\u00e7\u00e3o, um agravante para a sa\u00fade do meio ambiente e para os servi\u00e7os de combate ao fogo. Autoridades ambientais alertam para o risco de queimadas e recomendam conscientiza\u00e7\u00e3o coletiva para evitar atividades que possam causar inc\u00eandios, especialmente neste per\u00edodo cr\u00edtico para o bioma local.<\/p>\n\n\n\n<h2 class=\"wp-block-heading\">Como lidar com a baixa umidade e as altas temperaturas?<\/h2>\n\n\n\n<p>Para enfrentar essas condi\u00e7\u00f5es adversas, algumas medidas s\u00e3o recomendadas:<\/p>\n\n\n\n<ul class=\"wp-block-list\">\n<li>Consumo adequado de \u00e1gua para manter a hidrata\u00e7\u00e3o.<\/li>\n\n\n\n<li>Uso de umidificadores em ambientes fechados para melhorar a qualidade do ar.<\/li>\n\n\n\n<li>Evitar a exposi\u00e7\u00e3o prolongada ao sol, especialmente nas horas mais quentes do dia.<\/li>\n\n\n\n<li>Praticar atividades f\u00edsicas em ambientes adequados e durante hor\u00e1rios mais frescos.<\/li>\n<\/ul>\n\n\n\n<p>Al\u00e9m dessas recomenda\u00e7\u00f5es, especialistas indicam o uso de roupas leves e claras, alimenta\u00e7\u00e3o rica em frutas e verduras, e aten\u00e7\u00e3o especial a idosos e crian\u00e7as, que s\u00e3o mais vulner\u00e1veis aos efeitos do tempo seco. Ambientes devem ser mantidos ventilados e, quando poss\u00edvel, recipientes com \u00e1gua podem ser deixados nos c\u00f4modos para elevar a umidade.<\/p>\n\n\n\n<p>Leia mais: <a href=\"https:\/\/www.em.com.br\/emfoco\/2025\/10\/08\/nova-legislacao-ambiental-ignora-variaveis-climaticas-e-preocupa-especialistas\/\" target=\"_blank\" rel=\"noreferrer noopener\">Nova legisla\u00e7\u00e3o ambiental ignora vari\u00e1veis clim\u00e1ticas e preocupa especialistas<\/a><\/p>\n\n\n\n<h2 class=\"wp-block-heading\">Impacto do clima sobre a rotina e o meio ambiente<\/h2>\n\n\n\n<p>As condi\u00e7\u00f5es clim\u00e1ticas atuais n\u00e3o apenas afetam as atividades cotidianas, mas tamb\u00e9m exercem press\u00e3o sobre o meio ambiente. A escassez de chuva afeta a agricultura, os recursos h\u00eddricos e at\u00e9 mesmo a biodiversidade local. Com a possibilidade de chuvas, espera-se uma melhoria tempor\u00e1ria, mas o estado deve se manter vigilante quanto \u00e0 conserva\u00e7\u00e3o de \u00e1gua e pr\u00e1ticas sustent\u00e1veis para enfrentar futuros desafios clim\u00e1ticos.<\/p>\n\n\n\n<p>Na zona rural, agricultores t\u00eam registrado preju\u00edzos devido \u00e0 disponibilidade reduzida de \u00e1gua para irriga\u00e7\u00e3o e ao estresse h\u00eddrico em planta\u00e7\u00f5es e animais. Medidas emergenciais, como o uso racional da \u00e1gua e a ado\u00e7\u00e3o de t\u00e9cnicas de manejo sustent\u00e1vel, tornam-se ainda mais importantes para minimizar os danos e adaptar a rotina \u00e0 nova realidade imposta pelo clima.<\/p>\n\n\n\n<p>Este cen\u00e1rio ressalta a import\u00e2ncia de <strong>pol\u00edticas de gest\u00e3o ambiental<\/strong> eficazes e a necessidade de adapta\u00e7\u00f5es constantes diante das mudan\u00e7as clim\u00e1ticas, visando a redu\u00e7\u00e3o dos impactos sobre a popula\u00e7\u00e3o e o meio ambiente. Seguir atentos \u00e0s previs\u00f5es e recomenda\u00e7\u00f5es meteorol\u00f3gicas \u00e9 fundamental para atravessar este per\u00edodo desafiador com resili\u00eancia.<\/p>\n","protected":false},"excerpt":{"rendered":"<p>Ap\u00f3s um longo per\u00edodo de estiagem e baixa umidade relativa do ar, Minas Gerais pode finalmente vivenciar um retorno parcial das chuvas nos pr\u00f3ximos dias. O Climatempo indica que, no in\u00edcio da segunda quinzena de setembro, uma frente fria mais intensa poder\u00e1 chegar ao Sudeste, favorecendo a forma\u00e7\u00e3o de chuvas em diversas regi\u00f5es do estado. [&hellip;]<\/p>\n","protected":false},"author":20,"featured_media":57205,"comment_status":"open","ping_status":"open","sticky":false,"template":"","format":"standard","meta":{"jnews-multi-image_gallery":[],"jnews_single_post":{"format":"standard"},"jnews_primary_category":[],"jnews_social_meta":[],"jnews_override_counter":[],"footnotes":""},"categories":[30,1],"tags":[156,152,207,1697],"class_list":["post-113760","post","type-post","status-publish","format-standard","has-post-thumbnail","hentry","category-clima","category-noticias","tag-chuva","tag-clima","tag-minas-gerais","tag-seca"],"yoast_head":"<!-- This site is optimized with the Yoast SEO plugin v23.8 - https:\/\/yoast.com\/wordpress\/plugins\/seo\/ -->\n<title>Dicas para proteger sua fam\u00edlia da seca extrema de Minas - Estado de Minas - Em foco<\/title>\n<meta name=\"description\" content=\"Saiba o que esperar das chuvas esparsas em BH e Montes Claros. Dicas de hidrata\u00e7\u00e3o e umidifica\u00e7\u00e3o para garantir a seguran\u00e7a de sua fam\u00edlia.\" \/>\n<meta name=\"robots\" content=\"index, follow, max-snippet:-1, max-image-preview:large, max-video-preview:-1\" \/>\n<link rel=\"canonical\" href=\"https:\/\/www.em.com.br\/emfoco\/2025\/10\/11\/dicas-para-proteger-sua-familia-da-seca-extrema-de-minas\/\" \/>\n<meta property=\"og:locale\" content=\"pt_BR\" \/>\n<meta property=\"og:type\" content=\"article\" \/>\n<meta property=\"og:title\" content=\"Dicas para proteger sua fam\u00edlia da seca extrema de Minas - Estado de Minas - Em foco\" \/>\n<meta property=\"og:description\" content=\"Saiba o que esperar das chuvas esparsas em BH e Montes Claros. Dicas de hidrata\u00e7\u00e3o e umidifica\u00e7\u00e3o para garantir a seguran\u00e7a de sua fam\u00edlia.\" \/>\n<meta property=\"og:url\" content=\"https:\/\/www.em.com.br\/emfoco\/2025\/10\/11\/dicas-para-proteger-sua-familia-da-seca-extrema-de-minas\/\" \/>\n<meta property=\"og:site_name\" content=\"Estado de Minas - Em foco\" \/>\n<meta property=\"article:published_time\" content=\"2025-10-11T12:35:00+00:00\" \/>\n<meta property=\"article:modified_time\" content=\"2025-10-10T14:24:30+00:00\" \/>\n<meta property=\"og:image\" content=\"https:\/\/www.em.com.br\/emfoco\/wp-content\/uploads\/2025\/06\/pais_1749223248432.jpg\" \/>\n\t<meta property=\"og:image:width\" content=\"1280\" \/>\n\t<meta property=\"og:image:height\" content=\"720\" \/>\n\t<meta property=\"og:image:type\" content=\"image\/jpeg\" \/>\n<meta name=\"author\" content=\"Ingrid Diniz\" \/>\n<meta name=\"twitter:card\" content=\"summary_large_image\" \/>\n<meta name=\"twitter:label1\" content=\"Escrito por\" \/>\n\t<meta name=\"twitter:data1\" content=\"Ingrid Diniz\" \/>\n\t<meta name=\"twitter:label2\" content=\"Est. tempo de leitura\" \/>\n\t<meta name=\"twitter:data2\" content=\"5 minutos\" \/>\n<!-- \/ Yoast SEO plugin. -->","yoast_head_json":{"title":"Dicas para proteger sua fam\u00edlia da seca extrema de Minas - Estado de Minas - Em foco","description":"Saiba o que esperar das chuvas esparsas em BH e Montes Claros. Dicas de hidrata\u00e7\u00e3o e umidifica\u00e7\u00e3o para garantir a seguran\u00e7a de sua fam\u00edlia.","robots":{"index":"index","follow":"follow","max-snippet":"max-snippet:-1","max-image-preview":"max-image-preview:large","max-video-preview":"max-video-preview:-1"},"canonical":"https:\/\/www.em.com.br\/emfoco\/2025\/10\/11\/dicas-para-proteger-sua-familia-da-seca-extrema-de-minas\/","og_locale":"pt_BR","og_type":"article","og_title":"Dicas para proteger sua fam\u00edlia da seca extrema de Minas - Estado de Minas - Em foco","og_description":"Saiba o que esperar das chuvas esparsas em BH e Montes Claros. Dicas de hidrata\u00e7\u00e3o e umidifica\u00e7\u00e3o para garantir a seguran\u00e7a de sua fam\u00edlia.","og_url":"https:\/\/www.em.com.br\/emfoco\/2025\/10\/11\/dicas-para-proteger-sua-familia-da-seca-extrema-de-minas\/","og_site_name":"Estado de Minas - Em foco","article_published_time":"2025-10-11T12:35:00+00:00","article_modified_time":"2025-10-10T14:24:30+00:00","og_image":[{"width":1280,"height":720,"url":"https:\/\/www.em.com.br\/emfoco\/wp-content\/uploads\/2025\/06\/pais_1749223248432.jpg","type":"image\/jpeg"}],"author":"Ingrid Diniz","twitter_card":"summary_large_image","twitter_misc":{"Escrito por":"Ingrid Diniz","Est. tempo de leitura":"5 minutos"},"schema":{"@context":"https:\/\/schema.org","@graph":[{"@type":"WebPage","@id":"https:\/\/www.em.com.br\/emfoco\/2025\/10\/11\/dicas-para-proteger-sua-familia-da-seca-extrema-de-minas\/","url":"https:\/\/www.em.com.br\/emfoco\/2025\/10\/11\/dicas-para-proteger-sua-familia-da-seca-extrema-de-minas\/","name":"Dicas para proteger sua fam\u00edlia da seca extrema de Minas - Estado de Minas - Em foco","isPartOf":{"@id":"https:\/\/www.em.com.br\/emfoco\/#website"},"primaryImageOfPage":{"@id":"https:\/\/www.em.com.br\/emfoco\/2025\/10\/11\/dicas-para-proteger-sua-familia-da-seca-extrema-de-minas\/#primaryimage"},"image":{"@id":"https:\/\/www.em.com.br\/emfoco\/2025\/10\/11\/dicas-para-proteger-sua-familia-da-seca-extrema-de-minas\/#primaryimage"},"thumbnailUrl":"https:\/\/www.em.com.br\/emfoco\/wp-content\/uploads\/2025\/06\/pais_1749223248432.jpg","datePublished":"2025-10-11T12:35:00+00:00","dateModified":"2025-10-10T14:24:30+00:00","author":{"@id":"https:\/\/www.em.com.br\/emfoco\/#\/schema\/person\/649e610b4eb8fff87ff394e54fe17b2b"},"description":"Saiba o que esperar das chuvas esparsas em BH e Montes Claros. Dicas de hidrata\u00e7\u00e3o e umidifica\u00e7\u00e3o para garantir a seguran\u00e7a de sua fam\u00edlia.","breadcrumb":{"@id":"https:\/\/www.em.com.br\/emfoco\/2025\/10\/11\/dicas-para-proteger-sua-familia-da-seca-extrema-de-minas\/#breadcrumb"},"inLanguage":"pt-BR","potentialAction":[{"@type":"ReadAction","target":["https:\/\/www.em.com.br\/emfoco\/2025\/10\/11\/dicas-para-proteger-sua-familia-da-seca-extrema-de-minas\/"]}]},{"@type":"ImageObject","inLanguage":"pt-BR","@id":"https:\/\/www.em.com.br\/emfoco\/2025\/10\/11\/dicas-para-proteger-sua-familia-da-seca-extrema-de-minas\/#primaryimage","url":"https:\/\/www.em.com.br\/emfoco\/wp-content\/uploads\/2025\/06\/pais_1749223248432.jpg","contentUrl":"https:\/\/www.em.com.br\/emfoco\/wp-content\/uploads\/2025\/06\/pais_1749223248432.jpg","width":1280,"height":720,"caption":"Fam\u00edlia - Cr\u00e9ditos: depositphotos.com \/ EdZbarzhyvetsky"},{"@type":"BreadcrumbList","@id":"https:\/\/www.em.com.br\/emfoco\/2025\/10\/11\/dicas-para-proteger-sua-familia-da-seca-extrema-de-minas\/#breadcrumb","itemListElement":[{"@type":"ListItem","position":1,"name":"In\u00edcio","item":"https:\/\/www.em.com.br\/emfoco\/"},{"@type":"ListItem","position":2,"name":"Dicas para proteger sua fam\u00edlia da seca extrema de Minas"}]},{"@type":"WebSite","@id":"https:\/\/www.em.com.br\/emfoco\/#website","url":"https:\/\/www.em.com.br\/emfoco\/","name":"Estado de Minas - Em foco","description":"Acompanhe as \u00faltimas not\u00edcias e fique bem informado sobre tudo o que acontece em Minas Gerais, Brasil e no mundo.","potentialAction":[{"@type":"SearchAction","target":{"@type":"EntryPoint","urlTemplate":"https:\/\/www.em.com.br\/emfoco\/?s={search_term_string}"},"query-input":{"@type":"PropertyValueSpecification","valueRequired":true,"valueName":"search_term_string"}}],"inLanguage":"pt-BR"},{"@type":"Person","@id":"https:\/\/www.em.com.br\/emfoco\/#\/schema\/person\/649e610b4eb8fff87ff394e54fe17b2b","name":"Ingrid Diniz","image":{"@type":"ImageObject","inLanguage":"pt-BR","@id":"https:\/\/www.em.com.br\/emfoco\/#\/schema\/person\/image\/","url":"https:\/\/secure.gravatar.com\/avatar\/a3baa1449ec5c39b4c42babc9d4f3951?s=96&d=mm&r=g","contentUrl":"https:\/\/secure.gravatar.com\/avatar\/a3baa1449ec5c39b4c42babc9d4f3951?s=96&d=mm&r=g","caption":"Ingrid Diniz"},"sameAs":["https:\/\/www.em.com.br\/"],"url":"https:\/\/www.em.com.br\/emfoco\/author\/ingridmyth\/"}]}},"_links":{"self":[{"href":"https:\/\/www.em.com.br\/emfoco\/wp-json\/wp\/v2\/posts\/113760","targetHints":{"allow":["GET"]}}],"collection":[{"href":"https:\/\/www.em.com.br\/emfoco\/wp-json\/wp\/v2\/posts"}],"about":[{"href":"https:\/\/www.em.com.br\/emfoco\/wp-json\/wp\/v2\/types\/post"}],"author":[{"embeddable":true,"href":"https:\/\/www.em.com.br\/emfoco\/wp-json\/wp\/v2\/users\/20"}],"replies":[{"embeddable":true,"href":"https:\/\/www.em.com.br\/emfoco\/wp-json\/wp\/v2\/comments?post=113760"}],"version-history":[{"count":1,"href":"https:\/\/www.em.com.br\/emfoco\/wp-json\/wp\/v2\/posts\/113760\/revisions"}],"predecessor-version":[{"id":113817,"href":"https:\/\/www.em.com.br\/emfoco\/wp-json\/wp\/v2\/posts\/113760\/revisions\/113817"}],"wp:featuredmedia":[{"embeddable":true,"href":"https:\/\/www.em.com.br\/emfoco\/wp-json\/wp\/v2\/media\/57205"}],"wp:attachment":[{"href":"https:\/\/www.em.com.br\/emfoco\/wp-json\/wp\/v2\/media?parent=113760"}],"wp:term":[{"taxonomy":"category","embeddable":true,"href":"https:\/\/www.em.com.br\/emfoco\/wp-json\/wp\/v2\/categories?post=113760"},{"taxonomy":"post_tag","embeddable":true,"href":"https:\/\/www.em.com.br\/emfoco\/wp-json\/wp\/v2\/tags?post=113760"}],"curies":[{"name":"wp","href":"https:\/\/api.w.org\/{rel}","templated":true}]}}