{"id":113695,"date":"2025-10-11T07:55:00","date_gmt":"2025-10-11T10:55:00","guid":{"rendered":"https:\/\/www.em.com.br\/emfoco\/?p=113695"},"modified":"2025-10-10T12:18:56","modified_gmt":"2025-10-10T15:18:56","slug":"veja-como-deixar-o-brocolis-verdinho-mesmo-apos-cozido","status":"publish","type":"post","link":"https:\/\/www.em.com.br\/emfoco\/2025\/10\/11\/veja-como-deixar-o-brocolis-verdinho-mesmo-apos-cozido\/","title":{"rendered":"Veja como deixar o br\u00f3colis verdinho mesmo ap\u00f3s cozido"},"content":{"rendered":"\n<p>O br\u00f3colis \u00e9 um\u00a0<strong>superalimento<\/strong>\u00a0vers\u00e1til e cheio de nutrientes. Seja para inovar no jantar ou aproveitar ao m\u00e1ximo os talos que estavam esquecidos na geladeira. Por\u00e9m, \u00e0s vezes, ao cozinhar o\u00a0<strong>br\u00f3colis<\/strong>\u00a0ele sempre perde sua cor vibrante, saiba que voc\u00ea n\u00e3o est\u00e1 sozinho. Felizmente, h\u00e1 uma t\u00e9cnica profissional para preservar a cor e a textura desse vegetal, mantendo-o sempre atraente e nutritivo.<\/p>\n\n\n\n<ul class=\"wp-block-list\">\n<li>Descubra a t\u00e9cnica do choque t\u00e9rmico para manter o br\u00f3colis verde.<\/li>\n\n\n\n<li>Aprenda como manter os nutrientes durante o cozimento.<\/li>\n\n\n\n<li>Veja os principais benef\u00edcios do br\u00f3colis na dieta.<\/li>\n<\/ul>\n\n\n\n<h2 class=\"wp-block-heading\">Qual \u00e9 o m\u00e9todo para manter o br\u00f3colis verde?<\/h2>\n\n\n\n<p>Um erro comum ao cozinhar\u00a0<a href=\"https:\/\/www.em.com.br\/emfoco\/2025\/10\/08\/brocolis-ganha-fama-de-superalimento-e-se-torna-essencial-na-dieta\/\" target=\"_blank\" rel=\"noreferrer noopener\"><strong>br\u00f3colis<\/strong>\u00a0<\/a>\u00e9 deix\u00e1-lo perder a cor durante o cozimento. Para evitar isso, profissionais usam o chamado\u00a0<strong>choque t\u00e9rmico<\/strong>. Essa t\u00e9cnica interrompe o cozimento ao mergulhar o vegetal em \u00e1gua com gelo ap\u00f3s alguns minutos em \u00e1gua fervente.<\/p>\n\n\n\n<p>O nutricionista\u00a0<strong>Durval Ribas<\/strong>\u00a0cita: &#8220;Quando cozidos em excesso, eles perdem a maior parte de seus nutrientes, al\u00e9m de alterarem a textura do vegetal. O ideal \u00e9 cozinh\u00e1-los a vapor por pouco tempo, a fim de manter todas as propriedades ben\u00e9ficas \u00e0 sa\u00fade.&#8221;<\/p>\n\n\n\n<p>Esse procedimento n\u00e3o s\u00f3 mant\u00e9m a cor viva, mas tamb\u00e9m ajuda na preserva\u00e7\u00e3o dos nutrientes. A nutricionista&nbsp;<strong>Ana Silva<\/strong>&nbsp;destaca que o cozimento em excesso diminui o valor nutricional do br\u00f3colis, ent\u00e3o \u00e9 importante controlar o tempo.<\/p>\n\n\n\n<figure class=\"wp-block-image\"><img decoding=\"async\" src=\"https:\/\/www.em.com.br\/emfoco\/wp-content\/uploads\/2025\/03\/brocolis_1742665738467-1024x576.jpg\" alt=\"\"\/><figcaption class=\"wp-element-caption\">Br\u00f3colis &#8211; Cr\u00e9ditos: depositphotos.com \/ IgorVetushko<\/figcaption><\/figure>\n\n\n\n<h2 class=\"wp-block-heading\">Por que \u00e9 essencial preservar os nutrientes do br\u00f3colis?<\/h2>\n\n\n\n<p>O&nbsp;<strong>br\u00f3colis<\/strong>&nbsp;\u00e9 rico em vitaminas e antioxidantes que s\u00e3o cruciais para a sa\u00fade. Cozinhar corretamente garante a integridade dessas subst\u00e2ncias, que s\u00e3o fundamentais no fortalecimento do sistema imunol\u00f3gico, sa\u00fade do cora\u00e7\u00e3o e digest\u00e3o eficiente.<\/p>\n\n\n\n<p>Para armazenar corretamente o br\u00f3colis, \u00e9 recomendado mant\u00ea-lo em embalagens fechadas na geladeira e consumir em at\u00e9 uma semana, como sugere o especialista&nbsp;<strong>Carlos Mendes<\/strong>.<\/p>\n\n\n\n<h2 class=\"wp-block-heading\">Quais s\u00e3o os benef\u00edcios de incluir br\u00f3colis na alimenta\u00e7\u00e3o?<\/h2>\n\n\n\n<p>Repleto de nutrientes essenciais, o&nbsp;<strong>br\u00f3colis<\/strong>&nbsp;\u00e9 um dos alimentos mais ben\u00e9ficos que voc\u00ea pode adicionar \u00e0 sua dieta. Ele cont\u00e9m vitaminas A, C e K, al\u00e9m de minerais que s\u00e3o essenciais para o bem-estar geral.<\/p>\n\n\n\n<p><a href=\"https:\/\/pmc.ncbi.nlm.nih.gov\/articles\/PMC8575925\/\" target=\"_blank\" rel=\"noreferrer noopener\">Segundo pesquisa publicada no\u00a0<strong>Journal of Nutrition<\/strong><\/a>, uma dieta rica em vegetais cruc\u00edferos como o br\u00f3colis pode reduzir riscos de doen\u00e7as cr\u00f4nicas. Ensaios cl\u00ednicos mostram que o consumo regular deste vegetal auxilia na preven\u00e7\u00e3o de certos tipos de c\u00e2ncer e melhora a sa\u00fade cardiovascular.<\/p>\n\n\n\n<p>Al\u00e9m disso, o&nbsp;<strong>br\u00f3colis<\/strong>&nbsp;combate a bact\u00e9ria&nbsp;<strong>H. pylori<\/strong>, reduzindo assim riscos de doen\u00e7as g\u00e1stricas. Seu baixo teor cal\u00f3rico tamb\u00e9m faz dele uma escolha inteligente para quem deseja uma alimenta\u00e7\u00e3o equilibrada.<\/p>\n\n\n\n<h2 class=\"wp-block-heading\">Como incluir o br\u00f3colis no dia a dia para sentir resultados?<\/h2>\n\n\n\n<ul class=\"wp-block-list\">\n<li>Use a t\u00e9cnica de choque t\u00e9rmico para preservar cor e nutrientes.<\/li>\n\n\n\n<li>Mantenha o m\u00e1ximo de benef\u00edcios com o cozimento correto.<\/li>\n\n\n\n<li>Desfrute de uma dieta saud\u00e1vel e equilibrada ao incluir br\u00f3colis regularmente.<\/li>\n<\/ul>\n","protected":false},"excerpt":{"rendered":"<p>O br\u00f3colis \u00e9 um\u00a0superalimento\u00a0vers\u00e1til e cheio de nutrientes. Seja para inovar no jantar ou aproveitar ao m\u00e1ximo os talos que estavam esquecidos na geladeira. Por\u00e9m, \u00e0s vezes, ao cozinhar o\u00a0br\u00f3colis\u00a0ele sempre perde sua cor vibrante, saiba que voc\u00ea n\u00e3o est\u00e1 sozinho. Felizmente, h\u00e1 uma t\u00e9cnica profissional para preservar a cor e a textura desse vegetal, [&hellip;]<\/p>\n","protected":false},"author":11,"featured_media":31388,"comment_status":"open","ping_status":"open","sticky":false,"template":"","format":"standard","meta":{"jnews-multi-image_gallery":[],"jnews_single_post":{"format":"standard"},"jnews_primary_category":[],"jnews_social_meta":[],"jnews_override_counter":[],"footnotes":""},"categories":[8691,1],"tags":[4068,3239,1915],"class_list":["post-113695","post","type-post","status-publish","format-standard","has-post-thumbnail","hentry","category-bem-estar","category-noticias","tag-brocolis","tag-cozinhar","tag-nutrientes"],"yoast_head":"<!-- This site is optimized with the Yoast SEO plugin v23.8 - https:\/\/yoast.com\/wordpress\/plugins\/seo\/ -->\n<title>Veja como deixar o br\u00f3colis verdinho mesmo ap\u00f3s cozido - Estado de Minas - Em foco<\/title>\n<meta name=\"description\" content=\"Descubra o segredo dos chefs para manter o br\u00f3colis verde, crocante e nutritivo com a t\u00e9cnica simples do choque t\u00e9rmico.\" \/>\n<meta name=\"robots\" content=\"index, follow, max-snippet:-1, max-image-preview:large, max-video-preview:-1\" \/>\n<link rel=\"canonical\" href=\"https:\/\/www.em.com.br\/emfoco\/2025\/10\/11\/veja-como-deixar-o-brocolis-verdinho-mesmo-apos-cozido\/\" \/>\n<meta property=\"og:locale\" content=\"pt_BR\" \/>\n<meta property=\"og:type\" content=\"article\" \/>\n<meta property=\"og:title\" content=\"Veja como deixar o br\u00f3colis verdinho mesmo ap\u00f3s cozido - Estado de Minas - Em foco\" \/>\n<meta property=\"og:description\" content=\"Descubra o segredo dos chefs para manter o br\u00f3colis verde, crocante e nutritivo com a t\u00e9cnica simples do choque t\u00e9rmico.\" \/>\n<meta property=\"og:url\" content=\"https:\/\/www.em.com.br\/emfoco\/2025\/10\/11\/veja-como-deixar-o-brocolis-verdinho-mesmo-apos-cozido\/\" \/>\n<meta property=\"og:site_name\" content=\"Estado de Minas - Em foco\" \/>\n<meta property=\"article:published_time\" content=\"2025-10-11T10:55:00+00:00\" \/>\n<meta property=\"article:modified_time\" content=\"2025-10-10T15:18:56+00:00\" \/>\n<meta property=\"og:image\" content=\"https:\/\/www.em.com.br\/emfoco\/wp-content\/uploads\/2025\/03\/brocolis_1742665690471.jpg\" \/>\n\t<meta property=\"og:image:width\" content=\"1280\" \/>\n\t<meta property=\"og:image:height\" content=\"720\" \/>\n\t<meta property=\"og:image:type\" content=\"image\/jpeg\" \/>\n<meta name=\"author\" content=\"Andre\u0301 Rangel\u00a0\" \/>\n<meta name=\"twitter:card\" content=\"summary_large_image\" \/>\n<meta name=\"twitter:label1\" content=\"Escrito por\" \/>\n\t<meta name=\"twitter:data1\" content=\"Andre\u0301 Rangel\u00a0\" \/>\n\t<meta name=\"twitter:label2\" content=\"Est. tempo de leitura\" \/>\n\t<meta name=\"twitter:data2\" content=\"3 minutos\" \/>\n<!-- \/ Yoast SEO plugin. -->","yoast_head_json":{"title":"Veja como deixar o br\u00f3colis verdinho mesmo ap\u00f3s cozido - Estado de Minas - Em foco","description":"Descubra o segredo dos chefs para manter o br\u00f3colis verde, crocante e nutritivo com a t\u00e9cnica simples do choque t\u00e9rmico.","robots":{"index":"index","follow":"follow","max-snippet":"max-snippet:-1","max-image-preview":"max-image-preview:large","max-video-preview":"max-video-preview:-1"},"canonical":"https:\/\/www.em.com.br\/emfoco\/2025\/10\/11\/veja-como-deixar-o-brocolis-verdinho-mesmo-apos-cozido\/","og_locale":"pt_BR","og_type":"article","og_title":"Veja como deixar o br\u00f3colis verdinho mesmo ap\u00f3s cozido - Estado de Minas - Em foco","og_description":"Descubra o segredo dos chefs para manter o br\u00f3colis verde, crocante e nutritivo com a t\u00e9cnica simples do choque t\u00e9rmico.","og_url":"https:\/\/www.em.com.br\/emfoco\/2025\/10\/11\/veja-como-deixar-o-brocolis-verdinho-mesmo-apos-cozido\/","og_site_name":"Estado de Minas - Em foco","article_published_time":"2025-10-11T10:55:00+00:00","article_modified_time":"2025-10-10T15:18:56+00:00","og_image":[{"width":1280,"height":720,"url":"https:\/\/www.em.com.br\/emfoco\/wp-content\/uploads\/2025\/03\/brocolis_1742665690471.jpg","type":"image\/jpeg"}],"author":"Andre\u0301 Rangel\u00a0","twitter_card":"summary_large_image","twitter_misc":{"Escrito por":"Andre\u0301 Rangel\u00a0","Est. tempo de leitura":"3 minutos"},"schema":{"@context":"https:\/\/schema.org","@graph":[{"@type":"WebPage","@id":"https:\/\/www.em.com.br\/emfoco\/2025\/10\/11\/veja-como-deixar-o-brocolis-verdinho-mesmo-apos-cozido\/","url":"https:\/\/www.em.com.br\/emfoco\/2025\/10\/11\/veja-como-deixar-o-brocolis-verdinho-mesmo-apos-cozido\/","name":"Veja como deixar o br\u00f3colis verdinho mesmo ap\u00f3s cozido - Estado de Minas - Em foco","isPartOf":{"@id":"https:\/\/www.em.com.br\/emfoco\/#website"},"primaryImageOfPage":{"@id":"https:\/\/www.em.com.br\/emfoco\/2025\/10\/11\/veja-como-deixar-o-brocolis-verdinho-mesmo-apos-cozido\/#primaryimage"},"image":{"@id":"https:\/\/www.em.com.br\/emfoco\/2025\/10\/11\/veja-como-deixar-o-brocolis-verdinho-mesmo-apos-cozido\/#primaryimage"},"thumbnailUrl":"https:\/\/www.em.com.br\/emfoco\/wp-content\/uploads\/2025\/03\/brocolis_1742665690471.jpg","datePublished":"2025-10-11T10:55:00+00:00","dateModified":"2025-10-10T15:18:56+00:00","author":{"@id":"https:\/\/www.em.com.br\/emfoco\/#\/schema\/person\/60eda09c1fedf0d6891f4cef4b60b8b8"},"description":"Descubra o segredo dos chefs para manter o br\u00f3colis verde, crocante e nutritivo com a t\u00e9cnica simples do choque t\u00e9rmico.","breadcrumb":{"@id":"https:\/\/www.em.com.br\/emfoco\/2025\/10\/11\/veja-como-deixar-o-brocolis-verdinho-mesmo-apos-cozido\/#breadcrumb"},"inLanguage":"pt-BR","potentialAction":[{"@type":"ReadAction","target":["https:\/\/www.em.com.br\/emfoco\/2025\/10\/11\/veja-como-deixar-o-brocolis-verdinho-mesmo-apos-cozido\/"]}]},{"@type":"ImageObject","inLanguage":"pt-BR","@id":"https:\/\/www.em.com.br\/emfoco\/2025\/10\/11\/veja-como-deixar-o-brocolis-verdinho-mesmo-apos-cozido\/#primaryimage","url":"https:\/\/www.em.com.br\/emfoco\/wp-content\/uploads\/2025\/03\/brocolis_1742665690471.jpg","contentUrl":"https:\/\/www.em.com.br\/emfoco\/wp-content\/uploads\/2025\/03\/brocolis_1742665690471.jpg","width":1280,"height":720,"caption":"O m\u00e9todo simples que preserva o sabor do br\u00f3colis - Cr\u00e9ditos: depositphotos.com \/ Christin_Lola"},{"@type":"BreadcrumbList","@id":"https:\/\/www.em.com.br\/emfoco\/2025\/10\/11\/veja-como-deixar-o-brocolis-verdinho-mesmo-apos-cozido\/#breadcrumb","itemListElement":[{"@type":"ListItem","position":1,"name":"In\u00edcio","item":"https:\/\/www.em.com.br\/emfoco\/"},{"@type":"ListItem","position":2,"name":"Veja como deixar o br\u00f3colis verdinho mesmo ap\u00f3s cozido"}]},{"@type":"WebSite","@id":"https:\/\/www.em.com.br\/emfoco\/#website","url":"https:\/\/www.em.com.br\/emfoco\/","name":"Estado de Minas - Em foco","description":"Acompanhe as \u00faltimas not\u00edcias e fique bem informado sobre tudo o que acontece em Minas Gerais, Brasil e no mundo.","potentialAction":[{"@type":"SearchAction","target":{"@type":"EntryPoint","urlTemplate":"https:\/\/www.em.com.br\/emfoco\/?s={search_term_string}"},"query-input":{"@type":"PropertyValueSpecification","valueRequired":true,"valueName":"search_term_string"}}],"inLanguage":"pt-BR"},{"@type":"Person","@id":"https:\/\/www.em.com.br\/emfoco\/#\/schema\/person\/60eda09c1fedf0d6891f4cef4b60b8b8","name":"Andre\u0301 Rangel\u00a0","image":{"@type":"ImageObject","inLanguage":"pt-BR","@id":"https:\/\/www.em.com.br\/emfoco\/#\/schema\/person\/image\/","url":"https:\/\/secure.gravatar.com\/avatar\/6234dc814c77c8ef6d8bba622c787efc?s=96&d=mm&r=g","contentUrl":"https:\/\/secure.gravatar.com\/avatar\/6234dc814c77c8ef6d8bba622c787efc?s=96&d=mm&r=g","caption":"Andre\u0301 Rangel\u00a0"},"url":"https:\/\/www.em.com.br\/emfoco\/author\/luizmyth\/"}]}},"_links":{"self":[{"href":"https:\/\/www.em.com.br\/emfoco\/wp-json\/wp\/v2\/posts\/113695","targetHints":{"allow":["GET"]}}],"collection":[{"href":"https:\/\/www.em.com.br\/emfoco\/wp-json\/wp\/v2\/posts"}],"about":[{"href":"https:\/\/www.em.com.br\/emfoco\/wp-json\/wp\/v2\/types\/post"}],"author":[{"embeddable":true,"href":"https:\/\/www.em.com.br\/emfoco\/wp-json\/wp\/v2\/users\/11"}],"replies":[{"embeddable":true,"href":"https:\/\/www.em.com.br\/emfoco\/wp-json\/wp\/v2\/comments?post=113695"}],"version-history":[{"count":4,"href":"https:\/\/www.em.com.br\/emfoco\/wp-json\/wp\/v2\/posts\/113695\/revisions"}],"predecessor-version":[{"id":113860,"href":"https:\/\/www.em.com.br\/emfoco\/wp-json\/wp\/v2\/posts\/113695\/revisions\/113860"}],"wp:featuredmedia":[{"embeddable":true,"href":"https:\/\/www.em.com.br\/emfoco\/wp-json\/wp\/v2\/media\/31388"}],"wp:attachment":[{"href":"https:\/\/www.em.com.br\/emfoco\/wp-json\/wp\/v2\/media?parent=113695"}],"wp:term":[{"taxonomy":"category","embeddable":true,"href":"https:\/\/www.em.com.br\/emfoco\/wp-json\/wp\/v2\/categories?post=113695"},{"taxonomy":"post_tag","embeddable":true,"href":"https:\/\/www.em.com.br\/emfoco\/wp-json\/wp\/v2\/tags?post=113695"}],"curies":[{"name":"wp","href":"https:\/\/api.w.org\/{rel}","templated":true}]}}