{"id":113653,"date":"2025-10-13T15:45:00","date_gmt":"2025-10-13T18:45:00","guid":{"rendered":"https:\/\/www.em.com.br\/emfoco\/?p=113653"},"modified":"2025-10-10T10:55:43","modified_gmt":"2025-10-10T13:55:43","slug":"essa-planta-medicinal-pouco-conhecida-e-a-mais-poderosa-que-voce-pode-cultivar","status":"publish","type":"post","link":"https:\/\/www.em.com.br\/emfoco\/2025\/10\/13\/essa-planta-medicinal-pouco-conhecida-e-a-mais-poderosa-que-voce-pode-cultivar\/","title":{"rendered":"Essa planta medicinal pouco conhecida \u00e9 a mais poderosa que voc\u00ea pode cultivar"},"content":{"rendered":"\n<p>A <strong>malva<\/strong> \u00e9 uma planta medicinal conhecida por suas propriedades calmantes e anti-inflamat\u00f3rias. F\u00e1cil de cultivar em vasos ou jardins, suas folhas e flores ricas em <strong>mucilagens<\/strong> e <strong>flavonoides<\/strong> oferecem benef\u00edcios para a sa\u00fade digestiva, respirat\u00f3ria e bucal.<\/p>\n\n\n\n<ul class=\"wp-block-list\">\n<li>Como cultivar malva em vasos e jardins<\/li>\n\n\n\n<li>Propriedades terap\u00eauticas comprovadas<\/li>\n\n\n\n<li>Formas tradicionais de uso e cuidados<\/li>\n<\/ul>\n\n\n\n<h2 class=\"wp-block-heading\">Como cultivar malva em vasos ou no jardim de forma pr\u00e1tica?<\/h2>\n\n\n\n<p>A <strong>malva<\/strong> cresce bem em solos f\u00e9rteis, com boa drenagem e exposi\u00e7\u00e3o ao sol parcial. \u00c9 uma <a href=\"https:\/\/www.petz.com.br\/blog\/plantas-resistentes-ao-sol-para-jardim\/\" target=\"_blank\" rel=\"noreferrer noopener\">planta resistente<\/a>, que se adapta facilmente a vasos em ambientes urbanos ou em hortas caseiras, trazendo beleza e utilidade.<\/p>\n\n\n\n<p>Para manter a <strong>planta medicinal<\/strong> saud\u00e1vel, regue regularmente, mas evite o excesso de \u00e1gua. As podas leves ajudam no crescimento, e o uso de adubo org\u00e2nico garante folhas e flores ricas em nutrientes importantes.<\/p>\n\n\n\n<figure class=\"wp-block-image size-large\"><img loading=\"lazy\" decoding=\"async\" width=\"1024\" height=\"576\" src=\"https:\/\/www.em.com.br\/emfoco\/wp-content\/uploads\/2025\/10\/Malva-planta_1760104229797-1024x576.jpg\" alt=\"Essa planta medicinal pouco conhecida \u00e9 a mais poderosa que voc\u00ea pode cultivar\" class=\"wp-image-113754\" srcset=\"https:\/\/www.em.com.br\/emfoco\/wp-content\/uploads\/2025\/10\/Malva-planta_1760104229797-1024x576.jpg 1024w, https:\/\/www.em.com.br\/emfoco\/wp-content\/uploads\/2025\/10\/Malva-planta_1760104229797-300x169.jpg 300w, https:\/\/www.em.com.br\/emfoco\/wp-content\/uploads\/2025\/10\/Malva-planta_1760104229797-768x432.jpg 768w, https:\/\/www.em.com.br\/emfoco\/wp-content\/uploads\/2025\/10\/Malva-planta_1760104229797-750x422.jpg 750w, https:\/\/www.em.com.br\/emfoco\/wp-content\/uploads\/2025\/10\/Malva-planta_1760104229797-1140x641.jpg 1140w, https:\/\/www.em.com.br\/emfoco\/wp-content\/uploads\/2025\/10\/Malva-planta_1760104229797.jpg 1280w\" sizes=\"auto, (max-width: 1024px) 100vw, 1024px\" \/><figcaption class=\"wp-element-caption\">A\u00e7\u00e3o anti-inflamat\u00f3ria que protege as mucosas e alivia dores bucais &#8211; Cr\u00e9ditos: depositphotos.com \/ alexytrener<\/figcaption><\/figure>\n\n\n\n<h2 class=\"wp-block-heading\">Quais s\u00e3o os principais benef\u00edcios medicinais da malva?<\/h2>\n\n\n\n<p>Gra\u00e7as \u00e0s suas <strong>mucilagens<\/strong> e <strong>flavonoides<\/strong>, a malva possui a\u00e7\u00e3o calmante e anti-inflamat\u00f3ria. Seus compostos ajudam a proteger as mucosas, aliviar dores de garganta e reduzir inflama\u00e7\u00f5es na boca.<\/p>\n\n\n\n<ul class=\"wp-block-list\">\n<li>Al\u00edvio de aftas, gengivites e irrita\u00e7\u00f5es na garganta<\/li>\n\n\n\n<li>Aux\u00edlio em quadros de gastrite e desconfortos digestivos<\/li>\n\n\n\n<li>A\u00e7\u00e3o calmante para tosses leves e irrita\u00e7\u00f5es respirat\u00f3rias<\/li>\n<\/ul>\n\n\n\n<h2 class=\"wp-block-heading\">De que forma a malva pode ser usada em tratamentos caseiros?<\/h2>\n\n\n\n<p>O uso tradicional da <strong>malva<\/strong> envolve ch\u00e1s, gargarejos e compressas. As infus\u00f5es de suas folhas e flores ajudam no tratamento de problemas digestivos, enquanto os gargarejos s\u00e3o eficazes para inflama\u00e7\u00f5es bucais.<\/p>\n\n\n\n<p>Compressas preparadas com a infus\u00e3o da planta tamb\u00e9m s\u00e3o usadas para aliviar irrita\u00e7\u00f5es cut\u00e2neas leves. Esse uso externo \u00e9 valorizado pela capacidade de reduzir a vermelhid\u00e3o e a inflama\u00e7\u00e3o da pele.<\/p>\n\n\n\n<figure class=\"wp-block-image size-large\"><img loading=\"lazy\" decoding=\"async\" width=\"1024\" height=\"576\" src=\"https:\/\/www.em.com.br\/emfoco\/wp-content\/uploads\/2025\/10\/Malva-planta_1760104276930-1024x576.jpg\" alt=\"Essa planta medicinal pouco conhecida \u00e9 a mais poderosa que voc\u00ea pode cultivar\" class=\"wp-image-113755\" srcset=\"https:\/\/www.em.com.br\/emfoco\/wp-content\/uploads\/2025\/10\/Malva-planta_1760104276930-1024x576.jpg 1024w, https:\/\/www.em.com.br\/emfoco\/wp-content\/uploads\/2025\/10\/Malva-planta_1760104276930-300x169.jpg 300w, https:\/\/www.em.com.br\/emfoco\/wp-content\/uploads\/2025\/10\/Malva-planta_1760104276930-768x432.jpg 768w, https:\/\/www.em.com.br\/emfoco\/wp-content\/uploads\/2025\/10\/Malva-planta_1760104276930-750x422.jpg 750w, https:\/\/www.em.com.br\/emfoco\/wp-content\/uploads\/2025\/10\/Malva-planta_1760104276930-1140x641.jpg 1140w, https:\/\/www.em.com.br\/emfoco\/wp-content\/uploads\/2025\/10\/Malva-planta_1760104276930.jpg 1280w\" sizes=\"auto, (max-width: 1024px) 100vw, 1024px\" \/><figcaption class=\"wp-element-caption\">Uso moderado recomendado para evitar sobrecarga de mucilagens no organismo &#8211; Cr\u00e9ditos: depositphotos.com \/ simonapavan<\/figcaption><\/figure>\n\n\n\n<p><em>Leia tamb\u00e9m: <a href=\"https:\/\/www.em.com.br\/emfoco\/2025\/09\/12\/essa-planta-medicinal-pode-ser-sua-aliada-contra-artrite-e-osteoporose\/\" target=\"_blank\" rel=\"noreferrer noopener\">Essa planta medicinal pode ser sua aliada contra artrite e osteoporose<\/a><\/em><\/p>\n\n\n\n<h2 class=\"wp-block-heading\">Quais cuidados devem ser tomados ao consumir malva?<\/h2>\n\n\n\n<p>Apesar dos benef\u00edcios, o uso prolongado da <strong>malva<\/strong> n\u00e3o \u00e9 indicado. Grupos sens\u00edveis, como gestantes, lactantes e crian\u00e7as, devem consultar um profissional de sa\u00fade antes de iniciar qualquer tratamento caseiro com a planta.<\/p>\n\n\n\n<ul class=\"wp-block-list\">\n<li>Evite consumo excessivo ou prolongado<\/li>\n\n\n\n<li>Procure orienta\u00e7\u00e3o m\u00e9dica em caso de uso frequente<\/li>\n\n\n\n<li>N\u00e3o substitua tratamentos convencionais sem avalia\u00e7\u00e3o<\/li>\n<\/ul>\n\n\n\n<h2 class=\"wp-block-heading\">Quais dicas extras ajudam a aproveitar melhor a malva?<\/h2>\n\n\n\n<p>Al\u00e9m do cultivo e do uso medicinal, a <strong>malva<\/strong> pode ser inclu\u00edda como planta ornamental, trazendo charme ao jardim. Suas flores delicadas atraem polinizadores, fortalecendo o equil\u00edbrio natural do ambiente.<\/p>\n\n\n\n<ul class=\"wp-block-list\">\n<li>Colha as folhas preferencialmente pela manh\u00e3<\/li>\n\n\n\n<li>Armazene as flores secas em local arejado<\/li>\n\n\n\n<li>Use sempre pequenas quantidades para maior seguran\u00e7a<\/li>\n<\/ul>\n","protected":false},"excerpt":{"rendered":"<p>A malva \u00e9 uma planta medicinal conhecida por suas propriedades calmantes e anti-inflamat\u00f3rias. F\u00e1cil de cultivar em vasos ou jardins, suas folhas e flores ricas em mucilagens e flavonoides oferecem benef\u00edcios para a sa\u00fade digestiva, respirat\u00f3ria e bucal. Como cultivar malva em vasos ou no jardim de forma pr\u00e1tica? A malva cresce bem em solos [&hellip;]<\/p>\n","protected":false},"author":13,"featured_media":113753,"comment_status":"open","ping_status":"open","sticky":false,"template":"","format":"standard","meta":{"jnews-multi-image_gallery":[],"jnews_single_post":{"format":"standard"},"jnews_primary_category":[],"jnews_social_meta":[],"jnews_override_counter":[],"footnotes":""},"categories":[8819],"tags":[3358,15892,8026],"class_list":["post-113653","post","type-post","status-publish","format-standard","has-post-thumbnail","hentry","category-curiosidades","tag-jardinagem","tag-malva","tag-planta-medicinal"],"yoast_head":"<!-- This site is optimized with the Yoast SEO plugin v23.8 - https:\/\/yoast.com\/wordpress\/plugins\/seo\/ -->\n<title>Essa planta medicinal pouco conhecida \u00e9 a mais poderosa que voc\u00ea pode cultivar - Estado de Minas - Em foco<\/title>\n<meta name=\"description\" content=\"Planta resistente e cheia de benef\u00edcios, a malva alivia inflama\u00e7\u00f5es e \u00e9 f\u00e1cil de cultivar at\u00e9 em vasos. Veja como usar com seguran\u00e7a.\" \/>\n<meta name=\"robots\" content=\"index, follow, max-snippet:-1, max-image-preview:large, max-video-preview:-1\" \/>\n<link rel=\"canonical\" href=\"https:\/\/www.em.com.br\/emfoco\/2025\/10\/13\/essa-planta-medicinal-pouco-conhecida-e-a-mais-poderosa-que-voce-pode-cultivar\/\" \/>\n<meta property=\"og:locale\" content=\"pt_BR\" \/>\n<meta property=\"og:type\" content=\"article\" \/>\n<meta property=\"og:title\" content=\"Essa planta medicinal pouco conhecida \u00e9 a mais poderosa que voc\u00ea pode cultivar - Estado de Minas - Em foco\" \/>\n<meta property=\"og:description\" content=\"Planta resistente e cheia de benef\u00edcios, a malva alivia inflama\u00e7\u00f5es e \u00e9 f\u00e1cil de cultivar at\u00e9 em vasos. Veja como usar com seguran\u00e7a.\" \/>\n<meta property=\"og:url\" content=\"https:\/\/www.em.com.br\/emfoco\/2025\/10\/13\/essa-planta-medicinal-pouco-conhecida-e-a-mais-poderosa-que-voce-pode-cultivar\/\" \/>\n<meta property=\"og:site_name\" content=\"Estado de Minas - Em foco\" \/>\n<meta property=\"article:published_time\" content=\"2025-10-13T18:45:00+00:00\" \/>\n<meta property=\"article:modified_time\" content=\"2025-10-10T13:55:43+00:00\" \/>\n<meta property=\"og:image\" content=\"https:\/\/www.em.com.br\/emfoco\/wp-content\/uploads\/2025\/10\/Malva-planta_1760104198281.jpg\" \/>\n\t<meta property=\"og:image:width\" content=\"1280\" \/>\n\t<meta property=\"og:image:height\" content=\"720\" \/>\n\t<meta property=\"og:image:type\" content=\"image\/jpeg\" \/>\n<meta name=\"author\" content=\"Gabriel Martins\" \/>\n<meta name=\"twitter:card\" content=\"summary_large_image\" \/>\n<meta name=\"twitter:label1\" content=\"Escrito por\" \/>\n\t<meta name=\"twitter:data1\" content=\"Gabriel Martins\" \/>\n\t<meta name=\"twitter:label2\" content=\"Est. tempo de leitura\" \/>\n\t<meta name=\"twitter:data2\" content=\"3 minutos\" \/>\n<!-- \/ Yoast SEO plugin. -->","yoast_head_json":{"title":"Essa planta medicinal pouco conhecida \u00e9 a mais poderosa que voc\u00ea pode cultivar - Estado de Minas - Em foco","description":"Planta resistente e cheia de benef\u00edcios, a malva alivia inflama\u00e7\u00f5es e \u00e9 f\u00e1cil de cultivar at\u00e9 em vasos. Veja como usar com seguran\u00e7a.","robots":{"index":"index","follow":"follow","max-snippet":"max-snippet:-1","max-image-preview":"max-image-preview:large","max-video-preview":"max-video-preview:-1"},"canonical":"https:\/\/www.em.com.br\/emfoco\/2025\/10\/13\/essa-planta-medicinal-pouco-conhecida-e-a-mais-poderosa-que-voce-pode-cultivar\/","og_locale":"pt_BR","og_type":"article","og_title":"Essa planta medicinal pouco conhecida \u00e9 a mais poderosa que voc\u00ea pode cultivar - Estado de Minas - Em foco","og_description":"Planta resistente e cheia de benef\u00edcios, a malva alivia inflama\u00e7\u00f5es e \u00e9 f\u00e1cil de cultivar at\u00e9 em vasos. Veja como usar com seguran\u00e7a.","og_url":"https:\/\/www.em.com.br\/emfoco\/2025\/10\/13\/essa-planta-medicinal-pouco-conhecida-e-a-mais-poderosa-que-voce-pode-cultivar\/","og_site_name":"Estado de Minas - Em foco","article_published_time":"2025-10-13T18:45:00+00:00","article_modified_time":"2025-10-10T13:55:43+00:00","og_image":[{"width":1280,"height":720,"url":"https:\/\/www.em.com.br\/emfoco\/wp-content\/uploads\/2025\/10\/Malva-planta_1760104198281.jpg","type":"image\/jpeg"}],"author":"Gabriel Martins","twitter_card":"summary_large_image","twitter_misc":{"Escrito por":"Gabriel Martins","Est. tempo de leitura":"3 minutos"},"schema":{"@context":"https:\/\/schema.org","@graph":[{"@type":"WebPage","@id":"https:\/\/www.em.com.br\/emfoco\/2025\/10\/13\/essa-planta-medicinal-pouco-conhecida-e-a-mais-poderosa-que-voce-pode-cultivar\/","url":"https:\/\/www.em.com.br\/emfoco\/2025\/10\/13\/essa-planta-medicinal-pouco-conhecida-e-a-mais-poderosa-que-voce-pode-cultivar\/","name":"Essa planta medicinal pouco conhecida \u00e9 a mais poderosa que voc\u00ea pode cultivar - Estado de Minas - Em foco","isPartOf":{"@id":"https:\/\/www.em.com.br\/emfoco\/#website"},"primaryImageOfPage":{"@id":"https:\/\/www.em.com.br\/emfoco\/2025\/10\/13\/essa-planta-medicinal-pouco-conhecida-e-a-mais-poderosa-que-voce-pode-cultivar\/#primaryimage"},"image":{"@id":"https:\/\/www.em.com.br\/emfoco\/2025\/10\/13\/essa-planta-medicinal-pouco-conhecida-e-a-mais-poderosa-que-voce-pode-cultivar\/#primaryimage"},"thumbnailUrl":"https:\/\/www.em.com.br\/emfoco\/wp-content\/uploads\/2025\/10\/Malva-planta_1760104198281.jpg","datePublished":"2025-10-13T18:45:00+00:00","dateModified":"2025-10-10T13:55:43+00:00","author":{"@id":"https:\/\/www.em.com.br\/emfoco\/#\/schema\/person\/1c9ddeab18b98abeffef834667bcf08a"},"description":"Planta resistente e cheia de benef\u00edcios, a malva alivia inflama\u00e7\u00f5es e \u00e9 f\u00e1cil de cultivar at\u00e9 em vasos. Veja como usar com seguran\u00e7a.","breadcrumb":{"@id":"https:\/\/www.em.com.br\/emfoco\/2025\/10\/13\/essa-planta-medicinal-pouco-conhecida-e-a-mais-poderosa-que-voce-pode-cultivar\/#breadcrumb"},"inLanguage":"pt-BR","potentialAction":[{"@type":"ReadAction","target":["https:\/\/www.em.com.br\/emfoco\/2025\/10\/13\/essa-planta-medicinal-pouco-conhecida-e-a-mais-poderosa-que-voce-pode-cultivar\/"]}]},{"@type":"ImageObject","inLanguage":"pt-BR","@id":"https:\/\/www.em.com.br\/emfoco\/2025\/10\/13\/essa-planta-medicinal-pouco-conhecida-e-a-mais-poderosa-que-voce-pode-cultivar\/#primaryimage","url":"https:\/\/www.em.com.br\/emfoco\/wp-content\/uploads\/2025\/10\/Malva-planta_1760104198281.jpg","contentUrl":"https:\/\/www.em.com.br\/emfoco\/wp-content\/uploads\/2025\/10\/Malva-planta_1760104198281.jpg","width":1280,"height":720,"caption":"Plantio urbano adapt\u00e1vel que contribui para o uso consciente de ervas medicinais - Cr\u00e9ditos: depositphotos.com \/ Cloud7Days"},{"@type":"BreadcrumbList","@id":"https:\/\/www.em.com.br\/emfoco\/2025\/10\/13\/essa-planta-medicinal-pouco-conhecida-e-a-mais-poderosa-que-voce-pode-cultivar\/#breadcrumb","itemListElement":[{"@type":"ListItem","position":1,"name":"In\u00edcio","item":"https:\/\/www.em.com.br\/emfoco\/"},{"@type":"ListItem","position":2,"name":"Essa planta medicinal pouco conhecida \u00e9 a mais poderosa que voc\u00ea pode cultivar"}]},{"@type":"WebSite","@id":"https:\/\/www.em.com.br\/emfoco\/#website","url":"https:\/\/www.em.com.br\/emfoco\/","name":"Estado de Minas - Em foco","description":"Acompanhe as \u00faltimas not\u00edcias e fique bem informado sobre tudo o que acontece em Minas Gerais, Brasil e no mundo.","potentialAction":[{"@type":"SearchAction","target":{"@type":"EntryPoint","urlTemplate":"https:\/\/www.em.com.br\/emfoco\/?s={search_term_string}"},"query-input":{"@type":"PropertyValueSpecification","valueRequired":true,"valueName":"search_term_string"}}],"inLanguage":"pt-BR"},{"@type":"Person","@id":"https:\/\/www.em.com.br\/emfoco\/#\/schema\/person\/1c9ddeab18b98abeffef834667bcf08a","name":"Gabriel Martins","image":{"@type":"ImageObject","inLanguage":"pt-BR","@id":"https:\/\/www.em.com.br\/emfoco\/#\/schema\/person\/image\/","url":"https:\/\/secure.gravatar.com\/avatar\/f0f1e2efdfd88f1ad2cb08c5c2731e50?s=96&d=mm&r=g","contentUrl":"https:\/\/secure.gravatar.com\/avatar\/f0f1e2efdfd88f1ad2cb08c5c2731e50?s=96&d=mm&r=g","caption":"Gabriel Martins"},"sameAs":["https:\/\/www.em.com.br\/emfoco\/"],"url":"https:\/\/www.em.com.br\/emfoco\/author\/gabrielmartinsmyth\/"}]}},"_links":{"self":[{"href":"https:\/\/www.em.com.br\/emfoco\/wp-json\/wp\/v2\/posts\/113653","targetHints":{"allow":["GET"]}}],"collection":[{"href":"https:\/\/www.em.com.br\/emfoco\/wp-json\/wp\/v2\/posts"}],"about":[{"href":"https:\/\/www.em.com.br\/emfoco\/wp-json\/wp\/v2\/types\/post"}],"author":[{"embeddable":true,"href":"https:\/\/www.em.com.br\/emfoco\/wp-json\/wp\/v2\/users\/13"}],"replies":[{"embeddable":true,"href":"https:\/\/www.em.com.br\/emfoco\/wp-json\/wp\/v2\/comments?post=113653"}],"version-history":[{"count":1,"href":"https:\/\/www.em.com.br\/emfoco\/wp-json\/wp\/v2\/posts\/113653\/revisions"}],"predecessor-version":[{"id":113757,"href":"https:\/\/www.em.com.br\/emfoco\/wp-json\/wp\/v2\/posts\/113653\/revisions\/113757"}],"wp:featuredmedia":[{"embeddable":true,"href":"https:\/\/www.em.com.br\/emfoco\/wp-json\/wp\/v2\/media\/113753"}],"wp:attachment":[{"href":"https:\/\/www.em.com.br\/emfoco\/wp-json\/wp\/v2\/media?parent=113653"}],"wp:term":[{"taxonomy":"category","embeddable":true,"href":"https:\/\/www.em.com.br\/emfoco\/wp-json\/wp\/v2\/categories?post=113653"},{"taxonomy":"post_tag","embeddable":true,"href":"https:\/\/www.em.com.br\/emfoco\/wp-json\/wp\/v2\/tags?post=113653"}],"curies":[{"name":"wp","href":"https:\/\/api.w.org\/{rel}","templated":true}]}}