{"id":113062,"date":"2025-10-11T10:15:00","date_gmt":"2025-10-11T13:15:00","guid":{"rendered":"https:\/\/www.em.com.br\/emfoco\/?p=113062"},"modified":"2025-10-08T17:49:16","modified_gmt":"2025-10-08T20:49:16","slug":"voce-tem-coragem-de-tentar-o-habito-que-atletas-juram-que-funciona","status":"publish","type":"post","link":"https:\/\/www.em.com.br\/emfoco\/2025\/10\/11\/voce-tem-coragem-de-tentar-o-habito-que-atletas-juram-que-funciona\/","title":{"rendered":"Voc\u00ea tem coragem de tentar o h\u00e1bito que atletas juram que funciona?"},"content":{"rendered":"\n<p>Tomar banho frio pode parecer um desafio, mas seus efeitos v\u00e3o al\u00e9m do choque inicial. Entenda como a pr\u00e1tica impacta o corpo, melhora o humor e fortalece a sa\u00fade f\u00edsica e mental.<\/p>\n\n\n\n<ul class=\"wp-block-list\">\n<li>Estimula circula\u00e7\u00e3o e imunidade<\/li>\n\n\n\n<li>Reduz inflama\u00e7\u00f5es e fadiga muscular<\/li>\n\n\n\n<li>Melhora disposi\u00e7\u00e3o e bem-estar geral<\/li>\n<\/ul>\n\n\n\n<h2 class=\"wp-block-heading\">O que acontece no corpo durante um banho frio?<\/h2>\n\n\n\n<p>Ao entrar em contato com a \u00e1gua gelada, ocorre uma <a href=\"https:\/\/med.estrategia.com\/portal\/conteudos-gratis\/ciclo-basico\/resumo-sobre-vasoconstricao-definicao-mecanismos-e-mais\/\" target=\"_blank\" rel=\"noreferrer noopener\"><strong>vasoconstri\u00e7\u00e3o<\/strong> <\/a>imediata: os vasos sangu\u00edneos se contraem para preservar o calor interno. Essa resposta natural aumenta o fluxo sangu\u00edneo aos \u00f3rg\u00e3os vitais e estimula a libera\u00e7\u00e3o de noradrenalina, melhorando o estado de alerta.<\/p>\n\n\n\n<p>Ap\u00f3s o banho, o corpo reaquece e os vasos se dilatam novamente, o que ajuda a eliminar toxinas e a relaxar os m\u00fasculos. Esse ciclo de contra\u00e7\u00e3o e dilata\u00e7\u00e3o vascular \u00e9 o que torna os banhos frios t\u00e3o eficazes para a recupera\u00e7\u00e3o f\u00edsica e mental.<\/p>\n\n\n\n<figure class=\"wp-block-image size-large\"><img loading=\"lazy\" decoding=\"async\" width=\"1024\" height=\"576\" src=\"https:\/\/www.em.com.br\/emfoco\/wp-content\/uploads\/2025\/10\/banho-frio_1759956278352-1024x576.jpg\" alt=\"Voc\u00ea tem coragem de tentar o h\u00e1bito que atletas juram que funciona?\" class=\"wp-image-113074\" srcset=\"https:\/\/www.em.com.br\/emfoco\/wp-content\/uploads\/2025\/10\/banho-frio_1759956278352-1024x576.jpg 1024w, https:\/\/www.em.com.br\/emfoco\/wp-content\/uploads\/2025\/10\/banho-frio_1759956278352-300x169.jpg 300w, https:\/\/www.em.com.br\/emfoco\/wp-content\/uploads\/2025\/10\/banho-frio_1759956278352-768x432.jpg 768w, https:\/\/www.em.com.br\/emfoco\/wp-content\/uploads\/2025\/10\/banho-frio_1759956278352-750x422.jpg 750w, https:\/\/www.em.com.br\/emfoco\/wp-content\/uploads\/2025\/10\/banho-frio_1759956278352-1140x641.jpg 1140w, https:\/\/www.em.com.br\/emfoco\/wp-content\/uploads\/2025\/10\/banho-frio_1759956278352.jpg 1280w\" sizes=\"auto, (max-width: 1024px) 100vw, 1024px\" \/><figcaption class=\"wp-element-caption\">Banho frio melhora a circula\u00e7\u00e3o e o estado de alerta &#8211; Cr\u00e9ditos: depositphotos.com \/ zhudifeng<\/figcaption><\/figure>\n\n\n\n<h2 class=\"wp-block-heading\">Por que os banhos frios fortalecem a sa\u00fade e o humor?<\/h2>\n\n\n\n<p>O est\u00edmulo t\u00e9rmico desencadeia um processo conhecido como hormese \u2014 um leve estresse que ativa mecanismos de adapta\u00e7\u00e3o e resist\u00eancia do corpo. Isso leva \u00e0 libera\u00e7\u00e3o de endorfinas, dopamina e aumento da imunidade, elevando o bem-estar geral.<\/p>\n\n\n\n<ul class=\"wp-block-list\">\n<li>Melhora a resposta imunol\u00f3gica e a circula\u00e7\u00e3o<\/li>\n\n\n\n<li>Reduz a inflama\u00e7\u00e3o muscular ap\u00f3s exerc\u00edcios<\/li>\n\n\n\n<li>Aumenta foco e disposi\u00e7\u00e3o di\u00e1ria<\/li>\n\n\n\n<li>Ativa horm\u00f4nios relacionados \u00e0 felicidade<\/li>\n<\/ul>\n\n\n\n<h2 class=\"wp-block-heading\">Como os banhos frios ajudam na recupera\u00e7\u00e3o muscular?<\/h2>\n\n\n\n<p>O frio reduz o incha\u00e7o e a dor muscular, acelerando o processo de regenera\u00e7\u00e3o ap\u00f3s atividades f\u00edsicas intensas. <strong>Essa vasoconstri\u00e7\u00e3o moment\u00e2nea diminui a inflama\u00e7\u00e3o e melhora a oxigena\u00e7\u00e3o dos tecidos.<\/strong> \u00c9 um m\u00e9todo simples e natural para potencializar o desempenho atl\u00e9tico.<\/p>\n\n\n\n<p>Por isso, atletas e praticantes de muscula\u00e7\u00e3o costumam usar imers\u00f5es frias como parte do protocolo de recupera\u00e7\u00e3o. A pr\u00e1tica regular ajuda a evitar fadiga excessiva e contribui para maior consist\u00eancia nos treinos.<\/p>\n\n\n\n<figure class=\"wp-block-image size-large\"><img loading=\"lazy\" decoding=\"async\" width=\"1024\" height=\"576\" src=\"https:\/\/www.em.com.br\/emfoco\/wp-content\/uploads\/2025\/10\/banho-frio_1759956305234-1024x576.jpg\" alt=\"Voc\u00ea tem coragem de tentar o h\u00e1bito que atletas juram que funciona?\" class=\"wp-image-113075\" srcset=\"https:\/\/www.em.com.br\/emfoco\/wp-content\/uploads\/2025\/10\/banho-frio_1759956305234-1024x576.jpg 1024w, https:\/\/www.em.com.br\/emfoco\/wp-content\/uploads\/2025\/10\/banho-frio_1759956305234-300x169.jpg 300w, https:\/\/www.em.com.br\/emfoco\/wp-content\/uploads\/2025\/10\/banho-frio_1759956305234-768x432.jpg 768w, https:\/\/www.em.com.br\/emfoco\/wp-content\/uploads\/2025\/10\/banho-frio_1759956305234-750x422.jpg 750w, https:\/\/www.em.com.br\/emfoco\/wp-content\/uploads\/2025\/10\/banho-frio_1759956305234-1140x641.jpg 1140w, https:\/\/www.em.com.br\/emfoco\/wp-content\/uploads\/2025\/10\/banho-frio_1759956305234.jpg 1280w\" sizes=\"auto, (max-width: 1024px) 100vw, 1024px\" \/><figcaption class=\"wp-element-caption\">Vasoconstri\u00e7\u00e3o reduz inflama\u00e7\u00f5es e acelera a recupera\u00e7\u00e3o muscular &#8211; Cr\u00e9ditos: depositphotos.com \/ aspsvz<\/figcaption><\/figure>\n\n\n\n<p><em>Leia mais: <a href=\"https:\/\/www.em.com.br\/emfoco\/2025\/08\/14\/por-que-demoramos-para-dormir-e-como-melhorar-a-qualidade-do-sono\/\" target=\"_blank\" rel=\"noreferrer noopener\">Por que demoramos para dormir e como melhorar a qualidade do sono?<\/a><\/em><\/p>\n\n\n\n<h2 class=\"wp-block-heading\">Como come\u00e7ar a tomar banho frio sem choque t\u00e9rmico?<\/h2>\n\n\n\n<p>Para quem nunca tentou, o ideal \u00e9 <strong>acostumar o corpo gradualmente<\/strong>. Inicie com \u00e1gua morna e reduza a temperatura nos \u00faltimos segundos do banho, aumentando o tempo de exposi\u00e7\u00e3o a cada dia. Essa adapta\u00e7\u00e3o progressiva ajuda o organismo a reagir com menos desconforto.<\/p>\n\n\n\n<p>Com o tempo, o corpo se ajusta e o impacto do frio diminui. Essa pr\u00e1tica pode ser incorporada \u00e0 rotina matinal, ajudando a despertar o corpo e a mente de forma mais natural e energ\u00e9tica.<\/p>\n\n\n\n<h2 class=\"wp-block-heading\">Quais truques facilitam adotar o banho frio no dia a dia?<\/h2>\n\n\n\n<p>Transformar o banho frio em um h\u00e1bito duradouro \u00e9 poss\u00edvel com pequenas estrat\u00e9gias que estimulam consist\u00eancia e conforto.<\/p>\n\n\n\n<ul class=\"wp-block-list\">\n<li>Respire profundamente antes de entrar na \u00e1gua para reduzir o choque t\u00e9rmico<\/li>\n\n\n\n<li>Comece resfriando apenas pernas e bra\u00e7os antes do corpo inteiro<\/li>\n\n\n\n<li>Estabele\u00e7a hor\u00e1rios fixos para criar uma rotina est\u00e1vel<\/li>\n<\/ul>\n\n\n\n<p><\/p>\n","protected":false},"excerpt":{"rendered":"<p>Tomar banho frio pode parecer um desafio, mas seus efeitos v\u00e3o al\u00e9m do choque inicial. Entenda como a pr\u00e1tica impacta o corpo, melhora o humor e fortalece a sa\u00fade f\u00edsica e mental. O que acontece no corpo durante um banho frio? Ao entrar em contato com a \u00e1gua gelada, ocorre uma vasoconstri\u00e7\u00e3o imediata: os vasos [&hellip;]<\/p>\n","protected":false},"author":13,"featured_media":113073,"comment_status":"open","ping_status":"open","sticky":false,"template":"","format":"standard","meta":{"jnews-multi-image_gallery":[],"jnews_single_post":{"format":"standard"},"jnews_primary_category":[],"jnews_social_meta":[],"jnews_override_counter":[],"footnotes":""},"categories":[9053],"tags":[5594,12917,16167],"class_list":["post-113062","post","type-post","status-publish","format-standard","has-post-thumbnail","hentry","category-saude","tag-banho-frio","tag-praticas-saudaveis","tag-reduzir-ansiedade"],"yoast_head":"<!-- This site is optimized with the Yoast SEO plugin v23.8 - https:\/\/yoast.com\/wordpress\/plugins\/seo\/ -->\n<title>Voc\u00ea tem coragem de tentar o h\u00e1bito que atletas juram que funciona? - Estado de Minas - Em foco<\/title>\n<meta name=\"description\" content=\"Banho frio estimula o corpo, melhora o humor e fortalece a sa\u00fade. Veja os benef\u00edcios comprovados e como incluir na rotina de forma f\u00e1cil.\" \/>\n<meta name=\"robots\" content=\"index, follow, max-snippet:-1, max-image-preview:large, max-video-preview:-1\" \/>\n<link rel=\"canonical\" href=\"https:\/\/www.em.com.br\/emfoco\/2025\/10\/11\/voce-tem-coragem-de-tentar-o-habito-que-atletas-juram-que-funciona\/\" \/>\n<meta property=\"og:locale\" content=\"pt_BR\" \/>\n<meta property=\"og:type\" content=\"article\" \/>\n<meta property=\"og:title\" content=\"Voc\u00ea tem coragem de tentar o h\u00e1bito que atletas juram que funciona? - Estado de Minas - Em foco\" \/>\n<meta property=\"og:description\" content=\"Banho frio estimula o corpo, melhora o humor e fortalece a sa\u00fade. Veja os benef\u00edcios comprovados e como incluir na rotina de forma f\u00e1cil.\" \/>\n<meta property=\"og:url\" content=\"https:\/\/www.em.com.br\/emfoco\/2025\/10\/11\/voce-tem-coragem-de-tentar-o-habito-que-atletas-juram-que-funciona\/\" \/>\n<meta property=\"og:site_name\" content=\"Estado de Minas - Em foco\" \/>\n<meta property=\"article:published_time\" content=\"2025-10-11T13:15:00+00:00\" \/>\n<meta property=\"article:modified_time\" content=\"2025-10-08T20:49:16+00:00\" \/>\n<meta property=\"og:image\" content=\"https:\/\/www.em.com.br\/emfoco\/wp-content\/uploads\/2025\/10\/banho-frio_1759956247706.jpg\" \/>\n\t<meta property=\"og:image:width\" content=\"1280\" \/>\n\t<meta property=\"og:image:height\" content=\"720\" \/>\n\t<meta property=\"og:image:type\" content=\"image\/jpeg\" \/>\n<meta name=\"author\" content=\"Gabriel Martins\" \/>\n<meta name=\"twitter:card\" content=\"summary_large_image\" \/>\n<meta name=\"twitter:label1\" content=\"Escrito por\" \/>\n\t<meta name=\"twitter:data1\" content=\"Gabriel Martins\" \/>\n\t<meta name=\"twitter:label2\" content=\"Est. tempo de leitura\" \/>\n\t<meta name=\"twitter:data2\" content=\"4 minutos\" \/>\n<!-- \/ Yoast SEO plugin. -->","yoast_head_json":{"title":"Voc\u00ea tem coragem de tentar o h\u00e1bito que atletas juram que funciona? - Estado de Minas - Em foco","description":"Banho frio estimula o corpo, melhora o humor e fortalece a sa\u00fade. Veja os benef\u00edcios comprovados e como incluir na rotina de forma f\u00e1cil.","robots":{"index":"index","follow":"follow","max-snippet":"max-snippet:-1","max-image-preview":"max-image-preview:large","max-video-preview":"max-video-preview:-1"},"canonical":"https:\/\/www.em.com.br\/emfoco\/2025\/10\/11\/voce-tem-coragem-de-tentar-o-habito-que-atletas-juram-que-funciona\/","og_locale":"pt_BR","og_type":"article","og_title":"Voc\u00ea tem coragem de tentar o h\u00e1bito que atletas juram que funciona? - Estado de Minas - Em foco","og_description":"Banho frio estimula o corpo, melhora o humor e fortalece a sa\u00fade. Veja os benef\u00edcios comprovados e como incluir na rotina de forma f\u00e1cil.","og_url":"https:\/\/www.em.com.br\/emfoco\/2025\/10\/11\/voce-tem-coragem-de-tentar-o-habito-que-atletas-juram-que-funciona\/","og_site_name":"Estado de Minas - Em foco","article_published_time":"2025-10-11T13:15:00+00:00","article_modified_time":"2025-10-08T20:49:16+00:00","og_image":[{"width":1280,"height":720,"url":"https:\/\/www.em.com.br\/emfoco\/wp-content\/uploads\/2025\/10\/banho-frio_1759956247706.jpg","type":"image\/jpeg"}],"author":"Gabriel Martins","twitter_card":"summary_large_image","twitter_misc":{"Escrito por":"Gabriel Martins","Est. tempo de leitura":"4 minutos"},"schema":{"@context":"https:\/\/schema.org","@graph":[{"@type":"WebPage","@id":"https:\/\/www.em.com.br\/emfoco\/2025\/10\/11\/voce-tem-coragem-de-tentar-o-habito-que-atletas-juram-que-funciona\/","url":"https:\/\/www.em.com.br\/emfoco\/2025\/10\/11\/voce-tem-coragem-de-tentar-o-habito-que-atletas-juram-que-funciona\/","name":"Voc\u00ea tem coragem de tentar o h\u00e1bito que atletas juram que funciona? - Estado de Minas - Em foco","isPartOf":{"@id":"https:\/\/www.em.com.br\/emfoco\/#website"},"primaryImageOfPage":{"@id":"https:\/\/www.em.com.br\/emfoco\/2025\/10\/11\/voce-tem-coragem-de-tentar-o-habito-que-atletas-juram-que-funciona\/#primaryimage"},"image":{"@id":"https:\/\/www.em.com.br\/emfoco\/2025\/10\/11\/voce-tem-coragem-de-tentar-o-habito-que-atletas-juram-que-funciona\/#primaryimage"},"thumbnailUrl":"https:\/\/www.em.com.br\/emfoco\/wp-content\/uploads\/2025\/10\/banho-frio_1759956247706.jpg","datePublished":"2025-10-11T13:15:00+00:00","dateModified":"2025-10-08T20:49:16+00:00","author":{"@id":"https:\/\/www.em.com.br\/emfoco\/#\/schema\/person\/1c9ddeab18b98abeffef834667bcf08a"},"description":"Banho frio estimula o corpo, melhora o humor e fortalece a sa\u00fade. Veja os benef\u00edcios comprovados e como incluir na rotina de forma f\u00e1cil.","breadcrumb":{"@id":"https:\/\/www.em.com.br\/emfoco\/2025\/10\/11\/voce-tem-coragem-de-tentar-o-habito-que-atletas-juram-que-funciona\/#breadcrumb"},"inLanguage":"pt-BR","potentialAction":[{"@type":"ReadAction","target":["https:\/\/www.em.com.br\/emfoco\/2025\/10\/11\/voce-tem-coragem-de-tentar-o-habito-que-atletas-juram-que-funciona\/"]}]},{"@type":"ImageObject","inLanguage":"pt-BR","@id":"https:\/\/www.em.com.br\/emfoco\/2025\/10\/11\/voce-tem-coragem-de-tentar-o-habito-que-atletas-juram-que-funciona\/#primaryimage","url":"https:\/\/www.em.com.br\/emfoco\/wp-content\/uploads\/2025\/10\/banho-frio_1759956247706.jpg","contentUrl":"https:\/\/www.em.com.br\/emfoco\/wp-content\/uploads\/2025\/10\/banho-frio_1759956247706.jpg","width":1280,"height":720,"caption":"Banhos frios ajudam a combater fadiga e aumentar a disposi\u00e7\u00e3o - Cr\u00e9ditos: depositphotos.com \/ giorgiorossi73"},{"@type":"BreadcrumbList","@id":"https:\/\/www.em.com.br\/emfoco\/2025\/10\/11\/voce-tem-coragem-de-tentar-o-habito-que-atletas-juram-que-funciona\/#breadcrumb","itemListElement":[{"@type":"ListItem","position":1,"name":"In\u00edcio","item":"https:\/\/www.em.com.br\/emfoco\/"},{"@type":"ListItem","position":2,"name":"Voc\u00ea tem coragem de tentar o h\u00e1bito que atletas juram que funciona?"}]},{"@type":"WebSite","@id":"https:\/\/www.em.com.br\/emfoco\/#website","url":"https:\/\/www.em.com.br\/emfoco\/","name":"Estado de Minas - Em foco","description":"Acompanhe as \u00faltimas not\u00edcias e fique bem informado sobre tudo o que acontece em Minas Gerais, Brasil e no mundo.","potentialAction":[{"@type":"SearchAction","target":{"@type":"EntryPoint","urlTemplate":"https:\/\/www.em.com.br\/emfoco\/?s={search_term_string}"},"query-input":{"@type":"PropertyValueSpecification","valueRequired":true,"valueName":"search_term_string"}}],"inLanguage":"pt-BR"},{"@type":"Person","@id":"https:\/\/www.em.com.br\/emfoco\/#\/schema\/person\/1c9ddeab18b98abeffef834667bcf08a","name":"Gabriel Martins","image":{"@type":"ImageObject","inLanguage":"pt-BR","@id":"https:\/\/www.em.com.br\/emfoco\/#\/schema\/person\/image\/","url":"https:\/\/secure.gravatar.com\/avatar\/f0f1e2efdfd88f1ad2cb08c5c2731e50?s=96&d=mm&r=g","contentUrl":"https:\/\/secure.gravatar.com\/avatar\/f0f1e2efdfd88f1ad2cb08c5c2731e50?s=96&d=mm&r=g","caption":"Gabriel Martins"},"sameAs":["https:\/\/www.em.com.br\/emfoco\/"],"url":"https:\/\/www.em.com.br\/emfoco\/author\/gabrielmartinsmyth\/"}]}},"_links":{"self":[{"href":"https:\/\/www.em.com.br\/emfoco\/wp-json\/wp\/v2\/posts\/113062","targetHints":{"allow":["GET"]}}],"collection":[{"href":"https:\/\/www.em.com.br\/emfoco\/wp-json\/wp\/v2\/posts"}],"about":[{"href":"https:\/\/www.em.com.br\/emfoco\/wp-json\/wp\/v2\/types\/post"}],"author":[{"embeddable":true,"href":"https:\/\/www.em.com.br\/emfoco\/wp-json\/wp\/v2\/users\/13"}],"replies":[{"embeddable":true,"href":"https:\/\/www.em.com.br\/emfoco\/wp-json\/wp\/v2\/comments?post=113062"}],"version-history":[{"count":1,"href":"https:\/\/www.em.com.br\/emfoco\/wp-json\/wp\/v2\/posts\/113062\/revisions"}],"predecessor-version":[{"id":113076,"href":"https:\/\/www.em.com.br\/emfoco\/wp-json\/wp\/v2\/posts\/113062\/revisions\/113076"}],"wp:featuredmedia":[{"embeddable":true,"href":"https:\/\/www.em.com.br\/emfoco\/wp-json\/wp\/v2\/media\/113073"}],"wp:attachment":[{"href":"https:\/\/www.em.com.br\/emfoco\/wp-json\/wp\/v2\/media?parent=113062"}],"wp:term":[{"taxonomy":"category","embeddable":true,"href":"https:\/\/www.em.com.br\/emfoco\/wp-json\/wp\/v2\/categories?post=113062"},{"taxonomy":"post_tag","embeddable":true,"href":"https:\/\/www.em.com.br\/emfoco\/wp-json\/wp\/v2\/tags?post=113062"}],"curies":[{"name":"wp","href":"https:\/\/api.w.org\/{rel}","templated":true}]}}