{"id":113061,"date":"2025-10-11T07:45:00","date_gmt":"2025-10-11T10:45:00","guid":{"rendered":"https:\/\/www.em.com.br\/emfoco\/?p=113061"},"modified":"2025-10-08T17:46:52","modified_gmt":"2025-10-08T20:46:52","slug":"recupere-o-controle-emocional-em-3-minutos-com-este-metodo-simples","status":"publish","type":"post","link":"https:\/\/www.em.com.br\/emfoco\/2025\/10\/11\/recupere-o-controle-emocional-em-3-minutos-com-este-metodo-simples\/","title":{"rendered":"Recupere o controle emocional em 3 minutos com este m\u00e9todo simples"},"content":{"rendered":"\n<p>A respira\u00e7\u00e3o \u00e9 uma ferramenta poderosa para acalmar a mente e controlar o corpo. Com pr\u00e1ticas simples, \u00e9 poss\u00edvel reduzir a ansiedade em minutos e recuperar o equil\u00edbrio emocional rapidamente.<\/p>\n\n\n\n<ul class=\"wp-block-list\">\n<li>Como a respira\u00e7\u00e3o acalma o sistema nervoso<\/li>\n\n\n\n<li>T\u00e9cnicas simples e eficazes para aplicar no dia a dia<\/li>\n\n\n\n<li>Momentos ideais para sentir efeitos imediatos<\/li>\n<\/ul>\n\n\n\n<h2 class=\"wp-block-heading\">De que forma a respira\u00e7\u00e3o influencia a ansiedade?<\/h2>\n\n\n\n<p>A respira\u00e7\u00e3o atua diretamente no <a href=\"https:\/\/www.msdmanuals.com\/pt\/casa\/dist%C3%BArbios-cerebrais-da-medula-espinal-e-dos-nervos\/dist%C3%BArbios-do-sistema-nervoso-aut%C3%B4nomo\/considera%C3%A7%C3%B5es-gerais-sobre-o-sistema-nervoso-aut%C3%B4nomo\" target=\"_blank\" rel=\"noreferrer noopener\">sistema nervoso aut\u00f4nomo<\/a>, regulando batimentos card\u00edacos e n\u00edveis de estresse. <strong>Respirar de forma controlada ativa o sistema parassimp\u00e1tico, que promove relaxamento imediato<\/strong>.<\/p>\n\n\n\n<p>Quando respiramos r\u00e1pido e superficial, o corpo interpreta como sinal de alerta. J\u00e1 a respira\u00e7\u00e3o profunda envia ao c\u00e9rebro a mensagem de seguran\u00e7a, diminuindo tens\u00f5es f\u00edsicas e mentais.<\/p>\n\n\n\n<figure class=\"wp-block-image size-large\"><img loading=\"lazy\" decoding=\"async\" width=\"1024\" height=\"576\" src=\"https:\/\/www.em.com.br\/emfoco\/wp-content\/uploads\/2025\/10\/Respiracao-profunda_1759956020320-1024x576.jpg\" alt=\"Recupere o controle emocional em 3 minutos com este m\u00e9todo simples\" class=\"wp-image-113070\" srcset=\"https:\/\/www.em.com.br\/emfoco\/wp-content\/uploads\/2025\/10\/Respiracao-profunda_1759956020320-1024x576.jpg 1024w, https:\/\/www.em.com.br\/emfoco\/wp-content\/uploads\/2025\/10\/Respiracao-profunda_1759956020320-300x169.jpg 300w, https:\/\/www.em.com.br\/emfoco\/wp-content\/uploads\/2025\/10\/Respiracao-profunda_1759956020320-768x432.jpg 768w, https:\/\/www.em.com.br\/emfoco\/wp-content\/uploads\/2025\/10\/Respiracao-profunda_1759956020320-750x422.jpg 750w, https:\/\/www.em.com.br\/emfoco\/wp-content\/uploads\/2025\/10\/Respiracao-profunda_1759956020320-1140x641.jpg 1140w, https:\/\/www.em.com.br\/emfoco\/wp-content\/uploads\/2025\/10\/Respiracao-profunda_1759956020320.jpg 1280w\" sizes=\"auto, (max-width: 1024px) 100vw, 1024px\" \/><figcaption class=\"wp-element-caption\">Respira\u00e7\u00e3o profunda reduz batimentos e acalma em minutos &#8211; Cr\u00e9ditos: depositphotos.com \/ HayDmitriy<\/figcaption><\/figure>\n\n\n\n<h2 class=\"wp-block-heading\">Quais s\u00e3o as t\u00e9cnicas de respira\u00e7\u00e3o mais eficazes?<\/h2>\n\n\n\n<p>Alguns exerc\u00edcios podem ser aplicados em poucos minutos e trazem resultados r\u00e1pidos para reduzir a ansiedade:<\/p>\n\n\n\n<ul class=\"wp-block-list\">\n<li><strong>Respira\u00e7\u00e3o 4-7-8<\/strong>: inspire por 4 segundos, segure por 7 e expire em 8, induzindo calma.<\/li>\n\n\n\n<li><strong>Respira\u00e7\u00e3o diafragm\u00e1tica<\/strong>: expanda o abd\u00f4men ao inspirar, promovendo oxigena\u00e7\u00e3o profunda.<\/li>\n\n\n\n<li><strong>Box breathing<\/strong>: inspire, segure, expire e segure novamente, sempre em 4 segundos cada.<\/li>\n<\/ul>\n\n\n\n<h2 class=\"wp-block-heading\">Quando \u00e9 melhor aplicar essas t\u00e9cnicas no dia a dia?<\/h2>\n\n\n\n<p>Essas pr\u00e1ticas s\u00e3o ideais em momentos de estresse imediato, como antes de uma reuni\u00e3o ou ao sentir palpita\u00e7\u00f5es. <strong>Elas podem ser usadas em qualquer lugar, sem necessidade de prepara\u00e7\u00e3o ou recursos extras<\/strong>.<\/p>\n\n\n\n<p>Aplicar antes de dormir tamb\u00e9m ajuda a desacelerar a mente, melhorando a qualidade do sono e prevenindo a ins\u00f4nia causada pela ansiedade.<\/p>\n\n\n\n<figure class=\"wp-block-image size-large\"><img loading=\"lazy\" decoding=\"async\" width=\"1024\" height=\"576\" src=\"https:\/\/www.em.com.br\/emfoco\/wp-content\/uploads\/2025\/10\/Respiracao-profunda_1759956047814-1024x576.jpg\" alt=\"Recupere o controle emocional em 3 minutos com este m\u00e9todo simples\" class=\"wp-image-113071\" srcset=\"https:\/\/www.em.com.br\/emfoco\/wp-content\/uploads\/2025\/10\/Respiracao-profunda_1759956047814-1024x576.jpg 1024w, https:\/\/www.em.com.br\/emfoco\/wp-content\/uploads\/2025\/10\/Respiracao-profunda_1759956047814-300x169.jpg 300w, https:\/\/www.em.com.br\/emfoco\/wp-content\/uploads\/2025\/10\/Respiracao-profunda_1759956047814-768x432.jpg 768w, https:\/\/www.em.com.br\/emfoco\/wp-content\/uploads\/2025\/10\/Respiracao-profunda_1759956047814-750x422.jpg 750w, https:\/\/www.em.com.br\/emfoco\/wp-content\/uploads\/2025\/10\/Respiracao-profunda_1759956047814-1140x641.jpg 1140w, https:\/\/www.em.com.br\/emfoco\/wp-content\/uploads\/2025\/10\/Respiracao-profunda_1759956047814.jpg 1280w\" sizes=\"auto, (max-width: 1024px) 100vw, 1024px\" \/><figcaption class=\"wp-element-caption\">T\u00e9cnicas respirat\u00f3rias aliviam ins\u00f4nia e melhoram o sono &#8211; Cr\u00e9ditos: depositphotos.com \/ AntonioGuillemF<\/figcaption><\/figure>\n\n\n\n<p><em>Leia mais: <a href=\"https:\/\/www.em.com.br\/emfoco\/2025\/08\/24\/quando-fazer-meditacao-para-aliviar-a-ansiedade\/\" target=\"_blank\" rel=\"noreferrer noopener\">Quando fazer medita\u00e7\u00e3o para aliviar a ansiedade<\/a><\/em><\/p>\n\n\n\n<h2 class=\"wp-block-heading\">Quais efeitos r\u00e1pidos podem ser sentidos no corpo?<\/h2>\n\n\n\n<p>Em poucos ciclos respirat\u00f3rios j\u00e1 \u00e9 poss\u00edvel notar uma redu\u00e7\u00e3o dos batimentos card\u00edacos e maior clareza mental. <strong>O corpo passa de um estado de alerta para um estado de equil\u00edbrio em minutos<\/strong>.<\/p>\n\n\n\n<p>Al\u00e9m disso, h\u00e1 libera\u00e7\u00e3o de tens\u00e3o muscular e melhora na concentra\u00e7\u00e3o, fatores essenciais para lidar com a ansiedade de forma saud\u00e1vel e pr\u00e1tica.<\/p>\n\n\n\n<h2 class=\"wp-block-heading\">Quais dicas extras ajudam a potencializar os resultados?<\/h2>\n\n\n\n<p>Al\u00e9m da respira\u00e7\u00e3o consciente, pequenos ajustes na rotina podem tornar os efeitos ainda mais duradouros:<\/p>\n\n\n\n<ul class=\"wp-block-list\">\n<li>Praticar em ambientes silenciosos e com ilumina\u00e7\u00e3o suave<\/li>\n\n\n\n<li>Manter uma postura ereta para facilitar a entrada de ar<\/li>\n\n\n\n<li>Combinar os exerc\u00edcios com alongamento leve ou medita\u00e7\u00e3o<\/li>\n<\/ul>\n","protected":false},"excerpt":{"rendered":"<p>A respira\u00e7\u00e3o \u00e9 uma ferramenta poderosa para acalmar a mente e controlar o corpo. Com pr\u00e1ticas simples, \u00e9 poss\u00edvel reduzir a ansiedade em minutos e recuperar o equil\u00edbrio emocional rapidamente. De que forma a respira\u00e7\u00e3o influencia a ansiedade? A respira\u00e7\u00e3o atua diretamente no sistema nervoso aut\u00f4nomo, regulando batimentos card\u00edacos e n\u00edveis de estresse. Respirar de [&hellip;]<\/p>\n","protected":false},"author":13,"featured_media":113069,"comment_status":"open","ping_status":"open","sticky":false,"template":"","format":"standard","meta":{"jnews-multi-image_gallery":[],"jnews_single_post":{"format":"standard"},"jnews_primary_category":[],"jnews_social_meta":[],"jnews_override_counter":[],"footnotes":""},"categories":[9053],"tags":[17200,4947,13579],"class_list":["post-113061","post","type-post","status-publish","format-standard","has-post-thumbnail","hentry","category-saude","tag-acalmar","tag-ansiedade","tag-tecnicas-de-respiracao"],"yoast_head":"<!-- This site is optimized with the Yoast SEO plugin v23.8 - https:\/\/yoast.com\/wordpress\/plugins\/seo\/ -->\n<title>Recupere o controle emocional em 3 minutos com este m\u00e9todo simples - Estado de Minas - Em foco<\/title>\n<meta name=\"description\" content=\"T\u00e9cnicas de respira\u00e7\u00e3o simples e eficazes para acalmar corpo e mente em minutos. Veja como reduzir a ansiedade de forma natural e imediata.\" \/>\n<meta name=\"robots\" content=\"index, follow, max-snippet:-1, max-image-preview:large, max-video-preview:-1\" \/>\n<link rel=\"canonical\" href=\"https:\/\/www.em.com.br\/emfoco\/2025\/10\/11\/recupere-o-controle-emocional-em-3-minutos-com-este-metodo-simples\/\" \/>\n<meta property=\"og:locale\" content=\"pt_BR\" \/>\n<meta property=\"og:type\" content=\"article\" \/>\n<meta property=\"og:title\" content=\"Recupere o controle emocional em 3 minutos com este m\u00e9todo simples - Estado de Minas - Em foco\" \/>\n<meta property=\"og:description\" content=\"T\u00e9cnicas de respira\u00e7\u00e3o simples e eficazes para acalmar corpo e mente em minutos. Veja como reduzir a ansiedade de forma natural e imediata.\" \/>\n<meta property=\"og:url\" content=\"https:\/\/www.em.com.br\/emfoco\/2025\/10\/11\/recupere-o-controle-emocional-em-3-minutos-com-este-metodo-simples\/\" \/>\n<meta property=\"og:site_name\" content=\"Estado de Minas - Em foco\" \/>\n<meta property=\"article:published_time\" content=\"2025-10-11T10:45:00+00:00\" \/>\n<meta property=\"article:modified_time\" content=\"2025-10-08T20:46:52+00:00\" \/>\n<meta property=\"og:image\" content=\"https:\/\/www.em.com.br\/emfoco\/wp-content\/uploads\/2025\/10\/Respiracao-profunda_1759955995767.jpg\" \/>\n\t<meta property=\"og:image:width\" content=\"1280\" \/>\n\t<meta property=\"og:image:height\" content=\"720\" \/>\n\t<meta property=\"og:image:type\" content=\"image\/jpeg\" \/>\n<meta name=\"author\" content=\"Gabriel Martins\" \/>\n<meta name=\"twitter:card\" content=\"summary_large_image\" \/>\n<meta name=\"twitter:label1\" content=\"Escrito por\" \/>\n\t<meta name=\"twitter:data1\" content=\"Gabriel Martins\" \/>\n\t<meta name=\"twitter:label2\" content=\"Est. tempo de leitura\" \/>\n\t<meta name=\"twitter:data2\" content=\"3 minutos\" \/>\n<!-- \/ Yoast SEO plugin. -->","yoast_head_json":{"title":"Recupere o controle emocional em 3 minutos com este m\u00e9todo simples - Estado de Minas - Em foco","description":"T\u00e9cnicas de respira\u00e7\u00e3o simples e eficazes para acalmar corpo e mente em minutos. Veja como reduzir a ansiedade de forma natural e imediata.","robots":{"index":"index","follow":"follow","max-snippet":"max-snippet:-1","max-image-preview":"max-image-preview:large","max-video-preview":"max-video-preview:-1"},"canonical":"https:\/\/www.em.com.br\/emfoco\/2025\/10\/11\/recupere-o-controle-emocional-em-3-minutos-com-este-metodo-simples\/","og_locale":"pt_BR","og_type":"article","og_title":"Recupere o controle emocional em 3 minutos com este m\u00e9todo simples - Estado de Minas - Em foco","og_description":"T\u00e9cnicas de respira\u00e7\u00e3o simples e eficazes para acalmar corpo e mente em minutos. Veja como reduzir a ansiedade de forma natural e imediata.","og_url":"https:\/\/www.em.com.br\/emfoco\/2025\/10\/11\/recupere-o-controle-emocional-em-3-minutos-com-este-metodo-simples\/","og_site_name":"Estado de Minas - Em foco","article_published_time":"2025-10-11T10:45:00+00:00","article_modified_time":"2025-10-08T20:46:52+00:00","og_image":[{"width":1280,"height":720,"url":"https:\/\/www.em.com.br\/emfoco\/wp-content\/uploads\/2025\/10\/Respiracao-profunda_1759955995767.jpg","type":"image\/jpeg"}],"author":"Gabriel Martins","twitter_card":"summary_large_image","twitter_misc":{"Escrito por":"Gabriel Martins","Est. tempo de leitura":"3 minutos"},"schema":{"@context":"https:\/\/schema.org","@graph":[{"@type":"WebPage","@id":"https:\/\/www.em.com.br\/emfoco\/2025\/10\/11\/recupere-o-controle-emocional-em-3-minutos-com-este-metodo-simples\/","url":"https:\/\/www.em.com.br\/emfoco\/2025\/10\/11\/recupere-o-controle-emocional-em-3-minutos-com-este-metodo-simples\/","name":"Recupere o controle emocional em 3 minutos com este m\u00e9todo simples - Estado de Minas - Em foco","isPartOf":{"@id":"https:\/\/www.em.com.br\/emfoco\/#website"},"primaryImageOfPage":{"@id":"https:\/\/www.em.com.br\/emfoco\/2025\/10\/11\/recupere-o-controle-emocional-em-3-minutos-com-este-metodo-simples\/#primaryimage"},"image":{"@id":"https:\/\/www.em.com.br\/emfoco\/2025\/10\/11\/recupere-o-controle-emocional-em-3-minutos-com-este-metodo-simples\/#primaryimage"},"thumbnailUrl":"https:\/\/www.em.com.br\/emfoco\/wp-content\/uploads\/2025\/10\/Respiracao-profunda_1759955995767.jpg","datePublished":"2025-10-11T10:45:00+00:00","dateModified":"2025-10-08T20:46:52+00:00","author":{"@id":"https:\/\/www.em.com.br\/emfoco\/#\/schema\/person\/1c9ddeab18b98abeffef834667bcf08a"},"description":"T\u00e9cnicas de respira\u00e7\u00e3o simples e eficazes para acalmar corpo e mente em minutos. Veja como reduzir a ansiedade de forma natural e imediata.","breadcrumb":{"@id":"https:\/\/www.em.com.br\/emfoco\/2025\/10\/11\/recupere-o-controle-emocional-em-3-minutos-com-este-metodo-simples\/#breadcrumb"},"inLanguage":"pt-BR","potentialAction":[{"@type":"ReadAction","target":["https:\/\/www.em.com.br\/emfoco\/2025\/10\/11\/recupere-o-controle-emocional-em-3-minutos-com-este-metodo-simples\/"]}]},{"@type":"ImageObject","inLanguage":"pt-BR","@id":"https:\/\/www.em.com.br\/emfoco\/2025\/10\/11\/recupere-o-controle-emocional-em-3-minutos-com-este-metodo-simples\/#primaryimage","url":"https:\/\/www.em.com.br\/emfoco\/wp-content\/uploads\/2025\/10\/Respiracao-profunda_1759955995767.jpg","contentUrl":"https:\/\/www.em.com.br\/emfoco\/wp-content\/uploads\/2025\/10\/Respiracao-profunda_1759955995767.jpg","width":1280,"height":720,"caption":"Pr\u00e1ticas respirat\u00f3rias ajudam no foco e controle emocional - Cr\u00e9ditos: depositphotos.com \/ AllaSerebrina"},{"@type":"BreadcrumbList","@id":"https:\/\/www.em.com.br\/emfoco\/2025\/10\/11\/recupere-o-controle-emocional-em-3-minutos-com-este-metodo-simples\/#breadcrumb","itemListElement":[{"@type":"ListItem","position":1,"name":"In\u00edcio","item":"https:\/\/www.em.com.br\/emfoco\/"},{"@type":"ListItem","position":2,"name":"Recupere o controle emocional em 3 minutos com este m\u00e9todo simples"}]},{"@type":"WebSite","@id":"https:\/\/www.em.com.br\/emfoco\/#website","url":"https:\/\/www.em.com.br\/emfoco\/","name":"Estado de Minas - Em foco","description":"Acompanhe as \u00faltimas not\u00edcias e fique bem informado sobre tudo o que acontece em Minas Gerais, Brasil e no mundo.","potentialAction":[{"@type":"SearchAction","target":{"@type":"EntryPoint","urlTemplate":"https:\/\/www.em.com.br\/emfoco\/?s={search_term_string}"},"query-input":{"@type":"PropertyValueSpecification","valueRequired":true,"valueName":"search_term_string"}}],"inLanguage":"pt-BR"},{"@type":"Person","@id":"https:\/\/www.em.com.br\/emfoco\/#\/schema\/person\/1c9ddeab18b98abeffef834667bcf08a","name":"Gabriel Martins","image":{"@type":"ImageObject","inLanguage":"pt-BR","@id":"https:\/\/www.em.com.br\/emfoco\/#\/schema\/person\/image\/","url":"https:\/\/secure.gravatar.com\/avatar\/f0f1e2efdfd88f1ad2cb08c5c2731e50?s=96&d=mm&r=g","contentUrl":"https:\/\/secure.gravatar.com\/avatar\/f0f1e2efdfd88f1ad2cb08c5c2731e50?s=96&d=mm&r=g","caption":"Gabriel Martins"},"sameAs":["https:\/\/www.em.com.br\/emfoco\/"],"url":"https:\/\/www.em.com.br\/emfoco\/author\/gabrielmartinsmyth\/"}]}},"_links":{"self":[{"href":"https:\/\/www.em.com.br\/emfoco\/wp-json\/wp\/v2\/posts\/113061","targetHints":{"allow":["GET"]}}],"collection":[{"href":"https:\/\/www.em.com.br\/emfoco\/wp-json\/wp\/v2\/posts"}],"about":[{"href":"https:\/\/www.em.com.br\/emfoco\/wp-json\/wp\/v2\/types\/post"}],"author":[{"embeddable":true,"href":"https:\/\/www.em.com.br\/emfoco\/wp-json\/wp\/v2\/users\/13"}],"replies":[{"embeddable":true,"href":"https:\/\/www.em.com.br\/emfoco\/wp-json\/wp\/v2\/comments?post=113061"}],"version-history":[{"count":1,"href":"https:\/\/www.em.com.br\/emfoco\/wp-json\/wp\/v2\/posts\/113061\/revisions"}],"predecessor-version":[{"id":113072,"href":"https:\/\/www.em.com.br\/emfoco\/wp-json\/wp\/v2\/posts\/113061\/revisions\/113072"}],"wp:featuredmedia":[{"embeddable":true,"href":"https:\/\/www.em.com.br\/emfoco\/wp-json\/wp\/v2\/media\/113069"}],"wp:attachment":[{"href":"https:\/\/www.em.com.br\/emfoco\/wp-json\/wp\/v2\/media?parent=113061"}],"wp:term":[{"taxonomy":"category","embeddable":true,"href":"https:\/\/www.em.com.br\/emfoco\/wp-json\/wp\/v2\/categories?post=113061"},{"taxonomy":"post_tag","embeddable":true,"href":"https:\/\/www.em.com.br\/emfoco\/wp-json\/wp\/v2\/tags?post=113061"}],"curies":[{"name":"wp","href":"https:\/\/api.w.org\/{rel}","templated":true}]}}