{"id":11294,"date":"2025-01-26T22:20:00","date_gmt":"2025-01-27T01:20:00","guid":{"rendered":"https:\/\/www.em.com.br\/emfoco\/?p=11294"},"modified":"2025-01-25T08:46:38","modified_gmt":"2025-01-25T11:46:38","slug":"conheca-o-novo-celular-com-carregamento-solar-e-com-internet-satelite","status":"publish","type":"post","link":"https:\/\/www.em.com.br\/emfoco\/2025\/01\/26\/conheca-o-novo-celular-com-carregamento-solar-e-com-internet-satelite\/","title":{"rendered":"Conhe\u00e7a o novo celular com carregamento solar e com internet sat\u00e9lite!"},"content":{"rendered":"\n<p>A <strong><a href=\"https:\/\/www.tesla.com\/\" target=\"_blank\" rel=\"noreferrer noopener\">Tesla<\/a><\/strong>, conhecida por suas inova\u00e7\u00f5es em ve\u00edculos el\u00e9tricos, est\u00e1 entrando em outro setor tecnol\u00f3gico com a introdu\u00e7\u00e3o do Tesla Model PI. Este novo celular representa mais um passo da empresa sob o comando de Elon Musk, buscando revolucionar o mercado de dispositivos m\u00f3veis.<\/p>\n\n\n\n<p>Com promessas de funcionalidades avan\u00e7adas, o Tesla Model PI despertou grande interesse. Pretendendo causar um impacto significativo, o aparelho re\u00fane inova\u00e7\u00f5es tecnol\u00f3gicas em conectividade e sustentabilidade, abrindo novas possibilidades para os usu\u00e1rios.<\/p>\n\n\n\n<h2 class=\"wp-block-heading\">Conex\u00e3o Global com Starlink<\/h2>\n\n\n\n<p>Uma caracter\u00edstica distintiva do <strong><a href=\"https:\/\/www.em.com.br\/emfoco\/2025\/01\/15\/adeus-operadoras-tesla-model-pi-com-internet-de-satelite\/\" target=\"_blank\" rel=\"noreferrer noopener\">Tesla Model PI<\/a><\/strong> \u00e9 sua conex\u00e3o direta com a rede de sat\u00e9lites Starlink. Esse recurso promete uma cobertura de internet mais abrangente, rompendo as barreiras de localiza\u00e7\u00e3o geogr\u00e1fica. Isso garante acesso \u00e0 internet em \u00e1reas remotas, onde o sinal tradicional dificilmente alcan\u00e7a.<\/p>\n\n\n\n<p>Ao oferecer essa conectividade global, a Tesla n\u00e3o s\u00f3 amplia o acesso \u00e0 internet, mas tamb\u00e9m redefine as expectativas sobre o potencial dos dispositivos m\u00f3veis de hoje.<\/p>\n\n\n\n<figure class=\"wp-block-image size-large\"><img loading=\"lazy\" decoding=\"async\" width=\"1024\" height=\"585\" src=\"https:\/\/www.em.com.br\/emfoco\/wp-content\/uploads\/2025\/01\/image-22-1024x585.png\" alt=\"Adeus, operadoras! Tesla Model PI com internet de sat\u00e9lite!\" class=\"wp-image-9084\" srcset=\"https:\/\/www.em.com.br\/emfoco\/wp-content\/uploads\/2025\/01\/image-22-1024x585.png 1024w, https:\/\/www.em.com.br\/emfoco\/wp-content\/uploads\/2025\/01\/image-22-300x171.png 300w, https:\/\/www.em.com.br\/emfoco\/wp-content\/uploads\/2025\/01\/image-22-768x439.png 768w, https:\/\/www.em.com.br\/emfoco\/wp-content\/uploads\/2025\/01\/image-22-750x429.png 750w, https:\/\/www.em.com.br\/emfoco\/wp-content\/uploads\/2025\/01\/image-22-1140x652.png 1140w, https:\/\/www.em.com.br\/emfoco\/wp-content\/uploads\/2025\/01\/image-22.png 1536w\" sizes=\"auto, (max-width: 1024px) 100vw, 1024px\" \/><figcaption class=\"wp-element-caption\">Imagem Divulga\u00e7\u00e3o Tesla Model PI &#8211; Foto: Instagram\/ teslamodelpi<\/figcaption><\/figure>\n\n\n\n<h2 class=\"wp-block-heading\">Como o Solar Power Redefine o Carregamento?<\/h2>\n\n\n\n<p>O Tesla Model PI integra um sistema de carregamento que utiliza energia solar, um recurso que real\u00e7a seu compromisso com a sustentabilidade. Essa solu\u00e7\u00e3o \u00e9 particularmente atrativa para quem est\u00e1 sempre em movimento, eliminando a necessidade de recarregar o dispositivo em tomadas el\u00e9tricas comuns.<\/p>\n\n\n\n<ul class=\"wp-block-list\">\n<li>Carregamento pr\u00e1tico e ambientalmente amig\u00e1vel<\/li>\n\n\n\n<li>Ideal para usu\u00e1rios em constante deslocamento<\/li>\n\n\n\n<li>Reduz a depend\u00eancia de fontes de energia tradicionais<\/li>\n<\/ul>\n\n\n\n<p>Os benef\u00edcios v\u00e3o al\u00e9m do suporte ambiental; eles tamb\u00e9m oferecem uma solu\u00e7\u00e3o pr\u00e1tica que pode ser crucial para o usu\u00e1rio moderno.<\/p>\n\n\n\n<h2 class=\"wp-block-heading\">Integra\u00e7\u00e3o Futurista com a Neuralink<\/h2>\n\n\n\n<p>Embora ainda em fase especulativa, h\u00e1 rumores de que o Tesla Model PI poderia apresentar integra\u00e7\u00e3o com a tecnologia de interface c\u00e9rebro-m\u00e1quina da Neuralink. Tal inova\u00e7\u00e3o permitiria ao dispositivo adaptar-se \u00e0s necessidades dos usu\u00e1rios de forma revolucion\u00e1ria.<\/p>\n\n\n\n<p>Esta tecnologia de ponta poderia levar a personaliza\u00e7\u00e3o dos dispositivos a um novo patamar, ajustando-se a padr\u00f5es e prefer\u00eancias individuais de uso, e transformando nossa rela\u00e7\u00e3o com a tecnologia m\u00f3vel de maneira \u00edmpar.<\/p>\n\n\n\n<h2 class=\"wp-block-heading\">Impacto no Mercado de Dispositivos M\u00f3veis<\/h2>\n\n\n\n<p>O Tesla Model PI tem potencial para redefinir n\u00e3o apenas as expectativas dos consumidores, mas tamb\u00e9m para incitar a concorr\u00eancia a buscar solu\u00e7\u00f5es inovadoras. Marcas consolidadas como Apple e Samsung podem se ver pressionadas a evoluir suas pr\u00f3prias ofertas tecnol\u00f3gicas.<\/p>\n\n\n\n<p>Embora quest\u00f5es sobre pre\u00e7o e aceita\u00e7\u00e3o pelo p\u00fablico desempenhem pap\u00e9is cruciais, o mercado j\u00e1 antecipa o impacto transformador deste lan\u00e7amento, o que poder\u00e1 inaugurar uma nova era de avan\u00e7os no setor.<\/p>\n","protected":false},"excerpt":{"rendered":"<p>A Tesla, conhecida por suas inova\u00e7\u00f5es em ve\u00edculos el\u00e9tricos, est\u00e1 entrando em outro setor tecnol\u00f3gico com a introdu\u00e7\u00e3o do Tesla Model PI. Este novo celular representa mais um passo da empresa sob o comando de Elon Musk, buscando revolucionar o mercado de dispositivos m\u00f3veis. Com promessas de funcionalidades avan\u00e7adas, o Tesla Model PI despertou grande [&hellip;]<\/p>\n","protected":false},"author":5,"featured_media":7303,"comment_status":"open","ping_status":"open","sticky":false,"template":"","format":"standard","meta":{"jnews-multi-image_gallery":[],"jnews_single_post":{"format":"standard"},"jnews_primary_category":[],"jnews_social_meta":[],"jnews_override_counter":[],"footnotes":""},"categories":[29,138,1],"tags":[2580,437,3615,439,3614],"class_list":["post-11294","post","type-post","status-publish","format-standard","has-post-thumbnail","hentry","category-entretenimento","category-mundo","category-noticias","tag-celular","tag-elon-musk","tag-novo-celular","tag-tesla","tag-tesla-model-pi"],"yoast_head":"<!-- This site is optimized with the Yoast SEO plugin v23.8 - https:\/\/yoast.com\/wordpress\/plugins\/seo\/ -->\n<title>Conhe\u00e7a o novo celular com carregamento solar e com internet sat\u00e9lite! - Estado de Minas - Em foco<\/title>\n<meta name=\"description\" content=\"Com conex\u00e3o Starlink, carregamento solar e integra\u00e7\u00e3o com a Neuralink, este dispositivo promete revolucionar o mercado de smartphones.\" \/>\n<meta name=\"robots\" content=\"index, follow, max-snippet:-1, max-image-preview:large, max-video-preview:-1\" \/>\n<link rel=\"canonical\" href=\"https:\/\/www.em.com.br\/emfoco\/2025\/01\/26\/conheca-o-novo-celular-com-carregamento-solar-e-com-internet-satelite\/\" \/>\n<meta property=\"og:locale\" content=\"pt_BR\" \/>\n<meta property=\"og:type\" content=\"article\" \/>\n<meta property=\"og:title\" content=\"Conhe\u00e7a o novo celular com carregamento solar e com internet sat\u00e9lite! - Estado de Minas - Em foco\" \/>\n<meta property=\"og:description\" content=\"Com conex\u00e3o Starlink, carregamento solar e integra\u00e7\u00e3o com a Neuralink, este dispositivo promete revolucionar o mercado de smartphones.\" \/>\n<meta property=\"og:url\" content=\"https:\/\/www.em.com.br\/emfoco\/2025\/01\/26\/conheca-o-novo-celular-com-carregamento-solar-e-com-internet-satelite\/\" \/>\n<meta property=\"og:site_name\" content=\"Estado de Minas - Em foco\" \/>\n<meta property=\"article:published_time\" content=\"2025-01-27T01:20:00+00:00\" \/>\n<meta property=\"article:modified_time\" content=\"2025-01-25T11:46:38+00:00\" \/>\n<meta property=\"og:image\" content=\"https:\/\/www.em.com.br\/emfoco\/wp-content\/uploads\/2024\/12\/celulares_1735407414218.jpg\" \/>\n\t<meta property=\"og:image:width\" content=\"1280\" \/>\n\t<meta property=\"og:image:height\" content=\"720\" \/>\n\t<meta property=\"og:image:type\" content=\"image\/jpeg\" \/>\n<meta name=\"author\" content=\"N\u00fabia Rangel\" \/>\n<meta name=\"twitter:card\" content=\"summary_large_image\" \/>\n<meta name=\"twitter:label1\" content=\"Escrito por\" \/>\n\t<meta name=\"twitter:data1\" content=\"N\u00fabia Rangel\" \/>\n\t<meta name=\"twitter:label2\" content=\"Est. tempo de leitura\" \/>\n\t<meta name=\"twitter:data2\" content=\"3 minutos\" \/>\n<!-- \/ Yoast SEO plugin. -->","yoast_head_json":{"title":"Conhe\u00e7a o novo celular com carregamento solar e com internet sat\u00e9lite! - Estado de Minas - Em foco","description":"Com conex\u00e3o Starlink, carregamento solar e integra\u00e7\u00e3o com a Neuralink, este dispositivo promete revolucionar o mercado de smartphones.","robots":{"index":"index","follow":"follow","max-snippet":"max-snippet:-1","max-image-preview":"max-image-preview:large","max-video-preview":"max-video-preview:-1"},"canonical":"https:\/\/www.em.com.br\/emfoco\/2025\/01\/26\/conheca-o-novo-celular-com-carregamento-solar-e-com-internet-satelite\/","og_locale":"pt_BR","og_type":"article","og_title":"Conhe\u00e7a o novo celular com carregamento solar e com internet sat\u00e9lite! - Estado de Minas - Em foco","og_description":"Com conex\u00e3o Starlink, carregamento solar e integra\u00e7\u00e3o com a Neuralink, este dispositivo promete revolucionar o mercado de smartphones.","og_url":"https:\/\/www.em.com.br\/emfoco\/2025\/01\/26\/conheca-o-novo-celular-com-carregamento-solar-e-com-internet-satelite\/","og_site_name":"Estado de Minas - Em foco","article_published_time":"2025-01-27T01:20:00+00:00","article_modified_time":"2025-01-25T11:46:38+00:00","og_image":[{"width":1280,"height":720,"url":"https:\/\/www.em.com.br\/emfoco\/wp-content\/uploads\/2024\/12\/celulares_1735407414218.jpg","type":"image\/jpeg"}],"author":"N\u00fabia Rangel","twitter_card":"summary_large_image","twitter_misc":{"Escrito por":"N\u00fabia Rangel","Est. tempo de leitura":"3 minutos"},"schema":{"@context":"https:\/\/schema.org","@graph":[{"@type":"WebPage","@id":"https:\/\/www.em.com.br\/emfoco\/2025\/01\/26\/conheca-o-novo-celular-com-carregamento-solar-e-com-internet-satelite\/","url":"https:\/\/www.em.com.br\/emfoco\/2025\/01\/26\/conheca-o-novo-celular-com-carregamento-solar-e-com-internet-satelite\/","name":"Conhe\u00e7a o novo celular com carregamento solar e com internet sat\u00e9lite! - Estado de Minas - Em foco","isPartOf":{"@id":"https:\/\/www.em.com.br\/emfoco\/#website"},"primaryImageOfPage":{"@id":"https:\/\/www.em.com.br\/emfoco\/2025\/01\/26\/conheca-o-novo-celular-com-carregamento-solar-e-com-internet-satelite\/#primaryimage"},"image":{"@id":"https:\/\/www.em.com.br\/emfoco\/2025\/01\/26\/conheca-o-novo-celular-com-carregamento-solar-e-com-internet-satelite\/#primaryimage"},"thumbnailUrl":"https:\/\/www.em.com.br\/emfoco\/wp-content\/uploads\/2024\/12\/celulares_1735407414218.jpg","datePublished":"2025-01-27T01:20:00+00:00","dateModified":"2025-01-25T11:46:38+00:00","author":{"@id":"https:\/\/www.em.com.br\/emfoco\/#\/schema\/person\/524437ef54f8a5d32591b143307f2e20"},"description":"Com conex\u00e3o Starlink, carregamento solar e integra\u00e7\u00e3o com a Neuralink, este dispositivo promete revolucionar o mercado de smartphones.","breadcrumb":{"@id":"https:\/\/www.em.com.br\/emfoco\/2025\/01\/26\/conheca-o-novo-celular-com-carregamento-solar-e-com-internet-satelite\/#breadcrumb"},"inLanguage":"pt-BR","potentialAction":[{"@type":"ReadAction","target":["https:\/\/www.em.com.br\/emfoco\/2025\/01\/26\/conheca-o-novo-celular-com-carregamento-solar-e-com-internet-satelite\/"]}]},{"@type":"ImageObject","inLanguage":"pt-BR","@id":"https:\/\/www.em.com.br\/emfoco\/2025\/01\/26\/conheca-o-novo-celular-com-carregamento-solar-e-com-internet-satelite\/#primaryimage","url":"https:\/\/www.em.com.br\/emfoco\/wp-content\/uploads\/2024\/12\/celulares_1735407414218.jpg","contentUrl":"https:\/\/www.em.com.br\/emfoco\/wp-content\/uploads\/2024\/12\/celulares_1735407414218.jpg","width":1280,"height":720,"caption":"Imagem Ilustrativa de celular - Cr\u00e9ditos: depositphotos.com \/ LDProd"},{"@type":"BreadcrumbList","@id":"https:\/\/www.em.com.br\/emfoco\/2025\/01\/26\/conheca-o-novo-celular-com-carregamento-solar-e-com-internet-satelite\/#breadcrumb","itemListElement":[{"@type":"ListItem","position":1,"name":"In\u00edcio","item":"https:\/\/www.em.com.br\/emfoco\/"},{"@type":"ListItem","position":2,"name":"Conhe\u00e7a o novo celular com carregamento solar e com internet sat\u00e9lite!"}]},{"@type":"WebSite","@id":"https:\/\/www.em.com.br\/emfoco\/#website","url":"https:\/\/www.em.com.br\/emfoco\/","name":"Estado de Minas - Em foco","description":"Acompanhe as \u00faltimas not\u00edcias e fique bem informado sobre tudo o que acontece em Minas Gerais, Brasil e no mundo.","potentialAction":[{"@type":"SearchAction","target":{"@type":"EntryPoint","urlTemplate":"https:\/\/www.em.com.br\/emfoco\/?s={search_term_string}"},"query-input":{"@type":"PropertyValueSpecification","valueRequired":true,"valueName":"search_term_string"}}],"inLanguage":"pt-BR"},{"@type":"Person","@id":"https:\/\/www.em.com.br\/emfoco\/#\/schema\/person\/524437ef54f8a5d32591b143307f2e20","name":"N\u00fabia Rangel","image":{"@type":"ImageObject","inLanguage":"pt-BR","@id":"https:\/\/www.em.com.br\/emfoco\/#\/schema\/person\/image\/","url":"https:\/\/secure.gravatar.com\/avatar\/47cff2827a5ba23c37e8068c86817ea4?s=96&d=mm&r=g","contentUrl":"https:\/\/secure.gravatar.com\/avatar\/47cff2827a5ba23c37e8068c86817ea4?s=96&d=mm&r=g","caption":"N\u00fabia Rangel"},"sameAs":["https:\/\/www.em.com.br\/emfoco\/"],"url":"https:\/\/www.em.com.br\/emfoco\/author\/nubiamyth\/"}]}},"_links":{"self":[{"href":"https:\/\/www.em.com.br\/emfoco\/wp-json\/wp\/v2\/posts\/11294","targetHints":{"allow":["GET"]}}],"collection":[{"href":"https:\/\/www.em.com.br\/emfoco\/wp-json\/wp\/v2\/posts"}],"about":[{"href":"https:\/\/www.em.com.br\/emfoco\/wp-json\/wp\/v2\/types\/post"}],"author":[{"embeddable":true,"href":"https:\/\/www.em.com.br\/emfoco\/wp-json\/wp\/v2\/users\/5"}],"replies":[{"embeddable":true,"href":"https:\/\/www.em.com.br\/emfoco\/wp-json\/wp\/v2\/comments?post=11294"}],"version-history":[{"count":2,"href":"https:\/\/www.em.com.br\/emfoco\/wp-json\/wp\/v2\/posts\/11294\/revisions"}],"predecessor-version":[{"id":11296,"href":"https:\/\/www.em.com.br\/emfoco\/wp-json\/wp\/v2\/posts\/11294\/revisions\/11296"}],"wp:featuredmedia":[{"embeddable":true,"href":"https:\/\/www.em.com.br\/emfoco\/wp-json\/wp\/v2\/media\/7303"}],"wp:attachment":[{"href":"https:\/\/www.em.com.br\/emfoco\/wp-json\/wp\/v2\/media?parent=11294"}],"wp:term":[{"taxonomy":"category","embeddable":true,"href":"https:\/\/www.em.com.br\/emfoco\/wp-json\/wp\/v2\/categories?post=11294"},{"taxonomy":"post_tag","embeddable":true,"href":"https:\/\/www.em.com.br\/emfoco\/wp-json\/wp\/v2\/tags?post=11294"}],"curies":[{"name":"wp","href":"https:\/\/api.w.org\/{rel}","templated":true}]}}