{"id":112870,"date":"2025-10-09T16:45:00","date_gmt":"2025-10-09T19:45:00","guid":{"rendered":"https:\/\/www.em.com.br\/emfoco\/?p=112870"},"modified":"2025-10-08T17:09:19","modified_gmt":"2025-10-08T20:09:19","slug":"essa-nova-tendencia-e-a-solucao-ideal-para-quartos-pequenos","status":"publish","type":"post","link":"https:\/\/www.em.com.br\/emfoco\/2025\/10\/09\/essa-nova-tendencia-e-a-solucao-ideal-para-quartos-pequenos\/","title":{"rendered":"Essa nova tend\u00eancia \u00e9 a solu\u00e7\u00e3o ideal para quartos pequenos"},"content":{"rendered":"\n<p>O&nbsp;<strong>tradicional box spring<\/strong>&nbsp;ainda \u00e9 comum nos dormit\u00f3rios, mas a&nbsp;<strong>busca por efici\u00eancia<\/strong>&nbsp;e organiza\u00e7\u00e3o tem incentivado o uso de camas com base de armazenamento integrada. Com design moderno e funcional, essas camas s\u00e3o pr\u00e1ticas para qualquer tipo de ambiente, inclusive em cidades como&nbsp;<strong>S\u00e3o Paulo<\/strong>, onde apartamentos geralmente apresentam metragem reduzida.<\/p>\n\n\n\n<ul class=\"wp-block-list\">\n<li>Aproveitamento eficiente do espa\u00e7o<\/li>\n\n\n\n<li>Organiza\u00e7\u00e3o e ordem visual no quarto<\/li>\n\n\n\n<li>Adapta\u00e7\u00e3o a diversos estilos decorativos<\/li>\n<\/ul>\n\n\n\n<h2 class=\"wp-block-heading\">Quais s\u00e3o os principais benef\u00edcios das camas com base de armazenamento?<\/h2>\n\n\n\n<ul class=\"wp-block-list\">\n<li><strong>Economia de espa\u00e7o:<\/strong>&nbsp;modelos com gavetas ou sistemas de eleva\u00e7\u00e3o oferecem uma solu\u00e7\u00e3o pr\u00e1tica para armazenamento oculto, permitindo guardar itens volumosos de forma discreta.<\/li>\n\n\n\n<li><strong>Design adapt\u00e1vel:<\/strong>&nbsp;dispon\u00edveis em vers\u00f5es de madeira, estofamento ou metal, essas camas se ajustam facilmente a qualquer decora\u00e7\u00e3o, seja cl\u00e1ssica ou contempor\u00e2nea.<\/li>\n\n\n\n<li><strong>Ordem visual:<\/strong>&nbsp;ao remover o volumoso estrado de molas e adicionar espa\u00e7o de armazenamento, o quarto parece mais limpo, harmonioso e equilibrado.<\/li>\n<\/ul>\n\n\n\n<h2 class=\"wp-block-heading\">Como escolher a cama ideal para seu quarto?<\/h2>\n\n\n\n<p>A escolha da cama ideal depende do espa\u00e7o dispon\u00edvel e das suas necessidades de armazenamento. Considere os seguintes modelos:<\/p>\n\n\n\n<ul class=\"wp-block-list\">\n<li><strong>Base com gavetas laterais:<\/strong>&nbsp;perfeita para organizar roupas, cal\u00e7ados ou acess\u00f3rios, sem ocupar espa\u00e7o adicional.<\/li>\n\n\n\n<li><strong>Base com compartimento de arruma\u00e7\u00e3o elev\u00e1vel:<\/strong>&nbsp;permite acesso amplo e discreto ao espa\u00e7o interno da cama, ideal para guardar itens volumosos como edredons e travesseiros em um ba\u00fa integrado.<\/li>\n\n\n\n<li><strong>Estruturas modulares:<\/strong>&nbsp;integram cama e arm\u00e1rio em um \u00fanico m\u00f3vel, sendo a solu\u00e7\u00e3o ideal para est\u00fadios ou apartamentos de um c\u00f4modo, otimizando cada cent\u00edmetro do ambiente.<\/li>\n<\/ul>\n\n\n\n<figure class=\"wp-block-image size-large\"><img loading=\"lazy\" decoding=\"async\" width=\"1024\" height=\"576\" src=\"https:\/\/www.em.com.br\/emfoco\/wp-content\/uploads\/2025\/10\/cama-com-armazenamento_1759957317675-1024x576.jpg\" alt=\"\" class=\"wp-image-113044\" srcset=\"https:\/\/www.em.com.br\/emfoco\/wp-content\/uploads\/2025\/10\/cama-com-armazenamento_1759957317675-1024x576.jpg 1024w, https:\/\/www.em.com.br\/emfoco\/wp-content\/uploads\/2025\/10\/cama-com-armazenamento_1759957317675-300x169.jpg 300w, https:\/\/www.em.com.br\/emfoco\/wp-content\/uploads\/2025\/10\/cama-com-armazenamento_1759957317675-768x432.jpg 768w, https:\/\/www.em.com.br\/emfoco\/wp-content\/uploads\/2025\/10\/cama-com-armazenamento_1759957317675-750x422.jpg 750w, https:\/\/www.em.com.br\/emfoco\/wp-content\/uploads\/2025\/10\/cama-com-armazenamento_1759957317675-1140x641.jpg 1140w, https:\/\/www.em.com.br\/emfoco\/wp-content\/uploads\/2025\/10\/cama-com-armazenamento_1759957317675.jpg 1280w\" sizes=\"auto, (max-width: 1024px) 100vw, 1024px\" \/><figcaption class=\"wp-element-caption\">Camas com armazenamento ajudam na organiza\u00e7\u00e3o &#8211; Cr\u00e9ditos: depositphotos.com \/ brizmaker<\/figcaption><\/figure>\n\n\n\n<p>Para aumentar a sensa\u00e7\u00e3o de amplitude e conforto no ambiente, recomenda-se combinar a cama com roupas de cama leves, ilumina\u00e7\u00e3o quente e m\u00f3veis de linhas simples.<\/p>\n\n\n\n<h2 class=\"wp-block-heading\">Por que optar por camas com base de armazenamento?<\/h2>\n\n\n\n<p>As<a href=\"https:\/\/decorandocasas.com.br\/2025\/02\/28\/cama-com-armazenamento-integrado\/\" target=\"_blank\" rel=\"noreferrer noopener\">\u00a0<strong>camas com armazenamento<\/strong>\u00a0oferecem solu\u00e7\u00f5es vers\u00e1teis<\/a>: com\u00a0<strong>gavetas<\/strong>, ba\u00fas ou compartimentos ocultos. Elas s\u00e3o ideais para guardar roupas de cama, cal\u00e7ados ou itens de temporada. Al\u00e9m de liberar espa\u00e7o em arm\u00e1rios, contribuem para um ambiente mais ordenado e elegante. Em capitais movimentadas como\u00a0<strong>Rio de Janeiro<\/strong>\u00a0e\u00a0<strong>Lisboa<\/strong>, onde otimizar espa\u00e7o \u00e9 fundamental, essa alternativa tem conquistado cada vez mais adeptos.<\/p>\n\n\n\n<h2 class=\"wp-block-heading\">Quais s\u00e3o os principais modelos de camas?<\/h2>\n\n\n\n<p>Os modelos variam e podem incluir&nbsp;<strong>gavetas laterais<\/strong>&nbsp;ou sistemas elev\u00e1veis com ba\u00fas internos. A escolha depende do espa\u00e7o dispon\u00edvel e das suas necessidades de armazenamento. Ambos os modelos proporcionam um quarto limpo e organizado, seja em resid\u00eancias no&nbsp;<strong>Brasil<\/strong>&nbsp;ou em pa\u00edses europeus como&nbsp;<strong>Portugal<\/strong>.<\/p>\n\n\n\n<h2 class=\"wp-block-heading\">Como adaptar o design e estilo ao ambiente?<\/h2>\n\n\n\n<p>As camas modernas com armazenamento s\u00e3o conhecidas pelo&nbsp;<strong>design minimalista<\/strong>. Elas combinam com estilos decorativos variados, desde o cl\u00e1ssico at\u00e9 o contempor\u00e2neo, permitindo mais amplitude visual ao quarto. Em projetos de interiores desenvolvidos por empresas como&nbsp;<strong>Studio Arthur Casas<\/strong>, essas camas desempenham papel central na otimiza\u00e7\u00e3o dos ambientes compactos.<\/p>\n\n\n\n<p><strong>Dica r\u00e1pida:<\/strong>&nbsp;Para potencializar a sensa\u00e7\u00e3o de espa\u00e7o, use roupas de cama claras, ilumina\u00e7\u00e3o quente e m\u00f3veis de linhas simples. Dispositivos como o&nbsp;<strong>Google Nest<\/strong>&nbsp;podem ajudar a controlar a ilumina\u00e7\u00e3o e criar atmosfera acolhedora no ambiente.<\/p>\n\n\n\n<p>Leia tamb\u00e9m: <a href=\"https:\/\/www.em.com.br\/emfoco\/2025\/10\/08\/ar-condicionado-pode-ser-o-inimigo-da-saude\/\" target=\"_blank\" rel=\"noreferrer noopener\">Ar condicionado pode ser o inimigo da sa\u00fade?<\/a><\/p>\n\n\n\n<h2 class=\"wp-block-heading\">Como aproveitar cada cent\u00edmetro do quarto?<\/h2>\n\n\n\n<p>O uso de camas com base de armazenamento n\u00e3o \u00e9 apenas uma tend\u00eancia, mas tamb\u00e9m uma&nbsp;<strong>solu\u00e7\u00e3o pr\u00e1tica<\/strong>&nbsp;para a vida moderna, maximizando o espa\u00e7o e ajudando na organiza\u00e7\u00e3o. Em grandes cidades e at\u00e9 em im\u00f3veis menores nas regi\u00f5es metropolitanas, elas acabam se tornando indispens\u00e1veis.<\/p>\n\n\n\n<ul class=\"wp-block-list\">\n<li>Efici\u00eancia em espa\u00e7o: economizam metros preciosos<\/li>\n\n\n\n<li>Est\u00e9tica e organiza\u00e7\u00e3o: proporcionam um quarto limpo<\/li>\n\n\n\n<li>Versatilidade: encaixam em qualquer estilo decorativo<\/li>\n<\/ul>\n","protected":false},"excerpt":{"rendered":"<p>O&nbsp;tradicional box spring&nbsp;ainda \u00e9 comum nos dormit\u00f3rios, mas a&nbsp;busca por efici\u00eancia&nbsp;e organiza\u00e7\u00e3o tem incentivado o uso de camas com base de armazenamento integrada. Com design moderno e funcional, essas camas s\u00e3o pr\u00e1ticas para qualquer tipo de ambiente, inclusive em cidades como&nbsp;S\u00e3o Paulo, onde apartamentos geralmente apresentam metragem reduzida. Quais s\u00e3o os principais benef\u00edcios das camas [&hellip;]<\/p>\n","protected":false},"author":11,"featured_media":113045,"comment_status":"open","ping_status":"open","sticky":false,"template":"","format":"standard","meta":{"jnews-multi-image_gallery":[],"jnews_single_post":{"format":"standard"},"jnews_primary_category":[],"jnews_social_meta":[],"jnews_override_counter":[],"footnotes":""},"categories":[8819,1],"tags":[17188,8873,1706,17187],"class_list":["post-112870","post","type-post","status-publish","format-standard","has-post-thumbnail","hentry","category-curiosidades","category-noticias","tag-bau","tag-cama","tag-espaco","tag-gaveta"],"yoast_head":"<!-- This site is optimized with the Yoast SEO plugin v23.8 - https:\/\/yoast.com\/wordpress\/plugins\/seo\/ -->\n<title>Essa nova tend\u00eancia \u00e9 a solu\u00e7\u00e3o ideal para quartos pequenos - Estado de Minas - Em foco<\/title>\n<meta name=\"description\" content=\"Organiza\u00e7\u00e3o e est\u00e9tica com as novas camas inteligentes. Saiba como escolher a melhor para seu espa\u00e7o.\" \/>\n<meta name=\"robots\" content=\"index, follow, max-snippet:-1, max-image-preview:large, max-video-preview:-1\" \/>\n<link rel=\"canonical\" href=\"https:\/\/www.em.com.br\/emfoco\/2025\/10\/09\/essa-nova-tendencia-e-a-solucao-ideal-para-quartos-pequenos\/\" \/>\n<meta property=\"og:locale\" content=\"pt_BR\" \/>\n<meta property=\"og:type\" content=\"article\" \/>\n<meta property=\"og:title\" content=\"Essa nova tend\u00eancia \u00e9 a solu\u00e7\u00e3o ideal para quartos pequenos - Estado de Minas - Em foco\" \/>\n<meta property=\"og:description\" content=\"Organiza\u00e7\u00e3o e est\u00e9tica com as novas camas inteligentes. Saiba como escolher a melhor para seu espa\u00e7o.\" \/>\n<meta property=\"og:url\" content=\"https:\/\/www.em.com.br\/emfoco\/2025\/10\/09\/essa-nova-tendencia-e-a-solucao-ideal-para-quartos-pequenos\/\" \/>\n<meta property=\"og:site_name\" content=\"Estado de Minas - Em foco\" \/>\n<meta property=\"article:published_time\" content=\"2025-10-09T19:45:00+00:00\" \/>\n<meta property=\"article:modified_time\" content=\"2025-10-08T20:09:19+00:00\" \/>\n<meta property=\"og:image\" content=\"https:\/\/www.em.com.br\/emfoco\/wp-content\/uploads\/2025\/10\/cama-com-armazenamento_1759957418803.jpg\" \/>\n\t<meta property=\"og:image:width\" content=\"1280\" \/>\n\t<meta property=\"og:image:height\" content=\"720\" \/>\n\t<meta property=\"og:image:type\" content=\"image\/jpeg\" \/>\n<meta name=\"author\" content=\"Andre\u0301 Rangel\u00a0\" \/>\n<meta name=\"twitter:card\" content=\"summary_large_image\" \/>\n<meta name=\"twitter:label1\" content=\"Escrito por\" \/>\n\t<meta name=\"twitter:data1\" content=\"Andre\u0301 Rangel\u00a0\" \/>\n\t<meta name=\"twitter:label2\" content=\"Est. tempo de leitura\" \/>\n\t<meta name=\"twitter:data2\" content=\"4 minutos\" \/>\n<!-- \/ Yoast SEO plugin. -->","yoast_head_json":{"title":"Essa nova tend\u00eancia \u00e9 a solu\u00e7\u00e3o ideal para quartos pequenos - Estado de Minas - Em foco","description":"Organiza\u00e7\u00e3o e est\u00e9tica com as novas camas inteligentes. Saiba como escolher a melhor para seu espa\u00e7o.","robots":{"index":"index","follow":"follow","max-snippet":"max-snippet:-1","max-image-preview":"max-image-preview:large","max-video-preview":"max-video-preview:-1"},"canonical":"https:\/\/www.em.com.br\/emfoco\/2025\/10\/09\/essa-nova-tendencia-e-a-solucao-ideal-para-quartos-pequenos\/","og_locale":"pt_BR","og_type":"article","og_title":"Essa nova tend\u00eancia \u00e9 a solu\u00e7\u00e3o ideal para quartos pequenos - Estado de Minas - Em foco","og_description":"Organiza\u00e7\u00e3o e est\u00e9tica com as novas camas inteligentes. Saiba como escolher a melhor para seu espa\u00e7o.","og_url":"https:\/\/www.em.com.br\/emfoco\/2025\/10\/09\/essa-nova-tendencia-e-a-solucao-ideal-para-quartos-pequenos\/","og_site_name":"Estado de Minas - Em foco","article_published_time":"2025-10-09T19:45:00+00:00","article_modified_time":"2025-10-08T20:09:19+00:00","og_image":[{"width":1280,"height":720,"url":"https:\/\/www.em.com.br\/emfoco\/wp-content\/uploads\/2025\/10\/cama-com-armazenamento_1759957418803.jpg","type":"image\/jpeg"}],"author":"Andre\u0301 Rangel\u00a0","twitter_card":"summary_large_image","twitter_misc":{"Escrito por":"Andre\u0301 Rangel\u00a0","Est. tempo de leitura":"4 minutos"},"schema":{"@context":"https:\/\/schema.org","@graph":[{"@type":"WebPage","@id":"https:\/\/www.em.com.br\/emfoco\/2025\/10\/09\/essa-nova-tendencia-e-a-solucao-ideal-para-quartos-pequenos\/","url":"https:\/\/www.em.com.br\/emfoco\/2025\/10\/09\/essa-nova-tendencia-e-a-solucao-ideal-para-quartos-pequenos\/","name":"Essa nova tend\u00eancia \u00e9 a solu\u00e7\u00e3o ideal para quartos pequenos - Estado de Minas - Em foco","isPartOf":{"@id":"https:\/\/www.em.com.br\/emfoco\/#website"},"primaryImageOfPage":{"@id":"https:\/\/www.em.com.br\/emfoco\/2025\/10\/09\/essa-nova-tendencia-e-a-solucao-ideal-para-quartos-pequenos\/#primaryimage"},"image":{"@id":"https:\/\/www.em.com.br\/emfoco\/2025\/10\/09\/essa-nova-tendencia-e-a-solucao-ideal-para-quartos-pequenos\/#primaryimage"},"thumbnailUrl":"https:\/\/www.em.com.br\/emfoco\/wp-content\/uploads\/2025\/10\/cama-com-armazenamento_1759957418803.jpg","datePublished":"2025-10-09T19:45:00+00:00","dateModified":"2025-10-08T20:09:19+00:00","author":{"@id":"https:\/\/www.em.com.br\/emfoco\/#\/schema\/person\/60eda09c1fedf0d6891f4cef4b60b8b8"},"description":"Organiza\u00e7\u00e3o e est\u00e9tica com as novas camas inteligentes. Saiba como escolher a melhor para seu espa\u00e7o.","breadcrumb":{"@id":"https:\/\/www.em.com.br\/emfoco\/2025\/10\/09\/essa-nova-tendencia-e-a-solucao-ideal-para-quartos-pequenos\/#breadcrumb"},"inLanguage":"pt-BR","potentialAction":[{"@type":"ReadAction","target":["https:\/\/www.em.com.br\/emfoco\/2025\/10\/09\/essa-nova-tendencia-e-a-solucao-ideal-para-quartos-pequenos\/"]}]},{"@type":"ImageObject","inLanguage":"pt-BR","@id":"https:\/\/www.em.com.br\/emfoco\/2025\/10\/09\/essa-nova-tendencia-e-a-solucao-ideal-para-quartos-pequenos\/#primaryimage","url":"https:\/\/www.em.com.br\/emfoco\/wp-content\/uploads\/2025\/10\/cama-com-armazenamento_1759957418803.jpg","contentUrl":"https:\/\/www.em.com.br\/emfoco\/wp-content\/uploads\/2025\/10\/cama-com-armazenamento_1759957418803.jpg","width":1280,"height":720,"caption":"Cama com espa\u00e7o para organizar o ambiente - Cr\u00e9ditos: depositphotos.com \/ alenka2194"},{"@type":"BreadcrumbList","@id":"https:\/\/www.em.com.br\/emfoco\/2025\/10\/09\/essa-nova-tendencia-e-a-solucao-ideal-para-quartos-pequenos\/#breadcrumb","itemListElement":[{"@type":"ListItem","position":1,"name":"In\u00edcio","item":"https:\/\/www.em.com.br\/emfoco\/"},{"@type":"ListItem","position":2,"name":"Essa nova tend\u00eancia \u00e9 a solu\u00e7\u00e3o ideal para quartos pequenos"}]},{"@type":"WebSite","@id":"https:\/\/www.em.com.br\/emfoco\/#website","url":"https:\/\/www.em.com.br\/emfoco\/","name":"Estado de Minas - Em foco","description":"Acompanhe as \u00faltimas not\u00edcias e fique bem informado sobre tudo o que acontece em Minas Gerais, Brasil e no mundo.","potentialAction":[{"@type":"SearchAction","target":{"@type":"EntryPoint","urlTemplate":"https:\/\/www.em.com.br\/emfoco\/?s={search_term_string}"},"query-input":{"@type":"PropertyValueSpecification","valueRequired":true,"valueName":"search_term_string"}}],"inLanguage":"pt-BR"},{"@type":"Person","@id":"https:\/\/www.em.com.br\/emfoco\/#\/schema\/person\/60eda09c1fedf0d6891f4cef4b60b8b8","name":"Andre\u0301 Rangel\u00a0","image":{"@type":"ImageObject","inLanguage":"pt-BR","@id":"https:\/\/www.em.com.br\/emfoco\/#\/schema\/person\/image\/","url":"https:\/\/secure.gravatar.com\/avatar\/6234dc814c77c8ef6d8bba622c787efc?s=96&d=mm&r=g","contentUrl":"https:\/\/secure.gravatar.com\/avatar\/6234dc814c77c8ef6d8bba622c787efc?s=96&d=mm&r=g","caption":"Andre\u0301 Rangel\u00a0"},"url":"https:\/\/www.em.com.br\/emfoco\/author\/luizmyth\/"}]}},"_links":{"self":[{"href":"https:\/\/www.em.com.br\/emfoco\/wp-json\/wp\/v2\/posts\/112870","targetHints":{"allow":["GET"]}}],"collection":[{"href":"https:\/\/www.em.com.br\/emfoco\/wp-json\/wp\/v2\/posts"}],"about":[{"href":"https:\/\/www.em.com.br\/emfoco\/wp-json\/wp\/v2\/types\/post"}],"author":[{"embeddable":true,"href":"https:\/\/www.em.com.br\/emfoco\/wp-json\/wp\/v2\/users\/11"}],"replies":[{"embeddable":true,"href":"https:\/\/www.em.com.br\/emfoco\/wp-json\/wp\/v2\/comments?post=112870"}],"version-history":[{"count":5,"href":"https:\/\/www.em.com.br\/emfoco\/wp-json\/wp\/v2\/posts\/112870\/revisions"}],"predecessor-version":[{"id":113046,"href":"https:\/\/www.em.com.br\/emfoco\/wp-json\/wp\/v2\/posts\/112870\/revisions\/113046"}],"wp:featuredmedia":[{"embeddable":true,"href":"https:\/\/www.em.com.br\/emfoco\/wp-json\/wp\/v2\/media\/113045"}],"wp:attachment":[{"href":"https:\/\/www.em.com.br\/emfoco\/wp-json\/wp\/v2\/media?parent=112870"}],"wp:term":[{"taxonomy":"category","embeddable":true,"href":"https:\/\/www.em.com.br\/emfoco\/wp-json\/wp\/v2\/categories?post=112870"},{"taxonomy":"post_tag","embeddable":true,"href":"https:\/\/www.em.com.br\/emfoco\/wp-json\/wp\/v2\/tags?post=112870"}],"curies":[{"name":"wp","href":"https:\/\/api.w.org\/{rel}","templated":true}]}}