{"id":112866,"date":"2025-10-09T12:15:00","date_gmt":"2025-10-09T15:15:00","guid":{"rendered":"https:\/\/www.em.com.br\/emfoco\/?p=112866"},"modified":"2025-10-08T15:22:23","modified_gmt":"2025-10-08T18:22:23","slug":"o-lanche-facil-que-parece-fast-food-mas-e-feito-em-casa","status":"publish","type":"post","link":"https:\/\/www.em.com.br\/emfoco\/2025\/10\/09\/o-lanche-facil-que-parece-fast-food-mas-e-feito-em-casa\/","title":{"rendered":"O lanche f\u00e1cil que parece fast food, mas \u00e9 feito em casa"},"content":{"rendered":"\n<p>Sentiu aquele&nbsp;<strong>desejo<\/strong>&nbsp;de um&nbsp;<strong>lanche r\u00e1pido<\/strong>&nbsp;e delicioso, mas n\u00e3o quer complicar na cozinha? Este lanche de forno \u00e9 a solu\u00e7\u00e3o saborosa que voc\u00ea precisa!<\/p>\n\n\n\n<ul class=\"wp-block-list\">\n<li>Ingredientes simples que voc\u00ea j\u00e1 tem em casa<\/li>\n\n\n\n<li>Pronto em menos de 30 minutos<\/li>\n\n\n\n<li>Perfeito para agradar toda a fam\u00edlia<\/li>\n<\/ul>\n\n\n\n<h2 class=\"wp-block-heading\">Quais s\u00e3o os ingredientes necess\u00e1rios?<\/h2>\n\n\n\n<p>Para preparar este&nbsp;<strong>lanche r\u00e1pido<\/strong>, voc\u00ea precisar\u00e1 de: maionese, requeij\u00e3o cremoso, molho de tomate, p\u00e3o de forma, presunto, queijo e ingredientes extras para decora\u00e7\u00e3o. Caso voc\u00ea tenha visitado recentemente o&nbsp;<strong>Rio de Janeiro<\/strong>&nbsp;e trouxe um p\u00e3o diferente ou um queijo especial de l\u00e1, vale a pena testar tamb\u00e9m!<\/p>\n\n\n\n<h2 class=\"wp-block-heading\">Como fazer o lanche de forno passo a passo?<\/h2>\n\n\n\n<p>Primeiramente, misture 250 gramas de maionese com 250 gramas de requeij\u00e3o cremoso e reserve. Em seguida, espalhe molho de tomate por uma forma.<\/p>\n\n\n\n<ul class=\"wp-block-list\">\n<li>Coloque uma camada de p\u00e3o de forma sobre o molho<\/li>\n\n\n\n<li>Adicione o creme de requeij\u00e3o e maionese por cima do p\u00e3o<\/li>\n\n\n\n<li>Fa\u00e7a camadas com presunto e queijo<\/li>\n\n\n\n<li>Repita as camadas, finalizando com mais p\u00e3o e o creme<\/li>\n\n\n\n<li>Decore com queijo mu\u00e7arela e rodelas de tomate<\/li>\n<\/ul>\n\n\n\n<figure class=\"wp-block-image size-large\"><img loading=\"lazy\" decoding=\"async\" width=\"1024\" height=\"576\" src=\"https:\/\/www.em.com.br\/emfoco\/wp-content\/uploads\/2025\/10\/torta-no-forno_1759951107348-1024x576.jpg\" alt=\"\" class=\"wp-image-112948\" srcset=\"https:\/\/www.em.com.br\/emfoco\/wp-content\/uploads\/2025\/10\/torta-no-forno_1759951107348-1024x576.jpg 1024w, https:\/\/www.em.com.br\/emfoco\/wp-content\/uploads\/2025\/10\/torta-no-forno_1759951107348-300x169.jpg 300w, https:\/\/www.em.com.br\/emfoco\/wp-content\/uploads\/2025\/10\/torta-no-forno_1759951107348-768x432.jpg 768w, https:\/\/www.em.com.br\/emfoco\/wp-content\/uploads\/2025\/10\/torta-no-forno_1759951107348-750x422.jpg 750w, https:\/\/www.em.com.br\/emfoco\/wp-content\/uploads\/2025\/10\/torta-no-forno_1759951107348-1140x641.jpg 1140w, https:\/\/www.em.com.br\/emfoco\/wp-content\/uploads\/2025\/10\/torta-no-forno_1759951107348.jpg 1280w\" sizes=\"auto, (max-width: 1024px) 100vw, 1024px\" \/><figcaption class=\"wp-element-caption\">Receita de torta no forno &#8211; Cr\u00e9ditos: depositphotos.com \/ Ischukigor<\/figcaption><\/figure>\n\n\n\n<p>Depois, polvilhe or\u00e9gano a gosto e leve ao forno pr\u00e9-aquecido a 180 graus Celsius por 25 minutos. Se quiser, pode acompanhar de uma salada colorida inspirada nas receitas saud\u00e1veis recomendadas por\u00a0<strong><a href=\"https:\/\/www.instagram.com\/gabrielakapim\/\" target=\"_blank\" rel=\"noreferrer noopener\">Gabriela Kapim<\/a><\/strong>, uma famosa nutricionista brasileira.<\/p>\n\n\n\n<h2 class=\"wp-block-heading\">Quais outras receitas r\u00e1pidas voc\u00ea pode tentar?<\/h2>\n\n\n\n<p>Se voc\u00ea gostou desta ideia de lanche r\u00e1pido, talvez queira explorar mais op\u00e7\u00f5es:<\/p>\n\n\n\n<ul class=\"wp-block-list\">\n<li><strong>Como fazer picol\u00e9 de banana com chocolate<\/strong><\/li>\n\n\n\n<li>Receitas com marshmallow para as crian\u00e7as<\/li>\n\n\n\n<li>Dicas de nutricionistas sobre o uso do requeij\u00e3o<\/li>\n<\/ul>\n\n\n\n<p>Essas sugest\u00f5es podem ser inspiradas tanto pela culin\u00e1ria do\u00a0<strong>Brasil<\/strong>\u00a0quanto de outros pa\u00edses, como a cl\u00e1ssica bruschetta da\u00a0<strong>It\u00e1lia<\/strong>.<\/p>\n\n\n\n<h2 class=\"wp-block-heading\">Quais s\u00e3o as principais dicas para um lanche ainda melhor?<\/h2>\n\n\n\n<p>Abaixo est\u00e3o tr\u00eas dicas r\u00e1pidas para melhorar ainda mais seu lanche r\u00e1pido de forno:<\/p>\n\n\n\n<ul class=\"wp-block-list\">\n<li>Use ingredientes frescos para obter o melhor sabor<\/li>\n\n\n\n<li>Ajuste o tempo no forno de acordo com o seu gosto e o tipo de forno que utiliza, seja um convencional ou um forno inteligente da&nbsp;<strong>Samsung<\/strong><\/li>\n\n\n\n<li>Experimente diferentes combina\u00e7\u00f5es de recheios<\/li>\n<\/ul>\n\n\n\n<p>Leia tamb\u00e9m:\u00a0<a href=\"https:\/\/www.em.com.br\/emfoco\/2025\/10\/08\/receitas-de-tapioca-para-inovar-no-cafe-da-manha-da-sua-familia\/\" target=\"_blank\" rel=\"noreferrer noopener\">Receitas de tapioca para inovar no caf\u00e9 da manh\u00e3 da sua fam\u00edlia<\/a><\/p>\n\n\n\n<p><\/p>\n","protected":false},"excerpt":{"rendered":"<p>Sentiu aquele&nbsp;desejo&nbsp;de um&nbsp;lanche r\u00e1pido&nbsp;e delicioso, mas n\u00e3o quer complicar na cozinha? Este lanche de forno \u00e9 a solu\u00e7\u00e3o saborosa que voc\u00ea precisa! Quais s\u00e3o os ingredientes necess\u00e1rios? Para preparar este&nbsp;lanche r\u00e1pido, voc\u00ea precisar\u00e1 de: maionese, requeij\u00e3o cremoso, molho de tomate, p\u00e3o de forma, presunto, queijo e ingredientes extras para decora\u00e7\u00e3o. Caso voc\u00ea tenha visitado recentemente [&hellip;]<\/p>\n","protected":false},"author":11,"featured_media":112945,"comment_status":"open","ping_status":"open","sticky":false,"template":"","format":"standard","meta":{"jnews-multi-image_gallery":[],"jnews_single_post":{"format":"standard"},"jnews_primary_category":[],"jnews_social_meta":[],"jnews_override_counter":[],"footnotes":""},"categories":[8819,1],"tags":[14569,11688,13362,3440],"class_list":["post-112866","post","type-post","status-publish","format-standard","has-post-thumbnail","hentry","category-curiosidades","category-noticias","tag-forno","tag-lanche","tag-pao-de-forma","tag-receita"],"yoast_head":"<!-- This site is optimized with the Yoast SEO plugin v23.8 - https:\/\/yoast.com\/wordpress\/plugins\/seo\/ -->\n<title>O lanche f\u00e1cil que parece fast food, mas \u00e9 feito em casa - Estado de Minas - Em foco<\/title>\n<meta name=\"description\" content=\"Lanche de forno com p\u00e3o e queijo que fica pronto em menos de meia hora. Ideal para a correria do dia a dia.\" \/>\n<meta name=\"robots\" content=\"index, follow, max-snippet:-1, max-image-preview:large, max-video-preview:-1\" \/>\n<link rel=\"canonical\" href=\"https:\/\/www.em.com.br\/emfoco\/2025\/10\/09\/o-lanche-facil-que-parece-fast-food-mas-e-feito-em-casa\/\" \/>\n<meta property=\"og:locale\" content=\"pt_BR\" \/>\n<meta property=\"og:type\" content=\"article\" \/>\n<meta property=\"og:title\" content=\"O lanche f\u00e1cil que parece fast food, mas \u00e9 feito em casa - Estado de Minas - Em foco\" \/>\n<meta property=\"og:description\" content=\"Lanche de forno com p\u00e3o e queijo que fica pronto em menos de meia hora. Ideal para a correria do dia a dia.\" \/>\n<meta property=\"og:url\" content=\"https:\/\/www.em.com.br\/emfoco\/2025\/10\/09\/o-lanche-facil-que-parece-fast-food-mas-e-feito-em-casa\/\" \/>\n<meta property=\"og:site_name\" content=\"Estado de Minas - Em foco\" \/>\n<meta property=\"article:published_time\" content=\"2025-10-09T15:15:00+00:00\" \/>\n<meta property=\"article:modified_time\" content=\"2025-10-08T18:22:23+00:00\" \/>\n<meta property=\"og:image\" content=\"https:\/\/www.em.com.br\/emfoco\/wp-content\/uploads\/2025\/10\/torta-no-forno_1759951045938.jpg\" \/>\n\t<meta property=\"og:image:width\" content=\"1280\" \/>\n\t<meta property=\"og:image:height\" content=\"720\" \/>\n\t<meta property=\"og:image:type\" content=\"image\/jpeg\" \/>\n<meta name=\"author\" content=\"Andre\u0301 Rangel\u00a0\" \/>\n<meta name=\"twitter:card\" content=\"summary_large_image\" \/>\n<meta name=\"twitter:label1\" content=\"Escrito por\" \/>\n\t<meta name=\"twitter:data1\" content=\"Andre\u0301 Rangel\u00a0\" \/>\n\t<meta name=\"twitter:label2\" content=\"Est. tempo de leitura\" \/>\n\t<meta name=\"twitter:data2\" content=\"3 minutos\" \/>\n<!-- \/ Yoast SEO plugin. -->","yoast_head_json":{"title":"O lanche f\u00e1cil que parece fast food, mas \u00e9 feito em casa - Estado de Minas - Em foco","description":"Lanche de forno com p\u00e3o e queijo que fica pronto em menos de meia hora. Ideal para a correria do dia a dia.","robots":{"index":"index","follow":"follow","max-snippet":"max-snippet:-1","max-image-preview":"max-image-preview:large","max-video-preview":"max-video-preview:-1"},"canonical":"https:\/\/www.em.com.br\/emfoco\/2025\/10\/09\/o-lanche-facil-que-parece-fast-food-mas-e-feito-em-casa\/","og_locale":"pt_BR","og_type":"article","og_title":"O lanche f\u00e1cil que parece fast food, mas \u00e9 feito em casa - Estado de Minas - Em foco","og_description":"Lanche de forno com p\u00e3o e queijo que fica pronto em menos de meia hora. Ideal para a correria do dia a dia.","og_url":"https:\/\/www.em.com.br\/emfoco\/2025\/10\/09\/o-lanche-facil-que-parece-fast-food-mas-e-feito-em-casa\/","og_site_name":"Estado de Minas - Em foco","article_published_time":"2025-10-09T15:15:00+00:00","article_modified_time":"2025-10-08T18:22:23+00:00","og_image":[{"width":1280,"height":720,"url":"https:\/\/www.em.com.br\/emfoco\/wp-content\/uploads\/2025\/10\/torta-no-forno_1759951045938.jpg","type":"image\/jpeg"}],"author":"Andre\u0301 Rangel\u00a0","twitter_card":"summary_large_image","twitter_misc":{"Escrito por":"Andre\u0301 Rangel\u00a0","Est. tempo de leitura":"3 minutos"},"schema":{"@context":"https:\/\/schema.org","@graph":[{"@type":"WebPage","@id":"https:\/\/www.em.com.br\/emfoco\/2025\/10\/09\/o-lanche-facil-que-parece-fast-food-mas-e-feito-em-casa\/","url":"https:\/\/www.em.com.br\/emfoco\/2025\/10\/09\/o-lanche-facil-que-parece-fast-food-mas-e-feito-em-casa\/","name":"O lanche f\u00e1cil que parece fast food, mas \u00e9 feito em casa - Estado de Minas - Em foco","isPartOf":{"@id":"https:\/\/www.em.com.br\/emfoco\/#website"},"primaryImageOfPage":{"@id":"https:\/\/www.em.com.br\/emfoco\/2025\/10\/09\/o-lanche-facil-que-parece-fast-food-mas-e-feito-em-casa\/#primaryimage"},"image":{"@id":"https:\/\/www.em.com.br\/emfoco\/2025\/10\/09\/o-lanche-facil-que-parece-fast-food-mas-e-feito-em-casa\/#primaryimage"},"thumbnailUrl":"https:\/\/www.em.com.br\/emfoco\/wp-content\/uploads\/2025\/10\/torta-no-forno_1759951045938.jpg","datePublished":"2025-10-09T15:15:00+00:00","dateModified":"2025-10-08T18:22:23+00:00","author":{"@id":"https:\/\/www.em.com.br\/emfoco\/#\/schema\/person\/60eda09c1fedf0d6891f4cef4b60b8b8"},"description":"Lanche de forno com p\u00e3o e queijo que fica pronto em menos de meia hora. Ideal para a correria do dia a dia.","breadcrumb":{"@id":"https:\/\/www.em.com.br\/emfoco\/2025\/10\/09\/o-lanche-facil-que-parece-fast-food-mas-e-feito-em-casa\/#breadcrumb"},"inLanguage":"pt-BR","potentialAction":[{"@type":"ReadAction","target":["https:\/\/www.em.com.br\/emfoco\/2025\/10\/09\/o-lanche-facil-que-parece-fast-food-mas-e-feito-em-casa\/"]}]},{"@type":"ImageObject","inLanguage":"pt-BR","@id":"https:\/\/www.em.com.br\/emfoco\/2025\/10\/09\/o-lanche-facil-que-parece-fast-food-mas-e-feito-em-casa\/#primaryimage","url":"https:\/\/www.em.com.br\/emfoco\/wp-content\/uploads\/2025\/10\/torta-no-forno_1759951045938.jpg","contentUrl":"https:\/\/www.em.com.br\/emfoco\/wp-content\/uploads\/2025\/10\/torta-no-forno_1759951045938.jpg","width":1280,"height":720,"caption":"Receitas deliciosas para hora do lanche - Cr\u00e9ditos: depositphotos.com \/ ivankyryk"},{"@type":"BreadcrumbList","@id":"https:\/\/www.em.com.br\/emfoco\/2025\/10\/09\/o-lanche-facil-que-parece-fast-food-mas-e-feito-em-casa\/#breadcrumb","itemListElement":[{"@type":"ListItem","position":1,"name":"In\u00edcio","item":"https:\/\/www.em.com.br\/emfoco\/"},{"@type":"ListItem","position":2,"name":"O lanche f\u00e1cil que parece fast food, mas \u00e9 feito em casa"}]},{"@type":"WebSite","@id":"https:\/\/www.em.com.br\/emfoco\/#website","url":"https:\/\/www.em.com.br\/emfoco\/","name":"Estado de Minas - Em foco","description":"Acompanhe as \u00faltimas not\u00edcias e fique bem informado sobre tudo o que acontece em Minas Gerais, Brasil e no mundo.","potentialAction":[{"@type":"SearchAction","target":{"@type":"EntryPoint","urlTemplate":"https:\/\/www.em.com.br\/emfoco\/?s={search_term_string}"},"query-input":{"@type":"PropertyValueSpecification","valueRequired":true,"valueName":"search_term_string"}}],"inLanguage":"pt-BR"},{"@type":"Person","@id":"https:\/\/www.em.com.br\/emfoco\/#\/schema\/person\/60eda09c1fedf0d6891f4cef4b60b8b8","name":"Andre\u0301 Rangel\u00a0","image":{"@type":"ImageObject","inLanguage":"pt-BR","@id":"https:\/\/www.em.com.br\/emfoco\/#\/schema\/person\/image\/","url":"https:\/\/secure.gravatar.com\/avatar\/6234dc814c77c8ef6d8bba622c787efc?s=96&d=mm&r=g","contentUrl":"https:\/\/secure.gravatar.com\/avatar\/6234dc814c77c8ef6d8bba622c787efc?s=96&d=mm&r=g","caption":"Andre\u0301 Rangel\u00a0"},"url":"https:\/\/www.em.com.br\/emfoco\/author\/luizmyth\/"}]}},"_links":{"self":[{"href":"https:\/\/www.em.com.br\/emfoco\/wp-json\/wp\/v2\/posts\/112866","targetHints":{"allow":["GET"]}}],"collection":[{"href":"https:\/\/www.em.com.br\/emfoco\/wp-json\/wp\/v2\/posts"}],"about":[{"href":"https:\/\/www.em.com.br\/emfoco\/wp-json\/wp\/v2\/types\/post"}],"author":[{"embeddable":true,"href":"https:\/\/www.em.com.br\/emfoco\/wp-json\/wp\/v2\/users\/11"}],"replies":[{"embeddable":true,"href":"https:\/\/www.em.com.br\/emfoco\/wp-json\/wp\/v2\/comments?post=112866"}],"version-history":[{"count":5,"href":"https:\/\/www.em.com.br\/emfoco\/wp-json\/wp\/v2\/posts\/112866\/revisions"}],"predecessor-version":[{"id":112949,"href":"https:\/\/www.em.com.br\/emfoco\/wp-json\/wp\/v2\/posts\/112866\/revisions\/112949"}],"wp:featuredmedia":[{"embeddable":true,"href":"https:\/\/www.em.com.br\/emfoco\/wp-json\/wp\/v2\/media\/112945"}],"wp:attachment":[{"href":"https:\/\/www.em.com.br\/emfoco\/wp-json\/wp\/v2\/media?parent=112866"}],"wp:term":[{"taxonomy":"category","embeddable":true,"href":"https:\/\/www.em.com.br\/emfoco\/wp-json\/wp\/v2\/categories?post=112866"},{"taxonomy":"post_tag","embeddable":true,"href":"https:\/\/www.em.com.br\/emfoco\/wp-json\/wp\/v2\/tags?post=112866"}],"curies":[{"name":"wp","href":"https:\/\/api.w.org\/{rel}","templated":true}]}}