{"id":112805,"date":"2025-10-09T18:55:00","date_gmt":"2025-10-09T21:55:00","guid":{"rendered":"https:\/\/www.em.com.br\/emfoco\/?p=112805"},"modified":"2025-10-08T20:29:09","modified_gmt":"2025-10-08T23:29:09","slug":"os-7-sinais-de-que-voce-e-otrovertida-e-mantem-sua-independencia","status":"publish","type":"post","link":"https:\/\/www.em.com.br\/emfoco\/2025\/10\/09\/os-7-sinais-de-que-voce-e-otrovertida-e-mantem-sua-independencia\/","title":{"rendered":"Os 7 sinais de que voc\u00ea \u00e9 otrovertida e mant\u00e9m sua independ\u00eancia"},"content":{"rendered":"\n<p>No mundo contempor\u00e2neo, onde as intera\u00e7\u00f5es sociais s\u00e3o cada vez mais frequentes, surge a figura do &#8220;<strong>otrovertido<\/strong>&#8220;, um termo introduzido pelo psiquiatra <strong>Rami Kaminski<\/strong> em seu livro &#8220;<strong>The Gift of Not Belonging<\/strong>&#8220;. Este conceito descreve indiv\u00edduos que conseguem se conectar socialmente sem a necessidade de v\u00ednculos emocionais profundos, mantendo a sua autonomia pessoal intacta. Diferente dos ambivertidos, cujo equil\u00edbrio entre introvers\u00e3o e extrovers\u00e3o define suas intera\u00e7\u00f5es, os otrovertidos preservam sua identidade emocional independente, mesmo ao participarem de atividades sociais.<\/p>\n\n\n\n<p>Uma caracter\u00edstica central dos otrovertidos \u00e9 a habilidade de evitar a chamada &#8220;<strong>sincroniza\u00e7\u00e3o afetiva autom\u00e1tica<\/strong>&#8220;, o que lhes permite navegar em grupos de forma natural e espont\u00e2nea, sem ceder \u00e0s press\u00f5es emocionais do ambiente ao redor. Apesar de ainda emergente e sem reconhecimento cl\u00ednico oficial, o conceito de otrovers\u00e3o oferece um novo prisma para refletir sobre o equil\u00edbrio entre a necessidade de pertencimento e a manuten\u00e7\u00e3o da independ\u00eancia emocional em um mundo amplamente conectado.<\/p>\n\n\n\n<h2 class=\"wp-block-heading\">Como se manifesta a otrovers\u00e3o no cotidiano?<\/h2>\n\n\n<div class=\"wp-block-image\">\n<figure class=\"aligncenter size-large\"><img loading=\"lazy\" decoding=\"async\" width=\"1024\" height=\"576\" src=\"https:\/\/www.em.com.br\/emfoco\/wp-content\/uploads\/2025\/09\/quebra-cabecas_1756831639699-1024x576.jpg\" alt=\"Quebra-cabe\u00e7as fortalecem o c\u00e9rebro e aliviam o estresse\" class=\"wp-image-106229\" srcset=\"https:\/\/www.em.com.br\/emfoco\/wp-content\/uploads\/2025\/09\/quebra-cabecas_1756831639699-1024x576.jpg 1024w, https:\/\/www.em.com.br\/emfoco\/wp-content\/uploads\/2025\/09\/quebra-cabecas_1756831639699-300x169.jpg 300w, https:\/\/www.em.com.br\/emfoco\/wp-content\/uploads\/2025\/09\/quebra-cabecas_1756831639699-768x432.jpg 768w, https:\/\/www.em.com.br\/emfoco\/wp-content\/uploads\/2025\/09\/quebra-cabecas_1756831639699-750x422.jpg 750w, https:\/\/www.em.com.br\/emfoco\/wp-content\/uploads\/2025\/09\/quebra-cabecas_1756831639699-1140x641.jpg 1140w, https:\/\/www.em.com.br\/emfoco\/wp-content\/uploads\/2025\/09\/quebra-cabecas_1756831639699.jpg 1280w\" sizes=\"auto, (max-width: 1024px) 100vw, 1024px\" \/><figcaption class=\"wp-element-caption\">Quebra cabe\u00e7as branco em formato de cabe\u00e7a humana &#8211; Cr\u00e9ditos: depositphotos.com \/ HayDmitriy<\/figcaption><\/figure><\/div>\n\n\n<p>No dia a dia, a postura otrovertida pode ser percebida por meio de sete sinais caracter\u00edsticos. Estes sinais conseguem ilustrar como a autonomia emocional se expressa em diferentes contextos sociais, desde ambientes de trabalho at\u00e9 rela\u00e7\u00f5es de amizade. <\/p>\n\n\n\n<p>Uma das principais diferen\u00e7as entre independ\u00eancia e timidez \u00e9 que os otrovertidos participam ativamente das intera\u00e7\u00f5es sociais, mas sem se fundirem ao estado emocional dos outros. A identidade deles permanece fora do grupo, mesmo em situa\u00e7\u00f5es onde a maioria parece compartilhar o mesmo sentimento.<\/p>\n\n\n\n<h2 class=\"wp-block-heading\">Quais s\u00e3o os sinais de que algu\u00e9m pode ser otrovertido?<\/h2>\n\n\n\n<ul class=\"wp-block-list\">\n<li><strong>Manuten\u00e7\u00e3o de perspectiva independente<\/strong>: mant\u00eam seu ponto de vista, mesmo em discuss\u00f5es em grupo.<\/li>\n\n\n\n<li><strong>Participa\u00e7\u00e3o seletiva<\/strong>: escolhem atividades que n\u00e3o comprometam sua autonomia.<\/li>\n\n\n\n<li><strong>Intera\u00e7\u00f5es significativas<\/strong>: preferem conversas profundas em detrimento de intera\u00e7\u00f5es superficiais.<\/li>\n\n\n\n<li><strong>Resist\u00eancia a press\u00f5es emocionais<\/strong>: n\u00e3o se deixam influenciar facilmente por sentimentos coletivos.<\/li>\n\n\n\n<li><strong>Originalidade em destaque<\/strong>: valorizam suas inerentes singularidades sem a necessidade de valida\u00e7\u00e3o externa.<\/li>\n\n\n\n<li><strong>Decis\u00e3o consciente<\/strong>: optam por compromissos sociais que n\u00e3o impactem sua independ\u00eancia.<\/li>\n\n\n\n<li><strong>Contribui\u00e7\u00e3o criativa<\/strong>: preferem trabalhos que permitam liberdade e inova\u00e7\u00e3o.<\/li>\n<\/ul>\n\n\n\n<p>Leia mais: <a href=\"https:\/\/www.em.com.br\/emfoco\/2025\/10\/06\/habitos-diarios-que-vao-te-ajudar-a-reduzir-o-risco-de-cancer-de-colon\/\" target=\"_blank\" rel=\"noreferrer noopener\">H\u00e1bitos di\u00e1rios que v\u00e3o te ajudar a reduzir o risco de c\u00e2ncer de c\u00f3lon<\/a><\/p>\n\n\n\n<h2 class=\"wp-block-heading\">De onde vem o conceito de otrovers\u00e3o e qual o seu impacto?<\/h2>\n\n\n\n<p>O termo &#8220;<strong>otrovertido<\/strong>&#8221; n\u00e3o surge de anos de pesquisa psicom\u00e9trica, mas sim da pr\u00e1tica cl\u00ednica e da observa\u00e7\u00e3o dos comportamentos humanos por <strong><a href=\"https:\/\/de.wikipedia.org\/wiki\/Roman_Kaminski\" target=\"_blank\" rel=\"noreferrer noopener\">Rami Kaminski<\/a><\/strong>. Embora ainda n\u00e3o seja uma constru\u00e7\u00e3o cient\u00edfica rigorosamente estabelecida, o conceito j\u00e1 encontra eco no panorama das discuss\u00f5es sobre introvers\u00e3o e extrovers\u00e3o ao introduzir novas possibilidades interpretativas. Ele fornece uma lente para analisar experi\u00eancias que ultrapassam as defini\u00e7\u00f5es tradicionais de comportamento social, promovendo uma reflex\u00e3o sobre o papel da identidade e autonomia nas intera\u00e7\u00f5es interpessoais.<\/p>\n\n\n\n<p>Embora ainda em fase de teste e adapta\u00e7\u00e3o, a no\u00e7\u00e3o de otrovers\u00e3o abre espa\u00e7o para discuss\u00f5es mais ampliadas sobre a interface entre participa\u00e7\u00e3o social e independ\u00eancia emocional. Para aqueles que se identificam com a descri\u00e7\u00e3o, planejar uma vida social e profissional que respeite a autonomia indiv\u00eddual pode ser o caminho para alcan\u00e7ar uma realiza\u00e7\u00e3o mais plena e aut\u00eantica. Assim, o &#8220;<strong>otrovertido<\/strong>&#8221; exerce a fascinante capacidade de interagir sem aderir, de pertencer sem se perder.<\/p>\n","protected":false},"excerpt":{"rendered":"<p>No mundo contempor\u00e2neo, onde as intera\u00e7\u00f5es sociais s\u00e3o cada vez mais frequentes, surge a figura do &#8220;otrovertido&#8220;, um termo introduzido pelo psiquiatra Rami Kaminski em seu livro &#8220;The Gift of Not Belonging&#8220;. Este conceito descreve indiv\u00edduos que conseguem se conectar socialmente sem a necessidade de v\u00ednculos emocionais profundos, mantendo a sua autonomia pessoal intacta. Diferente [&hellip;]<\/p>\n","protected":false},"author":20,"featured_media":108780,"comment_status":"open","ping_status":"open","sticky":false,"template":"","format":"standard","meta":{"jnews-multi-image_gallery":[],"jnews_single_post":{"format":"standard"},"jnews_primary_category":[],"jnews_social_meta":[],"jnews_override_counter":[],"footnotes":""},"categories":[8819,1],"tags":[828,17175,17179],"class_list":["post-112805","post","type-post","status-publish","format-standard","has-post-thumbnail","hentry","category-curiosidades","category-noticias","tag-autonomia","tag-otrovertido","tag-rami-kaminski"],"yoast_head":"<!-- This site is optimized with the Yoast SEO plugin v23.8 - https:\/\/yoast.com\/wordpress\/plugins\/seo\/ -->\n<title>Os 7 sinais de que voc\u00ea \u00e9 otrovertida e mant\u00e9m sua independ\u00eancia - Estado de Minas - Em foco<\/title>\n<meta name=\"description\" content=\"Voc\u00ea se conecta sem perder sua ess\u00eancia? Conhe\u00e7a o otrovertido, o perfil que interage socialmente e mant\u00e9m a sua autonomia emocional.\" \/>\n<meta name=\"robots\" content=\"index, follow, max-snippet:-1, max-image-preview:large, max-video-preview:-1\" \/>\n<link rel=\"canonical\" href=\"https:\/\/www.em.com.br\/emfoco\/2025\/10\/09\/os-7-sinais-de-que-voce-e-otrovertida-e-mantem-sua-independencia\/\" \/>\n<meta property=\"og:locale\" content=\"pt_BR\" \/>\n<meta property=\"og:type\" content=\"article\" \/>\n<meta property=\"og:title\" content=\"Os 7 sinais de que voc\u00ea \u00e9 otrovertida e mant\u00e9m sua independ\u00eancia - Estado de Minas - Em foco\" \/>\n<meta property=\"og:description\" content=\"Voc\u00ea se conecta sem perder sua ess\u00eancia? Conhe\u00e7a o otrovertido, o perfil que interage socialmente e mant\u00e9m a sua autonomia emocional.\" \/>\n<meta property=\"og:url\" content=\"https:\/\/www.em.com.br\/emfoco\/2025\/10\/09\/os-7-sinais-de-que-voce-e-otrovertida-e-mantem-sua-independencia\/\" \/>\n<meta property=\"og:site_name\" content=\"Estado de Minas - Em foco\" \/>\n<meta property=\"article:published_time\" content=\"2025-10-09T21:55:00+00:00\" \/>\n<meta property=\"article:modified_time\" content=\"2025-10-08T23:29:09+00:00\" \/>\n<meta property=\"og:image\" content=\"https:\/\/www.em.com.br\/emfoco\/wp-content\/uploads\/2025\/09\/mulher_1756920631421.jpg\" \/>\n\t<meta property=\"og:image:width\" content=\"1280\" \/>\n\t<meta property=\"og:image:height\" content=\"720\" \/>\n\t<meta property=\"og:image:type\" content=\"image\/jpeg\" \/>\n<meta name=\"author\" content=\"Ingrid Diniz\" \/>\n<meta name=\"twitter:card\" content=\"summary_large_image\" \/>\n<meta name=\"twitter:label1\" content=\"Escrito por\" \/>\n\t<meta name=\"twitter:data1\" content=\"Ingrid Diniz\" \/>\n\t<meta name=\"twitter:label2\" content=\"Est. tempo de leitura\" \/>\n\t<meta name=\"twitter:data2\" content=\"4 minutos\" \/>\n<!-- \/ Yoast SEO plugin. -->","yoast_head_json":{"title":"Os 7 sinais de que voc\u00ea \u00e9 otrovertida e mant\u00e9m sua independ\u00eancia - Estado de Minas - Em foco","description":"Voc\u00ea se conecta sem perder sua ess\u00eancia? Conhe\u00e7a o otrovertido, o perfil que interage socialmente e mant\u00e9m a sua autonomia emocional.","robots":{"index":"index","follow":"follow","max-snippet":"max-snippet:-1","max-image-preview":"max-image-preview:large","max-video-preview":"max-video-preview:-1"},"canonical":"https:\/\/www.em.com.br\/emfoco\/2025\/10\/09\/os-7-sinais-de-que-voce-e-otrovertida-e-mantem-sua-independencia\/","og_locale":"pt_BR","og_type":"article","og_title":"Os 7 sinais de que voc\u00ea \u00e9 otrovertida e mant\u00e9m sua independ\u00eancia - Estado de Minas - Em foco","og_description":"Voc\u00ea se conecta sem perder sua ess\u00eancia? Conhe\u00e7a o otrovertido, o perfil que interage socialmente e mant\u00e9m a sua autonomia emocional.","og_url":"https:\/\/www.em.com.br\/emfoco\/2025\/10\/09\/os-7-sinais-de-que-voce-e-otrovertida-e-mantem-sua-independencia\/","og_site_name":"Estado de Minas - Em foco","article_published_time":"2025-10-09T21:55:00+00:00","article_modified_time":"2025-10-08T23:29:09+00:00","og_image":[{"width":1280,"height":720,"url":"https:\/\/www.em.com.br\/emfoco\/wp-content\/uploads\/2025\/09\/mulher_1756920631421.jpg","type":"image\/jpeg"}],"author":"Ingrid Diniz","twitter_card":"summary_large_image","twitter_misc":{"Escrito por":"Ingrid Diniz","Est. tempo de leitura":"4 minutos"},"schema":{"@context":"https:\/\/schema.org","@graph":[{"@type":"WebPage","@id":"https:\/\/www.em.com.br\/emfoco\/2025\/10\/09\/os-7-sinais-de-que-voce-e-otrovertida-e-mantem-sua-independencia\/","url":"https:\/\/www.em.com.br\/emfoco\/2025\/10\/09\/os-7-sinais-de-que-voce-e-otrovertida-e-mantem-sua-independencia\/","name":"Os 7 sinais de que voc\u00ea \u00e9 otrovertida e mant\u00e9m sua independ\u00eancia - Estado de Minas - Em foco","isPartOf":{"@id":"https:\/\/www.em.com.br\/emfoco\/#website"},"primaryImageOfPage":{"@id":"https:\/\/www.em.com.br\/emfoco\/2025\/10\/09\/os-7-sinais-de-que-voce-e-otrovertida-e-mantem-sua-independencia\/#primaryimage"},"image":{"@id":"https:\/\/www.em.com.br\/emfoco\/2025\/10\/09\/os-7-sinais-de-que-voce-e-otrovertida-e-mantem-sua-independencia\/#primaryimage"},"thumbnailUrl":"https:\/\/www.em.com.br\/emfoco\/wp-content\/uploads\/2025\/09\/mulher_1756920631421.jpg","datePublished":"2025-10-09T21:55:00+00:00","dateModified":"2025-10-08T23:29:09+00:00","author":{"@id":"https:\/\/www.em.com.br\/emfoco\/#\/schema\/person\/649e610b4eb8fff87ff394e54fe17b2b"},"description":"Voc\u00ea se conecta sem perder sua ess\u00eancia? Conhe\u00e7a o otrovertido, o perfil que interage socialmente e mant\u00e9m a sua autonomia emocional.","breadcrumb":{"@id":"https:\/\/www.em.com.br\/emfoco\/2025\/10\/09\/os-7-sinais-de-que-voce-e-otrovertida-e-mantem-sua-independencia\/#breadcrumb"},"inLanguage":"pt-BR","potentialAction":[{"@type":"ReadAction","target":["https:\/\/www.em.com.br\/emfoco\/2025\/10\/09\/os-7-sinais-de-que-voce-e-otrovertida-e-mantem-sua-independencia\/"]}]},{"@type":"ImageObject","inLanguage":"pt-BR","@id":"https:\/\/www.em.com.br\/emfoco\/2025\/10\/09\/os-7-sinais-de-que-voce-e-otrovertida-e-mantem-sua-independencia\/#primaryimage","url":"https:\/\/www.em.com.br\/emfoco\/wp-content\/uploads\/2025\/09\/mulher_1756920631421.jpg","contentUrl":"https:\/\/www.em.com.br\/emfoco\/wp-content\/uploads\/2025\/09\/mulher_1756920631421.jpg","width":1280,"height":720,"caption":"Sil\u00eancio digital tamb\u00e9m \u00e9 posicionamento - Cr\u00e9ditos: depositphotos.com \/ AllaSerebrina"},{"@type":"BreadcrumbList","@id":"https:\/\/www.em.com.br\/emfoco\/2025\/10\/09\/os-7-sinais-de-que-voce-e-otrovertida-e-mantem-sua-independencia\/#breadcrumb","itemListElement":[{"@type":"ListItem","position":1,"name":"In\u00edcio","item":"https:\/\/www.em.com.br\/emfoco\/"},{"@type":"ListItem","position":2,"name":"Os 7 sinais de que voc\u00ea \u00e9 otrovertida e mant\u00e9m sua independ\u00eancia"}]},{"@type":"WebSite","@id":"https:\/\/www.em.com.br\/emfoco\/#website","url":"https:\/\/www.em.com.br\/emfoco\/","name":"Estado de Minas - Em foco","description":"Acompanhe as \u00faltimas not\u00edcias e fique bem informado sobre tudo o que acontece em Minas Gerais, Brasil e no mundo.","potentialAction":[{"@type":"SearchAction","target":{"@type":"EntryPoint","urlTemplate":"https:\/\/www.em.com.br\/emfoco\/?s={search_term_string}"},"query-input":{"@type":"PropertyValueSpecification","valueRequired":true,"valueName":"search_term_string"}}],"inLanguage":"pt-BR"},{"@type":"Person","@id":"https:\/\/www.em.com.br\/emfoco\/#\/schema\/person\/649e610b4eb8fff87ff394e54fe17b2b","name":"Ingrid Diniz","image":{"@type":"ImageObject","inLanguage":"pt-BR","@id":"https:\/\/www.em.com.br\/emfoco\/#\/schema\/person\/image\/","url":"https:\/\/secure.gravatar.com\/avatar\/a3baa1449ec5c39b4c42babc9d4f3951?s=96&d=mm&r=g","contentUrl":"https:\/\/secure.gravatar.com\/avatar\/a3baa1449ec5c39b4c42babc9d4f3951?s=96&d=mm&r=g","caption":"Ingrid Diniz"},"sameAs":["https:\/\/www.em.com.br\/"],"url":"https:\/\/www.em.com.br\/emfoco\/author\/ingridmyth\/"}]}},"_links":{"self":[{"href":"https:\/\/www.em.com.br\/emfoco\/wp-json\/wp\/v2\/posts\/112805","targetHints":{"allow":["GET"]}}],"collection":[{"href":"https:\/\/www.em.com.br\/emfoco\/wp-json\/wp\/v2\/posts"}],"about":[{"href":"https:\/\/www.em.com.br\/emfoco\/wp-json\/wp\/v2\/types\/post"}],"author":[{"embeddable":true,"href":"https:\/\/www.em.com.br\/emfoco\/wp-json\/wp\/v2\/users\/20"}],"replies":[{"embeddable":true,"href":"https:\/\/www.em.com.br\/emfoco\/wp-json\/wp\/v2\/comments?post=112805"}],"version-history":[{"count":2,"href":"https:\/\/www.em.com.br\/emfoco\/wp-json\/wp\/v2\/posts\/112805\/revisions"}],"predecessor-version":[{"id":113152,"href":"https:\/\/www.em.com.br\/emfoco\/wp-json\/wp\/v2\/posts\/112805\/revisions\/113152"}],"wp:featuredmedia":[{"embeddable":true,"href":"https:\/\/www.em.com.br\/emfoco\/wp-json\/wp\/v2\/media\/108780"}],"wp:attachment":[{"href":"https:\/\/www.em.com.br\/emfoco\/wp-json\/wp\/v2\/media?parent=112805"}],"wp:term":[{"taxonomy":"category","embeddable":true,"href":"https:\/\/www.em.com.br\/emfoco\/wp-json\/wp\/v2\/categories?post=112805"},{"taxonomy":"post_tag","embeddable":true,"href":"https:\/\/www.em.com.br\/emfoco\/wp-json\/wp\/v2\/tags?post=112805"}],"curies":[{"name":"wp","href":"https:\/\/api.w.org\/{rel}","templated":true}]}}