{"id":112804,"date":"2025-10-09T16:35:00","date_gmt":"2025-10-09T19:35:00","guid":{"rendered":"https:\/\/www.em.com.br\/emfoco\/?p=112804"},"modified":"2025-10-08T12:05:16","modified_gmt":"2025-10-08T15:05:16","slug":"o-segredo-da-organizacao-que-transforma-a-casa-em-um-refugio","status":"publish","type":"post","link":"https:\/\/www.em.com.br\/emfoco\/2025\/10\/09\/o-segredo-da-organizacao-que-transforma-a-casa-em-um-refugio\/","title":{"rendered":"O segredo da organiza\u00e7\u00e3o que transforma a casa em um ref\u00fagio"},"content":{"rendered":"\n<p>O cuidado com o lar ultrapassa os limites da limpeza e organiza\u00e7\u00e3o, revelando-se como uma estrat\u00e9gia eficaz para a cria\u00e7\u00e3o de um ambiente acolhedor e harmonioso. Essa abordagem n\u00e3o s\u00f3 impacta diretamente no bem-estar de quem se dedica a essas atividades cotidianas, como tamb\u00e9m influencia positivamente os moradores da casa, promovendo uma conviv\u00eancia mais saud\u00e1vel e agrad\u00e1vel. Essencialmente, a aten\u00e7\u00e3o cuidadosa ao ambiente dom\u00e9stico reflete em qualidade de vida e conforto, aspectos primordiais para o desenvolvimento e manuten\u00e7\u00e3o de rela\u00e7\u00f5es pessoais saud\u00e1veis.<\/p>\n\n\n\n<p>Incorporar pr\u00e1ticas que v\u00e3o al\u00e9m da mera limpeza na rotina dom\u00e9stica pode parecer, \u00e0 primeira vista, um desafio, mas os benef\u00edcios alcan\u00e7ados justificam o esfor\u00e7o. A sensa\u00e7\u00e3o de estar em um espa\u00e7o organizado e visualmente agrad\u00e1vel favorece o relaxamento e a descontra\u00e7\u00e3o. Esse contexto \u00e9 crucial para que cada membro da fam\u00edlia possa recarregar suas energias e enfrentar com serenidade os desafios do dia a dia. O cuidado com a decora\u00e7\u00e3o, a escolha de cores que tranquilizem e estimulem sentimentos positivos, bem como a incorpora\u00e7\u00e3o de elementos naturais, s\u00e3o exemplos de como transformar o lar em um verdadeiro ref\u00fagio.<\/p>\n\n\n\n<h2 class=\"wp-block-heading\">Qual \u00e9 o impacto da organiza\u00e7\u00e3o e da est\u00e9tica no bem-estar familiar?<\/h2>\n\n\n<div class=\"wp-block-image\">\n<figure class=\"aligncenter size-large\"><img loading=\"lazy\" decoding=\"async\" width=\"1024\" height=\"576\" src=\"https:\/\/www.em.com.br\/emfoco\/wp-content\/uploads\/2025\/09\/quebra-cabecas_1756831661355-1024x576.jpg\" alt=\"Quando a cr\u00edtica constante dos pais destr\u00f3i a autoestima dos filhos\" class=\"wp-image-106228\" srcset=\"https:\/\/www.em.com.br\/emfoco\/wp-content\/uploads\/2025\/09\/quebra-cabecas_1756831661355-1024x576.jpg 1024w, https:\/\/www.em.com.br\/emfoco\/wp-content\/uploads\/2025\/09\/quebra-cabecas_1756831661355-300x169.jpg 300w, https:\/\/www.em.com.br\/emfoco\/wp-content\/uploads\/2025\/09\/quebra-cabecas_1756831661355-768x432.jpg 768w, https:\/\/www.em.com.br\/emfoco\/wp-content\/uploads\/2025\/09\/quebra-cabecas_1756831661355-750x422.jpg 750w, https:\/\/www.em.com.br\/emfoco\/wp-content\/uploads\/2025\/09\/quebra-cabecas_1756831661355-1140x641.jpg 1140w, https:\/\/www.em.com.br\/emfoco\/wp-content\/uploads\/2025\/09\/quebra-cabecas_1756831661355.jpg 1280w\" sizes=\"auto, (max-width: 1024px) 100vw, 1024px\" \/><figcaption class=\"wp-element-caption\">Fam\u00edlia montando quebra cabe\u00e7as em mesa branca &#8211; Cr\u00e9ditos: depositphotos.com \/ NatashaFedorova<\/figcaption><\/figure><\/div>\n\n\n<p>A organiza\u00e7\u00e3o do ambiente \u00e9 fundamental para evitar o estresse causado pela bagun\u00e7a, que muitas vezes \u00e9 um <strong><a href=\"https:\/\/www.gov.br\/saude\/pt-br\/assuntos\/saude-de-a-a-z\/s\/saude-mental\" target=\"_blank\" rel=\"noreferrer noopener\">agravante para a ansiedade<\/a><\/strong>. Um local onde todos os objetos t\u00eam seu devido lugar, e que \u00e9 mantido limpo e arrumado, aumenta a sensa\u00e7\u00e3o de controle e tranquilidade. Adicionalmente, a est\u00e9tica desempenha um papel significativo, n\u00e3o apenas renovando visualmente o espa\u00e7o, mas tamb\u00e9m proporcionando um sentimento de satisfa\u00e7\u00e3o e pertencimento. Escolher adornos que contemplem a personalidade de cada morador e mobili\u00e1rio que ofere\u00e7a conforto tamb\u00e9m s\u00e3o ferramentas que auxiliam na cria\u00e7\u00e3o deste ambiente ideal.<\/p>\n\n\n\n<p>Al\u00e9m do conforto f\u00edsico proporcionado pela <strong>organiza\u00e7\u00e3o e est\u00e9tica<\/strong>, existe tamb\u00e9m um impacto emocional e at\u00e9 mesmo na produtividade familiar. Pesquisas demonstram que ambientes organizados facilitam a concentra\u00e7\u00e3o e o foco, aspectos importantes para as atividades di\u00e1rias de todos os membros da fam\u00edlia. A est\u00e9tica personalizada do lar pode ainda estimular a criatividade e fortalecer os la\u00e7os familiares, pois cada pessoa sente que o espa\u00e7o tamb\u00e9m reflete sua hist\u00f3ria e prefer\u00eancias.<\/p>\n\n\n\n<h2 class=\"wp-block-heading\">Como o ambiente dom\u00e9stico afeta a rotina das donas de casa?<\/h2>\n\n\n\n<p>Para as donas de casa, o ambiente onde passam grande parte do tempo \u00e9 crucial. Um espa\u00e7o bem cuidado otimiza as tarefas di\u00e1rias, tornando-as mais eficientes e menos desgastantes. Isso pode se traduzir em mais tempo livre para o lazer e para o autocuidado, elementos essenciais para o equil\u00edbrio pessoal. Al\u00e9m disso, o sentimento de realiza\u00e7\u00e3o e prazer ao cuidar do lar tamb\u00e9m se reflete na maneira como as donas de casa se relacionam com os demais membros da fam\u00edlia e com o pr\u00f3prio ambiente, criando um ciclo de <strong>energias positivas e realiza\u00e7\u00e3o pessoal<\/strong>.<\/p>\n\n\n\n<p>Adotar a tecnologia e utens\u00edlios adequados no ambiente dom\u00e9stico tamb\u00e9m pode facilitar bastante a rotina di\u00e1ria, reduzindo o esfor\u00e7o f\u00edsico e mental ligado \u00e0s tarefas. O planejamento antecipado dos afazeres e a divis\u00e3o de responsabilidades entre os membros da fam\u00edlia promovem um ambiente mais colaborativo e vivenciado de forma coletiva, gerando ainda mais bem-estar e satisfa\u00e7\u00e3o pessoal para quem dedica parte do seu tempo ao cuidado do lar.<\/p>\n\n\n\n<p>Leia mais: <a href=\"https:\/\/www.em.com.br\/emfoco\/2025\/10\/07\/onde-deixar-as-chaves-de-casa-para-nao-perder-dinheiro-segundo-o-feng-shui\/\" target=\"_blank\" rel=\"noreferrer noopener\">Onde deixar as chaves de casa para n\u00e3o perder dinheiro, segundo o Feng Shui?<\/a><\/p>\n\n\n\n<h2 class=\"wp-block-heading\">Dicas pr\u00e1ticas para transformar a casa em um lar acolhedor<\/h2>\n\n\n\n<ul class=\"wp-block-list\">\n<li><strong>Personaliza\u00e7\u00e3o de Espa\u00e7os:<\/strong> Incluir mem\u00f3rias de fam\u00edlia atrav\u00e9s de fotografias e lembran\u00e7as pode tornar o ambiente mais afetivo.<\/li>\n\n\n\n<li><strong>Integra\u00e7\u00e3o de Elementos Naturais:<\/strong> O uso de plantas n\u00e3o s\u00f3 purifica o ar, mas tamb\u00e9m traz um pedacinho da natureza para dentro do lar, promovendo bem-estar.<\/li>\n\n\n\n<li><strong>Aromatiza\u00e7\u00e3o Ambientes:<\/strong> Ess\u00eancias suaves, como lavanda e camomila, s\u00e3o conhecidas por suas propriedades calmantes e s\u00e3o \u00f3timas aliadas para criar uma atmosfera tranquila.<\/li>\n<\/ul>\n\n\n\n<p>Outra dica que pode fazer diferen\u00e7a \u00e9 investir em uma boa ilumina\u00e7\u00e3o, preferencialmente natural, para valorizar os ambientes e promover sensa\u00e7\u00f5es de aconchego e vitalidade. Invista tamb\u00e9m na organiza\u00e7\u00e3o dos espa\u00e7os de acordo com as atividades realizadas em cada c\u00f4modo, utilizando cestos, caixas organizadoras e prateleiras para otimizar o uso do espa\u00e7o e facilitar a manuten\u00e7\u00e3o da ordem di\u00e1ria.<\/p>\n\n\n\n<p>Sendo assim, os cuidados com a casa n\u00e3o se limitam a uma rotina de limpeza; envolvem tamb\u00e9m a\u00e7\u00f5es conscientes voltadas para a cria\u00e7\u00e3o de um ref\u00fagio que acolha todos os que o habitam, promovendo a <strong>felicidade e o bem-estar geral<\/strong>. O resultado \u00e9 um ambiente onde emo\u00e7\u00f5es positivas prevalecem, consolidando o lar como o melhor lugar para estar. Cada pequeno detalhe adicionado ao entorno contribui para um espa\u00e7o mais harmonioso, onde a paz e a tranquilidade podem ser plenamente desfrutadas, facilitando a constru\u00e7\u00e3o de uma vida mais leve e satisfat\u00f3ria.<\/p>\n","protected":false},"excerpt":{"rendered":"<p>O cuidado com o lar ultrapassa os limites da limpeza e organiza\u00e7\u00e3o, revelando-se como uma estrat\u00e9gia eficaz para a cria\u00e7\u00e3o de um ambiente acolhedor e harmonioso. Essa abordagem n\u00e3o s\u00f3 impacta diretamente no bem-estar de quem se dedica a essas atividades cotidianas, como tamb\u00e9m influencia positivamente os moradores da casa, promovendo uma conviv\u00eancia mais saud\u00e1vel [&hellip;]<\/p>\n","protected":false},"author":20,"featured_media":101470,"comment_status":"open","ping_status":"open","sticky":false,"template":"","format":"standard","meta":{"jnews-multi-image_gallery":[],"jnews_single_post":{"format":"standard"},"jnews_primary_category":[],"jnews_social_meta":[],"jnews_override_counter":[],"footnotes":""},"categories":[8819,1],"tags":[17174,2911,3337],"class_list":["post-112804","post","type-post","status-publish","format-standard","has-post-thumbnail","hentry","category-curiosidades","category-noticias","tag-bem-estar-2","tag-casa","tag-limpeza"],"yoast_head":"<!-- This site is optimized with the Yoast SEO plugin v23.8 - https:\/\/yoast.com\/wordpress\/plugins\/seo\/ -->\n<title>O segredo da organiza\u00e7\u00e3o que transforma a casa em um ref\u00fagio - Estado de Minas - Em foco<\/title>\n<meta name=\"description\" content=\"Sua casa pode ser um ref\u00fagio de paz! Saiba como a organiza\u00e7\u00e3o e a est\u00e9tica garantem o bem-estar e a seguran\u00e7a emocional de toda a sua fam\u00edlia.\" \/>\n<meta name=\"robots\" content=\"index, follow, max-snippet:-1, max-image-preview:large, max-video-preview:-1\" \/>\n<link rel=\"canonical\" href=\"https:\/\/www.em.com.br\/emfoco\/2025\/10\/09\/o-segredo-da-organizacao-que-transforma-a-casa-em-um-refugio\/\" \/>\n<meta property=\"og:locale\" content=\"pt_BR\" \/>\n<meta property=\"og:type\" content=\"article\" \/>\n<meta property=\"og:title\" content=\"O segredo da organiza\u00e7\u00e3o que transforma a casa em um ref\u00fagio - Estado de Minas - Em foco\" \/>\n<meta property=\"og:description\" content=\"Sua casa pode ser um ref\u00fagio de paz! Saiba como a organiza\u00e7\u00e3o e a est\u00e9tica garantem o bem-estar e a seguran\u00e7a emocional de toda a sua fam\u00edlia.\" \/>\n<meta property=\"og:url\" content=\"https:\/\/www.em.com.br\/emfoco\/2025\/10\/09\/o-segredo-da-organizacao-que-transforma-a-casa-em-um-refugio\/\" \/>\n<meta property=\"og:site_name\" content=\"Estado de Minas - Em foco\" \/>\n<meta property=\"article:published_time\" content=\"2025-10-09T19:35:00+00:00\" \/>\n<meta property=\"article:modified_time\" content=\"2025-10-08T15:05:16+00:00\" \/>\n<meta property=\"og:image\" content=\"https:\/\/www.em.com.br\/emfoco\/wp-content\/uploads\/2025\/09\/familia-crianca_1756566166448.jpg\" \/>\n\t<meta property=\"og:image:width\" content=\"1280\" \/>\n\t<meta property=\"og:image:height\" content=\"720\" \/>\n\t<meta property=\"og:image:type\" content=\"image\/jpeg\" \/>\n<meta name=\"author\" content=\"Ingrid Diniz\" \/>\n<meta name=\"twitter:card\" content=\"summary_large_image\" \/>\n<meta name=\"twitter:label1\" content=\"Escrito por\" \/>\n\t<meta name=\"twitter:data1\" content=\"Ingrid Diniz\" \/>\n\t<meta name=\"twitter:label2\" content=\"Est. tempo de leitura\" \/>\n\t<meta name=\"twitter:data2\" content=\"5 minutos\" \/>\n<!-- \/ Yoast SEO plugin. -->","yoast_head_json":{"title":"O segredo da organiza\u00e7\u00e3o que transforma a casa em um ref\u00fagio - Estado de Minas - Em foco","description":"Sua casa pode ser um ref\u00fagio de paz! Saiba como a organiza\u00e7\u00e3o e a est\u00e9tica garantem o bem-estar e a seguran\u00e7a emocional de toda a sua fam\u00edlia.","robots":{"index":"index","follow":"follow","max-snippet":"max-snippet:-1","max-image-preview":"max-image-preview:large","max-video-preview":"max-video-preview:-1"},"canonical":"https:\/\/www.em.com.br\/emfoco\/2025\/10\/09\/o-segredo-da-organizacao-que-transforma-a-casa-em-um-refugio\/","og_locale":"pt_BR","og_type":"article","og_title":"O segredo da organiza\u00e7\u00e3o que transforma a casa em um ref\u00fagio - Estado de Minas - Em foco","og_description":"Sua casa pode ser um ref\u00fagio de paz! Saiba como a organiza\u00e7\u00e3o e a est\u00e9tica garantem o bem-estar e a seguran\u00e7a emocional de toda a sua fam\u00edlia.","og_url":"https:\/\/www.em.com.br\/emfoco\/2025\/10\/09\/o-segredo-da-organizacao-que-transforma-a-casa-em-um-refugio\/","og_site_name":"Estado de Minas - Em foco","article_published_time":"2025-10-09T19:35:00+00:00","article_modified_time":"2025-10-08T15:05:16+00:00","og_image":[{"width":1280,"height":720,"url":"https:\/\/www.em.com.br\/emfoco\/wp-content\/uploads\/2025\/09\/familia-crianca_1756566166448.jpg","type":"image\/jpeg"}],"author":"Ingrid Diniz","twitter_card":"summary_large_image","twitter_misc":{"Escrito por":"Ingrid Diniz","Est. tempo de leitura":"5 minutos"},"schema":{"@context":"https:\/\/schema.org","@graph":[{"@type":"WebPage","@id":"https:\/\/www.em.com.br\/emfoco\/2025\/10\/09\/o-segredo-da-organizacao-que-transforma-a-casa-em-um-refugio\/","url":"https:\/\/www.em.com.br\/emfoco\/2025\/10\/09\/o-segredo-da-organizacao-que-transforma-a-casa-em-um-refugio\/","name":"O segredo da organiza\u00e7\u00e3o que transforma a casa em um ref\u00fagio - Estado de Minas - Em foco","isPartOf":{"@id":"https:\/\/www.em.com.br\/emfoco\/#website"},"primaryImageOfPage":{"@id":"https:\/\/www.em.com.br\/emfoco\/2025\/10\/09\/o-segredo-da-organizacao-que-transforma-a-casa-em-um-refugio\/#primaryimage"},"image":{"@id":"https:\/\/www.em.com.br\/emfoco\/2025\/10\/09\/o-segredo-da-organizacao-que-transforma-a-casa-em-um-refugio\/#primaryimage"},"thumbnailUrl":"https:\/\/www.em.com.br\/emfoco\/wp-content\/uploads\/2025\/09\/familia-crianca_1756566166448.jpg","datePublished":"2025-10-09T19:35:00+00:00","dateModified":"2025-10-08T15:05:16+00:00","author":{"@id":"https:\/\/www.em.com.br\/emfoco\/#\/schema\/person\/649e610b4eb8fff87ff394e54fe17b2b"},"description":"Sua casa pode ser um ref\u00fagio de paz! Saiba como a organiza\u00e7\u00e3o e a est\u00e9tica garantem o bem-estar e a seguran\u00e7a emocional de toda a sua fam\u00edlia.","breadcrumb":{"@id":"https:\/\/www.em.com.br\/emfoco\/2025\/10\/09\/o-segredo-da-organizacao-que-transforma-a-casa-em-um-refugio\/#breadcrumb"},"inLanguage":"pt-BR","potentialAction":[{"@type":"ReadAction","target":["https:\/\/www.em.com.br\/emfoco\/2025\/10\/09\/o-segredo-da-organizacao-que-transforma-a-casa-em-um-refugio\/"]}]},{"@type":"ImageObject","inLanguage":"pt-BR","@id":"https:\/\/www.em.com.br\/emfoco\/2025\/10\/09\/o-segredo-da-organizacao-que-transforma-a-casa-em-um-refugio\/#primaryimage","url":"https:\/\/www.em.com.br\/emfoco\/wp-content\/uploads\/2025\/09\/familia-crianca_1756566166448.jpg","contentUrl":"https:\/\/www.em.com.br\/emfoco\/wp-content\/uploads\/2025\/09\/familia-crianca_1756566166448.jpg","width":1280,"height":720,"caption":"Sa\u00fade hoje \u00e9 equil\u00edbrio f\u00edsico, mental e social - Cr\u00e9ditos: depositphotos.com \/ TarasMalyarevich"},{"@type":"BreadcrumbList","@id":"https:\/\/www.em.com.br\/emfoco\/2025\/10\/09\/o-segredo-da-organizacao-que-transforma-a-casa-em-um-refugio\/#breadcrumb","itemListElement":[{"@type":"ListItem","position":1,"name":"In\u00edcio","item":"https:\/\/www.em.com.br\/emfoco\/"},{"@type":"ListItem","position":2,"name":"O segredo da organiza\u00e7\u00e3o que transforma a casa em um ref\u00fagio"}]},{"@type":"WebSite","@id":"https:\/\/www.em.com.br\/emfoco\/#website","url":"https:\/\/www.em.com.br\/emfoco\/","name":"Estado de Minas - Em foco","description":"Acompanhe as \u00faltimas not\u00edcias e fique bem informado sobre tudo o que acontece em Minas Gerais, Brasil e no mundo.","potentialAction":[{"@type":"SearchAction","target":{"@type":"EntryPoint","urlTemplate":"https:\/\/www.em.com.br\/emfoco\/?s={search_term_string}"},"query-input":{"@type":"PropertyValueSpecification","valueRequired":true,"valueName":"search_term_string"}}],"inLanguage":"pt-BR"},{"@type":"Person","@id":"https:\/\/www.em.com.br\/emfoco\/#\/schema\/person\/649e610b4eb8fff87ff394e54fe17b2b","name":"Ingrid Diniz","image":{"@type":"ImageObject","inLanguage":"pt-BR","@id":"https:\/\/www.em.com.br\/emfoco\/#\/schema\/person\/image\/","url":"https:\/\/secure.gravatar.com\/avatar\/a3baa1449ec5c39b4c42babc9d4f3951?s=96&d=mm&r=g","contentUrl":"https:\/\/secure.gravatar.com\/avatar\/a3baa1449ec5c39b4c42babc9d4f3951?s=96&d=mm&r=g","caption":"Ingrid Diniz"},"sameAs":["https:\/\/www.em.com.br\/"],"url":"https:\/\/www.em.com.br\/emfoco\/author\/ingridmyth\/"}]}},"_links":{"self":[{"href":"https:\/\/www.em.com.br\/emfoco\/wp-json\/wp\/v2\/posts\/112804","targetHints":{"allow":["GET"]}}],"collection":[{"href":"https:\/\/www.em.com.br\/emfoco\/wp-json\/wp\/v2\/posts"}],"about":[{"href":"https:\/\/www.em.com.br\/emfoco\/wp-json\/wp\/v2\/types\/post"}],"author":[{"embeddable":true,"href":"https:\/\/www.em.com.br\/emfoco\/wp-json\/wp\/v2\/users\/20"}],"replies":[{"embeddable":true,"href":"https:\/\/www.em.com.br\/emfoco\/wp-json\/wp\/v2\/comments?post=112804"}],"version-history":[{"count":1,"href":"https:\/\/www.em.com.br\/emfoco\/wp-json\/wp\/v2\/posts\/112804\/revisions"}],"predecessor-version":[{"id":112818,"href":"https:\/\/www.em.com.br\/emfoco\/wp-json\/wp\/v2\/posts\/112804\/revisions\/112818"}],"wp:featuredmedia":[{"embeddable":true,"href":"https:\/\/www.em.com.br\/emfoco\/wp-json\/wp\/v2\/media\/101470"}],"wp:attachment":[{"href":"https:\/\/www.em.com.br\/emfoco\/wp-json\/wp\/v2\/media?parent=112804"}],"wp:term":[{"taxonomy":"category","embeddable":true,"href":"https:\/\/www.em.com.br\/emfoco\/wp-json\/wp\/v2\/categories?post=112804"},{"taxonomy":"post_tag","embeddable":true,"href":"https:\/\/www.em.com.br\/emfoco\/wp-json\/wp\/v2\/tags?post=112804"}],"curies":[{"name":"wp","href":"https:\/\/api.w.org\/{rel}","templated":true}]}}