{"id":112722,"date":"2025-10-09T07:15:39","date_gmt":"2025-10-09T10:15:39","guid":{"rendered":"https:\/\/www.em.com.br\/emfoco\/?p=112722"},"modified":"2025-10-08T19:44:09","modified_gmt":"2025-10-08T22:44:09","slug":"essa-verdura-reduz-inflamacoes-e-fortalece-o-sistema-imunologico","status":"publish","type":"post","link":"https:\/\/www.em.com.br\/emfoco\/2025\/10\/09\/essa-verdura-reduz-inflamacoes-e-fortalece-o-sistema-imunologico\/","title":{"rendered":"Essa verdura reduz inflama\u00e7\u00f5es e fortalece o sistema imunol\u00f3gico"},"content":{"rendered":"\n<p>Em um mundo onde muitos alimentos ganham popularidade gra\u00e7as \u00e0s <strong>redes sociais<\/strong>, o <strong>br\u00f3colis<\/strong> se mant\u00e9m como um cl\u00e1ssico &#8220;silencioso&#8221; e extremamente eficaz para a <strong>sa\u00fade<\/strong>. Rico em <strong>vitaminas, minerais e antioxidantes<\/strong>, este vegetal \u00e9 altamente recomendado por profissionais de sa\u00fade no mundo todo. Recentemente, o <strong>Dr. Manuel Viso<\/strong> destacou seu potencial para favorecer um <strong>envelhecimento saud\u00e1vel<\/strong> e a preven\u00e7\u00e3o de doen\u00e7as cr\u00f4nicas.<\/p>\n\n\n\n<ul class=\"wp-block-list\">\n<li><strong>Sulforafano<\/strong>: Ativa o gene <strong>Nrf2<\/strong>, essencial para a <strong>prote\u00e7\u00e3o celular<\/strong> e o combate ao estresse oxidativo.<\/li>\n\n\n\n<li><strong>M\u00e9todo de prepara\u00e7\u00e3o<\/strong>: Espere <strong>40 minutos<\/strong> ap\u00f3s cort\u00e1-lo para ativar plenamente os seus <strong>benef\u00edcios<\/strong>.<\/li>\n\n\n\n<li><strong>Inclus\u00e3o do talo<\/strong>: N\u00e3o deve ser descartado devido ao seu alto <strong>valor nutricional<\/strong> e teor de fibras.<\/li>\n<\/ul>\n\n\n\n<h2 class=\"wp-block-heading\">Por que o br\u00f3colis \u00e9 indispens\u00e1vel em uma dieta equilibrada?<\/h2>\n\n\n\n<p>O <strong>br\u00f3colis<\/strong> n\u00e3o s\u00f3 oferece <strong>fibras, vitaminas e minerais essenciais<\/strong>, mas tamb\u00e9m cont\u00e9m o poderoso composto <strong>sulforafano<\/strong>, que atua ao n\u00edvel gen\u00e9tico. Este <em>composto exclusivo<\/em> tem a capacidade de ativar o <strong>gene Nrf2<\/strong>, reconhecido por desempenhar uma fun\u00e7\u00e3o crucial na <strong>prote\u00e7\u00e3o celular<\/strong> contra danos oxidativos e inflama\u00e7\u00f5es.<\/p>\n\n\n\n<p><a href=\"https:\/\/www.instagram.com\/p\/DLlAx-xowaR\/\" target=\"_blank\" rel=\"noreferrer noopener\">De acordo com o Dr. Manuel Viso<\/a>, ao ativar esse gene, o corpo estimula a produ\u00e7\u00e3o de <strong>enzimas antioxidantes<\/strong> e reduz a <strong>inflama\u00e7\u00e3o celular<\/strong>, o que protege contra <strong>doen\u00e7as cardiovasculares, neurodegenerativas<\/strong> e at\u00e9 certos tipos de c\u00e2ncer. Adicionalmente, pesquisas recentes associam o consumo regular de br\u00f3colis a um melhor funcionamento do sistema imunol\u00f3gico e \u00e0 redu\u00e7\u00e3o do risco de diabetes tipo 2.<\/p>\n\n\n\n<h2 class=\"wp-block-heading\">Como preparar o br\u00f3colis para potencializar seus benef\u00edcios?<\/h2>\n\n\n\n<p>Para maximizar os benef\u00edcios do <strong>br\u00f3colis<\/strong>, o <strong>Dr. Manuel Viso<\/strong> recomenda cort\u00e1-lo em peda\u00e7os pequenos e <strong>deix\u00e1-lo descansar por 40 minutos<\/strong> antes do cozimento. Esse m\u00e9todo ativa a <strong>enzima mirosinase<\/strong>, essencial para a forma\u00e7\u00e3o do <strong>sulforafano<\/strong>, que \u00e9 um dos principais respons\u00e1veis pelos efeitos protetores do vegetal.<\/p>\n\n\n<div class=\"wp-block-image\">\n<figure class=\"aligncenter size-large\"><img loading=\"lazy\" decoding=\"async\" width=\"1024\" height=\"576\" src=\"https:\/\/www.em.com.br\/emfoco\/wp-content\/uploads\/2025\/05\/brocolis_1746894508965-1024x576.jpg\" alt=\"Conhe\u00e7a o tipo ideal de br\u00f3colis para plantar no quintal de casa\" class=\"wp-image-46276\" srcset=\"https:\/\/www.em.com.br\/emfoco\/wp-content\/uploads\/2025\/05\/brocolis_1746894508965-1024x576.jpg 1024w, https:\/\/www.em.com.br\/emfoco\/wp-content\/uploads\/2025\/05\/brocolis_1746894508965-300x169.jpg 300w, https:\/\/www.em.com.br\/emfoco\/wp-content\/uploads\/2025\/05\/brocolis_1746894508965-768x432.jpg 768w, https:\/\/www.em.com.br\/emfoco\/wp-content\/uploads\/2025\/05\/brocolis_1746894508965-750x422.jpg 750w, https:\/\/www.em.com.br\/emfoco\/wp-content\/uploads\/2025\/05\/brocolis_1746894508965-1140x641.jpg 1140w, https:\/\/www.em.com.br\/emfoco\/wp-content\/uploads\/2025\/05\/brocolis_1746894508965.jpg 1280w\" sizes=\"auto, (max-width: 1024px) 100vw, 1024px\" \/><figcaption class=\"wp-element-caption\">Br\u00f3colis &#8211; Cr\u00e9ditos: depositphotos.com \/ kessudap<\/figcaption><\/figure><\/div>\n\n\n<p>Quanto ao cozimento, recomenda-se cozinhar no <strong>vapor<\/strong> ou saltear rapidamente para <strong>preservar os nutrientes<\/strong>. <strong>N\u00e3o descarte o talo<\/strong>, pois ele \u00e9 muito rico em fibras, vitaminas e compostos bioativos. Basta descascar a camada externa e cortar o interior, integrando todas as partes \u00e0 sua refei\u00e7\u00e3o.<\/p>\n\n\n\n<p>Leia tamb\u00e9m: <a href=\"https:\/\/www.em.com.br\/emfoco\/2025\/09\/20\/o-vegetal-esquecido-que-ajuda-na-imunidade-e-na-saude-dos-ossos\/\" target=\"_blank\" rel=\"noopener\">O vegetal esquecido que ajuda na imunidade e na sa\u00fade dos ossos<\/a><\/p>\n\n\n\n<h2 class=\"wp-block-heading\">O que fazer se n\u00e3o puder esperar 40 minutos?<\/h2>\n\n\n\n<p>Para quem est\u00e1 sem tempo, adicionar uma pitada de <strong>mostarda crua<\/strong> ao prato pode ser \u00fatil, j\u00e1 que ela <strong>tamb\u00e9m cont\u00e9m mirosinase<\/strong> e auxilia na ativa\u00e7\u00e3o do <strong>sulforafano<\/strong> mesmo ap\u00f3s o cozimento. Esta \u00e9 uma alternativa pr\u00e1tica para garantir que voc\u00ea obtenha todos os <strong>benef\u00edcios antioxidantes<\/strong> do br\u00f3colis, mesmo em uma rotina corrida.<\/p>\n\n\n\n<h2 class=\"wp-block-heading\">Quais s\u00e3o os benef\u00edcios adicionais do br\u00f3colis?<\/h2>\n\n\n\n<p>O <strong>br\u00f3colis<\/strong> \u00e9 extremamente rico em <strong>fibras<\/strong>, o que melhora o <strong>tr\u00e2nsito intestinal<\/strong> e <strong>fortalece a microbiota<\/strong> \u2014 fator essencial para a imunidade e sa\u00fade digestiva. Al\u00e9m disso, por ser <strong>baixo em calorias<\/strong>, torna-se um aliado valioso para quem busca uma <strong>dieta equilibrada<\/strong> e controle do peso corporal.<\/p>\n\n\n\n<h2 class=\"wp-block-heading\">Como adotar o br\u00f3colis no dia a dia para ter mais sa\u00fade?<\/h2>\n\n\n\n<ul class=\"wp-block-list\">\n<li>Inclua o <strong>br\u00f3colis regularmente<\/strong> para fortalecer suas <strong>defesas naturais<\/strong> e prevenir o envelhecimento precoce.<\/li>\n\n\n\n<li>Aproveite ao m\u00e1ximo todos os seus <strong>nutrientes<\/strong>, incluindo o <strong>talo<\/strong> em suas prepara\u00e7\u00f5es culin\u00e1rias.<\/li>\n\n\n\n<li>Mantenha um <strong>modo de preparo adequado<\/strong> para maximizar seus <strong>benef\u00edcios antioxidantes<\/strong>.<\/li>\n<\/ul>\n\n\n\n<p>Antes de fazer altera\u00e7\u00f5es na sua <strong>dieta<\/strong>, \u00e9 recomend\u00e1vel consultar um <strong>m\u00e9dico especialista<\/strong> ou nutricionista para garantir que suas escolhas alimentares sejam adequadas \u00e0 sua sa\u00fade.<\/p>\n","protected":false},"excerpt":{"rendered":"<p>Em um mundo onde muitos alimentos ganham popularidade gra\u00e7as \u00e0s redes sociais, o br\u00f3colis se mant\u00e9m como um cl\u00e1ssico &#8220;silencioso&#8221; e extremamente eficaz para a sa\u00fade. Rico em vitaminas, minerais e antioxidantes, este vegetal \u00e9 altamente recomendado por profissionais de sa\u00fade no mundo todo. Recentemente, o Dr. Manuel Viso destacou seu potencial para favorecer um [&hellip;]<\/p>\n","protected":false},"author":9,"featured_media":46270,"comment_status":"open","ping_status":"open","sticky":false,"template":"","format":"standard","meta":{"jnews-multi-image_gallery":[],"jnews_single_post":{"format":"standard"},"jnews_primary_category":[],"jnews_social_meta":[],"jnews_override_counter":[],"footnotes":""},"categories":[8691,1],"tags":[2904,4068,2553],"class_list":["post-112722","post","type-post","status-publish","format-standard","has-post-thumbnail","hentry","category-bem-estar","category-noticias","tag-alimentacao","tag-brocolis","tag-saudavel"],"yoast_head":"<!-- This site is optimized with the Yoast SEO plugin v23.8 - https:\/\/yoast.com\/wordpress\/plugins\/seo\/ -->\n<title>Essa verdura reduz inflama\u00e7\u00f5es e fortalece o sistema imunol\u00f3gico<\/title>\n<meta name=\"description\" content=\"O br\u00f3colis ativa genes protetores, reduz inflama\u00e7\u00f5es e previne o envelhecimento precoce com poderosos compostos antioxidantes.\" \/>\n<meta name=\"robots\" content=\"index, follow, max-snippet:-1, max-image-preview:large, max-video-preview:-1\" \/>\n<link rel=\"canonical\" href=\"https:\/\/www.em.com.br\/emfoco\/2025\/10\/09\/essa-verdura-reduz-inflamacoes-e-fortalece-o-sistema-imunologico\/\" \/>\n<meta property=\"og:locale\" content=\"pt_BR\" \/>\n<meta property=\"og:type\" content=\"article\" \/>\n<meta property=\"og:title\" content=\"Essa verdura reduz inflama\u00e7\u00f5es e fortalece o sistema imunol\u00f3gico\" \/>\n<meta property=\"og:description\" content=\"O br\u00f3colis ativa genes protetores, reduz inflama\u00e7\u00f5es e previne o envelhecimento precoce com poderosos compostos antioxidantes.\" \/>\n<meta property=\"og:url\" content=\"https:\/\/www.em.com.br\/emfoco\/2025\/10\/09\/essa-verdura-reduz-inflamacoes-e-fortalece-o-sistema-imunologico\/\" \/>\n<meta property=\"og:site_name\" content=\"Estado de Minas - Em foco\" \/>\n<meta property=\"article:published_time\" content=\"2025-10-09T10:15:39+00:00\" \/>\n<meta property=\"article:modified_time\" content=\"2025-10-08T22:44:09+00:00\" \/>\n<meta property=\"og:image\" content=\"https:\/\/www.em.com.br\/emfoco\/wp-content\/uploads\/2025\/05\/brocolis_1746893435709.jpg\" \/>\n\t<meta property=\"og:image:width\" content=\"1280\" \/>\n\t<meta property=\"og:image:height\" content=\"720\" \/>\n\t<meta property=\"og:image:type\" content=\"image\/jpeg\" \/>\n<meta name=\"author\" content=\"Daniely Cardoso\" \/>\n<meta name=\"twitter:card\" content=\"summary_large_image\" \/>\n<meta name=\"twitter:label1\" content=\"Escrito por\" \/>\n\t<meta name=\"twitter:data1\" content=\"Daniely Cardoso\" \/>\n\t<meta name=\"twitter:label2\" content=\"Est. tempo de leitura\" \/>\n\t<meta name=\"twitter:data2\" content=\"4 minutos\" \/>\n<!-- \/ Yoast SEO plugin. -->","yoast_head_json":{"title":"Essa verdura reduz inflama\u00e7\u00f5es e fortalece o sistema imunol\u00f3gico","description":"O br\u00f3colis ativa genes protetores, reduz inflama\u00e7\u00f5es e previne o envelhecimento precoce com poderosos compostos antioxidantes.","robots":{"index":"index","follow":"follow","max-snippet":"max-snippet:-1","max-image-preview":"max-image-preview:large","max-video-preview":"max-video-preview:-1"},"canonical":"https:\/\/www.em.com.br\/emfoco\/2025\/10\/09\/essa-verdura-reduz-inflamacoes-e-fortalece-o-sistema-imunologico\/","og_locale":"pt_BR","og_type":"article","og_title":"Essa verdura reduz inflama\u00e7\u00f5es e fortalece o sistema imunol\u00f3gico","og_description":"O br\u00f3colis ativa genes protetores, reduz inflama\u00e7\u00f5es e previne o envelhecimento precoce com poderosos compostos antioxidantes.","og_url":"https:\/\/www.em.com.br\/emfoco\/2025\/10\/09\/essa-verdura-reduz-inflamacoes-e-fortalece-o-sistema-imunologico\/","og_site_name":"Estado de Minas - Em foco","article_published_time":"2025-10-09T10:15:39+00:00","article_modified_time":"2025-10-08T22:44:09+00:00","og_image":[{"width":1280,"height":720,"url":"https:\/\/www.em.com.br\/emfoco\/wp-content\/uploads\/2025\/05\/brocolis_1746893435709.jpg","type":"image\/jpeg"}],"author":"Daniely Cardoso","twitter_card":"summary_large_image","twitter_misc":{"Escrito por":"Daniely Cardoso","Est. tempo de leitura":"4 minutos"},"schema":{"@context":"https:\/\/schema.org","@graph":[{"@type":"WebPage","@id":"https:\/\/www.em.com.br\/emfoco\/2025\/10\/09\/essa-verdura-reduz-inflamacoes-e-fortalece-o-sistema-imunologico\/","url":"https:\/\/www.em.com.br\/emfoco\/2025\/10\/09\/essa-verdura-reduz-inflamacoes-e-fortalece-o-sistema-imunologico\/","name":"Essa verdura reduz inflama\u00e7\u00f5es e fortalece o sistema imunol\u00f3gico","isPartOf":{"@id":"https:\/\/www.em.com.br\/emfoco\/#website"},"primaryImageOfPage":{"@id":"https:\/\/www.em.com.br\/emfoco\/2025\/10\/09\/essa-verdura-reduz-inflamacoes-e-fortalece-o-sistema-imunologico\/#primaryimage"},"image":{"@id":"https:\/\/www.em.com.br\/emfoco\/2025\/10\/09\/essa-verdura-reduz-inflamacoes-e-fortalece-o-sistema-imunologico\/#primaryimage"},"thumbnailUrl":"https:\/\/www.em.com.br\/emfoco\/wp-content\/uploads\/2025\/05\/brocolis_1746893435709.jpg","datePublished":"2025-10-09T10:15:39+00:00","dateModified":"2025-10-08T22:44:09+00:00","author":{"@id":"https:\/\/www.em.com.br\/emfoco\/#\/schema\/person\/0a8186d72f2c3a5c6276d90b41f271a0"},"description":"O br\u00f3colis ativa genes protetores, reduz inflama\u00e7\u00f5es e previne o envelhecimento precoce com poderosos compostos antioxidantes.","breadcrumb":{"@id":"https:\/\/www.em.com.br\/emfoco\/2025\/10\/09\/essa-verdura-reduz-inflamacoes-e-fortalece-o-sistema-imunologico\/#breadcrumb"},"inLanguage":"pt-BR","potentialAction":[{"@type":"ReadAction","target":["https:\/\/www.em.com.br\/emfoco\/2025\/10\/09\/essa-verdura-reduz-inflamacoes-e-fortalece-o-sistema-imunologico\/"]}]},{"@type":"ImageObject","inLanguage":"pt-BR","@id":"https:\/\/www.em.com.br\/emfoco\/2025\/10\/09\/essa-verdura-reduz-inflamacoes-e-fortalece-o-sistema-imunologico\/#primaryimage","url":"https:\/\/www.em.com.br\/emfoco\/wp-content\/uploads\/2025\/05\/brocolis_1746893435709.jpg","contentUrl":"https:\/\/www.em.com.br\/emfoco\/wp-content\/uploads\/2025\/05\/brocolis_1746893435709.jpg","width":1280,"height":720,"caption":"Cozinh\u00e1-lo melhora a digest\u00e3o em pessoas sens\u00edveis - Cr\u00e9ditos: depositphotos.com \/ nblxer"},{"@type":"BreadcrumbList","@id":"https:\/\/www.em.com.br\/emfoco\/2025\/10\/09\/essa-verdura-reduz-inflamacoes-e-fortalece-o-sistema-imunologico\/#breadcrumb","itemListElement":[{"@type":"ListItem","position":1,"name":"In\u00edcio","item":"https:\/\/www.em.com.br\/emfoco\/"},{"@type":"ListItem","position":2,"name":"Essa verdura reduz inflama\u00e7\u00f5es e fortalece o sistema imunol\u00f3gico"}]},{"@type":"WebSite","@id":"https:\/\/www.em.com.br\/emfoco\/#website","url":"https:\/\/www.em.com.br\/emfoco\/","name":"Estado de Minas - Em foco","description":"Acompanhe as \u00faltimas not\u00edcias e fique bem informado sobre tudo o que acontece em Minas Gerais, Brasil e no mundo.","potentialAction":[{"@type":"SearchAction","target":{"@type":"EntryPoint","urlTemplate":"https:\/\/www.em.com.br\/emfoco\/?s={search_term_string}"},"query-input":{"@type":"PropertyValueSpecification","valueRequired":true,"valueName":"search_term_string"}}],"inLanguage":"pt-BR"},{"@type":"Person","@id":"https:\/\/www.em.com.br\/emfoco\/#\/schema\/person\/0a8186d72f2c3a5c6276d90b41f271a0","name":"Daniely Cardoso","image":{"@type":"ImageObject","inLanguage":"pt-BR","@id":"https:\/\/www.em.com.br\/emfoco\/#\/schema\/person\/image\/","url":"https:\/\/secure.gravatar.com\/avatar\/4b80ddbd124d1f071b626d52d62e5dff?s=96&d=mm&r=g","contentUrl":"https:\/\/secure.gravatar.com\/avatar\/4b80ddbd124d1f071b626d52d62e5dff?s=96&d=mm&r=g","caption":"Daniely Cardoso"},"url":"https:\/\/www.em.com.br\/emfoco\/author\/danielymyth\/"}]}},"_links":{"self":[{"href":"https:\/\/www.em.com.br\/emfoco\/wp-json\/wp\/v2\/posts\/112722","targetHints":{"allow":["GET"]}}],"collection":[{"href":"https:\/\/www.em.com.br\/emfoco\/wp-json\/wp\/v2\/posts"}],"about":[{"href":"https:\/\/www.em.com.br\/emfoco\/wp-json\/wp\/v2\/types\/post"}],"author":[{"embeddable":true,"href":"https:\/\/www.em.com.br\/emfoco\/wp-json\/wp\/v2\/users\/9"}],"replies":[{"embeddable":true,"href":"https:\/\/www.em.com.br\/emfoco\/wp-json\/wp\/v2\/comments?post=112722"}],"version-history":[{"count":4,"href":"https:\/\/www.em.com.br\/emfoco\/wp-json\/wp\/v2\/posts\/112722\/revisions"}],"predecessor-version":[{"id":113135,"href":"https:\/\/www.em.com.br\/emfoco\/wp-json\/wp\/v2\/posts\/112722\/revisions\/113135"}],"wp:featuredmedia":[{"embeddable":true,"href":"https:\/\/www.em.com.br\/emfoco\/wp-json\/wp\/v2\/media\/46270"}],"wp:attachment":[{"href":"https:\/\/www.em.com.br\/emfoco\/wp-json\/wp\/v2\/media?parent=112722"}],"wp:term":[{"taxonomy":"category","embeddable":true,"href":"https:\/\/www.em.com.br\/emfoco\/wp-json\/wp\/v2\/categories?post=112722"},{"taxonomy":"post_tag","embeddable":true,"href":"https:\/\/www.em.com.br\/emfoco\/wp-json\/wp\/v2\/tags?post=112722"}],"curies":[{"name":"wp","href":"https:\/\/api.w.org\/{rel}","templated":true}]}}