{"id":112545,"date":"2025-10-09T17:45:00","date_gmt":"2025-10-09T20:45:00","guid":{"rendered":"https:\/\/www.em.com.br\/emfoco\/?p=112545"},"modified":"2025-10-08T19:39:20","modified_gmt":"2025-10-08T22:39:20","slug":"essa-cidade-do-sul-e-conhecida-pelos-doces-mais-famosos-do-brasil","status":"publish","type":"post","link":"https:\/\/www.em.com.br\/emfoco\/2025\/10\/09\/essa-cidade-do-sul-e-conhecida-pelos-doces-mais-famosos-do-brasil\/","title":{"rendered":"Essa cidade do Sul \u00e9 conhecida pelos doces mais famosos do Brasil"},"content":{"rendered":"\n<p>No extremo sul do <strong>Rio Grande do Sul<\/strong>, \u00e0s margens do <strong>Canal S\u00e3o Gon\u00e7alo<\/strong>, a charmosa <strong>Pelotas<\/strong> \u00e9 um verdadeiro tesouro cultural e gastron\u00f4mico. Vizinha de <strong>Rio Grande<\/strong> e <strong>Cangu\u00e7u<\/strong>, a cidade guarda tra\u00e7os da coloniza\u00e7\u00e3o portuguesa e uma identidade \u00fanica. Conhecida como a <strong>\u201cCapital Nacional do Doce\u201d<\/strong>, ela combina hist\u00f3ria, arquitetura e sabores que encantam quem a visita.<\/p>\n\n\n\n<ul class=\"wp-block-list\">\n<li>Do\u00e7arias centen\u00e1rias que preservam receitas coloniais<\/li>\n\n\n\n<li>Pal\u00e1cios e casar\u00f5es que narram o passado do ciclo do charque<\/li>\n\n\n\n<li>Festas culturais que movimentam o sul do Brasil<\/li>\n<\/ul>\n\n\n\n<h2 class=\"wp-block-heading\">Vale a pena morar em Pelotas?<\/h2>\n\n\n\n<p>Sim. <a href=\"https:\/\/www.pelotas.com.br\/\" target=\"_blank\" rel=\"noreferrer noopener\"><strong>Pelotas<\/strong> <\/a>\u00e9 uma das cidades mais tradicionais do <strong>Rio Grande do Sul<\/strong>, com forte presen\u00e7a universit\u00e1ria e vida cultural ativa. Segundo o <strong>Programa das Na\u00e7\u00f5es Unidas para o Desenvolvimento (PNUD)<\/strong>, possui <strong>IDHM 0,739<\/strong>, considerado <strong>alto desenvolvimento humano<\/strong> (fonte: PNUD\/Ipea\/FJP).<\/p>\n\n\n\n<p>Com um centro hist\u00f3rico preservado, belas pra\u00e7as e uma popula\u00e7\u00e3o acolhedora, <strong>Pelotas<\/strong> oferece qualidade de vida sem perder o ritmo tranquilo do interior.<\/p>\n\n\n\n<blockquote class=\"tiktok-embed\" cite=\"https:\/\/www.tiktok.com\/@pelotaspopular\/video\/7383412221189082374\" data-video-id=\"7383412221189082374\" style=\"max-width: 605px;min-width: 325px;\" > <section> <a target=\"_blank\" title=\"@pelotaspopular\" href=\"https:\/\/www.tiktok.com\/@pelotaspopular?refer=embed\">@pelotaspopular<\/a> <a title=\"pelotasrs\" target=\"_blank\" href=\"https:\/\/www.tiktok.com\/tag\/pelotasrs?refer=embed\">#pelotasrs<\/a> <a title=\"riograndedosul\" target=\"_blank\" href=\"https:\/\/www.tiktok.com\/tag\/riograndedosul?refer=embed\">#riograndedosul<\/a> <a title=\"pelotas\" target=\"_blank\" href=\"https:\/\/www.tiktok.com\/tag\/pelotas?refer=embed\">#pelotas<\/a> <a title=\"cidade\" target=\"_blank\" href=\"https:\/\/www.tiktok.com\/tag\/cidade?refer=embed\">#cidade<\/a> <a target=\"_blank\" title=\"\u266c som original - Pelotas Popular\" href=\"https:\/\/www.tiktok.com\/music\/som-original-7383412245302905605?refer=embed\">\u266c som original &#8211; Pelotas Popular<\/a> <\/section> <\/blockquote> <script async src=\"https:\/\/www.tiktok.com\/embed.js\"><\/script>\n\n\n\n<p><strong>Destaques para quem vive em Pelotas:<\/strong><\/p>\n\n\n\n<ul class=\"wp-block-list\">\n<li>Custo de vida equilibrado e cultura vibrante<\/li>\n\n\n\n<li>Universidades e vida estudantil ativa<\/li>\n\n\n\n<li>Gastronomia reconhecida nacionalmente<\/li>\n<\/ul>\n\n\n\n<h2 class=\"wp-block-heading\">Vale a pena visitar Pelotas?<\/h2>\n\n\n\n<p>Sem d\u00favida. A cidade \u00e9 um destino de charme, ideal para quem aprecia hist\u00f3ria, arquitetura e boa comida. Suas ruas lembram o per\u00edodo \u00e1ureo do ciclo do charque, quando Pelotas era um dos centros mais ricos do pa\u00eds.<\/p>\n\n\n\n<p><strong>Principais atra\u00e7\u00f5es tur\u00edsticas:<\/strong><\/p>\n\n\n\n<ul class=\"wp-block-list\">\n<li><strong>Centro Hist\u00f3rico de Pelotas<\/strong> \u2013 tombado pelo <strong>IPHAN<\/strong>, com casar\u00f5es e pr\u00e9dios neocl\u00e1ssicos.<\/li>\n\n\n\n<li><strong>Charqueadas S\u00e3o Jo\u00e3o e Santa Rita<\/strong> \u2013 antigas fazendas que hoje s\u00e3o museus e pousadas (fonte: IPHAN).<\/li>\n\n\n\n<li><strong>Museu da Baronesa<\/strong> \u2013 preserva o acervo da elite charqueadora do s\u00e9culo XIX.<\/li>\n\n\n\n<li><strong>Praia do Laranjal<\/strong> \u2013 balne\u00e1rio \u00e0s margens da Lagoa dos Patos, ideal para lazer e esportes n\u00e1uticos.<\/li>\n<\/ul>\n\n\n\n<h2 class=\"wp-block-heading\">O clima de Pelotas<\/h2>\n\n\n\n<p>Segundo o <strong>Instituto Nacional de Meteorologia (INMET)<\/strong>, <strong>Pelotas<\/strong> possui <strong>clima subtropical \u00famido (Cfa, segundo K\u00f6ppen)<\/strong>, com ver\u00f5es quentes e invernos frios e \u00famidos. A m\u00e9dia anual \u00e9 de <strong>17,5 \u00b0C<\/strong>, com <strong>m\u00ednimas de 7 \u00b0C no inverno<\/strong> e <strong>m\u00e1ximas de 30 \u00b0C no ver\u00e3o<\/strong> (1991\u20132020).<\/p>\n\n\n\n<figure class=\"wp-block-table\"><table class=\"has-fixed-layout\"><thead><tr><th>Esta\u00e7\u00e3o<\/th><th>Temperatura M\u00e9dia (\u00b0C)<\/th><th>Caracter\u00edsticas<\/th><\/tr><\/thead><tbody><tr><td>Ver\u00e3o<\/td><td>25 a 30<\/td><td>Dias quentes e \u00famidos<\/td><\/tr><tr><td>Outono<\/td><td>17 a 23<\/td><td>Per\u00edodo de transi\u00e7\u00e3o e colheitas regionais<\/td><\/tr><tr><td>Inverno<\/td><td>7 a 15<\/td><td>Frio intenso e clima europeu<\/td><\/tr><tr><td>Primavera<\/td><td>18 a 25<\/td><td>Temperaturas agrad\u00e1veis e festas culturais<\/td><\/tr><\/tbody><\/table><\/figure>\n\n\n\n<h2 class=\"wp-block-heading\">Qual \u00e9 a melhor \u00e9poca para visitar Pelotas?<\/h2>\n\n\n\n<p><strong>Pelotas<\/strong> \u00e9 encantadora o ano inteiro, mas o destaque vai para o per\u00edodo das festas tradicionais e eventos gastron\u00f4micos. O <strong>inverno (junho a agosto)<\/strong> oferece clima aconchegante para caf\u00e9s e do\u00e7arias, enquanto a <strong>primavera (setembro a novembro)<\/strong> traz festivais e celebra\u00e7\u00f5es culturais.<\/p>\n\n\n\n<figure class=\"wp-block-table\"><table class=\"has-fixed-layout\"><thead><tr><th>\u00c9poca<\/th><th>Clima<\/th><th>Atividades Sugeridas<\/th><\/tr><\/thead><tbody><tr><td>Janeiro \u2013 Mar\u00e7o<\/td><td>Quente<\/td><td>Praia do Laranjal e eventos de ver\u00e3o<\/td><\/tr><tr><td>Abril \u2013 Junho<\/td><td>Ameno<\/td><td>Passeios hist\u00f3ricos e gastronomia<\/td><\/tr><tr><td>Julho \u2013 Agosto<\/td><td>Frio<\/td><td>Turismo cultural e degusta\u00e7\u00e3o de doces<\/td><\/tr><tr><td>Setembro \u2013 Dezembro<\/td><td>Suave<\/td><td>Fenadoce e festivais culturais<\/td><\/tr><\/tbody><\/table><\/figure>\n\n\n\n<blockquote class=\"tiktok-embed\" cite=\"https:\/\/www.tiktok.com\/@crysamorimm\/video\/7463239302575557893\" data-video-id=\"7463239302575557893\" style=\"max-width: 605px;min-width: 325px;\" > <section> <a target=\"_blank\" title=\"@crysamorimm\" href=\"https:\/\/www.tiktok.com\/@crysamorimm?refer=embed\">@crysamorimm<\/a> Pelotas \u00e9 legal demais, quero conhecer mais lugares! <a title=\"turismo\" target=\"_blank\" href=\"https:\/\/www.tiktok.com\/tag\/turismo?refer=embed\">#turismo<\/a> <a title=\"riograndedosul\" target=\"_blank\" href=\"https:\/\/www.tiktok.com\/tag\/riograndedosul?refer=embed\">#riograndedosul<\/a> <a title=\"pelotas\" target=\"_blank\" href=\"https:\/\/www.tiktok.com\/tag\/pelotas?refer=embed\">#pelotas<\/a> <a target=\"_blank\" title=\"\u266c som original - Crys\" href=\"https:\/\/www.tiktok.com\/music\/som-original-7463239324484635397?refer=embed\">\u266c som original &#8211; Crys<\/a> <\/section> <\/blockquote> <script async src=\"https:\/\/www.tiktok.com\/embed.js\"><\/script>\n\n\n\n<p><em>Leia tamb\u00e9m: <a href=\"https:\/\/www.em.com.br\/emfoco\/2025\/09\/24\/essa-cidade-do-sul-esta-conquistando-brasileiros-com-sua-qualidade-de-vida\/\" target=\"_blank\" rel=\"noreferrer noopener\">Essa cidade do Sul est\u00e1 conquistando brasileiros com sua qualidade de vida<\/a><\/em><\/p>\n\n\n\n<h2 class=\"wp-block-heading\">Segredos e curiosidades de Pelotas<\/h2>\n\n\n\n<ul class=\"wp-block-list\">\n<li>\u00c9 oficialmente a <strong>\u201cCapital Nacional do Doce\u201d<\/strong>, t\u00edtulo concedido pelo Congresso Nacional em 2008.<\/li>\n\n\n\n<li>A <strong>Fenadoce<\/strong>, maior feira de doces do pa\u00eds, atrai mais de <strong>300 mil visitantes<\/strong> a cada edi\u00e7\u00e3o (fonte: Prefeitura de Pelotas).<\/li>\n\n\n\n<li>O <strong>Centro Hist\u00f3rico<\/strong> \u00e9 um dos mais preservados do Brasil e faz parte do <strong>Roteiro Tur\u00edstico Charqueadas<\/strong>.<\/li>\n\n\n\n<li>A cidade \u00e9 ber\u00e7o de artistas como <strong>Vitor Ramil<\/strong> e <strong>Paulo Gastal Neto<\/strong>, expoentes da cultura sulista.<\/li>\n<\/ul>\n\n\n\n<h2 class=\"wp-block-heading\">Onde se hospedar em Pelotas?<\/h2>\n\n\n\n<p><strong>Pelotas<\/strong> oferece uma boa rede hoteleira, com op\u00e7\u00f5es que v\u00e3o desde hot\u00e9is hist\u00f3ricos a pousadas acolhedoras. Segundo o <strong>Booking<\/strong> e o <strong>TripAdvisor<\/strong>, o destino tem destaque pela hospitalidade e gastronomia local.<\/p>\n\n\n\n<p><strong>Sugest\u00f5es de hospedagem:<\/strong><\/p>\n\n\n\n<ul class=\"wp-block-list\">\n<li><strong>Hotel Jacques Georges Tower<\/strong> \u2013 elegante e pr\u00f3ximo ao centro hist\u00f3rico.<\/li>\n\n\n\n<li><strong>Pousada da Baronesa<\/strong> \u2013 localizada em uma antiga resid\u00eancia do s\u00e9culo XIX.<\/li>\n\n\n\n<li><strong>Hotel Manta<\/strong> \u2013 tradicional, com restaurante premiado e f\u00e1cil acesso ao Laranjal.<\/li>\n<\/ul>\n\n\n\n<h2 class=\"wp-block-heading\">Principais festas e eventos em Pelotas<\/h2>\n\n\n\n<ul class=\"wp-block-list\">\n<li><strong>Fenadoce (junho)<\/strong> \u2013 a maior feira de doces do Brasil, com exposi\u00e7\u00f5es, apresenta\u00e7\u00f5es e culin\u00e1ria t\u00edpica (fonte: Prefeitura de Pelotas).<\/li>\n\n\n\n<li><strong>Festival Internacional Sesc de M\u00fasica (janeiro)<\/strong> \u2013 re\u00fane m\u00fasicos do mundo inteiro (fonte: Sesc-RS).<\/li>\n\n\n\n<li><strong>Semana Farroupilha (setembro)<\/strong> \u2013 celebra as tradi\u00e7\u00f5es ga\u00fachas com desfiles e dan\u00e7as t\u00edpicas (fonte: Secretaria de Turismo do RS).<\/li>\n<\/ul>\n\n\n\n<h2 class=\"wp-block-heading\">O que torna Pelotas especial?<\/h2>\n\n\n\n<p><strong>Pelotas<\/strong> \u00e9 uma mistura perfeita entre passado e sabor, onde a hist\u00f3ria vive em casar\u00f5es centen\u00e1rios e cada doce conta uma tradi\u00e7\u00e3o.<\/p>\n\n\n\n<ul class=\"wp-block-list\">\n<li>Centro hist\u00f3rico preservado e charmoso<\/li>\n\n\n\n<li>Gastronomia premiada e identidade cultural forte<\/li>\n\n\n\n<li>Eventos que celebram o orgulho ga\u00facho e a arte<\/li>\n<\/ul>\n\n\n\n<p><strong>Conhe\u00e7a de perto as tradi\u00e7\u00f5es e belezas de Pelotas no Rio Grande do Sul, uma experi\u00eancia que vai marcar sua vida.<\/strong><\/p>\n","protected":false},"excerpt":{"rendered":"<p>No extremo sul do Rio Grande do Sul, \u00e0s margens do Canal S\u00e3o Gon\u00e7alo, a charmosa Pelotas \u00e9 um verdadeiro tesouro cultural e gastron\u00f4mico. Vizinha de Rio Grande e Cangu\u00e7u, a cidade guarda tra\u00e7os da coloniza\u00e7\u00e3o portuguesa e uma identidade \u00fanica. Conhecida como a \u201cCapital Nacional do Doce\u201d, ela combina hist\u00f3ria, arquitetura e sabores que [&hellip;]<\/p>\n","protected":false},"author":13,"featured_media":112553,"comment_status":"open","ping_status":"open","sticky":false,"template":"","format":"standard","meta":{"jnews-multi-image_gallery":[],"jnews_single_post":{"format":"standard"},"jnews_primary_category":[],"jnews_social_meta":[],"jnews_override_counter":[],"footnotes":""},"categories":[26],"tags":[9697,5070,1506,157],"class_list":["post-112545","post","type-post","status-publish","format-standard","has-post-thumbnail","hentry","category-cidades","tag-doces","tag-pelotas","tag-rio-grande-do-sul","tag-turismo"],"yoast_head":"<!-- This site is optimized with the Yoast SEO plugin v23.8 - https:\/\/yoast.com\/wordpress\/plugins\/seo\/ -->\n<title>Essa cidade do Sul \u00e9 conhecida pelos doces mais famosos do Brasil - Estado de Minas - Em foco<\/title>\n<meta name=\"description\" content=\"Doces centen\u00e1rios, casar\u00f5es hist\u00f3ricos e festas culturais fazem de Pelotas uma das cidades mais charmosas do sul.\" \/>\n<meta name=\"robots\" content=\"index, follow, max-snippet:-1, max-image-preview:large, max-video-preview:-1\" \/>\n<link rel=\"canonical\" href=\"https:\/\/www.em.com.br\/emfoco\/2025\/10\/09\/essa-cidade-do-sul-e-conhecida-pelos-doces-mais-famosos-do-brasil\/\" \/>\n<meta property=\"og:locale\" content=\"pt_BR\" \/>\n<meta property=\"og:type\" content=\"article\" \/>\n<meta property=\"og:title\" content=\"Essa cidade do Sul \u00e9 conhecida pelos doces mais famosos do Brasil - Estado de Minas - Em foco\" \/>\n<meta property=\"og:description\" content=\"Doces centen\u00e1rios, casar\u00f5es hist\u00f3ricos e festas culturais fazem de Pelotas uma das cidades mais charmosas do sul.\" \/>\n<meta property=\"og:url\" content=\"https:\/\/www.em.com.br\/emfoco\/2025\/10\/09\/essa-cidade-do-sul-e-conhecida-pelos-doces-mais-famosos-do-brasil\/\" \/>\n<meta property=\"og:site_name\" content=\"Estado de Minas - Em foco\" \/>\n<meta property=\"article:published_time\" content=\"2025-10-09T20:45:00+00:00\" \/>\n<meta property=\"article:modified_time\" content=\"2025-10-08T22:39:20+00:00\" \/>\n<meta property=\"og:image\" content=\"https:\/\/www.em.com.br\/emfoco\/wp-content\/uploads\/2025\/10\/ad-5.jpg\" \/>\n\t<meta property=\"og:image:width\" content=\"1280\" \/>\n\t<meta property=\"og:image:height\" content=\"720\" \/>\n\t<meta property=\"og:image:type\" content=\"image\/jpeg\" \/>\n<meta name=\"author\" content=\"Gabriel Martins\" \/>\n<meta name=\"twitter:card\" content=\"summary_large_image\" \/>\n<meta name=\"twitter:label1\" content=\"Escrito por\" \/>\n\t<meta name=\"twitter:data1\" content=\"Gabriel Martins\" \/>\n\t<meta name=\"twitter:label2\" content=\"Est. tempo de leitura\" \/>\n\t<meta name=\"twitter:data2\" content=\"5 minutos\" \/>\n<!-- \/ Yoast SEO plugin. -->","yoast_head_json":{"title":"Essa cidade do Sul \u00e9 conhecida pelos doces mais famosos do Brasil - Estado de Minas - Em foco","description":"Doces centen\u00e1rios, casar\u00f5es hist\u00f3ricos e festas culturais fazem de Pelotas uma das cidades mais charmosas do sul.","robots":{"index":"index","follow":"follow","max-snippet":"max-snippet:-1","max-image-preview":"max-image-preview:large","max-video-preview":"max-video-preview:-1"},"canonical":"https:\/\/www.em.com.br\/emfoco\/2025\/10\/09\/essa-cidade-do-sul-e-conhecida-pelos-doces-mais-famosos-do-brasil\/","og_locale":"pt_BR","og_type":"article","og_title":"Essa cidade do Sul \u00e9 conhecida pelos doces mais famosos do Brasil - Estado de Minas - Em foco","og_description":"Doces centen\u00e1rios, casar\u00f5es hist\u00f3ricos e festas culturais fazem de Pelotas uma das cidades mais charmosas do sul.","og_url":"https:\/\/www.em.com.br\/emfoco\/2025\/10\/09\/essa-cidade-do-sul-e-conhecida-pelos-doces-mais-famosos-do-brasil\/","og_site_name":"Estado de Minas - Em foco","article_published_time":"2025-10-09T20:45:00+00:00","article_modified_time":"2025-10-08T22:39:20+00:00","og_image":[{"width":1280,"height":720,"url":"https:\/\/www.em.com.br\/emfoco\/wp-content\/uploads\/2025\/10\/ad-5.jpg","type":"image\/jpeg"}],"author":"Gabriel Martins","twitter_card":"summary_large_image","twitter_misc":{"Escrito por":"Gabriel Martins","Est. tempo de leitura":"5 minutos"},"schema":{"@context":"https:\/\/schema.org","@graph":[{"@type":"WebPage","@id":"https:\/\/www.em.com.br\/emfoco\/2025\/10\/09\/essa-cidade-do-sul-e-conhecida-pelos-doces-mais-famosos-do-brasil\/","url":"https:\/\/www.em.com.br\/emfoco\/2025\/10\/09\/essa-cidade-do-sul-e-conhecida-pelos-doces-mais-famosos-do-brasil\/","name":"Essa cidade do Sul \u00e9 conhecida pelos doces mais famosos do Brasil - Estado de Minas - Em foco","isPartOf":{"@id":"https:\/\/www.em.com.br\/emfoco\/#website"},"primaryImageOfPage":{"@id":"https:\/\/www.em.com.br\/emfoco\/2025\/10\/09\/essa-cidade-do-sul-e-conhecida-pelos-doces-mais-famosos-do-brasil\/#primaryimage"},"image":{"@id":"https:\/\/www.em.com.br\/emfoco\/2025\/10\/09\/essa-cidade-do-sul-e-conhecida-pelos-doces-mais-famosos-do-brasil\/#primaryimage"},"thumbnailUrl":"https:\/\/www.em.com.br\/emfoco\/wp-content\/uploads\/2025\/10\/ad-5.jpg","datePublished":"2025-10-09T20:45:00+00:00","dateModified":"2025-10-08T22:39:20+00:00","author":{"@id":"https:\/\/www.em.com.br\/emfoco\/#\/schema\/person\/1c9ddeab18b98abeffef834667bcf08a"},"description":"Doces centen\u00e1rios, casar\u00f5es hist\u00f3ricos e festas culturais fazem de Pelotas uma das cidades mais charmosas do sul.","breadcrumb":{"@id":"https:\/\/www.em.com.br\/emfoco\/2025\/10\/09\/essa-cidade-do-sul-e-conhecida-pelos-doces-mais-famosos-do-brasil\/#breadcrumb"},"inLanguage":"pt-BR","potentialAction":[{"@type":"ReadAction","target":["https:\/\/www.em.com.br\/emfoco\/2025\/10\/09\/essa-cidade-do-sul-e-conhecida-pelos-doces-mais-famosos-do-brasil\/"]}]},{"@type":"ImageObject","inLanguage":"pt-BR","@id":"https:\/\/www.em.com.br\/emfoco\/2025\/10\/09\/essa-cidade-do-sul-e-conhecida-pelos-doces-mais-famosos-do-brasil\/#primaryimage","url":"https:\/\/www.em.com.br\/emfoco\/wp-content\/uploads\/2025\/10\/ad-5.jpg","contentUrl":"https:\/\/www.em.com.br\/emfoco\/wp-content\/uploads\/2025\/10\/ad-5.jpg","width":1280,"height":720,"caption":"Vista a\u00e9rea da cidade de Pelotas, Rio Grande do Sul - Cr\u00e9ditos: Wikimedia Commons"},{"@type":"BreadcrumbList","@id":"https:\/\/www.em.com.br\/emfoco\/2025\/10\/09\/essa-cidade-do-sul-e-conhecida-pelos-doces-mais-famosos-do-brasil\/#breadcrumb","itemListElement":[{"@type":"ListItem","position":1,"name":"In\u00edcio","item":"https:\/\/www.em.com.br\/emfoco\/"},{"@type":"ListItem","position":2,"name":"Essa cidade do Sul \u00e9 conhecida pelos doces mais famosos do Brasil"}]},{"@type":"WebSite","@id":"https:\/\/www.em.com.br\/emfoco\/#website","url":"https:\/\/www.em.com.br\/emfoco\/","name":"Estado de Minas - Em foco","description":"Acompanhe as \u00faltimas not\u00edcias e fique bem informado sobre tudo o que acontece em Minas Gerais, Brasil e no mundo.","potentialAction":[{"@type":"SearchAction","target":{"@type":"EntryPoint","urlTemplate":"https:\/\/www.em.com.br\/emfoco\/?s={search_term_string}"},"query-input":{"@type":"PropertyValueSpecification","valueRequired":true,"valueName":"search_term_string"}}],"inLanguage":"pt-BR"},{"@type":"Person","@id":"https:\/\/www.em.com.br\/emfoco\/#\/schema\/person\/1c9ddeab18b98abeffef834667bcf08a","name":"Gabriel Martins","image":{"@type":"ImageObject","inLanguage":"pt-BR","@id":"https:\/\/www.em.com.br\/emfoco\/#\/schema\/person\/image\/","url":"https:\/\/secure.gravatar.com\/avatar\/f0f1e2efdfd88f1ad2cb08c5c2731e50?s=96&d=mm&r=g","contentUrl":"https:\/\/secure.gravatar.com\/avatar\/f0f1e2efdfd88f1ad2cb08c5c2731e50?s=96&d=mm&r=g","caption":"Gabriel Martins"},"sameAs":["https:\/\/www.em.com.br\/emfoco\/"],"url":"https:\/\/www.em.com.br\/emfoco\/author\/gabrielmartinsmyth\/"}]}},"_links":{"self":[{"href":"https:\/\/www.em.com.br\/emfoco\/wp-json\/wp\/v2\/posts\/112545","targetHints":{"allow":["GET"]}}],"collection":[{"href":"https:\/\/www.em.com.br\/emfoco\/wp-json\/wp\/v2\/posts"}],"about":[{"href":"https:\/\/www.em.com.br\/emfoco\/wp-json\/wp\/v2\/types\/post"}],"author":[{"embeddable":true,"href":"https:\/\/www.em.com.br\/emfoco\/wp-json\/wp\/v2\/users\/13"}],"replies":[{"embeddable":true,"href":"https:\/\/www.em.com.br\/emfoco\/wp-json\/wp\/v2\/comments?post=112545"}],"version-history":[{"count":2,"href":"https:\/\/www.em.com.br\/emfoco\/wp-json\/wp\/v2\/posts\/112545\/revisions"}],"predecessor-version":[{"id":113133,"href":"https:\/\/www.em.com.br\/emfoco\/wp-json\/wp\/v2\/posts\/112545\/revisions\/113133"}],"wp:featuredmedia":[{"embeddable":true,"href":"https:\/\/www.em.com.br\/emfoco\/wp-json\/wp\/v2\/media\/112553"}],"wp:attachment":[{"href":"https:\/\/www.em.com.br\/emfoco\/wp-json\/wp\/v2\/media?parent=112545"}],"wp:term":[{"taxonomy":"category","embeddable":true,"href":"https:\/\/www.em.com.br\/emfoco\/wp-json\/wp\/v2\/categories?post=112545"},{"taxonomy":"post_tag","embeddable":true,"href":"https:\/\/www.em.com.br\/emfoco\/wp-json\/wp\/v2\/tags?post=112545"}],"curies":[{"name":"wp","href":"https:\/\/api.w.org\/{rel}","templated":true}]}}