{"id":112504,"date":"2025-10-09T10:25:00","date_gmt":"2025-10-09T13:25:00","guid":{"rendered":"https:\/\/www.em.com.br\/emfoco\/?p=112504"},"modified":"2025-10-08T19:27:33","modified_gmt":"2025-10-08T22:27:33","slug":"o-habito-que-parece-inofensivo-mas-preocupa-a-oms-no-mundo-todo","status":"publish","type":"post","link":"https:\/\/www.em.com.br\/emfoco\/2025\/10\/09\/o-habito-que-parece-inofensivo-mas-preocupa-a-oms-no-mundo-todo\/","title":{"rendered":"O h\u00e1bito que parece inofensivo, mas preocupa a OMS no mundo todo"},"content":{"rendered":"\n<p>A <strong>Organiza\u00e7\u00e3o Mundial da Sa\u00fade<\/strong> emitiu um alerta sobre o aumento do uso de cigarros eletr\u00f4nicos entre adolescentes. O relat\u00f3rio aponta que esse h\u00e1bito amea\u00e7a reverter avan\u00e7os obtidos no combate ao tabagismo global.<\/p>\n\n\n\n<ul class=\"wp-block-list\">\n<li>15 milh\u00f5es de jovens entre 13 e 15 anos usam cigarros eletr\u00f4nicos<\/li>\n\n\n\n<li>Uso da nicotina come\u00e7a mais cedo e aumenta a depend\u00eancia<\/li>\n\n\n\n<li>Proje\u00e7\u00f5es indicam queda no tabagismo, mas com riscos de retrocesso<\/li>\n<\/ul>\n\n\n\n<h2 class=\"wp-block-heading\">Por que os cigarros eletr\u00f4nicos preocupam a OMS?<\/h2>\n\n\n\n<p>Segundo o relat\u00f3rio, os cigarros eletr\u00f4nicos n\u00e3o apenas substituem o tabaco tradicional, mas tamb\u00e9m criam novas formas de depend\u00eancia. <strong>O risco de um jovem come\u00e7ar a usar esses dispositivos \u00e9 nove vezes maior do que o de um adulto<\/strong>.<\/p>\n\n\n\n<p>Esses produtos s\u00e3o muitas vezes apresentados como menos nocivos, mas a OMS alerta que eles podem comprometer d\u00e9cadas de esfor\u00e7o na redu\u00e7\u00e3o do tabagismo, especialmente entre menores de idade.<\/p>\n\n\n\n<figure class=\"wp-block-image size-large\"><img loading=\"lazy\" decoding=\"async\" width=\"1024\" height=\"576\" src=\"https:\/\/www.em.com.br\/emfoco\/wp-content\/uploads\/2025\/10\/Cigarro-eletronico_1759860125628-1024x576.jpg\" alt=\"O h\u00e1bito que parece inofensivo mas preocupa a OMS no mundo todo\" class=\"wp-image-112521\" srcset=\"https:\/\/www.em.com.br\/emfoco\/wp-content\/uploads\/2025\/10\/Cigarro-eletronico_1759860125628-1024x576.jpg 1024w, https:\/\/www.em.com.br\/emfoco\/wp-content\/uploads\/2025\/10\/Cigarro-eletronico_1759860125628-300x169.jpg 300w, https:\/\/www.em.com.br\/emfoco\/wp-content\/uploads\/2025\/10\/Cigarro-eletronico_1759860125628-768x432.jpg 768w, https:\/\/www.em.com.br\/emfoco\/wp-content\/uploads\/2025\/10\/Cigarro-eletronico_1759860125628-750x422.jpg 750w, https:\/\/www.em.com.br\/emfoco\/wp-content\/uploads\/2025\/10\/Cigarro-eletronico_1759860125628-1140x641.jpg 1140w, https:\/\/www.em.com.br\/emfoco\/wp-content\/uploads\/2025\/10\/Cigarro-eletronico_1759860125628.jpg 1280w\" sizes=\"auto, (max-width: 1024px) 100vw, 1024px\" \/><figcaption class=\"wp-element-caption\">Mostra como os cigarros eletr\u00f4nicos criam nova depend\u00eancia em jovens &#8211; Cr\u00e9ditos: depositphotos.com \/ REDPIXEL<\/figcaption><\/figure>\n\n\n\n<h2 class=\"wp-block-heading\">Quais s\u00e3o os n\u00fameros mais recentes sobre o consumo?<\/h2>\n\n\n\n<p>O relat\u00f3rio da <a href=\"https:\/\/www.who.int\/pt\/about\" target=\"_blank\" rel=\"noreferrer noopener\">OMS <\/a>estima que haja 86 milh\u00f5es de usu\u00e1rios de cigarros eletr\u00f4nicos no mundo. A maior concentra\u00e7\u00e3o est\u00e1 em pa\u00edses de alta renda, onde o acesso \u00e9 mais f\u00e1cil.<\/p>\n\n\n\n<ul class=\"wp-block-list\">\n<li>15 milh\u00f5es de jovens entre 13 e 15 anos j\u00e1 fumam cigarros eletr\u00f4nicos<\/li>\n\n\n\n<li>A preval\u00eancia de fumantes de tabaco caiu de 1,38 bilh\u00e3o em 2000 para 1,237 bilh\u00e3o em 2024<\/li>\n\n\n\n<li>A meta da OMS \u00e9 reduzir o percentual de 19,5% em 2024 para 17,4% at\u00e9 2030<\/li>\n<\/ul>\n\n\n\n<h2 class=\"wp-block-heading\">Como est\u00e1 a redu\u00e7\u00e3o do tabagismo tradicional?<\/h2>\n\n\n\n<p>O tabagismo vem diminuindo de forma consistente nas \u00faltimas duas d\u00e9cadas. <strong>O n\u00famero de fumantes caiu em 140 milh\u00f5es desde o in\u00edcio do s\u00e9culo<\/strong>, resultado de campanhas e restri\u00e7\u00f5es mais r\u00edgidas.<\/p>\n\n\n\n<p>Entre as mulheres, a queda \u00e9 ainda mais acentuada, passando de 16,5% em 2000 para 6,6% em 2024, enquanto entre os homens a preval\u00eancia segue mais alta, em torno de 32,5%.<\/p>\n\n\n\n<figure class=\"wp-block-image size-large\"><img loading=\"lazy\" decoding=\"async\" width=\"1024\" height=\"576\" src=\"https:\/\/www.em.com.br\/emfoco\/wp-content\/uploads\/2025\/10\/Cigarro-eletronico_1759860156458-1024x576.jpg\" alt=\"O h\u00e1bito que parece inofensivo mas preocupa a OMS no mundo todo\" class=\"wp-image-112522\" srcset=\"https:\/\/www.em.com.br\/emfoco\/wp-content\/uploads\/2025\/10\/Cigarro-eletronico_1759860156458-1024x576.jpg 1024w, https:\/\/www.em.com.br\/emfoco\/wp-content\/uploads\/2025\/10\/Cigarro-eletronico_1759860156458-300x169.jpg 300w, https:\/\/www.em.com.br\/emfoco\/wp-content\/uploads\/2025\/10\/Cigarro-eletronico_1759860156458-768x432.jpg 768w, https:\/\/www.em.com.br\/emfoco\/wp-content\/uploads\/2025\/10\/Cigarro-eletronico_1759860156458-750x422.jpg 750w, https:\/\/www.em.com.br\/emfoco\/wp-content\/uploads\/2025\/10\/Cigarro-eletronico_1759860156458-1140x641.jpg 1140w, https:\/\/www.em.com.br\/emfoco\/wp-content\/uploads\/2025\/10\/Cigarro-eletronico_1759860156458.jpg 1280w\" sizes=\"auto, (max-width: 1024px) 100vw, 1024px\" \/><figcaption class=\"wp-element-caption\">Revela a redu\u00e7\u00e3o do tabagismo tradicional e novos desafios &#8211; Cr\u00e9ditos: depositphotos.com \/ IgorVetushko<\/figcaption><\/figure>\n\n\n\n<p><em>Leia mais: <a href=\"https:\/\/www.em.com.br\/emfoco\/2025\/10\/05\/como-economizar-energia-em-casa-com-mudancas-simples-na-rotina\/\" target=\"_blank\" rel=\"noreferrer noopener\"><\/a><a href=\"https:\/\/www.em.com.br\/emfoco\/2025\/08\/18\/esta-pronto-para-largar-o-cigarro-saiba-como-identificar-gatilhos-e-evitar-recaidas\/\" target=\"_blank\" rel=\"noreferrer noopener\">Est\u00e1 pronto para largar o cigarro? Saiba como identificar gatilhos e evitar reca\u00eddas<\/a><\/em><\/p>\n\n\n\n<h2 class=\"wp-block-heading\">Quais regi\u00f5es e faixas et\u00e1rias s\u00e3o mais afetadas?<\/h2>\n\n\n\n<p>Atualmente, a faixa et\u00e1ria de 45 a 54 anos concentra a maior taxa de fumantes, apesar da redu\u00e7\u00e3o de 42,1% em 2000 para 25% em 2024. J\u00e1 entre jovens de 15 a 24 anos, a queda foi de 20,3% para 12,1%.<\/p>\n\n\n\n<p>Regionalmente, a Europa lidera o consumo de tabaco em 2024, com 24,1%, enquanto a Am\u00e9rica registra 14% e a \u00c1frica 9,5%. No Sudeste Asi\u00e1tico, que era a regi\u00e3o mais afetada em 2000, houve uma redu\u00e7\u00e3o significativa.<\/p>\n\n\n\n<h2 class=\"wp-block-heading\">O que pode ser feito para frear o avan\u00e7o entre os jovens?<\/h2>\n\n\n\n<p>Apesar da redu\u00e7\u00e3o global, a OMS destaca que a ind\u00fastria do tabaco se reinventa com novos produtos e campanhas direcionadas aos adolescentes. Governos precisam agir rapidamente para proteger as pr\u00f3ximas gera\u00e7\u00f5es.<\/p>\n\n\n\n<ul class=\"wp-block-list\">\n<li>Refor\u00e7ar leis contra publicidade de cigarros eletr\u00f4nicos<\/li>\n\n\n\n<li>Implementar campanhas educativas nas escolas<\/li>\n\n\n\n<li>Ampliar o acesso a programas de preven\u00e7\u00e3o e tratamento da depend\u00eancia<\/li>\n<\/ul>\n","protected":false},"excerpt":{"rendered":"<p>A Organiza\u00e7\u00e3o Mundial da Sa\u00fade emitiu um alerta sobre o aumento do uso de cigarros eletr\u00f4nicos entre adolescentes. O relat\u00f3rio aponta que esse h\u00e1bito amea\u00e7a reverter avan\u00e7os obtidos no combate ao tabagismo global. Por que os cigarros eletr\u00f4nicos preocupam a OMS? Segundo o relat\u00f3rio, os cigarros eletr\u00f4nicos n\u00e3o apenas substituem o tabaco tradicional, mas tamb\u00e9m [&hellip;]<\/p>\n","protected":false},"author":13,"featured_media":112520,"comment_status":"open","ping_status":"open","sticky":false,"template":"","format":"standard","meta":{"jnews-multi-image_gallery":[],"jnews_single_post":{"format":"standard"},"jnews_primary_category":[],"jnews_social_meta":[],"jnews_override_counter":[],"footnotes":""},"categories":[9053],"tags":[17138,1056,7840],"class_list":["post-112504","post","type-post","status-publish","format-standard","has-post-thumbnail","hentry","category-saude","tag-cigarros-eletronicos","tag-jovens","tag-oms"],"yoast_head":"<!-- This site is optimized with the Yoast SEO plugin v23.8 - https:\/\/yoast.com\/wordpress\/plugins\/seo\/ -->\n<title>O h\u00e1bito que parece inofensivo, mas preocupa a OMS no mundo todo - Estado de Minas - Em foco<\/title>\n<meta name=\"description\" content=\"OMS alerta para aumento do uso de cigarros eletr\u00f4nicos entre adolescentes e risco de retrocesso no combate ao tabagismo.\" \/>\n<meta name=\"robots\" content=\"index, follow, max-snippet:-1, max-image-preview:large, max-video-preview:-1\" \/>\n<link rel=\"canonical\" href=\"https:\/\/www.em.com.br\/emfoco\/2025\/10\/09\/o-habito-que-parece-inofensivo-mas-preocupa-a-oms-no-mundo-todo\/\" \/>\n<meta property=\"og:locale\" content=\"pt_BR\" \/>\n<meta property=\"og:type\" content=\"article\" \/>\n<meta property=\"og:title\" content=\"O h\u00e1bito que parece inofensivo, mas preocupa a OMS no mundo todo - Estado de Minas - Em foco\" \/>\n<meta property=\"og:description\" content=\"OMS alerta para aumento do uso de cigarros eletr\u00f4nicos entre adolescentes e risco de retrocesso no combate ao tabagismo.\" \/>\n<meta property=\"og:url\" content=\"https:\/\/www.em.com.br\/emfoco\/2025\/10\/09\/o-habito-que-parece-inofensivo-mas-preocupa-a-oms-no-mundo-todo\/\" \/>\n<meta property=\"og:site_name\" content=\"Estado de Minas - Em foco\" \/>\n<meta property=\"article:published_time\" content=\"2025-10-09T13:25:00+00:00\" \/>\n<meta property=\"article:modified_time\" content=\"2025-10-08T22:27:33+00:00\" \/>\n<meta property=\"og:image\" content=\"https:\/\/www.em.com.br\/emfoco\/wp-content\/uploads\/2025\/10\/OMS_1759860100456.jpg\" \/>\n\t<meta property=\"og:image:width\" content=\"1280\" \/>\n\t<meta property=\"og:image:height\" content=\"720\" \/>\n\t<meta property=\"og:image:type\" content=\"image\/jpeg\" \/>\n<meta name=\"author\" content=\"Gabriel Martins\" \/>\n<meta name=\"twitter:card\" content=\"summary_large_image\" \/>\n<meta name=\"twitter:label1\" content=\"Escrito por\" \/>\n\t<meta name=\"twitter:data1\" content=\"Gabriel Martins\" \/>\n\t<meta name=\"twitter:label2\" content=\"Est. tempo de leitura\" \/>\n\t<meta name=\"twitter:data2\" content=\"4 minutos\" \/>\n<!-- \/ Yoast SEO plugin. -->","yoast_head_json":{"title":"O h\u00e1bito que parece inofensivo, mas preocupa a OMS no mundo todo - Estado de Minas - Em foco","description":"OMS alerta para aumento do uso de cigarros eletr\u00f4nicos entre adolescentes e risco de retrocesso no combate ao tabagismo.","robots":{"index":"index","follow":"follow","max-snippet":"max-snippet:-1","max-image-preview":"max-image-preview:large","max-video-preview":"max-video-preview:-1"},"canonical":"https:\/\/www.em.com.br\/emfoco\/2025\/10\/09\/o-habito-que-parece-inofensivo-mas-preocupa-a-oms-no-mundo-todo\/","og_locale":"pt_BR","og_type":"article","og_title":"O h\u00e1bito que parece inofensivo, mas preocupa a OMS no mundo todo - Estado de Minas - Em foco","og_description":"OMS alerta para aumento do uso de cigarros eletr\u00f4nicos entre adolescentes e risco de retrocesso no combate ao tabagismo.","og_url":"https:\/\/www.em.com.br\/emfoco\/2025\/10\/09\/o-habito-que-parece-inofensivo-mas-preocupa-a-oms-no-mundo-todo\/","og_site_name":"Estado de Minas - Em foco","article_published_time":"2025-10-09T13:25:00+00:00","article_modified_time":"2025-10-08T22:27:33+00:00","og_image":[{"width":1280,"height":720,"url":"https:\/\/www.em.com.br\/emfoco\/wp-content\/uploads\/2025\/10\/OMS_1759860100456.jpg","type":"image\/jpeg"}],"author":"Gabriel Martins","twitter_card":"summary_large_image","twitter_misc":{"Escrito por":"Gabriel Martins","Est. tempo de leitura":"4 minutos"},"schema":{"@context":"https:\/\/schema.org","@graph":[{"@type":"WebPage","@id":"https:\/\/www.em.com.br\/emfoco\/2025\/10\/09\/o-habito-que-parece-inofensivo-mas-preocupa-a-oms-no-mundo-todo\/","url":"https:\/\/www.em.com.br\/emfoco\/2025\/10\/09\/o-habito-que-parece-inofensivo-mas-preocupa-a-oms-no-mundo-todo\/","name":"O h\u00e1bito que parece inofensivo, mas preocupa a OMS no mundo todo - Estado de Minas - Em foco","isPartOf":{"@id":"https:\/\/www.em.com.br\/emfoco\/#website"},"primaryImageOfPage":{"@id":"https:\/\/www.em.com.br\/emfoco\/2025\/10\/09\/o-habito-que-parece-inofensivo-mas-preocupa-a-oms-no-mundo-todo\/#primaryimage"},"image":{"@id":"https:\/\/www.em.com.br\/emfoco\/2025\/10\/09\/o-habito-que-parece-inofensivo-mas-preocupa-a-oms-no-mundo-todo\/#primaryimage"},"thumbnailUrl":"https:\/\/www.em.com.br\/emfoco\/wp-content\/uploads\/2025\/10\/OMS_1759860100456.jpg","datePublished":"2025-10-09T13:25:00+00:00","dateModified":"2025-10-08T22:27:33+00:00","author":{"@id":"https:\/\/www.em.com.br\/emfoco\/#\/schema\/person\/1c9ddeab18b98abeffef834667bcf08a"},"description":"OMS alerta para aumento do uso de cigarros eletr\u00f4nicos entre adolescentes e risco de retrocesso no combate ao tabagismo.","breadcrumb":{"@id":"https:\/\/www.em.com.br\/emfoco\/2025\/10\/09\/o-habito-que-parece-inofensivo-mas-preocupa-a-oms-no-mundo-todo\/#breadcrumb"},"inLanguage":"pt-BR","potentialAction":[{"@type":"ReadAction","target":["https:\/\/www.em.com.br\/emfoco\/2025\/10\/09\/o-habito-que-parece-inofensivo-mas-preocupa-a-oms-no-mundo-todo\/"]}]},{"@type":"ImageObject","inLanguage":"pt-BR","@id":"https:\/\/www.em.com.br\/emfoco\/2025\/10\/09\/o-habito-que-parece-inofensivo-mas-preocupa-a-oms-no-mundo-todo\/#primaryimage","url":"https:\/\/www.em.com.br\/emfoco\/wp-content\/uploads\/2025\/10\/OMS_1759860100456.jpg","contentUrl":"https:\/\/www.em.com.br\/emfoco\/wp-content\/uploads\/2025\/10\/OMS_1759860100456.jpg","width":1280,"height":720,"caption":"Incentiva pol\u00edticas p\u00fablicas e campanhas de preven\u00e7\u00e3o - Cr\u00e9ditos: depositphotos.com \/ thaneeh.gmail.com"},{"@type":"BreadcrumbList","@id":"https:\/\/www.em.com.br\/emfoco\/2025\/10\/09\/o-habito-que-parece-inofensivo-mas-preocupa-a-oms-no-mundo-todo\/#breadcrumb","itemListElement":[{"@type":"ListItem","position":1,"name":"In\u00edcio","item":"https:\/\/www.em.com.br\/emfoco\/"},{"@type":"ListItem","position":2,"name":"O h\u00e1bito que parece inofensivo, mas preocupa a OMS no mundo todo"}]},{"@type":"WebSite","@id":"https:\/\/www.em.com.br\/emfoco\/#website","url":"https:\/\/www.em.com.br\/emfoco\/","name":"Estado de Minas - Em foco","description":"Acompanhe as \u00faltimas not\u00edcias e fique bem informado sobre tudo o que acontece em Minas Gerais, Brasil e no mundo.","potentialAction":[{"@type":"SearchAction","target":{"@type":"EntryPoint","urlTemplate":"https:\/\/www.em.com.br\/emfoco\/?s={search_term_string}"},"query-input":{"@type":"PropertyValueSpecification","valueRequired":true,"valueName":"search_term_string"}}],"inLanguage":"pt-BR"},{"@type":"Person","@id":"https:\/\/www.em.com.br\/emfoco\/#\/schema\/person\/1c9ddeab18b98abeffef834667bcf08a","name":"Gabriel Martins","image":{"@type":"ImageObject","inLanguage":"pt-BR","@id":"https:\/\/www.em.com.br\/emfoco\/#\/schema\/person\/image\/","url":"https:\/\/secure.gravatar.com\/avatar\/f0f1e2efdfd88f1ad2cb08c5c2731e50?s=96&d=mm&r=g","contentUrl":"https:\/\/secure.gravatar.com\/avatar\/f0f1e2efdfd88f1ad2cb08c5c2731e50?s=96&d=mm&r=g","caption":"Gabriel Martins"},"sameAs":["https:\/\/www.em.com.br\/emfoco\/"],"url":"https:\/\/www.em.com.br\/emfoco\/author\/gabrielmartinsmyth\/"}]}},"_links":{"self":[{"href":"https:\/\/www.em.com.br\/emfoco\/wp-json\/wp\/v2\/posts\/112504","targetHints":{"allow":["GET"]}}],"collection":[{"href":"https:\/\/www.em.com.br\/emfoco\/wp-json\/wp\/v2\/posts"}],"about":[{"href":"https:\/\/www.em.com.br\/emfoco\/wp-json\/wp\/v2\/types\/post"}],"author":[{"embeddable":true,"href":"https:\/\/www.em.com.br\/emfoco\/wp-json\/wp\/v2\/users\/13"}],"replies":[{"embeddable":true,"href":"https:\/\/www.em.com.br\/emfoco\/wp-json\/wp\/v2\/comments?post=112504"}],"version-history":[{"count":2,"href":"https:\/\/www.em.com.br\/emfoco\/wp-json\/wp\/v2\/posts\/112504\/revisions"}],"predecessor-version":[{"id":113124,"href":"https:\/\/www.em.com.br\/emfoco\/wp-json\/wp\/v2\/posts\/112504\/revisions\/113124"}],"wp:featuredmedia":[{"embeddable":true,"href":"https:\/\/www.em.com.br\/emfoco\/wp-json\/wp\/v2\/media\/112520"}],"wp:attachment":[{"href":"https:\/\/www.em.com.br\/emfoco\/wp-json\/wp\/v2\/media?parent=112504"}],"wp:term":[{"taxonomy":"category","embeddable":true,"href":"https:\/\/www.em.com.br\/emfoco\/wp-json\/wp\/v2\/categories?post=112504"},{"taxonomy":"post_tag","embeddable":true,"href":"https:\/\/www.em.com.br\/emfoco\/wp-json\/wp\/v2\/tags?post=112504"}],"curies":[{"name":"wp","href":"https:\/\/api.w.org\/{rel}","templated":true}]}}