{"id":112500,"date":"2025-10-08T20:35:00","date_gmt":"2025-10-08T23:35:00","guid":{"rendered":"https:\/\/www.em.com.br\/emfoco\/?p=112500"},"modified":"2025-10-07T15:51:56","modified_gmt":"2025-10-07T18:51:56","slug":"brasil-reforca-combate-ao-estelionato-com-nova-lei-que-protege-pessoas-com-deficiencia","status":"publish","type":"post","link":"https:\/\/www.em.com.br\/emfoco\/2025\/10\/08\/brasil-reforca-combate-ao-estelionato-com-nova-lei-que-protege-pessoas-com-deficiencia\/","title":{"rendered":"Brasil refor\u00e7a combate ao estelionato com nova lei que protege pessoas com defici\u00eancia"},"content":{"rendered":"\n<p>No dia 3 de outubro de 2025, o presidente <strong>Luiz In\u00e1cio Lula da Silva<\/strong> sancionou uma nova legisla\u00e7\u00e3o no \u00e2mbito penal brasileiro, a <strong>Lei 15.229\/25<\/strong>. Esta lei representa uma medida crucial de prote\u00e7\u00e3o \u00e0s pessoas com defici\u00eancia, garantindo que sejam processados corretamente os crimes de estelionato cometidos contra essa popula\u00e7\u00e3o, sem a necessidade de den\u00fancia por parte da v\u00edtima. A mudan\u00e7a modifica o <strong>C\u00f3digo Penal<\/strong>, o que torna obrigat\u00f3ria a a\u00e7\u00e3o p\u00fablica incondicionada pelo <strong>Minist\u00e9rio P\u00fablico<\/strong> nessas situa\u00e7\u00f5es.<\/p>\n\n\n\n<p>A introdu\u00e7\u00e3o desta norma teve como ponto de partida o <strong>Projeto de Lei 3114\/23<\/strong> apresentado pela senadora <strong>Damares Alves<\/strong>. A proposta foi aprovada tanto na <strong>C\u00e2mara dos Deputados<\/strong> quanto no <strong>Senado Federal<\/strong>, recebendo apoio un\u00e2nime e justificando-se pela vulnerabilidade aumentada das pessoas com defici\u00eancia a este tipo de crime.<\/p>\n\n\n\n<h2 class=\"wp-block-heading\">O que \u00e9 o crime de estelionato?<\/h2>\n\n\n<div class=\"wp-block-image\">\n<figure class=\"aligncenter size-large\"><img loading=\"lazy\" decoding=\"async\" width=\"1024\" height=\"576\" src=\"https:\/\/www.em.com.br\/emfoco\/wp-content\/uploads\/2025\/06\/direito-ao-consumidor_1749505745899-1024x576.jpg\" alt=\"O guia das leis estaduais que protegem voc\u00ea e sua fam\u00edlia\" class=\"wp-image-57987\" srcset=\"https:\/\/www.em.com.br\/emfoco\/wp-content\/uploads\/2025\/06\/direito-ao-consumidor_1749505745899-1024x576.jpg 1024w, https:\/\/www.em.com.br\/emfoco\/wp-content\/uploads\/2025\/06\/direito-ao-consumidor_1749505745899-300x169.jpg 300w, https:\/\/www.em.com.br\/emfoco\/wp-content\/uploads\/2025\/06\/direito-ao-consumidor_1749505745899-768x432.jpg 768w, https:\/\/www.em.com.br\/emfoco\/wp-content\/uploads\/2025\/06\/direito-ao-consumidor_1749505745899-750x422.jpg 750w, https:\/\/www.em.com.br\/emfoco\/wp-content\/uploads\/2025\/06\/direito-ao-consumidor_1749505745899-1140x642.jpg 1140w, https:\/\/www.em.com.br\/emfoco\/wp-content\/uploads\/2025\/06\/direito-ao-consumidor_1749505745899.jpg 1279w\" sizes=\"auto, (max-width: 1024px) 100vw, 1024px\" \/><figcaption class=\"wp-element-caption\">Lei &#8211; Cr\u00e9ditos: depositphotos.com \/ md3d<\/figcaption><\/figure><\/div>\n\n\n<p>O estelionato caracteriza-se por obter vantagem il\u00edcita em preju\u00edzo alheio, mediante artif\u00edcio, ardil ou qualquer outro meio fraudulento. Pessoas com defici\u00eancia podem estar mais vulner\u00e1veis a essas pr\u00e1ticas desonestas, tornando-se alvos mais f\u00e1ceis para fraudadores devido \u00e0s suas poss\u00edveis limita\u00e7\u00f5es de entendimento e rea\u00e7\u00e3o.<\/p>\n\n\n\n<p>No contexto jur\u00eddico, o crime de estelionato est\u00e1 previsto no <strong>artigo 171 do C\u00f3digo Penal brasileiro<\/strong>. O tipo penal exige o elemento subjetivo do dolo, ou seja, a inten\u00e7\u00e3o consciente do agente de enganar a v\u00edtima para obter um benef\u00edcio pr\u00f3prio indevido. Considerando que pessoas com defici\u00eancia podem ter maior dificuldade de identificar tentativas de fraude, a identifica\u00e7\u00e3o e preven\u00e7\u00e3o deste crime tornam-se ainda mais importantes nesse grupo.<\/p>\n\n\n\n<h2 class=\"wp-block-heading\">Quais s\u00e3o as implica\u00e7\u00f5es dessa nova legisla\u00e7\u00e3o?<\/h2>\n\n\n\n<p>Com a nova legisla\u00e7\u00e3o, o <strong>Minist\u00e9rio P\u00fablico<\/strong> tem a obriga\u00e7\u00e3o de iniciar processos judiciais em casos de estelionato contra pessoas com defici\u00eancia, sem que seja necess\u00e1ria uma queixa por parte da v\u00edtima. Essa mudan\u00e7a busca ampliar a prote\u00e7\u00e3o a indiv\u00edduos com diversos tipos de defici\u00eancia, reconhecendo que essas condi\u00e7\u00f5es podem dificultar a den\u00fancia do crime.<\/p>\n\n\n\n<p>A legisla\u00e7\u00e3o tamb\u00e9m fortalece o papel das institui\u00e7\u00f5es de defesa dos direitos da pessoa com defici\u00eancia ao facilitar o acompanhamento dos casos e o encaminhamento das v\u00edtimas para atendimentos adequados. Al\u00e9m disso, a medida contribui para estimular a atua\u00e7\u00e3o preventiva dos \u00f3rg\u00e3os respons\u00e1veis, promovendo campanhas educativas e orienta\u00e7\u00f5es espec\u00edficas para esse p\u00fablico.<\/p>\n\n\n\n<ul class=\"wp-block-list\">\n<li>A a\u00e7\u00e3o penal \u00e9 iniciada mesmo que a v\u00edtima n\u00e3o tome a iniciativa de den\u00fancia.<\/li>\n\n\n\n<li>O <strong>Minist\u00e9rio P\u00fablico<\/strong> assume papel central na condu\u00e7\u00e3o do processo.<\/li>\n\n\n\n<li>O objetivo \u00e9 combater com rigor este tipo de crime, prevenindo a impunidade.<\/li>\n<\/ul>\n\n\n\n<h2 class=\"wp-block-heading\">Como a nova lei foi aprovada?<\/h2>\n\n\n\n<p>A tramita\u00e7\u00e3o do <strong><a href=\"https:\/\/www25.senado.leg.br\/web\/atividade\/materias\/-\/materia\/158199#:~:text=Projeto%20de%20Lei%20n%C2%B0%203114%2C%20de%202023&amp;text=Ementa%3A%20Altera%20o%20Decreto%2DLei,mediante%20a%C3%A7%C3%A3o%20penal%20p%C3%BAblica%20incondicionada.\" target=\"_blank\" rel=\"noreferrer noopener\">Projeto de Lei 3114\/23<\/a><\/strong> nas duas casas legislativas brasileiras transcorreu sem maiores obst\u00e1culos, em raz\u00e3o da clara necessidade de refor\u00e7ar a prote\u00e7\u00e3o jur\u00eddica de pessoas com defici\u00eancia. Na <strong>Comiss\u00e3o de Constitui\u00e7\u00e3o e Justi\u00e7a e Cidadania da C\u00e2mara<\/strong>, a relatora deputada <strong>Laura Carneiro<\/strong> argumentou a favor do projeto, enfatizando a import\u00e2ncia de impedir que situa\u00e7\u00f5es de engano e fraude aflijam essa parcela da popula\u00e7\u00e3o.<\/p>\n\n\n\n<p>A discuss\u00e3o acerca da nova legisla\u00e7\u00e3o tamb\u00e9m envolveu entidades representativas das pessoas com defici\u00eancia, que participaram ativamente nos debates e audi\u00eancias p\u00fablicas. A mobiliza\u00e7\u00e3o desses grupos foi fundamental para assegurar a aten\u00e7\u00e3o ao tema e garantir o texto da lei nos moldes aprovados, contemplando especificidades e demandas dessas pessoas.<\/p>\n\n\n\n<p>Leia mais: <a href=\"https:\/\/www.em.com.br\/emfoco\/2025\/10\/04\/nova-lei-da-licenca-maternidade-garante-mais-cuidado-para-o-bebe\/\" target=\"_blank\" rel=\"noreferrer noopener\">Nova lei da licen\u00e7a-maternidade garante mais cuidado para o beb\u00ea<\/a><\/p>\n\n\n\n<h2 class=\"wp-block-heading\">Quais desafios persistem na aplica\u00e7\u00e3o da nova lei?<\/h2>\n\n\n\n<p>Ainda que a <strong>Lei 15.229\/25<\/strong> represente um avan\u00e7o significativo, sua efetiva implementa\u00e7\u00e3o imp\u00f5e desafios. Ser\u00e1 necess\u00e1rio garantir que o <strong>Minist\u00e9rio P\u00fablico<\/strong> tenha condi\u00e7\u00f5es e recursos suficientes para identificar e investigar os casos de forma eficiente. Al\u00e9m disso, \u00e9 importante promover uma conscientiza\u00e7\u00e3o ampla sobre essa nova realidade legal, tanto entre as pessoas com defici\u00eancia quanto no sistema jur\u00eddico e na sociedade em geral, para assegurar o cumprimento integral da prote\u00e7\u00e3o oferecida.<\/p>\n\n\n\n<p>Outro desafio importante \u00e9 a capacita\u00e7\u00e3o dos \u00f3rg\u00e3os respons\u00e1veis pela apura\u00e7\u00e3o e julgamento dos crimes, incluindo a oferta de treinamentos espec\u00edficos para melhor compreens\u00e3o das necessidades e limita\u00e7\u00f5es das v\u00edtimas. O sucesso da <strong>Lei 15.229\/25<\/strong> depender\u00e1, em grande medida, da integra\u00e7\u00e3o de pol\u00edticas p\u00fablicas e do di\u00e1logo constante com organiza\u00e7\u00f5es da sociedade civil envolvidas com os direitos das pessoas com defici\u00eancia.<\/p>\n","protected":false},"excerpt":{"rendered":"<p>No dia 3 de outubro de 2025, o presidente Luiz In\u00e1cio Lula da Silva sancionou uma nova legisla\u00e7\u00e3o no \u00e2mbito penal brasileiro, a Lei 15.229\/25. Esta lei representa uma medida crucial de prote\u00e7\u00e3o \u00e0s pessoas com defici\u00eancia, garantindo que sejam processados corretamente os crimes de estelionato cometidos contra essa popula\u00e7\u00e3o, sem a necessidade de den\u00fancia [&hellip;]<\/p>\n","protected":false},"author":20,"featured_media":112562,"comment_status":"open","ping_status":"open","sticky":false,"template":"","format":"standard","meta":{"jnews-multi-image_gallery":[],"jnews_single_post":{"format":"standard"},"jnews_primary_category":[],"jnews_social_meta":[],"jnews_override_counter":[],"footnotes":""},"categories":[28,1],"tags":[2295,1347,1516],"class_list":["post-112500","post","type-post","status-publish","format-standard","has-post-thumbnail","hentry","category-economia","category-noticias","tag-estelionato","tag-nova-lei","tag-pessoas-com-deficiencia"],"yoast_head":"<!-- This site is optimized with the Yoast SEO plugin v23.8 - https:\/\/yoast.com\/wordpress\/plugins\/seo\/ -->\n<title>Brasil refor\u00e7a combate ao estelionato com nova lei que protege pessoas com defici\u00eancia - Estado de Minas - Em foco<\/title>\n<meta name=\"description\" content=\"A Lei 15.229\/25 garante a\u00e7\u00e3o penal autom\u00e1tica em casos de estelionato contra pessoas com defici\u00eancia, refor\u00e7ando a prote\u00e7\u00e3o jur\u00eddica.\" \/>\n<meta name=\"robots\" content=\"index, follow, max-snippet:-1, max-image-preview:large, max-video-preview:-1\" \/>\n<link rel=\"canonical\" href=\"https:\/\/www.em.com.br\/emfoco\/2025\/10\/08\/brasil-reforca-combate-ao-estelionato-com-nova-lei-que-protege-pessoas-com-deficiencia\/\" \/>\n<meta property=\"og:locale\" content=\"pt_BR\" \/>\n<meta property=\"og:type\" content=\"article\" \/>\n<meta property=\"og:title\" content=\"Brasil refor\u00e7a combate ao estelionato com nova lei que protege pessoas com defici\u00eancia - Estado de Minas - Em foco\" \/>\n<meta property=\"og:description\" content=\"A Lei 15.229\/25 garante a\u00e7\u00e3o penal autom\u00e1tica em casos de estelionato contra pessoas com defici\u00eancia, refor\u00e7ando a prote\u00e7\u00e3o jur\u00eddica.\" \/>\n<meta property=\"og:url\" content=\"https:\/\/www.em.com.br\/emfoco\/2025\/10\/08\/brasil-reforca-combate-ao-estelionato-com-nova-lei-que-protege-pessoas-com-deficiencia\/\" \/>\n<meta property=\"og:site_name\" content=\"Estado de Minas - Em foco\" \/>\n<meta property=\"article:published_time\" content=\"2025-10-08T23:35:00+00:00\" \/>\n<meta property=\"article:modified_time\" content=\"2025-10-07T18:51:56+00:00\" \/>\n<meta property=\"og:image\" content=\"https:\/\/www.em.com.br\/emfoco\/wp-content\/uploads\/2025\/10\/crime_1757058354977.jpg\" \/>\n\t<meta property=\"og:image:width\" content=\"1280\" \/>\n\t<meta property=\"og:image:height\" content=\"720\" \/>\n\t<meta property=\"og:image:type\" content=\"image\/jpeg\" \/>\n<meta name=\"author\" content=\"Ingrid Diniz\" \/>\n<meta name=\"twitter:card\" content=\"summary_large_image\" \/>\n<meta name=\"twitter:label1\" content=\"Escrito por\" \/>\n\t<meta name=\"twitter:data1\" content=\"Ingrid Diniz\" \/>\n\t<meta name=\"twitter:label2\" content=\"Est. tempo de leitura\" \/>\n\t<meta name=\"twitter:data2\" content=\"5 minutos\" \/>\n<!-- \/ Yoast SEO plugin. -->","yoast_head_json":{"title":"Brasil refor\u00e7a combate ao estelionato com nova lei que protege pessoas com defici\u00eancia - Estado de Minas - Em foco","description":"A Lei 15.229\/25 garante a\u00e7\u00e3o penal autom\u00e1tica em casos de estelionato contra pessoas com defici\u00eancia, refor\u00e7ando a prote\u00e7\u00e3o jur\u00eddica.","robots":{"index":"index","follow":"follow","max-snippet":"max-snippet:-1","max-image-preview":"max-image-preview:large","max-video-preview":"max-video-preview:-1"},"canonical":"https:\/\/www.em.com.br\/emfoco\/2025\/10\/08\/brasil-reforca-combate-ao-estelionato-com-nova-lei-que-protege-pessoas-com-deficiencia\/","og_locale":"pt_BR","og_type":"article","og_title":"Brasil refor\u00e7a combate ao estelionato com nova lei que protege pessoas com defici\u00eancia - Estado de Minas - Em foco","og_description":"A Lei 15.229\/25 garante a\u00e7\u00e3o penal autom\u00e1tica em casos de estelionato contra pessoas com defici\u00eancia, refor\u00e7ando a prote\u00e7\u00e3o jur\u00eddica.","og_url":"https:\/\/www.em.com.br\/emfoco\/2025\/10\/08\/brasil-reforca-combate-ao-estelionato-com-nova-lei-que-protege-pessoas-com-deficiencia\/","og_site_name":"Estado de Minas - Em foco","article_published_time":"2025-10-08T23:35:00+00:00","article_modified_time":"2025-10-07T18:51:56+00:00","og_image":[{"width":1280,"height":720,"url":"https:\/\/www.em.com.br\/emfoco\/wp-content\/uploads\/2025\/10\/crime_1757058354977.jpg","type":"image\/jpeg"}],"author":"Ingrid Diniz","twitter_card":"summary_large_image","twitter_misc":{"Escrito por":"Ingrid Diniz","Est. tempo de leitura":"5 minutos"},"schema":{"@context":"https:\/\/schema.org","@graph":[{"@type":"WebPage","@id":"https:\/\/www.em.com.br\/emfoco\/2025\/10\/08\/brasil-reforca-combate-ao-estelionato-com-nova-lei-que-protege-pessoas-com-deficiencia\/","url":"https:\/\/www.em.com.br\/emfoco\/2025\/10\/08\/brasil-reforca-combate-ao-estelionato-com-nova-lei-que-protege-pessoas-com-deficiencia\/","name":"Brasil refor\u00e7a combate ao estelionato com nova lei que protege pessoas com defici\u00eancia - Estado de Minas - Em foco","isPartOf":{"@id":"https:\/\/www.em.com.br\/emfoco\/#website"},"primaryImageOfPage":{"@id":"https:\/\/www.em.com.br\/emfoco\/2025\/10\/08\/brasil-reforca-combate-ao-estelionato-com-nova-lei-que-protege-pessoas-com-deficiencia\/#primaryimage"},"image":{"@id":"https:\/\/www.em.com.br\/emfoco\/2025\/10\/08\/brasil-reforca-combate-ao-estelionato-com-nova-lei-que-protege-pessoas-com-deficiencia\/#primaryimage"},"thumbnailUrl":"https:\/\/www.em.com.br\/emfoco\/wp-content\/uploads\/2025\/10\/crime_1757058354977.jpg","datePublished":"2025-10-08T23:35:00+00:00","dateModified":"2025-10-07T18:51:56+00:00","author":{"@id":"https:\/\/www.em.com.br\/emfoco\/#\/schema\/person\/649e610b4eb8fff87ff394e54fe17b2b"},"description":"A Lei 15.229\/25 garante a\u00e7\u00e3o penal autom\u00e1tica em casos de estelionato contra pessoas com defici\u00eancia, refor\u00e7ando a prote\u00e7\u00e3o jur\u00eddica.","breadcrumb":{"@id":"https:\/\/www.em.com.br\/emfoco\/2025\/10\/08\/brasil-reforca-combate-ao-estelionato-com-nova-lei-que-protege-pessoas-com-deficiencia\/#breadcrumb"},"inLanguage":"pt-BR","potentialAction":[{"@type":"ReadAction","target":["https:\/\/www.em.com.br\/emfoco\/2025\/10\/08\/brasil-reforca-combate-ao-estelionato-com-nova-lei-que-protege-pessoas-com-deficiencia\/"]}]},{"@type":"ImageObject","inLanguage":"pt-BR","@id":"https:\/\/www.em.com.br\/emfoco\/2025\/10\/08\/brasil-reforca-combate-ao-estelionato-com-nova-lei-que-protege-pessoas-com-deficiencia\/#primaryimage","url":"https:\/\/www.em.com.br\/emfoco\/wp-content\/uploads\/2025\/10\/crime_1757058354977.jpg","contentUrl":"https:\/\/www.em.com.br\/emfoco\/wp-content\/uploads\/2025\/10\/crime_1757058354977.jpg","width":1280,"height":720,"caption":"Como eventos alteram pre\u00e7os com tarifa din\u00e2mica - Cr\u00e9ditos: depositphotos.com \/ AntonMatyukha"},{"@type":"BreadcrumbList","@id":"https:\/\/www.em.com.br\/emfoco\/2025\/10\/08\/brasil-reforca-combate-ao-estelionato-com-nova-lei-que-protege-pessoas-com-deficiencia\/#breadcrumb","itemListElement":[{"@type":"ListItem","position":1,"name":"In\u00edcio","item":"https:\/\/www.em.com.br\/emfoco\/"},{"@type":"ListItem","position":2,"name":"Brasil refor\u00e7a combate ao estelionato com nova lei que protege pessoas com defici\u00eancia"}]},{"@type":"WebSite","@id":"https:\/\/www.em.com.br\/emfoco\/#website","url":"https:\/\/www.em.com.br\/emfoco\/","name":"Estado de Minas - Em foco","description":"Acompanhe as \u00faltimas not\u00edcias e fique bem informado sobre tudo o que acontece em Minas Gerais, Brasil e no mundo.","potentialAction":[{"@type":"SearchAction","target":{"@type":"EntryPoint","urlTemplate":"https:\/\/www.em.com.br\/emfoco\/?s={search_term_string}"},"query-input":{"@type":"PropertyValueSpecification","valueRequired":true,"valueName":"search_term_string"}}],"inLanguage":"pt-BR"},{"@type":"Person","@id":"https:\/\/www.em.com.br\/emfoco\/#\/schema\/person\/649e610b4eb8fff87ff394e54fe17b2b","name":"Ingrid Diniz","image":{"@type":"ImageObject","inLanguage":"pt-BR","@id":"https:\/\/www.em.com.br\/emfoco\/#\/schema\/person\/image\/","url":"https:\/\/secure.gravatar.com\/avatar\/a3baa1449ec5c39b4c42babc9d4f3951?s=96&d=mm&r=g","contentUrl":"https:\/\/secure.gravatar.com\/avatar\/a3baa1449ec5c39b4c42babc9d4f3951?s=96&d=mm&r=g","caption":"Ingrid Diniz"},"sameAs":["https:\/\/www.em.com.br\/"],"url":"https:\/\/www.em.com.br\/emfoco\/author\/ingridmyth\/"}]}},"_links":{"self":[{"href":"https:\/\/www.em.com.br\/emfoco\/wp-json\/wp\/v2\/posts\/112500","targetHints":{"allow":["GET"]}}],"collection":[{"href":"https:\/\/www.em.com.br\/emfoco\/wp-json\/wp\/v2\/posts"}],"about":[{"href":"https:\/\/www.em.com.br\/emfoco\/wp-json\/wp\/v2\/types\/post"}],"author":[{"embeddable":true,"href":"https:\/\/www.em.com.br\/emfoco\/wp-json\/wp\/v2\/users\/20"}],"replies":[{"embeddable":true,"href":"https:\/\/www.em.com.br\/emfoco\/wp-json\/wp\/v2\/comments?post=112500"}],"version-history":[{"count":1,"href":"https:\/\/www.em.com.br\/emfoco\/wp-json\/wp\/v2\/posts\/112500\/revisions"}],"predecessor-version":[{"id":112563,"href":"https:\/\/www.em.com.br\/emfoco\/wp-json\/wp\/v2\/posts\/112500\/revisions\/112563"}],"wp:featuredmedia":[{"embeddable":true,"href":"https:\/\/www.em.com.br\/emfoco\/wp-json\/wp\/v2\/media\/112562"}],"wp:attachment":[{"href":"https:\/\/www.em.com.br\/emfoco\/wp-json\/wp\/v2\/media?parent=112500"}],"wp:term":[{"taxonomy":"category","embeddable":true,"href":"https:\/\/www.em.com.br\/emfoco\/wp-json\/wp\/v2\/categories?post=112500"},{"taxonomy":"post_tag","embeddable":true,"href":"https:\/\/www.em.com.br\/emfoco\/wp-json\/wp\/v2\/tags?post=112500"}],"curies":[{"name":"wp","href":"https:\/\/api.w.org\/{rel}","templated":true}]}}